{"id":16792,"date":"2023-03-06T13:38:06","date_gmt":"2023-03-06T16:38:06","guid":{"rendered":"http:\/\/www.comuna13online.com.ar\/?p=16792"},"modified":"2023-03-06T13:38:13","modified_gmt":"2023-03-06T16:38:13","slug":"ya-se-puede-disfrutar-el-renovado-patio-de-juegos-de-la-plaza-noruega","status":"publish","type":"post","link":"https:\/\/www.comuna13online.com.ar\/?p=16792","title":{"rendered":"Ya se puede disfrutar el renovado patio de juegos de la Plaza Noruega"},"content":{"rendered":"\n<p><strong>Este espacio verde se encuentra ubicado en Blanco Encalada y Mendoza. Renov\u00f3 por completo el patio de juegos con novedosas estructuras de juego para el disfrute de los m\u00e1s chicos. <\/strong><\/p>\n\n\n\n<div style=\"height:10px\" aria-hidden=\"true\" class=\"wp-block-spacer\"><\/div>\n\n\n\n<figure class=\"wp-block-image size-full\"><img loading=\"lazy\" decoding=\"async\" width=\"678\" height=\"452\" data-attachment-id=\"16795\" data-permalink=\"https:\/\/www.comuna13online.com.ar\/?attachment_id=16795\" data-orig-file=\"https:\/\/www.comuna13online.com.ar\/wp-content\/uploads\/2023\/03\/20230306b_01.jpg\" data-orig-size=\"678,452\" data-comments-opened=\"0\" data-image-meta=\"{&quot;aperture&quot;:&quot;0&quot;,&quot;credit&quot;:&quot;&quot;,&quot;camera&quot;:&quot;&quot;,&quot;caption&quot;:&quot;&quot;,&quot;created_timestamp&quot;:&quot;0&quot;,&quot;copyright&quot;:&quot;&quot;,&quot;focal_length&quot;:&quot;0&quot;,&quot;iso&quot;:&quot;0&quot;,&quot;shutter_speed&quot;:&quot;0&quot;,&quot;title&quot;:&quot;&quot;,&quot;orientation&quot;:&quot;0&quot;}\" data-image-title=\"20230306b_01\" data-image-description=\"\" data-image-caption=\"\" data-large-file=\"https:\/\/www.comuna13online.com.ar\/wp-content\/uploads\/2023\/03\/20230306b_01.jpg\" src=\"http:\/\/www.comuna13online.com.ar\/wp-content\/uploads\/2023\/03\/20230306b_01.jpg\" alt=\"\" class=\"wp-image-16795\" srcset=\"https:\/\/www.comuna13online.com.ar\/wp-content\/uploads\/2023\/03\/20230306b_01.jpg 678w, https:\/\/www.comuna13online.com.ar\/wp-content\/uploads\/2023\/03\/20230306b_01-272x182.jpg 272w\" sizes=\"auto, (max-width: 678px) 100vw, 678px\" \/><\/figure>\n\n\n\n<div style=\"height:20px\" aria-hidden=\"true\" class=\"wp-block-spacer\"><\/div>\n\n\n\n<p>Ya se puede disfrutar del nuevo patio de juegos en la Plaza Noruega, se instalaron coloridas casitas de estructuras afines a la arquitectura n\u00f3rdica,\u00a0nuevas \u00e1reas de estar para los adultos, que incluyen renovados mobiliarios y espacios m\u00e1s amplios que mejoran la circulaci\u00f3n. Adem\u00e1s se realizaron trabajos de jardiner\u00eda y mantenimiento.<\/p>\n\n\n\n<p>El nuevo espacio de juegos se dise\u00f1o con la premisa de ser m\u00e1s inclusivo, seguro y accesible, cuenta con pisos coloridos de caucho, grandes mangrullos, lomadas con puente para los m\u00e1s peque\u00f1os y juegos para chicos con capacidades diferentes.<\/p>\n\n\n\n<p>Adem\u00e1s de las tradicionales, se instalaron hamacas nuevas que tienen un butac\u00f3n dise\u00f1ado para chicos con dificultades para usar las hamacas tradicionales, y otras con capacidad para dos personas, un ni\u00f1o o adulto y un ni\u00f1o no mayor a tres a\u00f1os. <\/p>\n\n\n\n<p>Ideal para los m\u00e1s peques, las casitas cuentan con escaleras, varios toboganes bajos, un tobog\u00e1n circular, mini t\u00faneles, trepadores, obst\u00e1culos y paneles did\u00e1cticos. <\/p>\n\n\n\n<p>Adem\u00e1s, est\u00e1 plaza cuenta con su tradicional calesita, protagonista de la infancia de varias generaciones, desaf\u00edan al tiempo con su danza circular en las plazas porte\u00f1as. <\/p>\n\n\n\n<div style=\"height:20px\" aria-hidden=\"true\" class=\"wp-block-spacer\"><\/div>\n<div align=\"center\">\n<blockquote class=\"twitter-tweet\"><p lang=\"es\" dir=\"ltr\">\u00a1Apertura del patio de juegos de Plaza Noruega! ??<br><br>\u27a1\ufe0fHoy particip\u00e9 de la presentaci\u00f3n de este renovado espacio junto a Julia Domeniconi, <a href=\"https:\/\/twitter.com\/FlorScavino13?ref_src=twsrc%5Etfw\">@FlorScavino13<\/a>, <a href=\"https:\/\/twitter.com\/PappacenaBruno?ref_src=twsrc%5Etfw\">@PappacenaBruno<\/a> y Micaela Mancebo.<br><br>\u00a1Qued\u00f3 realmente muy lindo! ?<br><br>? Amenabar y Mendoza, <a href=\"https:\/\/twitter.com\/bacomuna13?ref_src=twsrc%5Etfw\">@bacomuna13<\/a>. <a href=\"https:\/\/t.co\/2Eszs3yNWA\">pic.twitter.com\/2Eszs3yNWA<\/a><\/p>&mdash; Vicky Rold\u00e1n Mendez (@vickyroldan) <a href=\"https:\/\/twitter.com\/vickyroldan\/status\/1631805308145213442?ref_src=twsrc%5Etfw\">March 3, 2023<\/a><\/blockquote> <script async src=\"https:\/\/platform.twitter.com\/widgets.js\" charset=\"utf-8\"><\/script>\n<\/div>\n<div style=\"height:20px\" aria-hidden=\"true\" class=\"wp-block-spacer\"><\/div>\n\n\n\n<div style=\"height:15px\" aria-hidden=\"true\" class=\"wp-block-spacer\"><\/div>\n\n\n\n<figure class=\"wp-block-gallery has-nested-images columns-default is-cropped wp-block-gallery-1 is-layout-flex wp-block-gallery-is-layout-flex\">\n<figure class=\"wp-block-image size-large\"><a href=\"http:\/\/www.comuna13online.com.ar\/wp-content\/uploads\/2023\/03\/20230306b_03.jpg\" target=\"_blank\" rel=\"noreferrer noopener\"><img loading=\"lazy\" decoding=\"async\" width=\"678\" height=\"452\" data-attachment-id=\"16797\" data-permalink=\"https:\/\/www.comuna13online.com.ar\/?attachment_id=16797\" data-orig-file=\"https:\/\/www.comuna13online.com.ar\/wp-content\/uploads\/2023\/03\/20230306b_03.jpg\" data-orig-size=\"678,452\" data-comments-opened=\"0\" data-image-meta=\"{&quot;aperture&quot;:&quot;0&quot;,&quot;credit&quot;:&quot;&quot;,&quot;camera&quot;:&quot;&quot;,&quot;caption&quot;:&quot;&quot;,&quot;created_timestamp&quot;:&quot;0&quot;,&quot;copyright&quot;:&quot;&quot;,&quot;focal_length&quot;:&quot;0&quot;,&quot;iso&quot;:&quot;0&quot;,&quot;shutter_speed&quot;:&quot;0&quot;,&quot;title&quot;:&quot;&quot;,&quot;orientation&quot;:&quot;0&quot;}\" data-image-title=\"20230306b_03\" data-image-description=\"\" data-image-caption=\"\" data-large-file=\"https:\/\/www.comuna13online.com.ar\/wp-content\/uploads\/2023\/03\/20230306b_03.jpg\" data-id=\"16797\" src=\"http:\/\/www.comuna13online.com.ar\/wp-content\/uploads\/2023\/03\/20230306b_03.jpg\" alt=\"\" class=\"wp-image-16797\" srcset=\"https:\/\/www.comuna13online.com.ar\/wp-content\/uploads\/2023\/03\/20230306b_03.jpg 678w, https:\/\/www.comuna13online.com.ar\/wp-content\/uploads\/2023\/03\/20230306b_03-272x182.jpg 272w\" sizes=\"auto, (max-width: 678px) 100vw, 678px\" \/><\/a><\/figure>\n\n\n\n<figure class=\"wp-block-image size-large\"><a href=\"http:\/\/www.comuna13online.com.ar\/wp-content\/uploads\/2023\/03\/20230306b_02.jpg\" target=\"_blank\" rel=\"noreferrer noopener\"><img loading=\"lazy\" decoding=\"async\" width=\"678\" height=\"452\" data-attachment-id=\"16796\" data-permalink=\"https:\/\/www.comuna13online.com.ar\/?attachment_id=16796\" data-orig-file=\"https:\/\/www.comuna13online.com.ar\/wp-content\/uploads\/2023\/03\/20230306b_02.jpg\" data-orig-size=\"678,452\" data-comments-opened=\"0\" data-image-meta=\"{&quot;aperture&quot;:&quot;0&quot;,&quot;credit&quot;:&quot;&quot;,&quot;camera&quot;:&quot;&quot;,&quot;caption&quot;:&quot;&quot;,&quot;created_timestamp&quot;:&quot;0&quot;,&quot;copyright&quot;:&quot;&quot;,&quot;focal_length&quot;:&quot;0&quot;,&quot;iso&quot;:&quot;0&quot;,&quot;shutter_speed&quot;:&quot;0&quot;,&quot;title&quot;:&quot;&quot;,&quot;orientation&quot;:&quot;0&quot;}\" data-image-title=\"20230306b_02\" data-image-description=\"\" data-image-caption=\"\" data-large-file=\"https:\/\/www.comuna13online.com.ar\/wp-content\/uploads\/2023\/03\/20230306b_02.jpg\" data-id=\"16796\" src=\"http:\/\/www.comuna13online.com.ar\/wp-content\/uploads\/2023\/03\/20230306b_02.jpg\" alt=\"\" class=\"wp-image-16796\" srcset=\"https:\/\/www.comuna13online.com.ar\/wp-content\/uploads\/2023\/03\/20230306b_02.jpg 678w, https:\/\/www.comuna13online.com.ar\/wp-content\/uploads\/2023\/03\/20230306b_02-272x182.jpg 272w\" sizes=\"auto, (max-width: 678px) 100vw, 678px\" \/><\/a><\/figure>\n<\/figure>\n\n\n\n<div style=\"height:15px\" aria-hidden=\"true\" class=\"wp-block-spacer\"><\/div>\n\n\n\n<p><strong>Plaza Noruega<br><\/strong>Blanco Encalada y Mendoza<\/p>\n\n\n\n<p>Abierta de lunes a viernes de 8:00 a 22:00 horas y los fines de semana de 7:00 a 22:00.<\/p>\n\n\n\n<div style=\"height:15px\" aria-hidden=\"true\" class=\"wp-block-spacer\"><\/div>\n\n\n\n<p><iframe loading=\"lazy\" style=\"border: 0;\" src=\"https:\/\/www.google.com\/maps\/embed?pb=!1m18!1m12!1m3!1d821.413280968187!2d-58.45925730658869!3d-34.56233706453682!2m3!1f0!2f0!3f0!3m2!1i1024!2i768!4f13.1!3m3!1m2!1s0x95bcb5d46055521b%3A0x4a0919ebcce30899!2sPlaza%20Noruega!5e0!3m2!1ses!2sar!4v1582902939330!5m2!1ses!2sar\" width=\"678\" height=\"452\" frameborder=\"0\" allowfullscreen=\"allowfullscreen\"><\/iframe><br>\n<strong>Transportes Cercanos<\/strong><\/p>\n\n\n\n<p>Colectivos: 29, 41, 44, 57, 59, 60, 63, 65, 67, 68, 80, 107, 113, 114, 133, 151, 152, 161, 168, 184 y 194.<br>\nSubte: Estaci\u00f3n Jurmento de la L\u00ednea D.<\/p>\n\n\n\n<figure class=\"wp-block-image\"><img loading=\"lazy\" decoding=\"async\" width=\"678\" height=\"1\" data-attachment-id=\"99\" data-permalink=\"https:\/\/www.comuna13online.com.ar\/?attachment_id=99\" data-orig-file=\"https:\/\/www.comuna13online.com.ar\/wp-content\/uploads\/2017\/12\/line.jpg\" data-orig-size=\"678,1\" data-comments-opened=\"0\" data-image-meta=\"{&quot;aperture&quot;:&quot;0&quot;,&quot;credit&quot;:&quot;&quot;,&quot;camera&quot;:&quot;&quot;,&quot;caption&quot;:&quot;&quot;,&quot;created_timestamp&quot;:&quot;0&quot;,&quot;copyright&quot;:&quot;&quot;,&quot;focal_length&quot;:&quot;0&quot;,&quot;iso&quot;:&quot;0&quot;,&quot;shutter_speed&quot;:&quot;0&quot;,&quot;title&quot;:&quot;&quot;,&quot;orientation&quot;:&quot;0&quot;}\" data-image-title=\"line\" data-image-description=\"\" data-image-caption=\"\" data-large-file=\"https:\/\/www.comuna13online.com.ar\/wp-content\/uploads\/2017\/12\/line.jpg\" src=\"http:\/\/www.comuna13online.com.ar\/wp-content\/uploads\/2017\/12\/line.jpg\" alt=\"\" class=\"wp-image-99\" srcset=\"https:\/\/www.comuna13online.com.ar\/wp-content\/uploads\/2017\/12\/line.jpg 678w, https:\/\/www.comuna13online.com.ar\/wp-content\/uploads\/2017\/12\/line-150x1.jpg 150w, https:\/\/www.comuna13online.com.ar\/wp-content\/uploads\/2017\/12\/line-326x1.jpg 326w, https:\/\/www.comuna13online.com.ar\/wp-content\/uploads\/2017\/12\/line-80x1.jpg 80w, https:\/\/www.comuna13online.com.ar\/wp-content\/uploads\/2017\/12\/line-272x1.jpg 272w\" sizes=\"auto, (max-width: 678px) 100vw, 678px\" \/><\/figure>\n","protected":false},"excerpt":{"rendered":"<div class=\"mh-excerpt\">Este espacio verde se encuentra ubicado en Blanco Encalada y Mendoza. Renov\u00f3 por completo el patio de juegos con novedosas estructuras de juego para el disfrute de los m\u00e1s chicos. <a class=\"mh-excerpt-more\" href=\"https:\/\/www.comuna13online.com.ar\/?p=16792\" title=\"Ya se puede disfrutar el renovado patio de juegos de la Plaza Noruega\">[&#8230;]<\/a><\/div>\n","protected":false},"author":1,"featured_media":16794,"comment_status":"closed","ping_status":"closed","sticky":false,"template":"","format":"standard","meta":{"_uag_custom_page_level_css":"","_jetpack_memberships_contains_paid_content":false,"footnotes":"","jetpack_publicize_message":"","jetpack_publicize_feature_enabled":true,"jetpack_social_post_already_shared":true,"jetpack_social_options":{"image_generator_settings":{"template":"highway","default_image_id":0,"font":"","enabled":false},"version":2}},"categories":[67],"tags":[19,69,246,250,296],"class_list":{"0":"post-16792","1":"post","2":"type-post","3":"status-publish","4":"format-standard","5":"has-post-thumbnail","7":"category-espacio-verde","8":"tag-comuna-13","9":"tag-espacio-verde","10":"tag-h1","11":"tag-h2","12":"tag-h3"},"jetpack_publicize_connections":[],"jetpack_featured_media_url":"https:\/\/www.comuna13online.com.ar\/wp-content\/uploads\/2023\/03\/20230306b_id.jpg","uagb_featured_image_src":{"full":["https:\/\/www.comuna13online.com.ar\/wp-content\/uploads\/2023\/03\/20230306b_id.jpg",1030,438,false],"thumbnail":["https:\/\/www.comuna13online.com.ar\/wp-content\/uploads\/2023\/03\/20230306b_id.jpg",128,54,false],"medium":["https:\/\/www.comuna13online.com.ar\/wp-content\/uploads\/2023\/03\/20230306b_id.jpg",1030,438,false],"medium_large":["https:\/\/www.comuna13online.com.ar\/wp-content\/uploads\/2023\/03\/20230306b_id-768x327.jpg",768,327,true],"large":["https:\/\/www.comuna13online.com.ar\/wp-content\/uploads\/2023\/03\/20230306b_id.jpg",1030,438,false],"1536x1536":["https:\/\/www.comuna13online.com.ar\/wp-content\/uploads\/2023\/03\/20230306b_id.jpg",1030,438,false],"2048x2048":["https:\/\/www.comuna13online.com.ar\/wp-content\/uploads\/2023\/03\/20230306b_id.jpg",1030,438,false],"mh-magazine-slider":["https:\/\/www.comuna13online.com.ar\/wp-content\/uploads\/2023\/03\/20230306b_id-1030x438.jpg",1030,438,true],"mh-magazine-content":["https:\/\/www.comuna13online.com.ar\/wp-content\/uploads\/2023\/03\/20230306b_id-678x381.jpg",678,381,true],"mh-magazine-large":["https:\/\/www.comuna13online.com.ar\/wp-content\/uploads\/2023\/03\/20230306b_id-678x438.jpg",678,438,true],"mh-magazine-medium":["https:\/\/www.comuna13online.com.ar\/wp-content\/uploads\/2023\/03\/20230306b_id-326x245.jpg",326,245,true],"mh-magazine-small":["https:\/\/www.comuna13online.com.ar\/wp-content\/uploads\/2023\/03\/20230306b_id-80x60.jpg",80,60,true],"sow-carousel-default":["https:\/\/www.comuna13online.com.ar\/wp-content\/uploads\/2023\/03\/20230306b_id-272x182.jpg",272,182,true]},"uagb_author_info":{"display_name":"Comuna13","author_link":"https:\/\/www.comuna13online.com.ar\/?author=1"},"uagb_comment_info":0,"uagb_excerpt":"Este espacio verde se encuentra ubicado en Blanco Encalada y Mendoza. Renov\u00f3 por completo el patio de juegos con novedosas estructuras de juego para el disfrute de los m\u00e1s chicos. [...]","jetpack_sharing_enabled":true,"_links":{"self":[{"href":"https:\/\/www.comuna13online.com.ar\/index.php?rest_route=\/wp\/v2\/posts\/16792","targetHints":{"allow":["GET"]}}],"collection":[{"href":"https:\/\/www.comuna13online.com.ar\/index.php?rest_route=\/wp\/v2\/posts"}],"about":[{"href":"https:\/\/www.comuna13online.com.ar\/index.php?rest_route=\/wp\/v2\/types\/post"}],"author":[{"embeddable":true,"href":"https:\/\/www.comuna13online.com.ar\/index.php?rest_route=\/wp\/v2\/users\/1"}],"replies":[{"embeddable":true,"href":"https:\/\/www.comuna13online.com.ar\/index.php?rest_route=%2Fwp%2Fv2%2Fcomments&post=16792"}],"version-history":[{"count":0,"href":"https:\/\/www.comuna13online.com.ar\/index.php?rest_route=\/wp\/v2\/posts\/16792\/revisions"}],"wp:featuredmedia":[{"embeddable":true,"href":"https:\/\/www.comuna13online.com.ar\/index.php?rest_route=\/wp\/v2\/media\/16794"}],"wp:attachment":[{"href":"https:\/\/www.comuna13online.com.ar\/index.php?rest_route=%2Fwp%2Fv2%2Fmedia&parent=16792"}],"wp:term":[{"taxonomy":"category","embeddable":true,"href":"https:\/\/www.comuna13online.com.ar\/index.php?rest_route=%2Fwp%2Fv2%2Fcategories&post=16792"},{"taxonomy":"post_tag","embeddable":true,"href":"https:\/\/www.comuna13online.com.ar\/index.php?rest_route=%2Fwp%2Fv2%2Ftags&post=16792"}],"curies":[{"name":"wp","href":"https:\/\/api.w.org\/{rel}","templated":true}]}}