{"id":16600,"date":"2023-01-05T17:12:05","date_gmt":"2023-01-05T20:12:05","guid":{"rendered":"http:\/\/www.comuna13online.com.ar\/?p=16600"},"modified":"2023-01-06T18:25:15","modified_gmt":"2023-01-06T21:25:15","slug":"vivi-el-verano-2023-en-el-larreta","status":"publish","type":"post","link":"https:\/\/www.comuna13online.com.ar\/?p=16600","title":{"rendered":"Viv\u00ed el verano 2023 en el Larreta"},"content":{"rendered":"\n<p><strong>En el marco del programa Verano en la Ciudad, El Museo Enrique Larreta invita a disfrutar de una programaci\u00f3n imperdible con actividades para toda la familia \u00a1Conoc\u00e9 todas las propuestas!<\/strong><\/p>\n\n\n\n<div style=\"height:25px\" aria-hidden=\"true\" class=\"wp-block-spacer\"><\/div>\n\n\n\n<figure class=\"wp-block-image size-full\"><img loading=\"lazy\" decoding=\"async\" width=\"678\" height=\"452\" data-attachment-id=\"16603\" data-permalink=\"https:\/\/www.comuna13online.com.ar\/?attachment_id=16603\" data-orig-file=\"https:\/\/www.comuna13online.com.ar\/wp-content\/uploads\/2023\/01\/20230106b_01.jpg\" data-orig-size=\"678,452\" data-comments-opened=\"0\" data-image-meta=\"{&quot;aperture&quot;:&quot;0&quot;,&quot;credit&quot;:&quot;&quot;,&quot;camera&quot;:&quot;&quot;,&quot;caption&quot;:&quot;&quot;,&quot;created_timestamp&quot;:&quot;0&quot;,&quot;copyright&quot;:&quot;&quot;,&quot;focal_length&quot;:&quot;0&quot;,&quot;iso&quot;:&quot;0&quot;,&quot;shutter_speed&quot;:&quot;0&quot;,&quot;title&quot;:&quot;&quot;,&quot;orientation&quot;:&quot;0&quot;}\" data-image-title=\"20230106b_01\" data-image-description=\"\" data-image-caption=\"\" data-large-file=\"https:\/\/www.comuna13online.com.ar\/wp-content\/uploads\/2023\/01\/20230106b_01.jpg\" src=\"http:\/\/www.comuna13online.com.ar\/wp-content\/uploads\/2023\/01\/20230106b_01.jpg\" alt=\"\" class=\"wp-image-16603\" srcset=\"https:\/\/www.comuna13online.com.ar\/wp-content\/uploads\/2023\/01\/20230106b_01.jpg 678w, https:\/\/www.comuna13online.com.ar\/wp-content\/uploads\/2023\/01\/20230106b_01-272x182.jpg 272w\" sizes=\"auto, (max-width: 678px) 100vw, 678px\" \/><\/figure>\n\n\n\n<div style=\"height:25px\" aria-hidden=\"true\" class=\"wp-block-spacer\"><\/div>\n\n\n\n<p>Desde este\u00a0<strong>viernes 6 de enero y hasta el 19 de febrero<\/strong>, los Museos de la Ciudad brindaran una programaci\u00f3n para toda la familia, con actividades art\u00edsticas, l\u00fadicas y recreativas pensadas para diferentes intereses y segmentos: infancia, j\u00f3venes y personas con m\u00e1s de 60. <\/p>\n\n\n\n<p>Habr\u00e1 shows, fiestas retro, talleres, artes visuales, cine, teatro, visitas guiadas, recorridos tem\u00e1ticos, ferias, clases de baile, y m\u00e1s. La programaci\u00f3n completa estar\u00e1 disponible en la web Vivamos Cultura, te mostramos alguna de las actividades del Museo Larreta.<\/p>\n\n\n\n<div style=\"height:20px\" aria-hidden=\"true\" class=\"wp-block-spacer\"><\/div>\n<div align=\"center\">\n<blockquote class=\"twitter-tweet\" data-conversation=\"none\"><p lang=\"es\" dir=\"ltr\">?Para los m\u00e1s chicos el viernes tenemos muchas actividades: el show \u201cCuentos en Pijamas\u201d de <a href=\"https:\/\/twitter.com\/FlorKourny?ref_src=twsrc%5Etfw\">@FlorKourny<\/a> en <a href=\"https:\/\/twitter.com\/museo_sivori?ref_src=twsrc%5Etfw\">@museo_sivori<\/a> a las 18 h <a href=\"https:\/\/t.co\/O2IXXlmkb6\">https:\/\/t.co\/O2IXXlmkb6<\/a>, los talleres Tintas Vivas en el Jard\u00edn en el <a href=\"https:\/\/twitter.com\/MuseoLarreta?ref_src=twsrc%5Etfw\">@MuseoLarreta<\/a> a las 19 h <a href=\"https:\/\/t.co\/5xcQhid29z\">https:\/\/t.co\/5xcQhid29z<\/a> y mucho m\u00e1s. <a href=\"https:\/\/t.co\/PciCpHhoIU\">pic.twitter.com\/PciCpHhoIU<\/a><\/p>&mdash; Museos de Buenos Aires (@museosba) <a href=\"https:\/\/twitter.com\/museosba\/status\/1610772232455815176?ref_src=twsrc%5Etfw\">January 4, 2023<\/a><\/blockquote> <script async src=\"https:\/\/platform.twitter.com\/widgets.js\" charset=\"utf-8\"><\/script>\n<\/div>\n<div style=\"height:20px\" aria-hidden=\"true\" class=\"wp-block-spacer\"><\/div>\n\n\n\n<h4 class=\"wp-block-heading\">Programa enero:<\/h4>\n\n\n\n<h3 class=\"wp-block-heading\">J\u00f3venes<\/h3>\n\n\n\n<h4 class=\"wp-block-heading\">Visitas Nocturnas al jard\u00edn andaluz<\/h4>\n\n\n\n<p><strong>Jueves 12 &#8211; 20 h.<\/strong><br>Ven\u00ed a disfrutar una noche m\u00e1gica en el Para\u00edso del Museo Larreta. Durante una hora recorreremos el jard\u00edn andaluz m\u00e1s bello de la Ciudad.<br><strong>Actividad con reserva previa.<\/strong><\/p>\n\n\n\n<figure class=\"wp-block-image size-full\"><img loading=\"lazy\" decoding=\"async\" width=\"678\" height=\"381\" data-attachment-id=\"16601\" data-permalink=\"https:\/\/www.comuna13online.com.ar\/?attachment_id=16601\" data-orig-file=\"https:\/\/www.comuna13online.com.ar\/wp-content\/uploads\/2023\/01\/20230106b_02.jpg\" data-orig-size=\"678,381\" data-comments-opened=\"0\" data-image-meta=\"{&quot;aperture&quot;:&quot;0&quot;,&quot;credit&quot;:&quot;&quot;,&quot;camera&quot;:&quot;&quot;,&quot;caption&quot;:&quot;&quot;,&quot;created_timestamp&quot;:&quot;0&quot;,&quot;copyright&quot;:&quot;&quot;,&quot;focal_length&quot;:&quot;0&quot;,&quot;iso&quot;:&quot;0&quot;,&quot;shutter_speed&quot;:&quot;0&quot;,&quot;title&quot;:&quot;&quot;,&quot;orientation&quot;:&quot;0&quot;}\" data-image-title=\"20230106b_02\" data-image-description=\"\" data-image-caption=\"\" data-large-file=\"https:\/\/www.comuna13online.com.ar\/wp-content\/uploads\/2023\/01\/20230106b_02.jpg\" src=\"http:\/\/www.comuna13online.com.ar\/wp-content\/uploads\/2023\/01\/20230106b_02.jpg\" alt=\"\" class=\"wp-image-16601\"\/><\/figure>\n\n\n\n<hr class=\"wp-block-separator has-alpha-channel-opacity\"\/>\n\n\n\n<h4 class=\"wp-block-heading\">Motivo Impreso<\/h4>\n\n\n\n<p><strong>Fechas a confirmar<\/strong><br>Dos ferias con stands para compartir y conocer propuestas innovadoras de arte gr\u00e1fico y arte en peque\u00f1o formato en el jard\u00edn del Museo.<\/p>\n\n\n\n<hr class=\"wp-block-separator has-alpha-channel-opacity\"\/>\n\n\n\n<h3 class=\"wp-block-heading\">Infancias<\/h3>\n\n\n\n<h4 class=\"wp-block-heading\">Tintas vivas en el jard\u00edn<\/h4>\n\n\n\n<p>En este taller te invitamos a explorar el jard\u00edn para conocer las plantas nativas que nos dan colores. Luego podremos experimentar y dibujar con los tintes naturales.<\/p>\n\n\n\n<p><em>Edad recomendada: 8 a 12 a\u00f1os.<\/em><\/p>\n\n\n\n<p><strong>Viernes 6 -19 h<\/strong>\u00a0<a rel=\"noreferrer noopener\" href=\"https:\/\/www.formulariosgcba.gob.ar\/lQYdDbeOrMno7w856roq\/canal\/web\" target=\"_blank\">Inscribirse<\/a><\/p>\n\n\n\n<p><strong>S\u00e1bado 7 -19 h<\/strong>\u00a0<a rel=\"noreferrer noopener\" href=\"https:\/\/www.formulariosgcba.gob.ar\/QMo6By97EGW0Kr0qXNkv\/canal\/web\" target=\"_blank\">Inscribirse<\/a><\/p>\n\n\n\n<hr class=\"wp-block-separator has-alpha-channel-opacity\"\/>\n\n\n\n<h4 class=\"wp-block-heading\">Minimuseos | Abuelos<\/h4>\n\n\n\n<p><strong>Jueves 12 &#8211; 18 y 19 h.<\/strong><br>Un taller de cuentos y juegos para compartir con los abuelos y echar ra\u00edces a esta relaci\u00f3n tan fundamental en la naturaleza de cada familia. Por Any Gonz\u00e1lez de La Llave.<\/p>\n\n\n\n<p><strong>Actividad con reserva previa.<\/strong><\/p>\n\n\n\n<p><em>Edad recomendada: 4 a 7 a\u00f1os.<\/em><\/p>\n\n\n\n<p><strong>Actividades incluidas en la entrada al museo.<\/strong><\/p>\n\n\n\n<div style=\"height:20px\" aria-hidden=\"true\" class=\"wp-block-spacer\"><\/div>\n\n\n\n<hr class=\"wp-block-separator has-alpha-channel-opacity\"\/>\n\n\n\n<p><strong>Museo de Arte Espa\u00f1ol Enrique Larreta<br><\/strong>Juramento 2291 &#8211; Belgrano<br>Comuna 13<\/p>\n\n\n\n<p><iframe loading=\"lazy\" style=\"border: 0;\" src=\"https:\/\/www.google.com\/maps\/embed?pb=!1m18!1m12!1m3!1d3285.692963597937!2d-58.4578286850968!3d-34.56132856276278!2m3!1f0!2f0!3f0!3m2!1i1024!2i768!4f13.1!3m3!1m2!1s0x95bcb5d3a0a211b3%3A0xedd3483149685e17!2sMuseo+de+Arte+Espa%C3%B1ol+Enrique+Larreta!5e0!3m2!1ses!2sar!4v1515582783930\" width=\"678\" height=\"550\" frameborder=\"0\" allowfullscreen=\"allowfullscreen\"><span data-mce-type=\"bookmark\" style=\"display: inline-block; width: 0px; overflow: hidden; line-height: 0;\" class=\"mce_SELRES_start\">\ufeff<\/span><\/iframe><\/p>\n\n\n\n<p><strong>Transportes Cercanos:<\/strong><br>Colectivos:&nbsp;15, 29, 41, 42, 44, 57, 59, 60, 63, 65, 67, 68, 80, 107, 113, 114, 133, 152, 161, 168, 184 y 194.<br>Subte: Estaci\u00f3n Juramento de la L\u00ednea D<\/p>\n","protected":false},"excerpt":{"rendered":"<div class=\"mh-excerpt\">En el marco del programa Verano en la Ciudad, El Museo Enrique Larreta invita a disfrutar de una programaci\u00f3n imperdible con actividades para toda la familia \u00a1Conoc\u00e9 todas las propuestas! <a class=\"mh-excerpt-more\" href=\"https:\/\/www.comuna13online.com.ar\/?p=16600\" title=\"Viv\u00ed el verano 2023 en el Larreta\">[&#8230;]<\/a><\/div>\n","protected":false},"author":1,"featured_media":16602,"comment_status":"closed","ping_status":"closed","sticky":false,"template":"","format":"standard","meta":{"_uag_custom_page_level_css":"","_jetpack_memberships_contains_paid_content":false,"footnotes":"","jetpack_publicize_message":"","jetpack_publicize_feature_enabled":true,"jetpack_social_post_already_shared":false,"jetpack_social_options":{"image_generator_settings":{"template":"highway","default_image_id":0,"font":"","enabled":false},"version":2}},"categories":[9],"tags":[19,250,296,43],"class_list":{"0":"post-16600","1":"post","2":"type-post","3":"status-publish","4":"format-standard","5":"has-post-thumbnail","7":"category-ciudad","8":"tag-comuna-13","9":"tag-h2","10":"tag-h3","11":"tag-vacaciones"},"jetpack_publicize_connections":[],"jetpack_featured_media_url":"https:\/\/www.comuna13online.com.ar\/wp-content\/uploads\/2023\/01\/20230106b_id.jpg","uagb_featured_image_src":{"full":["https:\/\/www.comuna13online.com.ar\/wp-content\/uploads\/2023\/01\/20230106b_id.jpg",678,452,false],"thumbnail":["https:\/\/www.comuna13online.com.ar\/wp-content\/uploads\/2023\/01\/20230106b_id.jpg",128,85,false],"medium":["https:\/\/www.comuna13online.com.ar\/wp-content\/uploads\/2023\/01\/20230106b_id.jpg",678,452,false],"medium_large":["https:\/\/www.comuna13online.com.ar\/wp-content\/uploads\/2023\/01\/20230106b_id.jpg",678,452,false],"large":["https:\/\/www.comuna13online.com.ar\/wp-content\/uploads\/2023\/01\/20230106b_id.jpg",678,452,false],"1536x1536":["https:\/\/www.comuna13online.com.ar\/wp-content\/uploads\/2023\/01\/20230106b_id.jpg",678,452,false],"2048x2048":["https:\/\/www.comuna13online.com.ar\/wp-content\/uploads\/2023\/01\/20230106b_id.jpg",678,452,false],"mh-magazine-slider":["https:\/\/www.comuna13online.com.ar\/wp-content\/uploads\/2023\/01\/20230106b_id-678x438.jpg",678,438,true],"mh-magazine-content":["https:\/\/www.comuna13online.com.ar\/wp-content\/uploads\/2023\/01\/20230106b_id-678x381.jpg",678,381,true],"mh-magazine-large":["https:\/\/www.comuna13online.com.ar\/wp-content\/uploads\/2023\/01\/20230106b_id.jpg",678,452,false],"mh-magazine-medium":["https:\/\/www.comuna13online.com.ar\/wp-content\/uploads\/2023\/01\/20230106b_id-326x245.jpg",326,245,true],"mh-magazine-small":["https:\/\/www.comuna13online.com.ar\/wp-content\/uploads\/2023\/01\/20230106b_id-80x60.jpg",80,60,true],"sow-carousel-default":["https:\/\/www.comuna13online.com.ar\/wp-content\/uploads\/2023\/01\/20230106b_id-272x182.jpg",272,182,true]},"uagb_author_info":{"display_name":"Comuna13","author_link":"https:\/\/www.comuna13online.com.ar\/?author=1"},"uagb_comment_info":0,"uagb_excerpt":"En el marco del programa Verano en la Ciudad, El Museo Enrique Larreta invita a disfrutar de una programaci\u00f3n imperdible con actividades para toda la familia \u00a1Conoc\u00e9 todas las propuestas! [...]","jetpack_sharing_enabled":true,"_links":{"self":[{"href":"https:\/\/www.comuna13online.com.ar\/index.php?rest_route=\/wp\/v2\/posts\/16600","targetHints":{"allow":["GET"]}}],"collection":[{"href":"https:\/\/www.comuna13online.com.ar\/index.php?rest_route=\/wp\/v2\/posts"}],"about":[{"href":"https:\/\/www.comuna13online.com.ar\/index.php?rest_route=\/wp\/v2\/types\/post"}],"author":[{"embeddable":true,"href":"https:\/\/www.comuna13online.com.ar\/index.php?rest_route=\/wp\/v2\/users\/1"}],"replies":[{"embeddable":true,"href":"https:\/\/www.comuna13online.com.ar\/index.php?rest_route=%2Fwp%2Fv2%2Fcomments&post=16600"}],"version-history":[{"count":0,"href":"https:\/\/www.comuna13online.com.ar\/index.php?rest_route=\/wp\/v2\/posts\/16600\/revisions"}],"wp:featuredmedia":[{"embeddable":true,"href":"https:\/\/www.comuna13online.com.ar\/index.php?rest_route=\/wp\/v2\/media\/16602"}],"wp:attachment":[{"href":"https:\/\/www.comuna13online.com.ar\/index.php?rest_route=%2Fwp%2Fv2%2Fmedia&parent=16600"}],"wp:term":[{"taxonomy":"category","embeddable":true,"href":"https:\/\/www.comuna13online.com.ar\/index.php?rest_route=%2Fwp%2Fv2%2Fcategories&post=16600"},{"taxonomy":"post_tag","embeddable":true,"href":"https:\/\/www.comuna13online.com.ar\/index.php?rest_route=%2Fwp%2Fv2%2Ftags&post=16600"}],"curies":[{"name":"wp","href":"https:\/\/api.w.org\/{rel}","templated":true}]}}