{"id":16464,"date":"2022-12-06T12:18:21","date_gmt":"2022-12-06T15:18:21","guid":{"rendered":"http:\/\/www.comuna13online.com.ar\/?p=16464"},"modified":"2022-12-06T12:18:27","modified_gmt":"2022-12-06T15:18:27","slug":"covid-se-multiplico-por-cuatro-la-cantidad-de-casos-en-la-ciudad","status":"publish","type":"post","link":"https:\/\/www.comuna13online.com.ar\/?p=16464","title":{"rendered":"COVID: se multiplic\u00f3 por cuatro la cantidad de casos en la Ciudad"},"content":{"rendered":"\n<p><strong>Se reportaron 6018 nuevos casos, lo que representa casi cuatro veces m\u00e1s que la semana pasada (1618). La importancia de vacunarse, d\u00f3nde se vacuna \u00absin turno\u00bb y qu\u00e9 dosis corresponde.<\/strong><\/p>\n\n\n\n<div style=\"height:15px\" aria-hidden=\"true\" class=\"wp-block-spacer\"><\/div>\n\n\n\n<figure class=\"wp-block-image size-full\"><img loading=\"lazy\" decoding=\"async\" width=\"678\" height=\"458\" data-attachment-id=\"12720\" data-permalink=\"https:\/\/www.comuna13online.com.ar\/?attachment_id=12720\" data-orig-file=\"https:\/\/www.comuna13online.com.ar\/wp-content\/uploads\/2021\/02\/210217a-01.jpg\" data-orig-size=\"678,458\" data-comments-opened=\"0\" data-image-meta=\"{&quot;aperture&quot;:&quot;0&quot;,&quot;credit&quot;:&quot;&quot;,&quot;camera&quot;:&quot;&quot;,&quot;caption&quot;:&quot;&quot;,&quot;created_timestamp&quot;:&quot;0&quot;,&quot;copyright&quot;:&quot;&quot;,&quot;focal_length&quot;:&quot;0&quot;,&quot;iso&quot;:&quot;0&quot;,&quot;shutter_speed&quot;:&quot;0&quot;,&quot;title&quot;:&quot;&quot;,&quot;orientation&quot;:&quot;0&quot;}\" data-image-title=\"210217a-01\" data-image-description=\"\" data-image-caption=\"\" data-large-file=\"https:\/\/www.comuna13online.com.ar\/wp-content\/uploads\/2021\/02\/210217a-01.jpg\" src=\"http:\/\/www.comuna13online.com.ar\/wp-content\/uploads\/2021\/02\/210217a-01.jpg\" alt=\"\" class=\"wp-image-12720\"\/><\/figure>\n\n\n\n<div style=\"height:15px\" aria-hidden=\"true\" class=\"wp-block-spacer\"><\/div>\n\n\n\n<p>En la \u00faltima semana los casos se multiplicaron casi 4 veces en nuestra Ciudad, el parte oficial difundido por la autoridades sanitarias inform\u00f3 6018 nuevos contagios en la semana que va del 28 de noviembre al 4 de diciembre y se registraron 5 muertes.<\/p>\n\n\n\n<p>De esta manera, la cantidad acumulada de contagiados se elev\u00f3 a 1.174.663, y la cifra de personas fallecidas escal\u00f3 a 13.403. Por otro lado, El Ministerio de Salud porte\u00f1o notific\u00f3 2.652 nuevos casos correspondientes a personas no residentes en Caba.<\/p>\n\n\n\n<h4 class=\"wp-block-heading\">Hay que cuidarse<\/h4>\n\n\n\n<p>La Ministra de\u00a0Salud de la Naci\u00f3n,\u00a0Carla Vizzotti, sostuvo que no se implementar\u00e1n nuevas restricciones aunque recomend\u00f3 enf\u00e1ticamente el\u00a0uso de barbijos para las personas de riesgo y en espacios cerrados y\/o con poca ventilaci\u00f3n. Adem\u00e1s, insisti\u00f3 que en este contexto, la mejor forma de prevenir casos graves  es reforzar la vacunaci\u00f3n.<\/p>\n\n\n\n<div style=\"height:20px\" aria-hidden=\"true\" class=\"wp-block-spacer\"><\/div>\n<div align=\"center\">\n<blockquote class=\"twitter-tweet\"><p lang=\"es\" dir=\"ltr\">Los casos de COVID-19 vienen aumentando desde hace cuatro semanas, de la semana anterior a esta lo hicieron 3,8 veces. <br><br>Nuestra recomendaci\u00f3n en este contexto es reforzar la vacunaci\u00f3n y los cuidados de siempre.<\/p>&mdash; Carla Vizzotti (@carlavizzotti) <a href=\"https:\/\/twitter.com\/carlavizzotti\/status\/1599537111895404544?ref_src=twsrc%5Etfw\">December 4, 2022<\/a><\/blockquote> <script async src=\"https:\/\/platform.twitter.com\/widgets.js\" charset=\"utf-8\"><\/script>\n<\/div>\n<div style=\"height:20px\" aria-hidden=\"true\" class=\"wp-block-spacer\"><\/div>\n\n\n\n<h4 class=\"wp-block-heading\">Vacunaci\u00f3n, quinta y sexta dosis, qu\u00e9 grupos deben aplic\u00e1rsela<\/h4>\n\n\n\n<p>El Ministerio de Salud de la Cuidad est\u00e1 convocando a diferentes grupos de personas a aplicarse un segundo o tercer refuerzo de la vacuna contra el COVID-19, es decir, la quinta o sexta dosis de todas las suministradas. Para qui\u00e9nes: <\/p>\n\n\n\n<ul class=\"wp-block-list\">\n<li>Personas entre&nbsp;<strong>18 a 49 a\u00f1os<\/strong>&nbsp;con condiciones de riesgo \u2192 corresponde tercer refuerzo.<\/li>\n\n\n\n<li>Personas a partir de los&nbsp;<strong>12 a\u00f1os<\/strong>&nbsp;con inmunocompromiso \u2192 corresponde tercer refuerzo.<\/li>\n\n\n\n<li>Personal de salud y estrat\u00e9gico independientemente de la edad \u2192 corresponde tercer refuerzo.<\/li>\n\n\n\n<li>Personas que residan o trabajen en instituciones cerradas o de internaci\u00f3n prolongada \u2192 corresponde tercer refuerzo.<\/li>\n<\/ul>\n\n\n\n<p>Quienes hayan transitado el per\u00edodo de cuatro meses desde el \u00faltimo refuerzo, podr\u00e1n ir a cualquiera de las 6 sedes habilitadas por el Gobierno de la Ciudad <strong>sin turno previo<\/strong>.<\/p>\n\n\n\n<p>El resto de la poblaci\u00f3n podr\u00e1 solicitar turno a trav\u00e9s de la\u00a0<strong><a rel=\"noreferrer noopener\" href=\"https:\/\/covid.buenosaires.gob.ar\/InicioTramiteComun?idPrestacion=3910\" target=\"_blank\">p\u00e1gina oficial<\/a><\/strong>\u00a0del Gobierno de la Ciudad, v\u00eda mail, WhatsApp o SMS, donde se podr\u00e1 seleccionar la fecha, la hora y el lugar de preferencia por medio de un link personalizado.<\/p>\n\n\n\n<h4 class=\"wp-block-heading\">Los centros que se encuentran abiertos son:<\/h4>\n\n\n\n<p><em>Horario: entre las 8 y 17.<\/em><\/p>\n\n\n\n<p><strong>Lunes a viernes:<\/strong><\/p>\n\n\n\n<ul class=\"wp-block-list\">\n<li>Club San Lorenzo (<a rel=\"noreferrer noopener\" href=\"https:\/\/www.google.com\/maps\/place\/Av.+La+Plata+1782,+C1250AAU+CABA\/data=!4m2!3m1!1s0x95bccbaebf9ce53d:0x4cb1f7a4f6b6c9df?sa=X&amp;ved=2ahUKEwjksoiupOX7AhXxqZUCHdH-A44Q8gF6BAgIEAE\" target=\"_blank\">Av<\/a><a href=\"https:\/\/www.google.com\/maps\/place\/Av.+La+Plata+1782,+C1250AAU+CABA\/data=!4m2!3m1!1s0x95bccbaebf9ce53d:0x4cb1f7a4f6b6c9df?sa=X&amp;ved=2ahUKEwjksoiupOX7AhXxqZUCHdH-A44Q8gF6BAgIEAE\" target=\"_blank\" rel=\"noreferrer noopener\">.<\/a><a rel=\"noreferrer noopener\" href=\"https:\/\/www.google.com\/maps\/place\/Av.+La+Plata+1782,+C1250AAU+CABA\/data=!4m2!3m1!1s0x95bccbaebf9ce53d:0x4cb1f7a4f6b6c9df?sa=X&amp;ved=2ahUKEwjksoiupOX7AhXxqZUCHdH-A44Q8gF6BAgIEAE\" target=\"_blank\"> La Plata 1782<\/a>).<\/li>\n\n\n\n<li>Centro Isl\u00e1mico (<a rel=\"noreferrer noopener\" href=\"https:\/\/www.google.com\/maps\/place\/Av.+Int.+Bullrich+55,+C1425+CABA\/@-34.5724091,-58.4250046,17z\/data=!3m1!4b1!4m5!3m4!1s0x95bcb5990210aab5:0xc82df98d3d30bb6b!8m2!3d-34.5724091!4d-58.4250046\" target=\"_blank\">Av. Int.<\/a><a href=\"https:\/\/www.google.com\/maps\/place\/Av.+Int.+Bullrich+55,+C1425+CABA\/@-34.5724091,-58.4250046,17z\/data=!3m1!4b1!4m5!3m4!1s0x95bcb5990210aab5:0xc82df98d3d30bb6b!8m2!3d-34.5724091!4d-58.4250046\" target=\"_blank\" rel=\"noreferrer noopener\"> <\/a><a rel=\"noreferrer noopener\" href=\"https:\/\/www.google.com\/maps\/place\/Av.+Int.+Bullrich+55,+C1425+CABA\/@-34.5724091,-58.4250046,17z\/data=!3m1!4b1!4m5!3m4!1s0x95bcb5990210aab5:0xc82df98d3d30bb6b!8m2!3d-34.5724091!4d-58.4250046\" target=\"_blank\">Bullrich 55<\/a>).<\/li>\n\n\n\n<li>Colegio de Abogados (<a href=\"https:\/\/www.google.com\/maps\/place\/Av.+Corrientes+1441,+C1042+San+Nicolas,+Buenos+Aires\/data=!4m2!3m1!1s0x95bccac4277a3c75:0x40c8618212c8dfe9?sa=X&amp;ved=2ahUKEwjr0JLIpOX7AhXds5UCHe5cCCcQ8gF6BAgIEAE\" target=\"_blank\" rel=\"noreferrer noopener\">Av. Corrientes 1441<\/a>).<\/li>\n\n\n\n<li>Detectar Devoto (<a href=\"https:\/\/www.google.com\/maps\/place\/Vacunatorio+Comuna+11\/@-34.6083084,-58.516038,15z\/data=!4m2!3m1!1s0x0:0x9adaa715ac4397d1?sa=X&amp;ved=2ahUKEwjrzMbUpOX7AhUfpJUCHXanBXkQ_BJ6BAhMEAg\" target=\"_blank\" rel=\"noreferrer noopener\">Fco. Beir\u00f3 4629<\/a>).<\/li>\n\n\n\n<li>Ministerio de Salud (<a href=\"https:\/\/www.google.com\/maps\/place\/Av.+Amancio+Alcorta+2100,+C1283AAT+CABA\/data=!4m2!3m1!1s0x95bccb40888d5eeb:0x407a988f601fde9e?sa=X&amp;ved=2ahUKEwjpnajdpOX7AhVMs5UCHbSGAYwQ8gF6BAgREAE\" target=\"_blank\" rel=\"noreferrer noopener\">Amancio Alcorta 2100<\/a>).<\/li>\n\n\n\n<li>Hospital Zubizarreta (<a href=\"https:\/\/www.google.com\/maps\/place\/Nueva+York+3952,+C1419HDN+CABA\/data=!4m2!3m1!1s0x95bcb7cc9ade8c29:0xafca2c93f7897deb?sa=X&amp;ved=2ahUKEwjyi5jlpOX7AhWlp5UCHdnOAa8Q8gF6BAgPEAE\" target=\"_blank\" rel=\"noreferrer noopener\">Nueva York 3952<\/a>).<\/li>\n<\/ul>\n\n\n\n<p><strong>S\u00e1bados, domingos y feriados<\/strong>:<\/p>\n\n\n\n<ul class=\"wp-block-list\">\n<li>Club San Lorenzo (<a rel=\"noreferrer noopener\" href=\"https:\/\/www.google.com\/maps\/place\/Av.+La+Plata+1782,+C1250AAU+CABA\/data=!4m2!3m1!1s0x95bccbaebf9ce53d:0x4cb1f7a4f6b6c9df?sa=X&amp;ved=2ahUKEwjksoiupOX7AhXxqZUCHdH-A44Q8gF6BAgIEAE\" target=\"_blank\">Av. La Plata 1782<\/a>).<\/li>\n\n\n\n<li>Centro Isl\u00e1mico (<a rel=\"noreferrer noopener\" href=\"https:\/\/www.google.com\/maps\/place\/Av.+Int.+Bullrich+55,+C1425+CABA\/@-34.5724091,-58.4250046,17z\/data=!3m1!4b1!4m5!3m4!1s0x95bcb5990210aab5:0xc82df98d3d30bb6b!8m2!3d-34.5724091!4d-58.4250046\" target=\"_blank\">Av. Int. Bullrich 55<\/a>).<\/li>\n<\/ul>\n\n\n\n<h3 class=\"wp-block-heading\">\u00bfCu\u00e1les son los grupos considerados como inmunosuprimidos?<\/h3>\n\n\n\n<p><em>Se considera dentro de este grupo a quienes<\/em>:<\/p>\n\n\n\n<ul class=\"wp-block-list\">\n<li>Reciben tratamiento oncol\u00f3gico para tumores s\u00f3lidos y onco-hematol\u00f3gicos.<\/li>\n\n\n\n<li>Son receptores de trasplante de \u00f3rgano s\u00f3lido en tratamiento inmunosupresor.<\/li>\n\n\n\n<li>Receptores de trasplante de c\u00e9lulas progenitoras hematopoy\u00e9ticas en los \u00faltimos 2 a\u00f1os o en tratamiento inmunosupresor.<\/li>\n\n\n\n<li>Inmunodeficiencia primaria moderada o grave.<\/li>\n\n\n\n<li>Personas viviendo con VIH.<\/li>\n\n\n\n<li>Tratamiento activo con corticosteroides en dosis altas o medicaci\u00f3n inmunosupresora. 2. Personas de 50 a\u00f1os o mayores que hayan recibido un esquema primario de vacuna a virus inactivado<\/li>\n<\/ul>\n\n\n\n<div style=\"height:20px\" aria-hidden=\"true\" class=\"wp-block-spacer\"><\/div>\n\n\n\n<h3 class=\"wp-block-heading\">Esquema de vacunaci\u00f3n<\/h3>\n\n\n\n<figure class=\"wp-block-image size-full\"><img loading=\"lazy\" decoding=\"async\" width=\"678\" height=\"588\" data-attachment-id=\"16465\" data-permalink=\"https:\/\/www.comuna13online.com.ar\/?attachment_id=16465\" data-orig-file=\"https:\/\/www.comuna13online.com.ar\/wp-content\/uploads\/2022\/12\/esquema.gif\" data-orig-size=\"678,588\" data-comments-opened=\"0\" data-image-meta=\"{&quot;aperture&quot;:&quot;0&quot;,&quot;credit&quot;:&quot;&quot;,&quot;camera&quot;:&quot;&quot;,&quot;caption&quot;:&quot;&quot;,&quot;created_timestamp&quot;:&quot;0&quot;,&quot;copyright&quot;:&quot;&quot;,&quot;focal_length&quot;:&quot;0&quot;,&quot;iso&quot;:&quot;0&quot;,&quot;shutter_speed&quot;:&quot;0&quot;,&quot;title&quot;:&quot;&quot;,&quot;orientation&quot;:&quot;0&quot;}\" data-image-title=\"esquema\" data-image-description=\"\" data-image-caption=\"\" data-large-file=\"https:\/\/www.comuna13online.com.ar\/wp-content\/uploads\/2022\/12\/esquema.gif\" src=\"http:\/\/www.comuna13online.com.ar\/wp-content\/uploads\/2022\/12\/esquema.gif\" alt=\"\" class=\"wp-image-16465\"\/><\/figure>\n","protected":false},"excerpt":{"rendered":"<div class=\"mh-excerpt\">Se reportaron 6018 nuevos casos, lo que representa casi cuatro veces m\u00e1s que la semana pasada (1618). La importancia de vacunarse, d\u00f3nde se vacuna \u00absin turno\u00bb y qu\u00e9 dosis corresponde. <a class=\"mh-excerpt-more\" href=\"https:\/\/www.comuna13online.com.ar\/?p=16464\" title=\"COVID: se multiplic\u00f3 por cuatro la cantidad de casos en la Ciudad\">[&#8230;]<\/a><\/div>\n","protected":false},"author":1,"featured_media":16466,"comment_status":"closed","ping_status":"closed","sticky":false,"template":"","format":"standard","meta":{"_uag_custom_page_level_css":"","_jetpack_memberships_contains_paid_content":false,"footnotes":"","jetpack_publicize_message":"","jetpack_publicize_feature_enabled":true,"jetpack_social_post_already_shared":true,"jetpack_social_options":{"image_generator_settings":{"template":"highway","default_image_id":0,"font":"","enabled":false},"version":2}},"categories":[44],"tags":[271,246,250,296,45,118],"class_list":{"0":"post-16464","1":"post","2":"type-post","3":"status-publish","4":"format-standard","5":"has-post-thumbnail","7":"category-salud","8":"tag-coronavirus","9":"tag-h1","10":"tag-h2","11":"tag-h3","12":"tag-salud","13":"tag-vacunacion"},"jetpack_publicize_connections":[],"jetpack_featured_media_url":"https:\/\/www.comuna13online.com.ar\/wp-content\/uploads\/2022\/12\/20221206b_id.jpg","uagb_featured_image_src":{"full":["https:\/\/www.comuna13online.com.ar\/wp-content\/uploads\/2022\/12\/20221206b_id.jpg",1029,438,false],"thumbnail":["https:\/\/www.comuna13online.com.ar\/wp-content\/uploads\/2022\/12\/20221206b_id.jpg",128,54,false],"medium":["https:\/\/www.comuna13online.com.ar\/wp-content\/uploads\/2022\/12\/20221206b_id.jpg",1029,438,false],"medium_large":["https:\/\/www.comuna13online.com.ar\/wp-content\/uploads\/2022\/12\/20221206b_id-768x327.jpg",768,327,true],"large":["https:\/\/www.comuna13online.com.ar\/wp-content\/uploads\/2022\/12\/20221206b_id.jpg",1029,438,false],"1536x1536":["https:\/\/www.comuna13online.com.ar\/wp-content\/uploads\/2022\/12\/20221206b_id.jpg",1029,438,false],"2048x2048":["https:\/\/www.comuna13online.com.ar\/wp-content\/uploads\/2022\/12\/20221206b_id.jpg",1029,438,false],"mh-magazine-slider":["https:\/\/www.comuna13online.com.ar\/wp-content\/uploads\/2022\/12\/20221206b_id.jpg",1029,438,false],"mh-magazine-content":["https:\/\/www.comuna13online.com.ar\/wp-content\/uploads\/2022\/12\/20221206b_id-678x381.jpg",678,381,true],"mh-magazine-large":["https:\/\/www.comuna13online.com.ar\/wp-content\/uploads\/2022\/12\/20221206b_id-678x438.jpg",678,438,true],"mh-magazine-medium":["https:\/\/www.comuna13online.com.ar\/wp-content\/uploads\/2022\/12\/20221206b_id-326x245.jpg",326,245,true],"mh-magazine-small":["https:\/\/www.comuna13online.com.ar\/wp-content\/uploads\/2022\/12\/20221206b_id-80x60.jpg",80,60,true],"sow-carousel-default":["https:\/\/www.comuna13online.com.ar\/wp-content\/uploads\/2022\/12\/20221206b_id-272x182.jpg",272,182,true]},"uagb_author_info":{"display_name":"Comuna13","author_link":"https:\/\/www.comuna13online.com.ar\/?author=1"},"uagb_comment_info":0,"uagb_excerpt":"Se reportaron 6018 nuevos casos, lo que representa casi cuatro veces m\u00e1s que la semana pasada (1618). La importancia de vacunarse, d\u00f3nde se vacuna \u00absin turno\u00bb y qu\u00e9 dosis corresponde. [...]","jetpack_sharing_enabled":true,"_links":{"self":[{"href":"https:\/\/www.comuna13online.com.ar\/index.php?rest_route=\/wp\/v2\/posts\/16464","targetHints":{"allow":["GET"]}}],"collection":[{"href":"https:\/\/www.comuna13online.com.ar\/index.php?rest_route=\/wp\/v2\/posts"}],"about":[{"href":"https:\/\/www.comuna13online.com.ar\/index.php?rest_route=\/wp\/v2\/types\/post"}],"author":[{"embeddable":true,"href":"https:\/\/www.comuna13online.com.ar\/index.php?rest_route=\/wp\/v2\/users\/1"}],"replies":[{"embeddable":true,"href":"https:\/\/www.comuna13online.com.ar\/index.php?rest_route=%2Fwp%2Fv2%2Fcomments&post=16464"}],"version-history":[{"count":0,"href":"https:\/\/www.comuna13online.com.ar\/index.php?rest_route=\/wp\/v2\/posts\/16464\/revisions"}],"wp:featuredmedia":[{"embeddable":true,"href":"https:\/\/www.comuna13online.com.ar\/index.php?rest_route=\/wp\/v2\/media\/16466"}],"wp:attachment":[{"href":"https:\/\/www.comuna13online.com.ar\/index.php?rest_route=%2Fwp%2Fv2%2Fmedia&parent=16464"}],"wp:term":[{"taxonomy":"category","embeddable":true,"href":"https:\/\/www.comuna13online.com.ar\/index.php?rest_route=%2Fwp%2Fv2%2Fcategories&post=16464"},{"taxonomy":"post_tag","embeddable":true,"href":"https:\/\/www.comuna13online.com.ar\/index.php?rest_route=%2Fwp%2Fv2%2Ftags&post=16464"}],"curies":[{"name":"wp","href":"https:\/\/api.w.org\/{rel}","templated":true}]}}