{"id":16427,"date":"2022-11-29T17:54:54","date_gmt":"2022-11-29T20:54:54","guid":{"rendered":"http:\/\/www.comuna13online.com.ar\/?p=16427"},"modified":"2022-11-29T17:55:37","modified_gmt":"2022-11-29T20:55:37","slug":"extienden-la-campana-de-vacunacion-contra-triple-viral-y-la-polio","status":"publish","type":"post","link":"https:\/\/www.comuna13online.com.ar\/?p=16427","title":{"rendered":"Extienden la campa\u00f1a de vacunaci\u00f3n contra triple viral y la polio"},"content":{"rendered":"\n<p><strong>Para ni\u00f1os de 13 meses a 4 a\u00f1os inclusive, podr\u00e1n recibir la dosis extra de las vacunas triple viral (sarampi\u00f3n, rub\u00e9ola y paperas) y polio hasta el 11 de diciembre.<\/strong><\/p>\n\n\n\n<div style=\"height:15px\" aria-hidden=\"true\" class=\"wp-block-spacer\"><\/div>\n\n\n\n<figure class=\"wp-block-image size-full\"><img loading=\"lazy\" decoding=\"async\" width=\"678\" height=\"452\" data-attachment-id=\"16102\" data-permalink=\"https:\/\/www.comuna13online.com.ar\/?attachment_id=16102\" data-orig-file=\"https:\/\/www.comuna13online.com.ar\/wp-content\/uploads\/2022\/09\/202209029a_01.jpg\" data-orig-size=\"678,452\" data-comments-opened=\"0\" data-image-meta=\"{&quot;aperture&quot;:&quot;0&quot;,&quot;credit&quot;:&quot;&quot;,&quot;camera&quot;:&quot;&quot;,&quot;caption&quot;:&quot;&quot;,&quot;created_timestamp&quot;:&quot;0&quot;,&quot;copyright&quot;:&quot;&quot;,&quot;focal_length&quot;:&quot;0&quot;,&quot;iso&quot;:&quot;0&quot;,&quot;shutter_speed&quot;:&quot;0&quot;,&quot;title&quot;:&quot;&quot;,&quot;orientation&quot;:&quot;0&quot;}\" data-image-title=\"202209029a_01\" data-image-description=\"\" data-image-caption=\"\" data-large-file=\"https:\/\/www.comuna13online.com.ar\/wp-content\/uploads\/2022\/09\/202209029a_01.jpg\" src=\"http:\/\/www.comuna13online.com.ar\/wp-content\/uploads\/2022\/09\/202209029a_01.jpg\" alt=\"\" class=\"wp-image-16102\" srcset=\"https:\/\/www.comuna13online.com.ar\/wp-content\/uploads\/2022\/09\/202209029a_01.jpg 678w, https:\/\/www.comuna13online.com.ar\/wp-content\/uploads\/2022\/09\/202209029a_01-272x182.jpg 272w\" sizes=\"auto, (max-width: 678px) 100vw, 678px\" \/><\/figure>\n\n\n\n<div style=\"height:20px\" aria-hidden=\"true\" class=\"wp-block-spacer\"><\/div>\n\n\n\n<p>La campa\u00f1a continuar\u00e1 hasta el 11 de diciembre, los ni\u00f1os y ni\u00f1as de 13 meses a 4 a\u00f1os inclusive deber\u00e1n recibir una dosis extra de las vacunas triple viral (sarampi\u00f3n, rub\u00e9ola y paperas) y polio, m\u00e1s all\u00e1 de las dosis recibidas anteriormente.\u00a0No se requiere una orden m\u00e9dica previa, y los\u00a0vecinos de la Ciudad de Buenos Aires\u00a0deber\u00e1n\u00a0<a rel=\"noreferrer noopener\" href=\"https:\/\/covid.buenosaires.gob.ar\/InicioTramiteComun?idPrestacion=3890\" target=\"_blank\">sacar un turno<\/a>\u00a0para elegir la posta de vacunaci\u00f3n o los s\u00e1bados, domingos y feriados en algunas Estaciones Saludables sin turno.<\/p>\n\n\n\n<p>Se trata de una dosis adicional a las establecidas en el Calendario de Vacunaci\u00f3n. La medida fue impulsada por el\u00a0Ministerio de Salud de la Naci\u00f3n, frente al riesgo de reintroducci\u00f3n de \u00e9stas enfermedades, que hab\u00edan eliminadas o de reemergencia de aquellas en control.<\/p>\n\n\n\n<p>En la Ciudad de Buenos Aires, la Campa\u00f1a de Vacunaci\u00f3n se realizar\u00e1 en los distintos centros de salud p\u00fablicos. Al momento de asistir al vacunatorio se deber\u00e1 llevar el&nbsp;carnet de vacunaci\u00f3n, Documento Nacional de Identidad (DNI)&nbsp;y estar acompa\u00f1ado por una persona mayor a 18 a\u00f1os<\/p>\n\n\n\n<p>Las dosis extras son&nbsp;<strong>gratuitas, obligatorias y pueden administrarse en forma conjunta con la vacuna contra la COVID-19<\/strong>&nbsp;y con cualquier otra vacuna del Calendario Nacional.<\/p>\n\n\n\n<p>En el caso particular de la vacuna contra la\u00a0<strong>Varicela<\/strong>, tambi\u00e9n puede ser aplicada en el mismo momento que las de esta Campa\u00f1a (Sarampi\u00f3n, Rub\u00e9ola, Paperas y Poliomielitis); de lo contrario se deber\u00e1 esperar un mes para su aplicaci\u00f3n.<\/p>\n\n\n\n<div style=\"height:20px\" aria-hidden=\"true\" class=\"wp-block-spacer\"><\/div>\n<div align=\"center\">\n<blockquote class=\"twitter-tweet\"><p lang=\"es\" dir=\"ltr\">\u00a1Contin\u00faa la Campa\u00f1a contra el Sarampi\u00f3n! Si ten\u00e9s hijos de entre 13 meses y 4 a\u00f1os inclusive, es importante que est\u00e9n protegidos. Hasta el 11 de diciembre pod\u00e9s sacar turno ac\u00e1: <a href=\"https:\/\/t.co\/s49XVpWQDQ\">https:\/\/t.co\/s49XVpWQDQ<\/a><br>\u26a0\ufe0fImportante: no se requiere orden m\u00e9dica para recibir las vacunas. <a href=\"https:\/\/t.co\/spurgL1Tyk\">pic.twitter.com\/spurgL1Tyk<\/a><\/p>&mdash; Buenos Aires Ciudad (@gcba) <a href=\"https:\/\/twitter.com\/gcba\/status\/1597595286779707392?ref_src=twsrc%5Etfw\">November 29, 2022<\/a><\/blockquote> <script async src=\"https:\/\/platform.twitter.com\/widgets.js\" charset=\"utf-8\"><\/script>\n<\/div>\n<div style=\"height:20px\" aria-hidden=\"true\" class=\"wp-block-spacer\"><\/div>\n\n\n\n<h4 class=\"wp-block-heading\">Postas en Estaciones Saludables (sin turno):<\/h4>\n\n\n\n<p>S\u00e1bados, domingos y feriados de 10 a 16:30 horas.<\/p>\n\n\n\n<ul class=\"wp-block-list\">\n<li>ES Parque Saavedra\u00a0<a href=\"https:\/\/mapa.buenosaires.gob.ar\/sig\/comollego\/?lat=-34.551781&amp;lng=-58.482060&amp;zl=15&amp;modo=transporte&amp;dir=Perez%2C+Roque+y+Paroissien\" target=\"_blank\" rel=\"noreferrer noopener\">(Roque Perez\u00a0y\u00a0Paroissien)<\/a>.<\/li>\n\n\n\n<li>ES Parque Patricios\u00a0<a href=\"https:\/\/mapa.buenosaires.gob.ar\/sig\/comollego\/?lat=-34.638026&amp;lng=-58.406358&amp;zl=15&amp;modo=transporte&amp;dir=Estaci%C3%B3n+Saludable+Parque+Patricios\" target=\"_blank\" rel=\"noreferrer noopener\">(Patagones y Monteagudo)<\/a>.<\/li>\n\n\n\n<li>ES Rosedal\u00a0<a href=\"https:\/\/mapa.buenosaires.gob.ar\/sig\/comollego\/?lat=-34.527808&amp;lng=-58.530457&amp;zl=15&amp;modo=transporte&amp;dir=Estaci%C3%B3n+Saludable+Rosedal\" target=\"_blank\" rel=\"noreferrer noopener\">(Iraola y Sarmiento)<\/a>.<\/li>\n\n\n\n<li>ES Parque Centenario\u00a0<a href=\"https:\/\/mapa.buenosaires.gob.ar\/sig\/comollego\/?lat=-34.606234&amp;lng=-58.438030&amp;zl=15&amp;modo=transporte&amp;dir=Estaci%C3%B3n+Saludable+Parque+Centenario\" target=\"_blank\" rel=\"noreferrer noopener\">(Antonio Machado y Leopoldo Marechal)<\/a>.<\/li>\n<\/ul>\n\n\n\n<div style=\"height:10px\" aria-hidden=\"true\" class=\"wp-block-spacer\"><\/div>\n\n\n\n<h3 class=\"wp-block-heading\">La importancia de la vacuna triple viral<\/h3>\n\n\n\n<p>La&nbsp;<strong>vacuna triple viral<\/strong>&nbsp;es una vacuna incluida en el&nbsp;Calendario Nacional de Vacunaci\u00f3n, a los 12 meses de edad y al ingreso escolar con 5 a\u00f1os. Protege contra los&nbsp;<strong>virus de sarampi\u00f3n, rubeola y parotiditis<\/strong>. Las personas nacidas antes de 1965 no necesitan vacunarse ya que son consideradas inmunes.<\/p>\n\n\n\n<p>El&nbsp;<strong>sarampi\u00f3n<\/strong>&nbsp;es una enfermedad viral muy contagiosa y potencialmente grave, que se propaga f\u00e1cilmente cuando la persona infectada elimina secreciones respiratorias al hablar, toser o estornudar. Puede presentarse en todas las edades, aunque son los ni\u00f1os y ni\u00f1as los m\u00e1s afectados. Los&nbsp;<strong>s\u00edntomas<\/strong>&nbsp;son un cuadro febril, que puede ser acompa\u00f1ado de conjuntivitis, secreci\u00f3n nasal, tos y aparici\u00f3n de manchas que empiezan a aparecer desde la cabeza y se extienden por cuello, t\u00f3rax y pies.<\/p>\n\n\n\n<p>La&nbsp;<strong>rub\u00e9ola<\/strong>&nbsp;tambi\u00e9n es una enfermedad viral que puede presentarse en adultos y ni\u00f1os. Cuando una mujer embarazada susceptible se expone al virus puede llevar a muerte fetal y neonatal y al S\u00edndrome de Rubeola cong\u00e9nita con graves malformaciones en el reci\u00e9n nacido que producen sordera, ceguera y cardiopat\u00edas cong\u00e9nitas. Sus s\u00edntomas son&nbsp;<strong>fiebre y erupci\u00f3n en la piel.<\/strong><\/p>\n\n\n\n<p>Por su parte, las&nbsp;<strong>paperas<\/strong>&nbsp;es otra afecci\u00f3n viral que se caracteriza por inflamaci\u00f3n de las gl\u00e1ndulas salivales, y puede producir complicaciones como orquitis (inflamaci\u00f3n testicular), pancreatitis, encefalitis, entre otras. Sus&nbsp;<strong>principales s\u00edntomas<\/strong>&nbsp;son: fiebre, inflamaci\u00f3n de las gl\u00e1ndulas par\u00f3tidas y otras gl\u00e1ndulas.<\/p>\n\n\n\n<h3 class=\"wp-block-heading\">Calendario de Vacunaci\u00f3n por edades<\/h3>\n\n\n\n<figure class=\"wp-block-image size-full\"><img loading=\"lazy\" decoding=\"async\" width=\"678\" height=\"988\" data-attachment-id=\"16105\" data-permalink=\"https:\/\/www.comuna13online.com.ar\/?attachment_id=16105\" data-orig-file=\"https:\/\/www.comuna13online.com.ar\/wp-content\/uploads\/2022\/09\/202209029a_02.jpg\" data-orig-size=\"678,988\" data-comments-opened=\"0\" data-image-meta=\"{&quot;aperture&quot;:&quot;0&quot;,&quot;credit&quot;:&quot;&quot;,&quot;camera&quot;:&quot;&quot;,&quot;caption&quot;:&quot;&quot;,&quot;created_timestamp&quot;:&quot;0&quot;,&quot;copyright&quot;:&quot;&quot;,&quot;focal_length&quot;:&quot;0&quot;,&quot;iso&quot;:&quot;0&quot;,&quot;shutter_speed&quot;:&quot;0&quot;,&quot;title&quot;:&quot;&quot;,&quot;orientation&quot;:&quot;0&quot;}\" data-image-title=\"202209029a_02\" data-image-description=\"\" data-image-caption=\"\" data-large-file=\"https:\/\/www.comuna13online.com.ar\/wp-content\/uploads\/2022\/09\/202209029a_02.jpg\" src=\"http:\/\/www.comuna13online.com.ar\/wp-content\/uploads\/2022\/09\/202209029a_02.jpg\" alt=\"\" class=\"wp-image-16105\"\/><\/figure>\n\n\n\n<div style=\"height:20px\" aria-hidden=\"true\" class=\"wp-block-spacer\"><\/div>\n\n\n\n<h4 class=\"wp-block-heading\"><a href=\"http:\/\/www.comuna13online.com.ar\/wp-content\/uploads\/2022\/09\/plan-de-vacunacion-por-edades-2022.pdf\" target=\"_blank\" rel=\"noreferrer noopener\">Descargar Calendario por Edades<\/a><\/h4>\n\n\n\n<h4 class=\"wp-block-heading\"><a rel=\"noreferrer noopener\" href=\"http:\/\/www.comuna13online.com.ar\/wp-content\/uploads\/2022\/09\/calendario-vacunacion-2022.pdf\" target=\"_blank\">Descargar Calendario de Vacunaci\u00f3n 2022<\/a><\/h4>\n","protected":false},"excerpt":{"rendered":"<div class=\"mh-excerpt\">Para ni\u00f1os de 13 meses a 4 a\u00f1os inclusive, podr\u00e1n recibir la dosis extra de las vacunas triple viral (sarampi\u00f3n, rub\u00e9ola y paperas) y polio hasta el 11 de diciembre. <a class=\"mh-excerpt-more\" href=\"https:\/\/www.comuna13online.com.ar\/?p=16427\" title=\"Extienden la campa\u00f1a de vacunaci\u00f3n contra triple viral y la polio\">[&#8230;]<\/a><\/div>\n","protected":false},"author":1,"featured_media":16104,"comment_status":"closed","ping_status":"closed","sticky":false,"template":"","format":"standard","meta":{"_uag_custom_page_level_css":"","_jetpack_memberships_contains_paid_content":false,"footnotes":"","jetpack_publicize_message":"","jetpack_publicize_feature_enabled":true,"jetpack_social_post_already_shared":true,"jetpack_social_options":{"image_generator_settings":{"template":"highway","default_image_id":0,"font":"","enabled":false},"version":2}},"categories":[44],"tags":[250,296,45,118],"class_list":{"0":"post-16427","1":"post","2":"type-post","3":"status-publish","4":"format-standard","5":"has-post-thumbnail","7":"category-salud","8":"tag-h2","9":"tag-h3","10":"tag-salud","11":"tag-vacunacion"},"jetpack_publicize_connections":[],"jetpack_featured_media_url":"https:\/\/www.comuna13online.com.ar\/wp-content\/uploads\/2022\/09\/202209029a_id.jpg","uagb_featured_image_src":{"full":["https:\/\/www.comuna13online.com.ar\/wp-content\/uploads\/2022\/09\/202209029a_id.jpg",678,452,false],"thumbnail":["https:\/\/www.comuna13online.com.ar\/wp-content\/uploads\/2022\/09\/202209029a_id.jpg",128,85,false],"medium":["https:\/\/www.comuna13online.com.ar\/wp-content\/uploads\/2022\/09\/202209029a_id.jpg",678,452,false],"medium_large":["https:\/\/www.comuna13online.com.ar\/wp-content\/uploads\/2022\/09\/202209029a_id.jpg",678,452,false],"large":["https:\/\/www.comuna13online.com.ar\/wp-content\/uploads\/2022\/09\/202209029a_id.jpg",678,452,false],"1536x1536":["https:\/\/www.comuna13online.com.ar\/wp-content\/uploads\/2022\/09\/202209029a_id.jpg",678,452,false],"2048x2048":["https:\/\/www.comuna13online.com.ar\/wp-content\/uploads\/2022\/09\/202209029a_id.jpg",678,452,false],"mh-magazine-slider":["https:\/\/www.comuna13online.com.ar\/wp-content\/uploads\/2022\/09\/202209029a_id-678x438.jpg",678,438,true],"mh-magazine-content":["https:\/\/www.comuna13online.com.ar\/wp-content\/uploads\/2022\/09\/202209029a_id-678x381.jpg",678,381,true],"mh-magazine-large":["https:\/\/www.comuna13online.com.ar\/wp-content\/uploads\/2022\/09\/202209029a_id.jpg",678,452,false],"mh-magazine-medium":["https:\/\/www.comuna13online.com.ar\/wp-content\/uploads\/2022\/09\/202209029a_id-326x245.jpg",326,245,true],"mh-magazine-small":["https:\/\/www.comuna13online.com.ar\/wp-content\/uploads\/2022\/09\/202209029a_id-80x60.jpg",80,60,true],"sow-carousel-default":["https:\/\/www.comuna13online.com.ar\/wp-content\/uploads\/2022\/09\/202209029a_id-272x182.jpg",272,182,true]},"uagb_author_info":{"display_name":"Comuna13","author_link":"https:\/\/www.comuna13online.com.ar\/?author=1"},"uagb_comment_info":0,"uagb_excerpt":"Para ni\u00f1os de 13 meses a 4 a\u00f1os inclusive, podr\u00e1n recibir la dosis extra de las vacunas triple viral (sarampi\u00f3n, rub\u00e9ola y paperas) y polio hasta el 11 de diciembre. [...]","jetpack_sharing_enabled":true,"_links":{"self":[{"href":"https:\/\/www.comuna13online.com.ar\/index.php?rest_route=\/wp\/v2\/posts\/16427","targetHints":{"allow":["GET"]}}],"collection":[{"href":"https:\/\/www.comuna13online.com.ar\/index.php?rest_route=\/wp\/v2\/posts"}],"about":[{"href":"https:\/\/www.comuna13online.com.ar\/index.php?rest_route=\/wp\/v2\/types\/post"}],"author":[{"embeddable":true,"href":"https:\/\/www.comuna13online.com.ar\/index.php?rest_route=\/wp\/v2\/users\/1"}],"replies":[{"embeddable":true,"href":"https:\/\/www.comuna13online.com.ar\/index.php?rest_route=%2Fwp%2Fv2%2Fcomments&post=16427"}],"version-history":[{"count":0,"href":"https:\/\/www.comuna13online.com.ar\/index.php?rest_route=\/wp\/v2\/posts\/16427\/revisions"}],"wp:featuredmedia":[{"embeddable":true,"href":"https:\/\/www.comuna13online.com.ar\/index.php?rest_route=\/wp\/v2\/media\/16104"}],"wp:attachment":[{"href":"https:\/\/www.comuna13online.com.ar\/index.php?rest_route=%2Fwp%2Fv2%2Fmedia&parent=16427"}],"wp:term":[{"taxonomy":"category","embeddable":true,"href":"https:\/\/www.comuna13online.com.ar\/index.php?rest_route=%2Fwp%2Fv2%2Fcategories&post=16427"},{"taxonomy":"post_tag","embeddable":true,"href":"https:\/\/www.comuna13online.com.ar\/index.php?rest_route=%2Fwp%2Fv2%2Ftags&post=16427"}],"curies":[{"name":"wp","href":"https:\/\/api.w.org\/{rel}","templated":true}]}}