{"id":16299,"date":"2022-10-27T15:59:21","date_gmt":"2022-10-27T18:59:21","guid":{"rendered":"http:\/\/www.comuna13online.com.ar\/?p=16299"},"modified":"2022-10-27T17:22:05","modified_gmt":"2022-10-27T20:22:05","slug":"bolivia-mistica-diversidad-cultural-este-domingo-en-el-sarmiento","status":"publish","type":"post","link":"https:\/\/www.comuna13online.com.ar\/?p=16299","title":{"rendered":"Bolivia M\u00edstica, Diversidad Cultural este domingo en el Sarmiento"},"content":{"rendered":"\n<p><strong>La Direcci\u00f3n de Derechos Humanos en la Cultura invita al encuentro en el que la comunidad boliviana comparte la riqueza de su cultura y costumbres, a trav\u00e9s de la m\u00fasica y una gran ceremonia ancestral.<\/strong><\/p>\n\n\n\n<div style=\"height:20px\" aria-hidden=\"true\" class=\"wp-block-spacer\"><\/div>\n\n\n\n<p>En el marco del mes por el respeto a la Diversidad Cultural, fecha que invita a la reflexi\u00f3n hist\u00f3rica, al di\u00e1logo intercultural, y el reconocimiento y respeto por los pueblos originarios; la Direcci\u00f3n de Derechos Humanos en la Cultura, junto al Museo Hist\u00f3rico Sarmiento y la Fundaci\u00f3n Funcrusur, presentan Bolivia M\u00edstica, un encuentro que pone en valor las manifestaciones culturales de nuestro pa\u00eds hermano. Iniciar\u00e1 el Centro Cultural Aut\u00f3ctono Wayna Marka,\u00a0con instrumentos Andinos Sikuris, y luego continuar\u00e1 con una ceremonia ancestral a cargo del Maestro Yatiri Jes\u00fas Cordero, por la unidad en la diversidad de los pueblos del Qhapaq \u00f1an.<\/p>\n\n\n\n<p><strong>Domingo 30 de octubre, a las 16 hs.<\/strong><br>(En caso de lluvia se reprograma para el domingo 6 de noviembre, a las 14 hs.)<\/p>\n\n\n\n<p><strong>Museo Hist\u00f3rico Sarmiento<\/strong><br><a href=\"https:\/\/www.google.com\/maps\/place\/Cuba+2079,+Buenos+Aires\/@-34.5610134,-58.4543917,17z\/data=!3m1!4b1!4m5!3m4!1s0x95bcb5d2ff9259a9:0xaef55d5f1bd10541!8m2!3d-34.5610134!4d-58.4543917\" target=\"_blank\" rel=\"noreferrer noopener\">Cuba 2079<\/a>, Belgrano<\/p>\n\n\n\n<p><strong>Transportes Cercanos<br><\/strong>Colectivos: 15, 29, 41, 42, 44, 55, 57, 59, 60, 63, 64, 65, 67, 68, 80, 107, 113, 114, 118, 133, 152, 161, 168, 184, 194<br>Subte: Estaci\u00f3n Juramento (L\u00ednea D)<\/p>\n\n\n\n<div style=\"height:20px\" aria-hidden=\"true\" class=\"wp-block-spacer\"><\/div>\n<div align=\"center\">\n<blockquote class=\"twitter-tweet\"><p lang=\"es\" dir=\"ltr\">?Bolivia M\u00edstica. <br>Ceremonia ancestral a cargo de la Fundaci\u00f3n Funcrusur, por la unidad en la diversidad de los pueblos andinos del Qhapaq \u00f1an. M\u00fasica y danzas originarias con el Ballet Am\u00e9rica Morena y los sikuris Wayna Marka.<br>TE ESPERAMOS! 30\/10 16h ?\ufe0f Gratis<a href=\"https:\/\/twitter.com\/MuseosNacion?ref_src=twsrc%5Etfw\">@MuseosNacion<\/a> <a href=\"https:\/\/t.co\/IlkyOAGVbt\">pic.twitter.com\/IlkyOAGVbt<\/a><\/p>&mdash; Museo Hist\u00f3rico Sarmiento (@MuseoSarmiento) <a href=\"https:\/\/twitter.com\/MuseoSarmiento\/status\/1585660555108532225?ref_src=twsrc%5Etfw\">October 27, 2022<\/a><\/blockquote> <script async src=\"https:\/\/platform.twitter.com\/widgets.js\" charset=\"utf-8\"><\/script>\n<\/div>\n<div style=\"height:20px\" aria-hidden=\"true\" class=\"wp-block-spacer\"><\/div>\n\n\n\n<p><sub><strong>Acerca de la Direcci\u00f3n de Derechos Humanos en la Cultura: <\/strong>Dependiente de la Direcci\u00f3n Nacional de Diversidad y Cultura Comunitaria de la Secretar\u00eda de Gesti\u00f3n Cultural del Ministerio de Cultura de la Naci\u00f3n, se cre\u00f3 teniendo en cuenta que los derechos humanos son derechos inherentes a todos los seres humanos, sin distinci\u00f3n alguna de raza, sexo, nacionalidad, origen \u00e9tnico, lengua, religi\u00f3n o cualquier otra condici\u00f3n.\u00a0Tiene como objetivo el desarrollo, fomento y difusi\u00f3n de los derechos humanos en el campo de las pol\u00edticas culturales, propiciando el protagonismo de los colectivos de la diversidad cultural a trav\u00e9s del di\u00e1logo intercultural con criterio federal y perspectiva de g\u00e9nero.<\/sub><\/p>\n","protected":false},"excerpt":{"rendered":"<div class=\"mh-excerpt\">Bolivia M\u00edstica, Diversidad Cultural en el Museo Sarmiento, este domingo a las 16 horas.<br \/>\n@MuseoSarmiento<\/div>\n<p> <a class=\"mh-excerpt-more\" href=\"https:\/\/www.comuna13online.com.ar\/?p=16299\" title=\"Bolivia M\u00edstica, Diversidad Cultural este domingo en el Sarmiento\">[&#8230;]<\/a><\/p>\n","protected":false},"author":1,"featured_media":16300,"comment_status":"closed","ping_status":"closed","sticky":false,"template":"","format":"standard","meta":{"_uag_custom_page_level_css":"","_jetpack_memberships_contains_paid_content":false,"footnotes":"","jetpack_publicize_message":"","jetpack_publicize_feature_enabled":true,"jetpack_social_post_already_shared":true,"jetpack_social_options":{"image_generator_settings":{"template":"highway","default_image_id":0,"font":"","enabled":false},"version":2}},"categories":[57],"tags":[19,250,296,71],"class_list":{"0":"post-16299","1":"post","2":"type-post","3":"status-publish","4":"format-standard","5":"has-post-thumbnail","7":"category-cultura","8":"tag-comuna-13","9":"tag-h2","10":"tag-h3","11":"tag-tiempo-libre"},"jetpack_publicize_connections":[],"jetpack_featured_media_url":"https:\/\/www.comuna13online.com.ar\/wp-content\/uploads\/2022\/10\/20221027b_id.jpg","uagb_featured_image_src":{"full":["https:\/\/www.comuna13online.com.ar\/wp-content\/uploads\/2022\/10\/20221027b_id.jpg",678,452,false],"thumbnail":["https:\/\/www.comuna13online.com.ar\/wp-content\/uploads\/2022\/10\/20221027b_id.jpg",128,85,false],"medium":["https:\/\/www.comuna13online.com.ar\/wp-content\/uploads\/2022\/10\/20221027b_id.jpg",678,452,false],"medium_large":["https:\/\/www.comuna13online.com.ar\/wp-content\/uploads\/2022\/10\/20221027b_id.jpg",678,452,false],"large":["https:\/\/www.comuna13online.com.ar\/wp-content\/uploads\/2022\/10\/20221027b_id.jpg",678,452,false],"1536x1536":["https:\/\/www.comuna13online.com.ar\/wp-content\/uploads\/2022\/10\/20221027b_id.jpg",678,452,false],"2048x2048":["https:\/\/www.comuna13online.com.ar\/wp-content\/uploads\/2022\/10\/20221027b_id.jpg",678,452,false],"mh-magazine-slider":["https:\/\/www.comuna13online.com.ar\/wp-content\/uploads\/2022\/10\/20221027b_id-678x438.jpg",678,438,true],"mh-magazine-content":["https:\/\/www.comuna13online.com.ar\/wp-content\/uploads\/2022\/10\/20221027b_id-678x381.jpg",678,381,true],"mh-magazine-large":["https:\/\/www.comuna13online.com.ar\/wp-content\/uploads\/2022\/10\/20221027b_id.jpg",678,452,false],"mh-magazine-medium":["https:\/\/www.comuna13online.com.ar\/wp-content\/uploads\/2022\/10\/20221027b_id-326x245.jpg",326,245,true],"mh-magazine-small":["https:\/\/www.comuna13online.com.ar\/wp-content\/uploads\/2022\/10\/20221027b_id-80x60.jpg",80,60,true],"sow-carousel-default":["https:\/\/www.comuna13online.com.ar\/wp-content\/uploads\/2022\/10\/20221027b_id-272x182.jpg",272,182,true]},"uagb_author_info":{"display_name":"Comuna13","author_link":"https:\/\/www.comuna13online.com.ar\/?author=1"},"uagb_comment_info":0,"uagb_excerpt":"Bolivia M\u00edstica, Diversidad Cultural en el Museo Sarmiento, este domingo a las 16 horas. @MuseoSarmiento [...]","jetpack_sharing_enabled":true,"_links":{"self":[{"href":"https:\/\/www.comuna13online.com.ar\/index.php?rest_route=\/wp\/v2\/posts\/16299","targetHints":{"allow":["GET"]}}],"collection":[{"href":"https:\/\/www.comuna13online.com.ar\/index.php?rest_route=\/wp\/v2\/posts"}],"about":[{"href":"https:\/\/www.comuna13online.com.ar\/index.php?rest_route=\/wp\/v2\/types\/post"}],"author":[{"embeddable":true,"href":"https:\/\/www.comuna13online.com.ar\/index.php?rest_route=\/wp\/v2\/users\/1"}],"replies":[{"embeddable":true,"href":"https:\/\/www.comuna13online.com.ar\/index.php?rest_route=%2Fwp%2Fv2%2Fcomments&post=16299"}],"version-history":[{"count":0,"href":"https:\/\/www.comuna13online.com.ar\/index.php?rest_route=\/wp\/v2\/posts\/16299\/revisions"}],"wp:featuredmedia":[{"embeddable":true,"href":"https:\/\/www.comuna13online.com.ar\/index.php?rest_route=\/wp\/v2\/media\/16300"}],"wp:attachment":[{"href":"https:\/\/www.comuna13online.com.ar\/index.php?rest_route=%2Fwp%2Fv2%2Fmedia&parent=16299"}],"wp:term":[{"taxonomy":"category","embeddable":true,"href":"https:\/\/www.comuna13online.com.ar\/index.php?rest_route=%2Fwp%2Fv2%2Fcategories&post=16299"},{"taxonomy":"post_tag","embeddable":true,"href":"https:\/\/www.comuna13online.com.ar\/index.php?rest_route=%2Fwp%2Fv2%2Ftags&post=16299"}],"curies":[{"name":"wp","href":"https:\/\/api.w.org\/{rel}","templated":true}]}}