{"id":1624,"date":"2018-05-28T15:51:34","date_gmt":"2018-05-28T18:51:34","guid":{"rendered":"http:\/\/www.comuna13online.com.ar\/?p=1624"},"modified":"2018-05-28T15:51:34","modified_gmt":"2018-05-28T18:51:34","slug":"las-salas-de-teatro-independiente-reclaman-ayuda-oficial","status":"publish","type":"post","link":"https:\/\/www.comuna13online.com.ar\/?p=1624","title":{"rendered":"Las Salas de Teatro Independiente reclaman ayuda oficial"},"content":{"rendered":"<p><em><strong>El aumento en los costos de las tarifas y la situaci\u00f3n de Proteatro, hacen que muchas salas de teatro independiente tengan que cerrar.<\/strong><\/em><\/p>\n<p><img loading=\"lazy\" decoding=\"async\" data-attachment-id=\"1626\" data-permalink=\"https:\/\/www.comuna13online.com.ar\/?attachment_id=1626\" data-orig-file=\"https:\/\/www.comuna13online.com.ar\/wp-content\/uploads\/2018\/05\/cultura2-e1527533424266.jpg\" data-orig-size=\"678,452\" data-comments-opened=\"0\" data-image-meta=\"{&quot;aperture&quot;:&quot;0&quot;,&quot;credit&quot;:&quot;&quot;,&quot;camera&quot;:&quot;&quot;,&quot;caption&quot;:&quot;&quot;,&quot;created_timestamp&quot;:&quot;0&quot;,&quot;copyright&quot;:&quot;&quot;,&quot;focal_length&quot;:&quot;0&quot;,&quot;iso&quot;:&quot;0&quot;,&quot;shutter_speed&quot;:&quot;0&quot;,&quot;title&quot;:&quot;&quot;,&quot;orientation&quot;:&quot;0&quot;}\" data-image-title=\"cultura2\" data-image-description=\"\" data-image-caption=\"&lt;p&gt;Teatro del Pueblo, Ciudad de Buenos Aires. mayo de 2016. Fotos Camila Alonso Suarez&lt;\/p&gt;\n\" data-large-file=\"https:\/\/www.comuna13online.com.ar\/wp-content\/uploads\/2018\/05\/cultura2-e1527533424266-657x438.jpg\" class=\"size-medium wp-image-1626\" src=\"http:\/\/www.comuna13online.com.ar\/wp-content\/uploads\/2018\/05\/cultura2-678x452.jpg\" alt=\"\" width=\"678\" height=\"452\" \/><\/p>\n<p>La <strong>Asociaci\u00f3n Argentina<\/strong><strong> de Empresarios Teatrales (Aadet)<\/strong>, que re\u00fane a productores teatrales y musicales y titulares de salas de todo el pa\u00eds, manifest\u00f3 mediante un comunicado su <em>\u201cpreocupaci\u00f3n\u201d <\/em>por la actual situaci\u00f3n de <strong>Proteatro. <\/strong>Este organismo es el encargado de proteger y fomentar la <strong>actividad teatral porte\u00f1a no oficial <\/strong>presenta recursos <em>\u201cinsuficientes\u201d <\/em>para brindar una ayuda <em>\u201cm\u00ednima e indispensable\u201d <\/em>a proyectos y <strong>salas independientes<\/strong>.<\/p>\n<p>La <strong>Aadet<\/strong> es integrante del directorio de <strong>Proteatro<\/strong>. \u201c<em>Hemos notado que el monto otorgado a cada beneficiario resulta inferior a las necesidades reales del sector, lo que deriva en una desprotecci\u00f3n generalizada de los aspirantes a ayudas<\/em>\u201d, se lee en el comunicado, que lleva la firma del <strong>P<\/strong><strong>residente de la Asociaci\u00f3n, Sebasti\u00e1n Blutrach<\/strong>. La distancia entre <em>\u201crecursos y necesidades\u201d <\/em>repercute en la <em>\u201cdificultad de continuidad\u201d <\/em>de la actividad independiente, sobre todo en un marco de <strong>aumento de tarifas <\/strong>y costos operativos.<\/p>\n<p><em>\u201cTodo esto tiene motivos\u201d,<\/em> indic\u00f3 <strong>Blutrach <\/strong><strong>en declaraciones period\u00edsticas<\/strong><strong>.<\/strong> Para el productor, los cambios de <strong>ministro de Cultura en la Ciudad <\/strong>generaron <em>\u201cdesorganizaci\u00f3n\u201d. \u201cEl a\u00f1o pasado, <\/em><strong><em>Proteatro <\/em><\/strong><em>ten\u00eda 43 millones de pesos de presupuesto. Hacia mitad de a\u00f1o, cuando el <\/em><strong><em>Ministerio de Modernizaci\u00f3n<\/em><\/strong> <em>plante\u00f3 hacer todo a trav\u00e9s del sistema on-line, muchos teatros no supieron adecuarse y hubo problemas con el software: quedaron 70 y pico de proyectos en el limbo. Hubo una subejecuci\u00f3n de alrededor de 5 millones\u201d.<\/em><\/p>\n<p><em>\u201cEntonces para 2018, la <strong>Legislatura<\/strong><strong> porte\u00f1a <\/strong>aprob\u00f3 un presupuesto menor, de 31 millones. El M<\/em><strong><em>inistro de Cultura porte\u00f1o, Enrique Avogadro<\/em><\/strong><em>, otorg\u00f3 al organismo un financiamiento adicional de 5 millones, lo llev\u00f3 a 36, pero sigue siendo inferior al a\u00f1o pasado\u201d, <\/em>continu\u00f3 <strong>Blutrach.<\/strong><\/p>\n<p><em>\u201cA pesar de que la cartera de cultura lanz\u00f3 otras l\u00edneas con el fin de fomentar al sector -como el fortalecimiento del <\/em><strong><em>Fondo Metropolitano de Cultura-<\/em><\/strong><em>, no resuelven el principal problema que las salas afrontan actualmente, en un contexto de cambio de tarifas y aumento de costos. El presupuesto no s\u00f3lo no se ajust\u00f3 por la inflaci\u00f3n, sino que disminuy\u00f3. El segundo <\/em><strong><em>tarifazo <\/em><\/strong><em>est\u00e1 siendo dif\u00edcil de sobrellevar para la mayor\u00eda de los espacios\u201d<\/em>, advirti\u00f3 <strong>Blutrach.<\/strong><\/p>\n<p>En marzo, <strong>Argentores <\/strong>hab\u00eda cuestionado a <strong>Proteatro <\/strong>por demoras en la entrega de subsidios a las salas y cooperativas. Y a mediados de este mes, <strong>Espacios Esc\u00e9nicos Aut\u00f3nomos (Escena<\/strong>) y la <strong>Asociaci\u00f3n Argentina<\/strong><strong> de Teatro Independiente (Artei) <\/strong>se pusieron en contacto con el ministro para expresar su preocupaci\u00f3n tanto por las demoras como por la insuficiencia de los subsidios.<\/p>\n<p>Para <strong>Cambiemos<\/strong> la <strong>pol\u00edtica cultural <\/strong>pasar\u00eda por otro lado, por los grandes eventos y por lo que se puede ver f\u00e1cilmente, es por esto que el <strong>Gobierno porte\u00f1o <\/strong>lanz\u00f3 el programa <strong>Barrios Creativos <\/strong>que repartir\u00e1 <strong>13 millones de pesos <\/strong>para las ideas \u201cm\u00e1s creativas\u201d. Si a esto sumamos que por cada <strong>Comuna <\/strong>se nombraron cuatro mentores (en promedio), que fueron elegidos a dedo y que cobran un sueldo de 25 mil pesos por mes, nos preguntamos: \u00bfno se puede incentivar y proteger a la cultura independiente de otra manera?<\/p>\n<p><img loading=\"lazy\" decoding=\"async\" data-attachment-id=\"1625\" data-permalink=\"https:\/\/www.comuna13online.com.ar\/?attachment_id=1625\" data-orig-file=\"https:\/\/www.comuna13online.com.ar\/wp-content\/uploads\/2018\/05\/cultura-e1527533376496.jpg\" data-orig-size=\"678,509\" data-comments-opened=\"0\" data-image-meta=\"{&quot;aperture&quot;:&quot;0&quot;,&quot;credit&quot;:&quot;&quot;,&quot;camera&quot;:&quot;&quot;,&quot;caption&quot;:&quot;&quot;,&quot;created_timestamp&quot;:&quot;0&quot;,&quot;copyright&quot;:&quot;&quot;,&quot;focal_length&quot;:&quot;0&quot;,&quot;iso&quot;:&quot;0&quot;,&quot;shutter_speed&quot;:&quot;0&quot;,&quot;title&quot;:&quot;&quot;,&quot;orientation&quot;:&quot;0&quot;}\" data-image-title=\"cultura\" data-image-description=\"\" data-image-caption=\"\" data-large-file=\"https:\/\/www.comuna13online.com.ar\/wp-content\/uploads\/2018\/05\/cultura-e1527533376496-583x438.jpg\" class=\"alignnone size-medium wp-image-1625\" src=\"http:\/\/www.comuna13online.com.ar\/wp-content\/uploads\/2018\/05\/cultura-603x452.jpg\" alt=\"\" width=\"603\" height=\"452\" \/><\/p>\n","protected":false},"excerpt":{"rendered":"<div class=\"mh-excerpt\">El aumento en los costos de las tarifas y la situaci\u00f3n de Proteatro, hacen que muchas salas de teatro independiente tengan que cerrar. La Asociaci\u00f3n Argentina de Empresarios Teatrales (Aadet), <a class=\"mh-excerpt-more\" href=\"https:\/\/www.comuna13online.com.ar\/?p=1624\" title=\"Las Salas de Teatro Independiente reclaman ayuda oficial\">[&#8230;]<\/a><\/div>\n","protected":false},"author":1,"featured_media":1625,"comment_status":"closed","ping_status":"closed","sticky":false,"template":"","format":"standard","meta":{"_uag_custom_page_level_css":"","_jetpack_memberships_contains_paid_content":false,"footnotes":"","jetpack_publicize_message":"","jetpack_publicize_feature_enabled":true,"jetpack_social_post_already_shared":true,"jetpack_social_options":{"image_generator_settings":{"template":"highway","default_image_id":0,"font":"","enabled":false},"version":2}},"categories":[154],"tags":[155],"class_list":{"0":"post-1624","1":"post","2":"type-post","3":"status-publish","4":"format-standard","5":"has-post-thumbnail","7":"category-arte","8":"tag-arte"},"jetpack_publicize_connections":[],"jetpack_featured_media_url":"https:\/\/www.comuna13online.com.ar\/wp-content\/uploads\/2018\/05\/cultura-e1527533376496.jpg","uagb_featured_image_src":{"full":["https:\/\/www.comuna13online.com.ar\/wp-content\/uploads\/2018\/05\/cultura-e1527533376496.jpg",678,509,false],"thumbnail":["https:\/\/www.comuna13online.com.ar\/wp-content\/uploads\/2018\/05\/cultura-e1527533376496-150x150.jpg",96,96,true],"medium":["https:\/\/www.comuna13online.com.ar\/wp-content\/uploads\/2018\/05\/cultura-e1527533376496-602x452.jpg",602,452,true],"medium_large":["https:\/\/www.comuna13online.com.ar\/wp-content\/uploads\/2018\/05\/cultura-768x576.jpg",768,576,true],"large":["https:\/\/www.comuna13online.com.ar\/wp-content\/uploads\/2018\/05\/cultura-e1527533376496-583x438.jpg",583,438,true],"1536x1536":["https:\/\/www.comuna13online.com.ar\/wp-content\/uploads\/2018\/05\/cultura-e1527533376496.jpg",678,509,false],"2048x2048":["https:\/\/www.comuna13online.com.ar\/wp-content\/uploads\/2018\/05\/cultura-e1527533376496.jpg",678,509,false],"mh-magazine-slider":["https:\/\/www.comuna13online.com.ar\/wp-content\/uploads\/2018\/05\/cultura-e1527533376496-678x438.jpg",678,438,true],"mh-magazine-content":["https:\/\/www.comuna13online.com.ar\/wp-content\/uploads\/2018\/05\/cultura-e1527533376496-678x381.jpg",678,381,true],"mh-magazine-large":["https:\/\/www.comuna13online.com.ar\/wp-content\/uploads\/2018\/05\/cultura-678x509.jpg",678,509,true],"mh-magazine-medium":["https:\/\/www.comuna13online.com.ar\/wp-content\/uploads\/2018\/05\/cultura-e1527533376496-326x245.jpg",326,245,true],"mh-magazine-small":["https:\/\/www.comuna13online.com.ar\/wp-content\/uploads\/2018\/05\/cultura-e1527533376496-80x60.jpg",80,60,true],"sow-carousel-default":["https:\/\/www.comuna13online.com.ar\/wp-content\/uploads\/2018\/05\/cultura-e1527533376496-272x182.jpg",272,182,true]},"uagb_author_info":{"display_name":"Comuna13","author_link":"https:\/\/www.comuna13online.com.ar\/?author=1"},"uagb_comment_info":0,"uagb_excerpt":"El aumento en los costos de las tarifas y la situaci\u00f3n de Proteatro, hacen que muchas salas de teatro independiente tengan que cerrar. La Asociaci\u00f3n Argentina de Empresarios Teatrales (Aadet), [...]","jetpack_sharing_enabled":true,"_links":{"self":[{"href":"https:\/\/www.comuna13online.com.ar\/index.php?rest_route=\/wp\/v2\/posts\/1624","targetHints":{"allow":["GET"]}}],"collection":[{"href":"https:\/\/www.comuna13online.com.ar\/index.php?rest_route=\/wp\/v2\/posts"}],"about":[{"href":"https:\/\/www.comuna13online.com.ar\/index.php?rest_route=\/wp\/v2\/types\/post"}],"author":[{"embeddable":true,"href":"https:\/\/www.comuna13online.com.ar\/index.php?rest_route=\/wp\/v2\/users\/1"}],"replies":[{"embeddable":true,"href":"https:\/\/www.comuna13online.com.ar\/index.php?rest_route=%2Fwp%2Fv2%2Fcomments&post=1624"}],"version-history":[{"count":0,"href":"https:\/\/www.comuna13online.com.ar\/index.php?rest_route=\/wp\/v2\/posts\/1624\/revisions"}],"wp:featuredmedia":[{"embeddable":true,"href":"https:\/\/www.comuna13online.com.ar\/index.php?rest_route=\/wp\/v2\/media\/1625"}],"wp:attachment":[{"href":"https:\/\/www.comuna13online.com.ar\/index.php?rest_route=%2Fwp%2Fv2%2Fmedia&parent=1624"}],"wp:term":[{"taxonomy":"category","embeddable":true,"href":"https:\/\/www.comuna13online.com.ar\/index.php?rest_route=%2Fwp%2Fv2%2Fcategories&post=1624"},{"taxonomy":"post_tag","embeddable":true,"href":"https:\/\/www.comuna13online.com.ar\/index.php?rest_route=%2Fwp%2Fv2%2Ftags&post=1624"}],"curies":[{"name":"wp","href":"https:\/\/api.w.org\/{rel}","templated":true}]}}