{"id":15990,"date":"2022-09-01T14:24:15","date_gmt":"2022-09-01T17:24:15","guid":{"rendered":"http:\/\/www.comuna13online.com.ar\/?p=15990"},"modified":"2022-09-01T14:24:22","modified_gmt":"2022-09-01T17:24:22","slug":"semana-de-las-comunas-cuanto-avanzo-las-descentralizacion-en-la-ciudad","status":"publish","type":"post","link":"https:\/\/www.comuna13online.com.ar\/?p=15990","title":{"rendered":"Semana de las Comunas: cu\u00e1nto avanz\u00f3 las descentralizaci\u00f3n en la Ciudad"},"content":{"rendered":"\n<p><strong>En el aniversario del D\u00eda y la Semana de las Comunas, los comuneros Federico Wortley y Mat\u00edas Debesa explican la funci\u00f3n de las comunas y qu\u00e9 rol cumplen los comuneros.<\/strong><\/p>\n\n\n\n<div style=\"height:10px\" aria-hidden=\"true\" class=\"wp-block-spacer\"><\/div>\n\n\n\n<figure class=\"wp-block-image size-full\"><img loading=\"lazy\" decoding=\"async\" width=\"678\" height=\"452\" data-attachment-id=\"11375\" data-permalink=\"https:\/\/www.comuna13online.com.ar\/?attachment_id=11375\" data-orig-file=\"https:\/\/www.comuna13online.com.ar\/wp-content\/uploads\/2020\/09\/20200907b.jpg\" data-orig-size=\"678,452\" data-comments-opened=\"0\" data-image-meta=\"{&quot;aperture&quot;:&quot;0&quot;,&quot;credit&quot;:&quot;&quot;,&quot;camera&quot;:&quot;&quot;,&quot;caption&quot;:&quot;&quot;,&quot;created_timestamp&quot;:&quot;0&quot;,&quot;copyright&quot;:&quot;&quot;,&quot;focal_length&quot;:&quot;0&quot;,&quot;iso&quot;:&quot;0&quot;,&quot;shutter_speed&quot;:&quot;0&quot;,&quot;title&quot;:&quot;&quot;,&quot;orientation&quot;:&quot;0&quot;}\" data-image-title=\"20200907b\" data-image-description=\"\" data-image-caption=\"\" data-large-file=\"https:\/\/www.comuna13online.com.ar\/wp-content\/uploads\/2020\/09\/20200907b.jpg\" src=\"http:\/\/www.comuna13online.com.ar\/wp-content\/uploads\/2020\/09\/20200907b.jpg\" alt=\"\" class=\"wp-image-11375\" srcset=\"https:\/\/www.comuna13online.com.ar\/wp-content\/uploads\/2020\/09\/20200907b.jpg 678w, https:\/\/www.comuna13online.com.ar\/wp-content\/uploads\/2020\/09\/20200907b-272x182.jpg 272w\" sizes=\"auto, (max-width: 678px) 100vw, 678px\" \/><figcaption><sup>Federico Wortley, Comunero de la Comuna 13, junto a su par de la Comuna 12, Mat\u00edas Debesa<\/sup><\/figcaption><\/figure>\n\n\n\n<div style=\"height:10px\" aria-hidden=\"true\" class=\"wp-block-spacer\"><\/div>\n\n\n\n<p><strong>En 2016, la Ciudad instituy\u00f3 la Semana de las Comunas del 1 al 7 de septiembre de cada a\u00f1o y declar\u00f3 el 1 de septiembre como el D\u00eda de las Comunas. Desde entonces, los funcionarios locales dedican parte de su tiempo a difundir cu\u00e1l es la funci\u00f3n de las comunas y cu\u00e1l es rol de los comuneros.<\/strong><\/p>\n\n\n\n<p>Las Comunas son unidades de gesti\u00f3n pol\u00edtica y administrativa descentralizadas con competencia territorial. &nbsp;\u00bfCu\u00e1l es la importancia de la descentralizaci\u00f3n?&nbsp; Descentralizar implica que las administraciones locales dise\u00f1en pol\u00edticas p\u00fablicas acordes a las necesidades reales. Est\u00e1 demostrado que las ciudades que han avanzado en la descentralizaci\u00f3n cuentan con mejores niveles de prosperidad dado que las mejoras en las obras y los servicios efectuadas por el Estado, una vez descentralizados, generan mejores condiciones de vida reales para sus vecinos.<\/p>\n\n\n\n<p>El proceso de descentralizaci\u00f3n en nuestra Ciudad se formaliz\u00f3 con la sanci\u00f3n de la Constituci\u00f3n local en el a\u00f1o 1996. Los primeros \u00f3rganos con competencia local fueron Centros de Gesti\u00f3n y Participaci\u00f3n, m\u00e1s conocidos como CGP. A\u00f1os m\u00e1s tarde, con la sanci\u00f3n de la Ley N\u00b0 1777 en 2005 se crean las Comunas.<\/p>\n\n\n\n<p>Las Comunas nacieron para acercar el Estado a la gente y fortalecer la democratizaci\u00f3n de la gesti\u00f3n de la Ciudad, d\u00e1ndole herramientas a la sociedad para participar activamente en la formulaci\u00f3n de pol\u00edticas p\u00fablicas, para incidir en el proceso de toma de decisiones y en el control de los asuntos p\u00fablicos. El gobierno de cada Comuna es ejercido por un \u00f3rgano colegiado, la Junta Comunal, que tiene responsabilidad de gesti\u00f3n en competencias exclusivas, principalmente sobre los espacios verdes y el arbolado p\u00fablico, y en competencias concurrentes, que debe articular constantemente con el Gobierno Central. Si analizamos el funcionamiento y los desaf\u00edos que tienen las Comunas, no debemos perder de vista que, como instituciones, son a\u00fan muy j\u00f3venes. El camino hacia la descentralizaci\u00f3n tiene mucho por recorrer.&nbsp;<\/p>\n\n\n\n<p>La desconcentraci\u00f3n de servicios, ciertamente trajo beneficios a los y las vecinas de la Ciudad, que antes ten\u00edan que ir hasta el centro a hacer sus tr\u00e1mites o acercar sus demandas. Hoy es m\u00e1s accesible, sin dudas. La descentralizaci\u00f3n de la gesti\u00f3n de algunas competencias es una realidad, pero tambi\u00e9n es cierto que todav\u00eda falta, incluso hay mucha gente que no conoce cu\u00e1l es el rol de las Comunas ni qui\u00e9nes son sus comuneros. Por eso es tan importante profundizar nuestro trabajo, salir de las sedes comunales e ir al encuentro con los vecinos.<\/p>\n\n\n\n<p>Los Comuneros somos los servidores p\u00fablicos que m\u00e1s cerca de los vecinos debemos estar, conocer los problemas del barrio, atender las necesidades de cada uno de ellos y alentarlos a que se involucren en las instancias participativas. Creemos que es vital que la representaci\u00f3n de los vecinos que habitan cada manzana en cualquier Comuna sea garantizada. Sabemos que los vecinos de Saavedra tienen otras demandas y prioridades que los de Villa Urquiza; y lo mismo sucede con los de N\u00fa\u00f1ez o Colegiales. Ese es nuestro deber, canalizar las demandas y opiniones de nuestros vecinos sobre c\u00f3mo tiene que abordar el Gobierno cada pol\u00edtica p\u00fablica para mejorar su entorno, porque nadie mejor que ellos conoce su barrio, su calle, su cuadra.<\/p>\n\n\n\n<p>Nuestro desaf\u00edo, desde las Juntas Comunales que integramos, es alcanzar la mayor autonom\u00eda de gesti\u00f3n para nuestros barrios. Estamos convencidos que, para mejorar la calidad de vida de los porte\u00f1os, la Ciudad tiene que dialogar diariamente con cada uno de sus vecinos y vecinas<\/p>\n\n\n\n<div style=\"height:35px\" aria-hidden=\"true\" class=\"wp-block-spacer\"><\/div>\n\n\n\n<div class=\"wp-block-columns is-layout-flex wp-container-core-columns-is-layout-9d6595d7 wp-block-columns-is-layout-flex\">\n<div class=\"wp-block-column is-layout-flow wp-block-column-is-layout-flow\">\n<p class=\"has-text-align-center\"><strong>Mat\u00edas Debesa<br><\/strong>Junta Comunal 12<br>JxC \u2013 UCR Evoluci\u00f3n<\/p>\n<\/div>\n\n\n\n<div class=\"wp-block-column is-layout-flow wp-block-column-is-layout-flow\">\n<p class=\"has-text-align-center\"><strong>Federico Wortley<br><\/strong>Junta Comunal 13<br>JxC \u2013 UCR Evoluci\u00f3n<br><\/p>\n<\/div>\n<\/div>\n\n\n\n<p>\u00a0\u00a0\u00a0\u00a0 \u00a0\u00a0\u00a0\u00a0\u00a0\u00a0\u00a0\u00a0 <\/p>\n","protected":false},"excerpt":{"rendered":"<div class=\"mh-excerpt\">En el aniversario del D\u00eda y la Semana de las Comunas, los comuneros Federico Wortley y Mat\u00edas Debesa explican la funci\u00f3n de las comunas y qu\u00e9 rol cumplen los comuneros. <a class=\"mh-excerpt-more\" href=\"https:\/\/www.comuna13online.com.ar\/?p=15990\" title=\"Semana de las Comunas: cu\u00e1nto avanz\u00f3 las descentralizaci\u00f3n en la Ciudad\">[&#8230;]<\/a><\/div>\n","protected":false},"author":1,"featured_media":15994,"comment_status":"closed","ping_status":"closed","sticky":false,"template":"","format":"standard","meta":{"_uag_custom_page_level_css":"","_jetpack_memberships_contains_paid_content":false,"footnotes":"","jetpack_publicize_message":"","jetpack_publicize_feature_enabled":true,"jetpack_social_post_already_shared":true,"jetpack_social_options":{"image_generator_settings":{"template":"highway","default_image_id":0,"font":"","enabled":false},"version":2}},"categories":[264],"tags":[19,258,250,296],"class_list":{"0":"post-15990","1":"post","2":"type-post","3":"status-publish","4":"format-standard","5":"has-post-thumbnail","7":"category-comuna-13","8":"tag-comuna-13","9":"tag-gobierno","10":"tag-h2","11":"tag-h3"},"jetpack_publicize_connections":[],"jetpack_featured_media_url":"https:\/\/www.comuna13online.com.ar\/wp-content\/uploads\/2022\/09\/20220901b_id.jpg","uagb_featured_image_src":{"full":["https:\/\/www.comuna13online.com.ar\/wp-content\/uploads\/2022\/09\/20220901b_id.jpg",678,452,false],"thumbnail":["https:\/\/www.comuna13online.com.ar\/wp-content\/uploads\/2022\/09\/20220901b_id.jpg",128,85,false],"medium":["https:\/\/www.comuna13online.com.ar\/wp-content\/uploads\/2022\/09\/20220901b_id.jpg",678,452,false],"medium_large":["https:\/\/www.comuna13online.com.ar\/wp-content\/uploads\/2022\/09\/20220901b_id.jpg",678,452,false],"large":["https:\/\/www.comuna13online.com.ar\/wp-content\/uploads\/2022\/09\/20220901b_id.jpg",678,452,false],"1536x1536":["https:\/\/www.comuna13online.com.ar\/wp-content\/uploads\/2022\/09\/20220901b_id.jpg",678,452,false],"2048x2048":["https:\/\/www.comuna13online.com.ar\/wp-content\/uploads\/2022\/09\/20220901b_id.jpg",678,452,false],"mh-magazine-slider":["https:\/\/www.comuna13online.com.ar\/wp-content\/uploads\/2022\/09\/20220901b_id-678x438.jpg",678,438,true],"mh-magazine-content":["https:\/\/www.comuna13online.com.ar\/wp-content\/uploads\/2022\/09\/20220901b_id-678x381.jpg",678,381,true],"mh-magazine-large":["https:\/\/www.comuna13online.com.ar\/wp-content\/uploads\/2022\/09\/20220901b_id.jpg",678,452,false],"mh-magazine-medium":["https:\/\/www.comuna13online.com.ar\/wp-content\/uploads\/2022\/09\/20220901b_id-326x245.jpg",326,245,true],"mh-magazine-small":["https:\/\/www.comuna13online.com.ar\/wp-content\/uploads\/2022\/09\/20220901b_id-80x60.jpg",80,60,true],"sow-carousel-default":["https:\/\/www.comuna13online.com.ar\/wp-content\/uploads\/2022\/09\/20220901b_id-272x182.jpg",272,182,true]},"uagb_author_info":{"display_name":"Comuna13","author_link":"https:\/\/www.comuna13online.com.ar\/?author=1"},"uagb_comment_info":0,"uagb_excerpt":"En el aniversario del D\u00eda y la Semana de las Comunas, los comuneros Federico Wortley y Mat\u00edas Debesa explican la funci\u00f3n de las comunas y qu\u00e9 rol cumplen los comuneros. [...]","jetpack_sharing_enabled":true,"_links":{"self":[{"href":"https:\/\/www.comuna13online.com.ar\/index.php?rest_route=\/wp\/v2\/posts\/15990","targetHints":{"allow":["GET"]}}],"collection":[{"href":"https:\/\/www.comuna13online.com.ar\/index.php?rest_route=\/wp\/v2\/posts"}],"about":[{"href":"https:\/\/www.comuna13online.com.ar\/index.php?rest_route=\/wp\/v2\/types\/post"}],"author":[{"embeddable":true,"href":"https:\/\/www.comuna13online.com.ar\/index.php?rest_route=\/wp\/v2\/users\/1"}],"replies":[{"embeddable":true,"href":"https:\/\/www.comuna13online.com.ar\/index.php?rest_route=%2Fwp%2Fv2%2Fcomments&post=15990"}],"version-history":[{"count":0,"href":"https:\/\/www.comuna13online.com.ar\/index.php?rest_route=\/wp\/v2\/posts\/15990\/revisions"}],"wp:featuredmedia":[{"embeddable":true,"href":"https:\/\/www.comuna13online.com.ar\/index.php?rest_route=\/wp\/v2\/media\/15994"}],"wp:attachment":[{"href":"https:\/\/www.comuna13online.com.ar\/index.php?rest_route=%2Fwp%2Fv2%2Fmedia&parent=15990"}],"wp:term":[{"taxonomy":"category","embeddable":true,"href":"https:\/\/www.comuna13online.com.ar\/index.php?rest_route=%2Fwp%2Fv2%2Fcategories&post=15990"},{"taxonomy":"post_tag","embeddable":true,"href":"https:\/\/www.comuna13online.com.ar\/index.php?rest_route=%2Fwp%2Fv2%2Ftags&post=15990"}],"curies":[{"name":"wp","href":"https:\/\/api.w.org\/{rel}","templated":true}]}}