{"id":15915,"date":"2022-08-24T08:30:00","date_gmt":"2022-08-24T11:30:00","guid":{"rendered":"http:\/\/www.comuna13online.com.ar\/?p=15915"},"modified":"2022-08-23T16:24:55","modified_gmt":"2022-08-23T19:24:55","slug":"la-legislatura-declaro-de-interes-un-libro-sobre-maradona-a-un-colectivo-de-mujeres-y-una-exposicion-artistica","status":"publish","type":"post","link":"https:\/\/www.comuna13online.com.ar\/?p=15915","title":{"rendered":"La Legislatura declar\u00f3 de inter\u00e9s un libro sobre Maradona, a un Colectivo de Mujeres y una exposici\u00f3n art\u00edstica"},"content":{"rendered":"\n<p><strong>Fueron distinguidos la obra \u201cD10S es Argentinos, de La Paternal al mundo\u201d, \u00a0el colectivo activista y feminista &#8216;Mujeres que no fueron tapa&#8217; y la exposici\u00f3n art\u00edstica ambiental &#8216;Proyecto Long Play&#8217;.<\/strong><\/p>\n\n\n\n<div style=\"height:10px\" aria-hidden=\"true\" class=\"wp-block-spacer\"><\/div>\n\n\n\n<div style=\"height:10px\" aria-hidden=\"true\" class=\"wp-block-spacer\"><\/div>\n\n\n\n<figure class=\"wp-block-image size-full\"><img loading=\"lazy\" decoding=\"async\" width=\"678\" height=\"452\" data-attachment-id=\"15918\" data-permalink=\"https:\/\/www.comuna13online.com.ar\/?attachment_id=15918\" data-orig-file=\"https:\/\/www.comuna13online.com.ar\/wp-content\/uploads\/2022\/08\/20220824a_01.jpg\" data-orig-size=\"678,452\" data-comments-opened=\"0\" data-image-meta=\"{&quot;aperture&quot;:&quot;0&quot;,&quot;credit&quot;:&quot;&quot;,&quot;camera&quot;:&quot;&quot;,&quot;caption&quot;:&quot;&quot;,&quot;created_timestamp&quot;:&quot;0&quot;,&quot;copyright&quot;:&quot;&quot;,&quot;focal_length&quot;:&quot;0&quot;,&quot;iso&quot;:&quot;0&quot;,&quot;shutter_speed&quot;:&quot;0&quot;,&quot;title&quot;:&quot;&quot;,&quot;orientation&quot;:&quot;0&quot;}\" data-image-title=\"20220824a_01\" data-image-description=\"\" data-image-caption=\"\" data-large-file=\"https:\/\/www.comuna13online.com.ar\/wp-content\/uploads\/2022\/08\/20220824a_01.jpg\" src=\"http:\/\/www.comuna13online.com.ar\/wp-content\/uploads\/2022\/08\/20220824a_01.jpg\" alt=\"\" class=\"wp-image-15918\" srcset=\"https:\/\/www.comuna13online.com.ar\/wp-content\/uploads\/2022\/08\/20220824a_01.jpg 678w, https:\/\/www.comuna13online.com.ar\/wp-content\/uploads\/2022\/08\/20220824a_01-272x182.jpg 272w\" sizes=\"auto, (max-width: 678px) 100vw, 678px\" \/><figcaption><sup><strong>El periodista y autor del libre Hern\u00e1n Russo Zyseskind recibe el diploma.<\/strong><\/sup><\/figcaption><\/figure>\n\n\n\n<div style=\"height:10px\" aria-hidden=\"true\" class=\"wp-block-spacer\"><\/div>\n\n\n\n<h2 class=\"wp-block-heading\">Libro sobre Maradona es de Inter\u00e9s Deportivo y para la Comunicaci\u00f3n Social<\/h2>\n\n\n\n<p><strong>La Legislatura de la Ciudad declar\u00f3 de Inter\u00e9s Deportivo y para la Comunicaci\u00f3n Social al libro \u00abD10S es Argentinos, de La Paternal al mundo\u00bb del periodista Hern\u00e1n Russo Zyseskind.\u00a0<\/strong><\/p>\n\n\n\n<div style=\"height:10px\" aria-hidden=\"true\" class=\"wp-block-spacer\"><\/div>\n\n\n\n<p>El acto se celebr\u00f3 esta tarde en el Sal\u00f3n Montevideo y cont\u00f3 con la presencia de los legisladores del Frente de Todos Claudia Neira, impulsora de la iniciativa; Claudio Moressi, Claudio Ferre\u00f1o, el autor de la obra y el vicepresidente segundo de la Asociaci\u00f3n Atl\u00e9tica Argentinos Juniors, Javier Pederzoli. Adem\u00e1s, de ex futbolistas que compartieron plantel con Diego Armando Maradona como Rub\u00e9n Giaccobetti y Ricardo Pellerano.<\/p>\n\n\n\n<p>En el comienzo de las alocuciones, Neira resalt\u00f3 que la figura de Maradona est\u00e1 rodeada de misterios. Y agreg\u00f3: \u201clo que hizo Hern\u00e1n tiene que ver con darnos un poco de luz a una etapa que no es tan visible. Y nos permite asomarnos un tanto a la idea de c\u00f3mo surgi\u00f3 Diego en nuestra historia y nuestra vida de una forma tan definitiva\u201d. Tambi\u00e9n dijo: \u201cHay una idea de lo indescifrable de ese h\u00e9roe pagano que nos extasi\u00f3 con su juego, pero que nos interpel\u00f3 con sus acciones, sus pensamientos y su irreverencia pol\u00edtica\u201d.<\/p>\n\n\n\n<p>Luego, Zyseskind agradeci\u00f3 a la Legislatura por la declaraci\u00f3n y confes\u00f3 que su conexi\u00f3n maradoniana comenz\u00f3 en su infancia, cuando vio debutar al astro futbol\u00edstico. \u201cEscrib\u00ed este libro por aquellos a\u00f1os felices, por sus 116 goles, por las gambetas, los ca\u00f1os y rabonas y aquellos rivales que siguieron de largo\u201d, afirm\u00f3 el periodista. \u201cEl mundo se perdi\u00f3 lo m\u00e1s aut\u00e9ntico del marciano futbolista, una verdad tatuada en los recuerdos de la gente que lo vio\u201d, sentenci\u00f3.<\/p>\n\n\n\n<p>Por su parte, Pederzoli dio las gracias \u201ca esta casa, diputados y diputadas\u201d en nombre de la instituci\u00f3n de La Paternal. \u201cEste hermoso libro nos llena de orgullo. Y es necesario para entender a ese chico que, con tanta adversidad y tan indefenso para desarrollarse en un contexto tan deteriorado, ha podido lograr sobrellevar todas esas vicisitudes y triunfar con mucho esfuerzo y sacrificio\u201d, declar\u00f3 el dirigente de Argentinos.<\/p>\n\n\n\n<p>El diputado Ferre\u00f1o en su intervenci\u00f3n record\u00f3 el d\u00eda que conoci\u00f3 a Maradona en la Casa de Gobierno. Mientras que Morresi resalt\u00f3 la importancia del aporte de Zyseskind de cara a las nuevas generaciones: \u201cNuestros hijos, nietos y bisnietos van a saber a trav\u00e9s de este tipo de trabajos lo que fue Diego Armando Maradona\u201d.<\/p>\n\n\n\n<p>\u201cD10s es Argentino, de La Paternal al mundo\u201d es un libro que recorre los inicios de Maradona en Argentinos Juniors, desde Villa Fiorito hasta su partida a Boca Juniors, en 1981. Una etapa que el autor conoce muy bien, ya que naci\u00f3 a seis cuadras del club; y, por ende, vivi\u00f3 la experiencia en carne propia de lo que muchos aseguran fue \u201cel mejor Diego de todos los tiempos\u201d.<\/p>\n\n\n\n<div style=\"height:10px\" aria-hidden=\"true\" class=\"wp-block-spacer\"><\/div>\n\n\n\n<h2 class=\"wp-block-heading\">La Legislatura declar\u00f3 de Inter\u00e9s Cultural a &#8216;Mujeres que no fueron tapa&#8217;<\/h2>\n\n\n\n<p><strong>La Legislatura de la Ciudad entreg\u00f3 el diploma que acredita el Inter\u00e9s Cultural al reconocido proyecto colectivo \u201cMujeres que no fueron tapa\u201d.\u00a0<\/strong><\/p>\n\n\n\n<div style=\"height:10px\" aria-hidden=\"true\" class=\"wp-block-spacer\"><\/div>\n\n\n\n<figure class=\"wp-block-image size-full\"><img loading=\"lazy\" decoding=\"async\" width=\"678\" height=\"452\" data-attachment-id=\"15917\" data-permalink=\"https:\/\/www.comuna13online.com.ar\/?attachment_id=15917\" data-orig-file=\"https:\/\/www.comuna13online.com.ar\/wp-content\/uploads\/2022\/08\/20220824a_02.jpg\" data-orig-size=\"678,452\" data-comments-opened=\"0\" data-image-meta=\"{&quot;aperture&quot;:&quot;0&quot;,&quot;credit&quot;:&quot;&quot;,&quot;camera&quot;:&quot;&quot;,&quot;caption&quot;:&quot;&quot;,&quot;created_timestamp&quot;:&quot;0&quot;,&quot;copyright&quot;:&quot;&quot;,&quot;focal_length&quot;:&quot;0&quot;,&quot;iso&quot;:&quot;0&quot;,&quot;shutter_speed&quot;:&quot;0&quot;,&quot;title&quot;:&quot;&quot;,&quot;orientation&quot;:&quot;0&quot;}\" data-image-title=\"20220824a_02\" data-image-description=\"\" data-image-caption=\"\" data-large-file=\"https:\/\/www.comuna13online.com.ar\/wp-content\/uploads\/2022\/08\/20220824a_02.jpg\" src=\"http:\/\/www.comuna13online.com.ar\/wp-content\/uploads\/2022\/08\/20220824a_02.jpg\" alt=\"\" class=\"wp-image-15917\" srcset=\"https:\/\/www.comuna13online.com.ar\/wp-content\/uploads\/2022\/08\/20220824a_02.jpg 678w, https:\/\/www.comuna13online.com.ar\/wp-content\/uploads\/2022\/08\/20220824a_02-272x182.jpg 272w\" sizes=\"auto, (max-width: 678px) 100vw, 678px\" \/><\/figure>\n\n\n\n<div style=\"height:10px\" aria-hidden=\"true\" class=\"wp-block-spacer\"><\/div>\n\n\n\n<p>El acto se celebr\u00f3 durante esta tarde, en el Sal\u00f3n Dorado de la sede Parlamentaria y cont\u00f3 con la presencia de los legisladores Juan Manuel Vald\u00e9s \u2013tambi\u00e9n impulsor de la declaraci\u00f3n- y Luc\u00eda C\u00e1mpora, ambos del FdT. Y las integrantes del grupo Paula Bisio, Soledad Gey, Sandra Martinez, Mara Granado y, su fundadora Lala Pasquinelli.<\/p>\n\n\n\n<p>En la apertura de las alocuciones, Vald\u00e9s afirm\u00f3: \u201ces el momento de reconocer una labor que se da en el marco de las relaciones sociales y de la cultura, para romper con redes de violencia\u201d. A su vez, advirti\u00f3 que es necesaria una \u201crevoluci\u00f3n simb\u00f3lica\u201d desde el punto de vista de la representaci\u00f3n por los medios dominantes. \u201cEste colectivo ha sido pionero en exponer estos modelos de perfecci\u00f3n y de belleza que se le plantean a las mujeres, que sabemos que traen consecuencias nocivas\u201d, coment\u00f3. Y concluy\u00f3 que la Ciudad de Buenos Aires debe \u201cpasar a la vanguardia en materia de igualdad de g\u00e9nero y en materia de desnaturalizaci\u00f3n de las desigualdades\u201d.<\/p>\n\n\n\n<p>Por su parte, C\u00e1mpora resalt\u00f3: \u201cA todas nos hacen reflexionar mucho con lo que llevan adelante, nos hacen cuestionarnos. Esto es una reivindicaci\u00f3n en pos de la igualdad de g\u00e9nero\u201d. Y sum\u00f3: \u201cporque decimos vivas nos queremos, tambi\u00e9n tenemos que reconocer \u00e9ste tipo de iniciativas que precisamente fortalecen la construcci\u00f3n de una sociedad con igualdad y oportunidades, sin violencias machistas. Y en la que las pibas podamos cumplir esos sue\u00f1os que el patriarcado pretende arrebatarnos\u201d.<\/p>\n\n\n\n<p>Finalmente, Pasquinelli \u2013que tambi\u00e9n es artista visual y activista feminista- agradeci\u00f3 a la Legislatura por la declaraci\u00f3n e inform\u00f3 que ellas unen puntos que permiten \u201centender esta violencia m\u00e1s socialmente reconocida, como es el femicidio o la violencia sexual, y que est\u00e1 sostenida en un mont\u00f3n de otras violencias m\u00e1s sutiles, mucho m\u00e1s normalizadas\u201d. Apunt\u00f3 que tambi\u00e9n construyen pedagog\u00edas que les permiten \u201ccuidarnos a nosotras mismas, cuidar a las otras y hacer circular esos saberes y aprendizajes\u201d.<\/p>\n\n\n\n<p>\u00abMujeres que no fueron tapa\u00bb es un colectivo activista y feminista que trabaja desde hace a\u00f1os en mostrar y difundir la forma en la que la cultura masiva edifica y reproduce sistem\u00e1ticamente estereotipos de g\u00e9nero y mandatos. A trav\u00e9s de sus redes sociales visibilizan y analizan el relato hegem\u00f3nico para desnaturalizarlo, transformarlo y as\u00ed construir otras voces, con historias de mujeres que se construyen por fuera de dicha narrativa. Adem\u00e1s, sus iniciativas tambi\u00e9n llegan a las escuelas, en el marco de actividades que realizan junto a docentes. Su contenido ya alcanz\u00f3 a 700 mil estudiantes.<\/p>\n\n\n\n<p>En los \u00faltimos dos a\u00f1os crearon dos campa\u00f1as muy importantes y masivas. Una de ellas es \u201cHermana, solt\u00e1 la panza\u201d, donde desafiaron el mandato de lograr la delgadez para el verano y para la que m\u00e1s de 10 mil mujeres enviaron fotograf\u00edas, que finalmente se expusieron en el Centro Cultural Recoleta. La segunda iniciativa es \u201cHermana, solt\u00e1 el reloj\u201d con el objetivo de desarmar el discurso que sentencia que la vida de las mujeres termina antes de los treinta a\u00f1os.<\/p>\n\n\n\n<div style=\"height:10px\" aria-hidden=\"true\" class=\"wp-block-spacer\"><\/div>\n\n\n\n<h2 class=\"wp-block-heading\">La exposici\u00f3n &#8216;Proyecto Long Play&#8217;, de Inter\u00e9s Cultural y Ambiental<\/h2>\n\n\n\n<p><strong>La Legislatura de la Ciudad declar\u00f3 de Inter\u00e9s Cultural y Ambiental a la exposici\u00f3n \u201cProyecto Long Play\u201d.\u00a0<\/strong><\/p>\n\n\n\n<div style=\"height:10px\" aria-hidden=\"true\" class=\"wp-block-spacer\"><\/div>\n\n\n\n<figure class=\"wp-block-image size-full\"><img loading=\"lazy\" decoding=\"async\" width=\"678\" height=\"452\" data-attachment-id=\"15916\" data-permalink=\"https:\/\/www.comuna13online.com.ar\/?attachment_id=15916\" data-orig-file=\"https:\/\/www.comuna13online.com.ar\/wp-content\/uploads\/2022\/08\/20220824a_03.jpg\" data-orig-size=\"678,452\" data-comments-opened=\"0\" data-image-meta=\"{&quot;aperture&quot;:&quot;0&quot;,&quot;credit&quot;:&quot;&quot;,&quot;camera&quot;:&quot;&quot;,&quot;caption&quot;:&quot;&quot;,&quot;created_timestamp&quot;:&quot;0&quot;,&quot;copyright&quot;:&quot;&quot;,&quot;focal_length&quot;:&quot;0&quot;,&quot;iso&quot;:&quot;0&quot;,&quot;shutter_speed&quot;:&quot;0&quot;,&quot;title&quot;:&quot;&quot;,&quot;orientation&quot;:&quot;0&quot;}\" data-image-title=\"20220824a_03\" data-image-description=\"\" data-image-caption=\"\" data-large-file=\"https:\/\/www.comuna13online.com.ar\/wp-content\/uploads\/2022\/08\/20220824a_03.jpg\" src=\"http:\/\/www.comuna13online.com.ar\/wp-content\/uploads\/2022\/08\/20220824a_03.jpg\" alt=\"\" class=\"wp-image-15916\" srcset=\"https:\/\/www.comuna13online.com.ar\/wp-content\/uploads\/2022\/08\/20220824a_03.jpg 678w, https:\/\/www.comuna13online.com.ar\/wp-content\/uploads\/2022\/08\/20220824a_03-272x182.jpg 272w\" sizes=\"auto, (max-width: 678px) 100vw, 678px\" \/><\/figure>\n\n\n\n<div style=\"height:10px\" aria-hidden=\"true\" class=\"wp-block-spacer\"><\/div>\n\n\n\n<p>La entrega del atributo se llev\u00f3 a cabo en el sal\u00f3n San Mart\u00edn&nbsp;este lunes por la tarde y cont\u00f3 con la presencia del legislador, vicepresidente 3\u00b0, impulsor de la iniciativa parlamentaria&nbsp;<strong>Roy Cortina<\/strong>&nbsp;(PS); el fot\u00f3grafo Marcelo Gurruchaga, el bi\u00f3logo y artista visual Diego Gallotti y la creadora y bi\u00f3loga Marta Elisetch.<\/p>\n\n\n\n<p>En el inicio de las alocuciones, Cortina afirm\u00f3 que transformaron una idea en una iniciativa colectiva sin precedentes. \u201cEn este proyecto no hubo un simple reciclaje, aqu\u00ed una obra de arte musical transmut\u00f3 en otra obra de arte agregando un eslab\u00f3n de significado po\u00e9tico\u201d, sentenci\u00f3.<\/p>\n\n\n\n<p>Luego, Gurruchaga agradeci\u00f3 al cuerpo Legislativo por la menci\u00f3n. En tanto, Gallotti coment\u00f3: \u201cme parece importante que se estimule la producci\u00f3n art\u00edstica y haga estos actos porque en \u00e9pocas de crisis econ\u00f3mica, la cultura tiene una incidencia econ\u00f3mica muy importante\u201d. Y resalt\u00f3 la oferta cultural con la que cuenta la Ciudad Aut\u00f3noma.<\/p>\n\n\n\n<p>Elisetch record\u00f3 c\u00f3mo inici\u00f3 el Proyecto Long Play, que \u201cno fue un trabajo f\u00e1cil\u201d debido a la pandemia y sus consecuencias relacionadas al encierro. \u201cLo importante es que hubo una gran resiliencia por parte de todos, de ponerse a trabajar. Y hoy me da una satisfacci\u00f3n enorme\u201d, agreg\u00f3.<\/p>\n\n\n\n<p>Finalmente, inform\u00f3 que a mediados de octubre se expondr\u00e1 la producci\u00f3n dentro de la sede Parlamentaria y que el a\u00f1o pr\u00f3ximo habr\u00e1 una segunda versi\u00f3n de la muestra.<\/p>\n\n\n\n<p>Proyecto Long Play es una propuesta art\u00edstica y ambiental, que surgi\u00f3 por iniciativa de Marta Elisetch quien encontr\u00f3 una caja llena de discos antiguos abandonados y decidi\u00f3 rescatarlos para intervenirlos art\u00edsticamente. Convoc\u00f3 a los artistas visuales Jos\u00e9 Otero y Diego Gallotti, a fin que la ayudaran a reunir m\u00e1s creativos. De ese modo, durante un a\u00f1o 24 artistas integraron el proyecto colectivo.<\/p>\n\n\n\n<p class=\"has-text-align-right\"><sub>Fuente: <em><strong>D. G. Prensa de la Legislatura de la Ciudad<\/strong><\/em><\/sub><a href=\"mailto:?subject=La%20Legislatura%20aprob%C3%B3%20en%20primera%20lectura%20un%20proyecto%20que%20procura%20mantener%20el%20paisaje%20y%20la%20arquitectura%20en%20dos%20barrios%20de%20la%20Comuna%2013.%20Deber%C3%A1%20debatirse%20en%20Audiencia%20P%C3%BAblica.%20%20%20%20%20%20%20%20%20%20%20&amp;body=https%3A%2F%2Fwww.legislatura.gov.ar%2Fposts%2Fsesion-19-052427.html\"><\/a><\/p>\n","protected":false},"excerpt":{"rendered":"<div class=\"mh-excerpt\">Fueron distinguidos la obra \u201cD10S es Argentinos, de La Paternal al mundo\u201d, \u00a0el colectivo activista y feminista &#8216;Mujeres que no fueron tapa&#8217; y la exposici\u00f3n art\u00edstica ambiental &#8216;Proyecto Long Play&#8217;. <a class=\"mh-excerpt-more\" href=\"https:\/\/www.comuna13online.com.ar\/?p=15915\" title=\"La Legislatura declar\u00f3 de inter\u00e9s un libro sobre Maradona, a un Colectivo de Mujeres y una exposici\u00f3n art\u00edstica\">[&#8230;]<\/a><\/div>\n","protected":false},"author":1,"featured_media":15919,"comment_status":"closed","ping_status":"closed","sticky":false,"template":"","format":"standard","meta":{"_uag_custom_page_level_css":"","_jetpack_memberships_contains_paid_content":false,"footnotes":"","jetpack_publicize_message":"","jetpack_publicize_feature_enabled":true,"jetpack_social_post_already_shared":true,"jetpack_social_options":{"image_generator_settings":{"template":"highway","default_image_id":0,"font":"","enabled":false},"version":2}},"categories":[145],"tags":[250,296,196,7,146],"class_list":{"0":"post-15915","1":"post","2":"type-post","3":"status-publish","4":"format-standard","5":"has-post-thumbnail","7":"category-reconocimiento","8":"tag-h2","9":"tag-h3","10":"tag-interes-general","11":"tag-legislatura","12":"tag-reconocimiento"},"jetpack_publicize_connections":[],"jetpack_featured_media_url":"https:\/\/www.comuna13online.com.ar\/wp-content\/uploads\/2022\/08\/20220824a_id.jpg","uagb_featured_image_src":{"full":["https:\/\/www.comuna13online.com.ar\/wp-content\/uploads\/2022\/08\/20220824a_id.jpg",678,452,false],"thumbnail":["https:\/\/www.comuna13online.com.ar\/wp-content\/uploads\/2022\/08\/20220824a_id.jpg",128,85,false],"medium":["https:\/\/www.comuna13online.com.ar\/wp-content\/uploads\/2022\/08\/20220824a_id.jpg",678,452,false],"medium_large":["https:\/\/www.comuna13online.com.ar\/wp-content\/uploads\/2022\/08\/20220824a_id.jpg",678,452,false],"large":["https:\/\/www.comuna13online.com.ar\/wp-content\/uploads\/2022\/08\/20220824a_id.jpg",678,452,false],"1536x1536":["https:\/\/www.comuna13online.com.ar\/wp-content\/uploads\/2022\/08\/20220824a_id.jpg",678,452,false],"2048x2048":["https:\/\/www.comuna13online.com.ar\/wp-content\/uploads\/2022\/08\/20220824a_id.jpg",678,452,false],"mh-magazine-slider":["https:\/\/www.comuna13online.com.ar\/wp-content\/uploads\/2022\/08\/20220824a_id-678x438.jpg",678,438,true],"mh-magazine-content":["https:\/\/www.comuna13online.com.ar\/wp-content\/uploads\/2022\/08\/20220824a_id-678x381.jpg",678,381,true],"mh-magazine-large":["https:\/\/www.comuna13online.com.ar\/wp-content\/uploads\/2022\/08\/20220824a_id.jpg",678,452,false],"mh-magazine-medium":["https:\/\/www.comuna13online.com.ar\/wp-content\/uploads\/2022\/08\/20220824a_id-326x245.jpg",326,245,true],"mh-magazine-small":["https:\/\/www.comuna13online.com.ar\/wp-content\/uploads\/2022\/08\/20220824a_id-80x60.jpg",80,60,true],"sow-carousel-default":["https:\/\/www.comuna13online.com.ar\/wp-content\/uploads\/2022\/08\/20220824a_id-272x182.jpg",272,182,true]},"uagb_author_info":{"display_name":"Comuna13","author_link":"https:\/\/www.comuna13online.com.ar\/?author=1"},"uagb_comment_info":0,"uagb_excerpt":"Fueron distinguidos la obra \u201cD10S es Argentinos, de La Paternal al mundo\u201d, \u00a0el colectivo activista y feminista &#8216;Mujeres que no fueron tapa&#8217; y la exposici\u00f3n art\u00edstica ambiental &#8216;Proyecto Long Play&#8217;. [...]","jetpack_sharing_enabled":true,"_links":{"self":[{"href":"https:\/\/www.comuna13online.com.ar\/index.php?rest_route=\/wp\/v2\/posts\/15915","targetHints":{"allow":["GET"]}}],"collection":[{"href":"https:\/\/www.comuna13online.com.ar\/index.php?rest_route=\/wp\/v2\/posts"}],"about":[{"href":"https:\/\/www.comuna13online.com.ar\/index.php?rest_route=\/wp\/v2\/types\/post"}],"author":[{"embeddable":true,"href":"https:\/\/www.comuna13online.com.ar\/index.php?rest_route=\/wp\/v2\/users\/1"}],"replies":[{"embeddable":true,"href":"https:\/\/www.comuna13online.com.ar\/index.php?rest_route=%2Fwp%2Fv2%2Fcomments&post=15915"}],"version-history":[{"count":0,"href":"https:\/\/www.comuna13online.com.ar\/index.php?rest_route=\/wp\/v2\/posts\/15915\/revisions"}],"wp:featuredmedia":[{"embeddable":true,"href":"https:\/\/www.comuna13online.com.ar\/index.php?rest_route=\/wp\/v2\/media\/15919"}],"wp:attachment":[{"href":"https:\/\/www.comuna13online.com.ar\/index.php?rest_route=%2Fwp%2Fv2%2Fmedia&parent=15915"}],"wp:term":[{"taxonomy":"category","embeddable":true,"href":"https:\/\/www.comuna13online.com.ar\/index.php?rest_route=%2Fwp%2Fv2%2Fcategories&post=15915"},{"taxonomy":"post_tag","embeddable":true,"href":"https:\/\/www.comuna13online.com.ar\/index.php?rest_route=%2Fwp%2Fv2%2Ftags&post=15915"}],"curies":[{"name":"wp","href":"https:\/\/api.w.org\/{rel}","templated":true}]}}