{"id":15873,"date":"2022-08-04T16:16:39","date_gmt":"2022-08-04T19:16:39","guid":{"rendered":"http:\/\/www.comuna13online.com.ar\/?p=15873"},"modified":"2022-08-04T16:16:43","modified_gmt":"2022-08-04T19:16:43","slug":"covid19-esta-abierta-la-inscripcion-para-vacunar-a-ninos-de-6-meses-a-3-anos","status":"publish","type":"post","link":"https:\/\/www.comuna13online.com.ar\/?p=15873","title":{"rendered":"COVID19: Est\u00e1 abierta la inscripci\u00f3n para vacunar a ni\u00f1os de 6 meses a 3 a\u00f1os"},"content":{"rendered":"\n<p><strong>El Gobierno porte\u00f1o comenz\u00f3 a empadronar a los ni\u00f1os y ni\u00f1as de dicho rango etario para recibir la primera dosis contra el coronavirus, la vacuna utilizada es del laboratorio Moderna.<\/strong><\/p>\n\n\n\n<div style=\"height:10px\" aria-hidden=\"true\" class=\"wp-block-spacer\"><\/div>\n\n\n\n<figure class=\"wp-block-image size-full\"><img loading=\"lazy\" decoding=\"async\" width=\"678\" height=\"381\" data-attachment-id=\"15874\" data-permalink=\"https:\/\/www.comuna13online.com.ar\/?attachment_id=15874\" data-orig-file=\"https:\/\/www.comuna13online.com.ar\/wp-content\/uploads\/2022\/08\/20220804b_01.jpg\" data-orig-size=\"678,381\" data-comments-opened=\"0\" data-image-meta=\"{&quot;aperture&quot;:&quot;0&quot;,&quot;credit&quot;:&quot;&quot;,&quot;camera&quot;:&quot;&quot;,&quot;caption&quot;:&quot;&quot;,&quot;created_timestamp&quot;:&quot;0&quot;,&quot;copyright&quot;:&quot;&quot;,&quot;focal_length&quot;:&quot;0&quot;,&quot;iso&quot;:&quot;0&quot;,&quot;shutter_speed&quot;:&quot;0&quot;,&quot;title&quot;:&quot;&quot;,&quot;orientation&quot;:&quot;0&quot;}\" data-image-title=\"20220804b_01\" data-image-description=\"\" data-image-caption=\"\" data-large-file=\"https:\/\/www.comuna13online.com.ar\/wp-content\/uploads\/2022\/08\/20220804b_01.jpg\" src=\"http:\/\/www.comuna13online.com.ar\/wp-content\/uploads\/2022\/08\/20220804b_01.jpg\" alt=\"\" class=\"wp-image-15874\"\/><\/figure>\n\n\n\n<div style=\"height:10px\" aria-hidden=\"true\" class=\"wp-block-spacer\"><\/div>\n\n\n\n<p>Para empadronar a los ni\u00f1os y\/o ni\u00f1as se debe completar el formulario de inscripci\u00f3n online y luego llegar\u00e1 la notificaci\u00f3n para elegir un turno cuando haya disponibilidad de vacunas en la Ciudad.<\/p>\n\n\n\n<p>Las vacunas utilizadas ser\u00e1n de plataforma ARN del laboratorio Moderna y ser\u00e1n destinadas para iniciar esquemas desde los 6 meses hasta los 2 a\u00f1os, 11 meses y 29 d\u00edas, y para iniciar o aplicar refuerzos en poblaci\u00f3n pedi\u00e1trica de 3 y 4 a\u00f1os.<\/p>\n\n\n\n<h3 class=\"wp-block-heading\"><strong>\u00bfC\u00f3mo empadronar a ni\u00f1os y ni\u00f1as para que reciban la primera dosis de la vacuna contra el COVID-19?<\/strong><\/h3>\n\n\n\n<h4 class=\"wp-block-heading\"><strong>1. De manera online<\/strong><\/h4>\n\n\n\n<ul class=\"wp-block-list\"><li>Ingres\u00e1 al formulario web de empadronamiento.<\/li><li>Complet\u00e1 los datos de la persona que vas a empadronar.<\/li><li>Te vamos a contactar v\u00eda mail, SMS o WhatsApp para que elijas un turno cuando haya disponibilidad de vacunas en la Ciudad.<\/li><li>Es importante que prestes atenci\u00f3n a las v\u00edas de comunicaci\u00f3n que declaraste en el formulario, y que revises la casilla de Spam o correo no deseado de tu e-mail.<\/li><li>Record\u00e1 que ten\u00e9s que empadronar al ni\u00f1o o ni\u00f1a una sola vez para recibir la primera dosis de la vacuna y no es necesario que vuelvas a hacerlo para la segunda.<\/li><\/ul>\n\n\n\n<h3 class=\"wp-block-heading\"><a rel=\"noreferrer noopener\" href=\"https:\/\/empadronamientocovid.buenosaires.gob.ar\/vacunacionmayores6m\" target=\"_blank\">Ir al formulario<\/a><\/h3>\n\n\n\n<h4 class=\"wp-block-heading\"><strong>2. A trav\u00e9s de la l\u00ednea telef\u00f3nica 147<\/strong><\/h4>\n\n\n\n<p>M\u00e1s informaci\u00f3n en <a href=\"https:\/\/www.buenosaires.gob.ar\/coronavirus\" target=\"_blank\" rel=\"noreferrer noopener\"><strong><em>www.buenosaires.gob.ar\/coronavirus<\/em><\/strong><\/a><\/p>\n\n\n\n<p>Es la primera vez que este grupo etario recibe la inmunizaci\u00f3n contra el Covid, la estrategia fue consensuada por las m\u00e1ximas autoridades sanitarias del pa\u00eds en el marco del Consejo Federal de Salud (Cofesa), a partir de la aprobaci\u00f3n de aplicaci\u00f3n de estas vacunas en ni\u00f1os de 6 meses a 5 a\u00f1os por la FDA de Estados Unidos, los Centros para el Control y la Prevenci\u00f3n de Enfermedades (CDC) y la ANMAT en la Argentina.<\/p>\n\n\n\n<p><strong>Esquema primario para ni\u00f1as y ni\u00f1os de 6 meses a 2 a\u00f1os, 11 meses y 29 d\u00edas:<\/strong><\/p>\n\n\n\n<p>2 dosis de vacuna de ARNm contra SARS COV-2 de plataforma de ARNm-1273, del laboratorio Moderna, separadas por 21-28 d\u00edas.<\/p>\n\n\n\n<p><strong>Esquema primario para ni\u00f1as y ni\u00f1os de 3 y 4 a\u00f1os:<\/strong><\/p>\n\n\n\n<p>Si no inici\u00f3 esquema primario, 2 dosis de vacuna de ARNm contra SARS COV-2 de plataforma de ARNm-1273, del laboratorio Moderna, separadas por 21-28 d\u00edas.<\/p>\n\n\n\n<h4 class=\"wp-block-heading\" id=\"tituloAlerta-3\"><a rel=\"noreferrer noopener\" href=\"https:\/\/api.whatsapp.com\/send?phone=5491150500147&amp;&amp;text=Coronavirus&amp;&amp;source=&amp;&amp;data=\" target=\"_blank\"><br>Consult\u00e1 si est\u00e1s correctamente empadronado<\/a><\/h4>\n\n\n\n<p id=\"textoAlerta-3\">A trav\u00e9s de Boti (11 5050 0147), el WhatsApp de la Ciudad. En el chat, ingres\u00e1 a\u00a0<strong>Vacuna Covid<\/strong>\u00a0y luego la opci\u00f3n C\u00a0<strong>\u00bfEstoy en el padr\u00f3n?<\/strong><\/p>\n\n\n\n<p><\/p>\n\n\n\n<p><\/p>\n\n\n\n<p><\/p>\n","protected":false},"excerpt":{"rendered":"<div class=\"mh-excerpt\">El Gobierno porte\u00f1o comenz\u00f3 a empadronar a los ni\u00f1os y ni\u00f1as de dicho rango etario para recibir la primera dosis contra el coronavirus, la vacuna utilizada es del laboratorio Moderna. <a class=\"mh-excerpt-more\" href=\"https:\/\/www.comuna13online.com.ar\/?p=15873\" title=\"COVID19: Est\u00e1 abierta la inscripci\u00f3n para vacunar a ni\u00f1os de 6 meses a 3 a\u00f1os\">[&#8230;]<\/a><\/div>\n","protected":false},"author":1,"featured_media":15875,"comment_status":"closed","ping_status":"closed","sticky":false,"template":"","format":"standard","meta":{"_uag_custom_page_level_css":"","_jetpack_memberships_contains_paid_content":false,"footnotes":"","jetpack_publicize_message":"","jetpack_publicize_feature_enabled":true,"jetpack_social_post_already_shared":true,"jetpack_social_options":{"image_generator_settings":{"template":"highway","default_image_id":0,"font":"","enabled":false},"version":2}},"categories":[44],"tags":[271,250,296,45],"class_list":{"0":"post-15873","1":"post","2":"type-post","3":"status-publish","4":"format-standard","5":"has-post-thumbnail","7":"category-salud","8":"tag-coronavirus","9":"tag-h2","10":"tag-h3","11":"tag-salud"},"jetpack_publicize_connections":[],"jetpack_featured_media_url":"https:\/\/www.comuna13online.com.ar\/wp-content\/uploads\/2022\/08\/20220804b_id.jpg","uagb_featured_image_src":{"full":["https:\/\/www.comuna13online.com.ar\/wp-content\/uploads\/2022\/08\/20220804b_id.jpg",678,452,false],"thumbnail":["https:\/\/www.comuna13online.com.ar\/wp-content\/uploads\/2022\/08\/20220804b_id.jpg",128,85,false],"medium":["https:\/\/www.comuna13online.com.ar\/wp-content\/uploads\/2022\/08\/20220804b_id.jpg",678,452,false],"medium_large":["https:\/\/www.comuna13online.com.ar\/wp-content\/uploads\/2022\/08\/20220804b_id.jpg",678,452,false],"large":["https:\/\/www.comuna13online.com.ar\/wp-content\/uploads\/2022\/08\/20220804b_id.jpg",678,452,false],"1536x1536":["https:\/\/www.comuna13online.com.ar\/wp-content\/uploads\/2022\/08\/20220804b_id.jpg",678,452,false],"2048x2048":["https:\/\/www.comuna13online.com.ar\/wp-content\/uploads\/2022\/08\/20220804b_id.jpg",678,452,false],"mh-magazine-slider":["https:\/\/www.comuna13online.com.ar\/wp-content\/uploads\/2022\/08\/20220804b_id-678x438.jpg",678,438,true],"mh-magazine-content":["https:\/\/www.comuna13online.com.ar\/wp-content\/uploads\/2022\/08\/20220804b_id-678x381.jpg",678,381,true],"mh-magazine-large":["https:\/\/www.comuna13online.com.ar\/wp-content\/uploads\/2022\/08\/20220804b_id.jpg",678,452,false],"mh-magazine-medium":["https:\/\/www.comuna13online.com.ar\/wp-content\/uploads\/2022\/08\/20220804b_id-326x245.jpg",326,245,true],"mh-magazine-small":["https:\/\/www.comuna13online.com.ar\/wp-content\/uploads\/2022\/08\/20220804b_id-80x60.jpg",80,60,true],"sow-carousel-default":["https:\/\/www.comuna13online.com.ar\/wp-content\/uploads\/2022\/08\/20220804b_id-272x182.jpg",272,182,true]},"uagb_author_info":{"display_name":"Comuna13","author_link":"https:\/\/www.comuna13online.com.ar\/?author=1"},"uagb_comment_info":0,"uagb_excerpt":"El Gobierno porte\u00f1o comenz\u00f3 a empadronar a los ni\u00f1os y ni\u00f1as de dicho rango etario para recibir la primera dosis contra el coronavirus, la vacuna utilizada es del laboratorio Moderna. [...]","jetpack_sharing_enabled":true,"_links":{"self":[{"href":"https:\/\/www.comuna13online.com.ar\/index.php?rest_route=\/wp\/v2\/posts\/15873","targetHints":{"allow":["GET"]}}],"collection":[{"href":"https:\/\/www.comuna13online.com.ar\/index.php?rest_route=\/wp\/v2\/posts"}],"about":[{"href":"https:\/\/www.comuna13online.com.ar\/index.php?rest_route=\/wp\/v2\/types\/post"}],"author":[{"embeddable":true,"href":"https:\/\/www.comuna13online.com.ar\/index.php?rest_route=\/wp\/v2\/users\/1"}],"replies":[{"embeddable":true,"href":"https:\/\/www.comuna13online.com.ar\/index.php?rest_route=%2Fwp%2Fv2%2Fcomments&post=15873"}],"version-history":[{"count":0,"href":"https:\/\/www.comuna13online.com.ar\/index.php?rest_route=\/wp\/v2\/posts\/15873\/revisions"}],"wp:featuredmedia":[{"embeddable":true,"href":"https:\/\/www.comuna13online.com.ar\/index.php?rest_route=\/wp\/v2\/media\/15875"}],"wp:attachment":[{"href":"https:\/\/www.comuna13online.com.ar\/index.php?rest_route=%2Fwp%2Fv2%2Fmedia&parent=15873"}],"wp:term":[{"taxonomy":"category","embeddable":true,"href":"https:\/\/www.comuna13online.com.ar\/index.php?rest_route=%2Fwp%2Fv2%2Fcategories&post=15873"},{"taxonomy":"post_tag","embeddable":true,"href":"https:\/\/www.comuna13online.com.ar\/index.php?rest_route=%2Fwp%2Fv2%2Ftags&post=15873"}],"curies":[{"name":"wp","href":"https:\/\/api.w.org\/{rel}","templated":true}]}}