{"id":15857,"date":"2022-08-04T08:30:00","date_gmt":"2022-08-04T11:30:00","guid":{"rendered":"http:\/\/www.comuna13online.com.ar\/?p=15857"},"modified":"2022-08-02T20:14:15","modified_gmt":"2022-08-02T23:14:15","slug":"llega-la-primera-colecta-cruz-roja-argentina","status":"publish","type":"post","link":"https:\/\/www.comuna13online.com.ar\/?p=15857","title":{"rendered":"Llega la primera Colecta Cruz Roja Argentina"},"content":{"rendered":"\n<p><strong>Del 16 al 23 de agosto, la organizaci\u00f3n humanitaria con m\u00e1s trayectoria de Argentina, realiza su primera colecta nacional con el objetivo de fortalecer las acciones de su voluntariado en todo el pa\u00eds.<\/strong><\/p>\n\n\n\n<div style=\"height:10px\" aria-hidden=\"true\" class=\"wp-block-spacer\"><\/div>\n\n\n\n<figure class=\"wp-block-image size-full\"><img loading=\"lazy\" decoding=\"async\" width=\"678\" height=\"226\" data-attachment-id=\"15862\" data-permalink=\"https:\/\/www.comuna13online.com.ar\/?attachment_id=15862\" data-orig-file=\"https:\/\/www.comuna13online.com.ar\/wp-content\/uploads\/2022\/08\/20220804a_01.jpg\" data-orig-size=\"678,226\" data-comments-opened=\"0\" data-image-meta=\"{&quot;aperture&quot;:&quot;0&quot;,&quot;credit&quot;:&quot;&quot;,&quot;camera&quot;:&quot;&quot;,&quot;caption&quot;:&quot;&quot;,&quot;created_timestamp&quot;:&quot;0&quot;,&quot;copyright&quot;:&quot;&quot;,&quot;focal_length&quot;:&quot;0&quot;,&quot;iso&quot;:&quot;0&quot;,&quot;shutter_speed&quot;:&quot;0&quot;,&quot;title&quot;:&quot;&quot;,&quot;orientation&quot;:&quot;0&quot;}\" data-image-title=\"20220804a_01\" data-image-description=\"\" data-image-caption=\"\" data-large-file=\"https:\/\/www.comuna13online.com.ar\/wp-content\/uploads\/2022\/08\/20220804a_01.jpg\" src=\"http:\/\/www.comuna13online.com.ar\/wp-content\/uploads\/2022\/08\/20220804a_01.jpg\" alt=\"\" class=\"wp-image-15862\"\/><\/figure>\n\n\n\n<div style=\"height:10px\" aria-hidden=\"true\" class=\"wp-block-spacer\"><\/div>\n\n\n\n<p>Del 16 al 23 de agosto la <strong>Cruz Roja Argentina<\/strong> realiza, por primera vez en su historia, una <strong>colecta nacional para fortalecer las acciones humanitarias de su voluntariado en todo el pa\u00eds<\/strong>. De esta manera, busca potenciar su misi\u00f3n de contribuir a mejorar la vida de las personas, en especial de aquellas que se encuentran en situaci\u00f3n de vulnerabilidad.<\/p>\n\n\n\n<p>El mundo atraviesa momentos complejos y desafiantes, como los conflictos internacionales, el impacto del cambio clim\u00e1tico y las consecuencias de la pandemia por COVID-19. En este contexto, la organizaci\u00f3n reafirma su compromiso con las comunidades e invita a la sociedad a ser parte de sus acciones humanitarias.<\/p>\n\n\n\n<p><em>\u201cTenemos la certeza de que nuestro trabajo contribuye a mejorar la vida de las personas que m\u00e1s lo necesitan. La colecta es una oportunidad para todas las personas que sienten la necesidad de aportar su granito de arena para mejorar la vida de quienes m\u00e1s lo necesitan. Convocamos a todos y todas a apoyar a nuestro voluntariado en su trabajo cotidiano de construir junto a las comunidades un mundo m\u00e1s justo y equitativo\u201d<\/em>, destac\u00f3 <strong>Mar\u00eda Cecilia Riccio<\/strong>, Tesorera nacional y Presidenta de Cruz Roja Argentina Filial Saavedra.<\/p>\n\n\n\n<p>Quienes quieran sumarse a la Colecta, s\u00f3lo deber\u00e1n ingresar a <a href=\"http:\/\/www.cruzroja.org.ar\/colecta\" target=\"_blank\" rel=\"noreferrer noopener\"><strong>www.cruzroja.org.ar\/colecta<\/strong><\/a> o llamar al 0810-999-2222. Las donaciones est\u00e1n destinadas a que las filiales e Institutos Superiores de la organizaci\u00f3n sigan llevando adelante acciones como: Centro de Testeo de VIH gratuito y confidencial; actividades de promoci\u00f3n de la salud, Salud Sexual, G\u00e9nero, diversidades y violencias a la comunidad; la promoci\u00f3n de la donaci\u00f3n voluntaria de sangre; el acompa\u00f1amiento a personas adultas mayores; actividades de gesti\u00f3n del riesgo y resiliencia comunitaria; formaci\u00f3n de equipos comunitarios de respuesta en el Barrio Mitre y en el Barrio Mugica; talleres de oficios y fortalecimiento de los Medios de Vida en la zona de Saavedra. Asimismo, continuar brindando coberturas sanitarias en eventos de concurrencia masiva en la v\u00eda p\u00fablica. Realizar acciones de \u00edndole transversal a las tem\u00e1ticas mencionadas anterior mente con los enfoques de: Juventud, voluntariado; Protecci\u00f3n, G\u00e9nero e Inclusi\u00f3n y Apoyo Psicosocial.<\/p>\n\n\n\n<div style=\"height:10px\" aria-hidden=\"true\" class=\"wp-block-spacer\"><\/div>\n\n\n\n<figure class=\"wp-block-image size-full\"><img loading=\"lazy\" decoding=\"async\" width=\"678\" height=\"678\" data-attachment-id=\"15860\" data-permalink=\"https:\/\/www.comuna13online.com.ar\/?attachment_id=15860\" data-orig-file=\"https:\/\/www.comuna13online.com.ar\/wp-content\/uploads\/2022\/08\/20220804a_02.jpg\" data-orig-size=\"678,678\" data-comments-opened=\"0\" data-image-meta=\"{&quot;aperture&quot;:&quot;0&quot;,&quot;credit&quot;:&quot;&quot;,&quot;camera&quot;:&quot;&quot;,&quot;caption&quot;:&quot;&quot;,&quot;created_timestamp&quot;:&quot;0&quot;,&quot;copyright&quot;:&quot;&quot;,&quot;focal_length&quot;:&quot;0&quot;,&quot;iso&quot;:&quot;0&quot;,&quot;shutter_speed&quot;:&quot;0&quot;,&quot;title&quot;:&quot;&quot;,&quot;orientation&quot;:&quot;0&quot;}\" data-image-title=\"20220804a_02\" data-image-description=\"\" data-image-caption=\"\" data-large-file=\"https:\/\/www.comuna13online.com.ar\/wp-content\/uploads\/2022\/08\/20220804a_02.jpg\" src=\"http:\/\/www.comuna13online.com.ar\/wp-content\/uploads\/2022\/08\/20220804a_02.jpg\" alt=\"\" class=\"wp-image-15860\"\/><\/figure>\n\n\n\n<div style=\"height:10px\" aria-hidden=\"true\" class=\"wp-block-spacer\"><\/div>\n\n\n\n<p>Cruz Roja Argentina tambi\u00e9n desarrolla actividades para fomentar la empleabilidad de las comunidades: talleres de oficios como panader\u00eda, herrer\u00eda, cocina, entre otros. Adem\u00e1s, a trav\u00e9s del programa <strong>\u201cJuventud en Movimiento\u201d<\/strong>, la organizaci\u00f3n promueve la inclusi\u00f3n social de los y las j\u00f3venes en situaci\u00f3n de vulnerabilidad a trav\u00e9s de actividades l\u00fadicas, deportivas y recreativas.<\/p>\n\n\n\n<h4 class=\"wp-block-heading\">Sobre Cruz Roja Argentina<\/h4>\n\n\n\n<p>Cruz Roja Argentina es una asociaci\u00f3n civil, humanitaria y de car\u00e1cter voluntario, con presencia en el territorio argentino y parte integrante del Movimiento Internacional de la Cruz Roja y de la Media Luna Roja, la red humanitaria m\u00e1s grande del mundo.<\/p>\n\n\n\n<p>Su misi\u00f3n es contribuir a mejorar la vida de las personas, en especial de aquellas que se encuentran en situaci\u00f3n de vulnerabilidad. Para eso, trabaja a trav\u00e9s de 66 filiales, 33 Servicios Educativos y su Sede Central, en conjunto con las comunidades. Su labor est\u00e1 orientada por los 7 Principios Fundamentales del Movimiento de la Cruz Roja y la Media Luna Roja: Humanidad, Independencia, Imparcialidad, Neutralidad, Unidad, Voluntariado, Unidad y Universalidad.<br><\/p>\n","protected":false},"excerpt":{"rendered":"<div class=\"mh-excerpt\">Del 16 al 23 de agosto, la organizaci\u00f3n humanitaria con m\u00e1s trayectoria de Argentina, realiza su primera colecta nacional con el objetivo de fortalecer las acciones de su voluntariado en <a class=\"mh-excerpt-more\" href=\"https:\/\/www.comuna13online.com.ar\/?p=15857\" title=\"Llega la primera Colecta Cruz Roja Argentina\">[&#8230;]<\/a><\/div>\n","protected":false},"author":1,"featured_media":15861,"comment_status":"closed","ping_status":"closed","sticky":false,"template":"","format":"standard","meta":{"_uag_custom_page_level_css":"","_jetpack_memberships_contains_paid_content":false,"footnotes":"","jetpack_publicize_message":"","jetpack_publicize_feature_enabled":true,"jetpack_social_post_already_shared":true,"jetpack_social_options":{"image_generator_settings":{"template":"highway","default_image_id":0,"font":"","enabled":false},"version":2}},"categories":[197],"tags":[250,296,90],"class_list":{"0":"post-15857","1":"post","2":"type-post","3":"status-publish","4":"format-standard","5":"has-post-thumbnail","7":"category-solidaridad","8":"tag-h2","9":"tag-h3","10":"tag-solidaridad"},"jetpack_publicize_connections":[],"jetpack_featured_media_url":"https:\/\/www.comuna13online.com.ar\/wp-content\/uploads\/2022\/08\/20220804a_id.jpg","uagb_featured_image_src":{"full":["https:\/\/www.comuna13online.com.ar\/wp-content\/uploads\/2022\/08\/20220804a_id.jpg",678,452,false],"thumbnail":["https:\/\/www.comuna13online.com.ar\/wp-content\/uploads\/2022\/08\/20220804a_id.jpg",128,85,false],"medium":["https:\/\/www.comuna13online.com.ar\/wp-content\/uploads\/2022\/08\/20220804a_id.jpg",678,452,false],"medium_large":["https:\/\/www.comuna13online.com.ar\/wp-content\/uploads\/2022\/08\/20220804a_id.jpg",678,452,false],"large":["https:\/\/www.comuna13online.com.ar\/wp-content\/uploads\/2022\/08\/20220804a_id.jpg",678,452,false],"1536x1536":["https:\/\/www.comuna13online.com.ar\/wp-content\/uploads\/2022\/08\/20220804a_id.jpg",678,452,false],"2048x2048":["https:\/\/www.comuna13online.com.ar\/wp-content\/uploads\/2022\/08\/20220804a_id.jpg",678,452,false],"mh-magazine-slider":["https:\/\/www.comuna13online.com.ar\/wp-content\/uploads\/2022\/08\/20220804a_id-678x438.jpg",678,438,true],"mh-magazine-content":["https:\/\/www.comuna13online.com.ar\/wp-content\/uploads\/2022\/08\/20220804a_id-678x381.jpg",678,381,true],"mh-magazine-large":["https:\/\/www.comuna13online.com.ar\/wp-content\/uploads\/2022\/08\/20220804a_id.jpg",678,452,false],"mh-magazine-medium":["https:\/\/www.comuna13online.com.ar\/wp-content\/uploads\/2022\/08\/20220804a_id-326x245.jpg",326,245,true],"mh-magazine-small":["https:\/\/www.comuna13online.com.ar\/wp-content\/uploads\/2022\/08\/20220804a_id-80x60.jpg",80,60,true],"sow-carousel-default":["https:\/\/www.comuna13online.com.ar\/wp-content\/uploads\/2022\/08\/20220804a_id-272x182.jpg",272,182,true]},"uagb_author_info":{"display_name":"Comuna13","author_link":"https:\/\/www.comuna13online.com.ar\/?author=1"},"uagb_comment_info":0,"uagb_excerpt":"Del 16 al 23 de agosto, la organizaci\u00f3n humanitaria con m\u00e1s trayectoria de Argentina, realiza su primera colecta nacional con el objetivo de fortalecer las acciones de su voluntariado en [...]","jetpack_sharing_enabled":true,"_links":{"self":[{"href":"https:\/\/www.comuna13online.com.ar\/index.php?rest_route=\/wp\/v2\/posts\/15857","targetHints":{"allow":["GET"]}}],"collection":[{"href":"https:\/\/www.comuna13online.com.ar\/index.php?rest_route=\/wp\/v2\/posts"}],"about":[{"href":"https:\/\/www.comuna13online.com.ar\/index.php?rest_route=\/wp\/v2\/types\/post"}],"author":[{"embeddable":true,"href":"https:\/\/www.comuna13online.com.ar\/index.php?rest_route=\/wp\/v2\/users\/1"}],"replies":[{"embeddable":true,"href":"https:\/\/www.comuna13online.com.ar\/index.php?rest_route=%2Fwp%2Fv2%2Fcomments&post=15857"}],"version-history":[{"count":0,"href":"https:\/\/www.comuna13online.com.ar\/index.php?rest_route=\/wp\/v2\/posts\/15857\/revisions"}],"wp:featuredmedia":[{"embeddable":true,"href":"https:\/\/www.comuna13online.com.ar\/index.php?rest_route=\/wp\/v2\/media\/15861"}],"wp:attachment":[{"href":"https:\/\/www.comuna13online.com.ar\/index.php?rest_route=%2Fwp%2Fv2%2Fmedia&parent=15857"}],"wp:term":[{"taxonomy":"category","embeddable":true,"href":"https:\/\/www.comuna13online.com.ar\/index.php?rest_route=%2Fwp%2Fv2%2Fcategories&post=15857"},{"taxonomy":"post_tag","embeddable":true,"href":"https:\/\/www.comuna13online.com.ar\/index.php?rest_route=%2Fwp%2Fv2%2Ftags&post=15857"}],"curies":[{"name":"wp","href":"https:\/\/api.w.org\/{rel}","templated":true}]}}