{"id":15804,"date":"2022-07-27T09:22:00","date_gmt":"2022-07-27T12:22:00","guid":{"rendered":"http:\/\/www.comuna13online.com.ar\/?p=15804"},"modified":"2022-07-25T21:38:31","modified_gmt":"2022-07-26T00:38:31","slug":"se-viene-la-noche-de-las-penas-en-la-ciudad","status":"publish","type":"post","link":"https:\/\/www.comuna13online.com.ar\/?p=15804","title":{"rendered":"Se viene la Noche de las Pe\u00f1as en la Ciudad"},"content":{"rendered":"\n<p><strong>Se llevara a cabo el s\u00e1bado 30 desde las 20 horas, en su primera edici\u00f3n, contar\u00e1 con 21 espacios que abrir\u00e1n sus puertas para ofrecer gratis una propuesta art\u00edstica especial.<\/strong><\/p>\n\n\n\n<div style=\"height:10px\" aria-hidden=\"true\" class=\"wp-block-spacer\"><\/div>\n\n\n\n<figure class=\"wp-block-image size-full\"><img loading=\"lazy\" decoding=\"async\" width=\"678\" height=\"452\" data-attachment-id=\"15806\" data-permalink=\"https:\/\/www.comuna13online.com.ar\/?attachment_id=15806\" data-orig-file=\"https:\/\/www.comuna13online.com.ar\/wp-content\/uploads\/2022\/07\/20220727a_01.jpg\" data-orig-size=\"678,452\" data-comments-opened=\"0\" data-image-meta=\"{&quot;aperture&quot;:&quot;0&quot;,&quot;credit&quot;:&quot;&quot;,&quot;camera&quot;:&quot;&quot;,&quot;caption&quot;:&quot;&quot;,&quot;created_timestamp&quot;:&quot;0&quot;,&quot;copyright&quot;:&quot;&quot;,&quot;focal_length&quot;:&quot;0&quot;,&quot;iso&quot;:&quot;0&quot;,&quot;shutter_speed&quot;:&quot;0&quot;,&quot;title&quot;:&quot;&quot;,&quot;orientation&quot;:&quot;0&quot;}\" data-image-title=\"20220727a_01\" data-image-description=\"\" data-image-caption=\"\" data-large-file=\"https:\/\/www.comuna13online.com.ar\/wp-content\/uploads\/2022\/07\/20220727a_01.jpg\" src=\"http:\/\/www.comuna13online.com.ar\/wp-content\/uploads\/2022\/07\/20220727a_01.jpg\" alt=\"\" class=\"wp-image-15806\" srcset=\"https:\/\/www.comuna13online.com.ar\/wp-content\/uploads\/2022\/07\/20220727a_01.jpg 678w, https:\/\/www.comuna13online.com.ar\/wp-content\/uploads\/2022\/07\/20220727a_01-272x182.jpg 272w\" sizes=\"auto, (max-width: 678px) 100vw, 678px\" \/><\/figure>\n\n\n\n<div style=\"height:10px\" aria-hidden=\"true\" class=\"wp-block-spacer\"><\/div>\n\n\n\n<p>La Noche de las Pe\u00f1as es el s\u00e1bado 30 de julio de 20 a 00 horas. Como una nueva iniciativa de las Noches BA, por primera vez,\u00a021 espacios que forman parte de nuestra identidad y nuestra cultura, abrir\u00e1n sus puertas de forma gratuita\u00a0para que vecinos y turistas disfruten de una programaci\u00f3n especial.<\/p>\n\n\n\n<p>Adem\u00e1s, el mismo s\u00e1bado 30 de julio a las 17 horas ser\u00e1 el evento inaugural en la Exposici\u00f3n Rural, que contar\u00e1 con la presentaci\u00f3n del conjunto Los Pampas, el Ballet Flor de Ceibo y el grupo de Recreacionistas criollos.<\/p>\n\n\n\n<p>Al respecto, la responsable de Proyectos Especiales de la Vicejefatura de la Ciudad, Veby Mart\u00ednez, detalla:\u00a0<em>\u201cLa Noche de Las Pe\u00f1as es una combinaci\u00f3n perfecta de una NocheBA: m\u00fasica, comida y tradici\u00f3n en un s\u00f3lo lugar, visibilizando la identidad del pa\u00eds en Buenos Aires, fomentando el trabajo y generando experiencias \u00fanicas\u201d.<\/em><\/p>\n\n\n\n<p>Los espacios fueron seleccionados a trav\u00e9s de una convocatoria que se realiz\u00f3 del 4 al 11 de julio y los ganadores recibieron un apoyo econ\u00f3mico para que esa noche ofrezcan como parte de su programaci\u00f3n actividades para toda la familia: pe\u00f1as, clases de folklore, shows en vivo y m\u00e1s.<\/p>\n\n\n\n<p><em>\u201cLas Noches BA siguen sumando propuestas a su grilla de eventos, y nos enorgullece mucho presentar esta Noche de las Pe\u00f1as, reivindicando la importancia del \u00e1mbito folkl\u00f3rico para la cultura porte\u00f1a\u201d<\/em>, coment\u00f3 Gast\u00f3n Corti, Secretario de Desarrollo Ciudadano.<\/p>\n\n\n\n<iframe loading=\"lazy\" width=\"678\" height=\"678\" src=\"https:\/\/epok.buenosaires.gob.ar\/pub\/mapa\/cultura\/penias\/\" frameborder=\"0\" allowfullscreen><\/iframe>\n\n\n\n<div style=\"height:30px\" aria-hidden=\"true\" class=\"wp-block-spacer\"><\/div>\n\n\n\n<div class=\"wp-block-pdf-viewer-block-standard\" style=\"text-align:left\"><div class=\"uploaded-pdf\"><a href=\"http:\/\/www.comuna13online.com.ar\/wp-content\/uploads\/2022\/07\/programacion.pdf\" data-width=\"\" data-height=\"\"><\/a><\/div><\/div>\n\n\n\n<p><a href=\"http:\/\/www.comuna13online.com.ar\/wp-content\/uploads\/2022\/07\/programacion.pdf\" target=\"_blank\" rel=\"noreferrer noopener\">Descargar PDF<\/a><\/p>\n","protected":false},"excerpt":{"rendered":"<div class=\"mh-excerpt\">Se llevara a cabo el s\u00e1bado 30 desde las 20 horas, en su primera edici\u00f3n, contar\u00e1 con 21 espacios que abrir\u00e1n sus puertas para ofrecer gratis una propuesta art\u00edstica especial. <a class=\"mh-excerpt-more\" href=\"https:\/\/www.comuna13online.com.ar\/?p=15804\" title=\"Se viene la Noche de las Pe\u00f1as en la Ciudad\">[&#8230;]<\/a><\/div>\n","protected":false},"author":1,"featured_media":15807,"comment_status":"closed","ping_status":"closed","sticky":false,"template":"","format":"standard","meta":{"_uag_custom_page_level_css":"","_jetpack_memberships_contains_paid_content":false,"footnotes":"","jetpack_publicize_message":"","jetpack_publicize_feature_enabled":true,"jetpack_social_post_already_shared":true,"jetpack_social_options":{"image_generator_settings":{"template":"highway","default_image_id":0,"font":"","enabled":false},"version":2}},"categories":[151],"tags":[250,296,98,71],"class_list":{"0":"post-15804","1":"post","2":"type-post","3":"status-publish","4":"format-standard","5":"has-post-thumbnail","7":"category-festivales","8":"tag-h2","9":"tag-h3","10":"tag-musica","11":"tag-tiempo-libre"},"jetpack_publicize_connections":[],"jetpack_featured_media_url":"https:\/\/www.comuna13online.com.ar\/wp-content\/uploads\/2022\/07\/20220727a_id.jpg","uagb_featured_image_src":{"full":["https:\/\/www.comuna13online.com.ar\/wp-content\/uploads\/2022\/07\/20220727a_id.jpg",678,452,false],"thumbnail":["https:\/\/www.comuna13online.com.ar\/wp-content\/uploads\/2022\/07\/20220727a_id.jpg",128,85,false],"medium":["https:\/\/www.comuna13online.com.ar\/wp-content\/uploads\/2022\/07\/20220727a_id.jpg",678,452,false],"medium_large":["https:\/\/www.comuna13online.com.ar\/wp-content\/uploads\/2022\/07\/20220727a_id.jpg",678,452,false],"large":["https:\/\/www.comuna13online.com.ar\/wp-content\/uploads\/2022\/07\/20220727a_id.jpg",678,452,false],"1536x1536":["https:\/\/www.comuna13online.com.ar\/wp-content\/uploads\/2022\/07\/20220727a_id.jpg",678,452,false],"2048x2048":["https:\/\/www.comuna13online.com.ar\/wp-content\/uploads\/2022\/07\/20220727a_id.jpg",678,452,false],"mh-magazine-slider":["https:\/\/www.comuna13online.com.ar\/wp-content\/uploads\/2022\/07\/20220727a_id-678x438.jpg",678,438,true],"mh-magazine-content":["https:\/\/www.comuna13online.com.ar\/wp-content\/uploads\/2022\/07\/20220727a_id-678x381.jpg",678,381,true],"mh-magazine-large":["https:\/\/www.comuna13online.com.ar\/wp-content\/uploads\/2022\/07\/20220727a_id.jpg",678,452,false],"mh-magazine-medium":["https:\/\/www.comuna13online.com.ar\/wp-content\/uploads\/2022\/07\/20220727a_id-326x245.jpg",326,245,true],"mh-magazine-small":["https:\/\/www.comuna13online.com.ar\/wp-content\/uploads\/2022\/07\/20220727a_id-80x60.jpg",80,60,true],"sow-carousel-default":["https:\/\/www.comuna13online.com.ar\/wp-content\/uploads\/2022\/07\/20220727a_id-272x182.jpg",272,182,true]},"uagb_author_info":{"display_name":"Comuna13","author_link":"https:\/\/www.comuna13online.com.ar\/?author=1"},"uagb_comment_info":0,"uagb_excerpt":"Se llevara a cabo el s\u00e1bado 30 desde las 20 horas, en su primera edici\u00f3n, contar\u00e1 con 21 espacios que abrir\u00e1n sus puertas para ofrecer gratis una propuesta art\u00edstica especial. [...]","jetpack_sharing_enabled":true,"_links":{"self":[{"href":"https:\/\/www.comuna13online.com.ar\/index.php?rest_route=\/wp\/v2\/posts\/15804","targetHints":{"allow":["GET"]}}],"collection":[{"href":"https:\/\/www.comuna13online.com.ar\/index.php?rest_route=\/wp\/v2\/posts"}],"about":[{"href":"https:\/\/www.comuna13online.com.ar\/index.php?rest_route=\/wp\/v2\/types\/post"}],"author":[{"embeddable":true,"href":"https:\/\/www.comuna13online.com.ar\/index.php?rest_route=\/wp\/v2\/users\/1"}],"replies":[{"embeddable":true,"href":"https:\/\/www.comuna13online.com.ar\/index.php?rest_route=%2Fwp%2Fv2%2Fcomments&post=15804"}],"version-history":[{"count":0,"href":"https:\/\/www.comuna13online.com.ar\/index.php?rest_route=\/wp\/v2\/posts\/15804\/revisions"}],"wp:featuredmedia":[{"embeddable":true,"href":"https:\/\/www.comuna13online.com.ar\/index.php?rest_route=\/wp\/v2\/media\/15807"}],"wp:attachment":[{"href":"https:\/\/www.comuna13online.com.ar\/index.php?rest_route=%2Fwp%2Fv2%2Fmedia&parent=15804"}],"wp:term":[{"taxonomy":"category","embeddable":true,"href":"https:\/\/www.comuna13online.com.ar\/index.php?rest_route=%2Fwp%2Fv2%2Fcategories&post=15804"},{"taxonomy":"post_tag","embeddable":true,"href":"https:\/\/www.comuna13online.com.ar\/index.php?rest_route=%2Fwp%2Fv2%2Ftags&post=15804"}],"curies":[{"name":"wp","href":"https:\/\/api.w.org\/{rel}","templated":true}]}}