{"id":15800,"date":"2022-07-26T08:34:00","date_gmt":"2022-07-26T11:34:00","guid":{"rendered":"http:\/\/www.comuna13online.com.ar\/?p=15800"},"modified":"2022-08-01T11:51:58","modified_gmt":"2022-08-01T14:51:58","slug":"subte-la-ciudad-definio-la-fecha-de-la-audiencia-publica-por-precio-del-pasaje","status":"publish","type":"post","link":"https:\/\/www.comuna13online.com.ar\/?p=15800","title":{"rendered":"Subte: La Ciudad defini\u00f3 la fecha de la audiencia p\u00fablica por precio del pasaje"},"content":{"rendered":"\n<p><strong>El Gobierno porte\u00f1o buscar\u00e1 llevar el precio del viaje en subterr\u00e1neo sea de 42 pesos, jubilados, pensionados, personas con discapacidad, personas trasplantadas y estudiantes primarios y secundarios seguir\u00e1n viajando gratis.<\/strong><\/p>\n\n\n\n<p>En l\u00ednea con la actualizaci\u00f3n tarifaria propuesta por el Gobierno nacional, el Gobierno de la Ciudad, a trav\u00e9s de Subterr\u00e1neos de Buenos Aires S. E. (SBASE), llaman a audiencia p\u00fablica para el 26 de agosto, a fin de tratar la tarifa t\u00e9cnica y aprobar la actualizaci\u00f3n de la tarifa usuario. La propuesta estipula que hacia fines de septiembre el precio del pasaje en subte sea de $42 y el del Premetro, de $15.<\/p>\n\n\n\n<figure class=\"wp-block-image size-full\"><img loading=\"lazy\" decoding=\"async\" width=\"678\" height=\"197\" data-attachment-id=\"15802\" data-permalink=\"https:\/\/www.comuna13online.com.ar\/?attachment_id=15802\" data-orig-file=\"https:\/\/www.comuna13online.com.ar\/wp-content\/uploads\/2022\/07\/20220726a_02.jpg\" data-orig-size=\"678,197\" data-comments-opened=\"0\" data-image-meta=\"{&quot;aperture&quot;:&quot;0&quot;,&quot;credit&quot;:&quot;&quot;,&quot;camera&quot;:&quot;&quot;,&quot;caption&quot;:&quot;&quot;,&quot;created_timestamp&quot;:&quot;0&quot;,&quot;copyright&quot;:&quot;&quot;,&quot;focal_length&quot;:&quot;0&quot;,&quot;iso&quot;:&quot;0&quot;,&quot;shutter_speed&quot;:&quot;0&quot;,&quot;title&quot;:&quot;&quot;,&quot;orientation&quot;:&quot;0&quot;}\" data-image-title=\"20220726a_02\" data-image-description=\"\" data-image-caption=\"\" data-large-file=\"https:\/\/www.comuna13online.com.ar\/wp-content\/uploads\/2022\/07\/20220726a_02.jpg\" src=\"http:\/\/www.comuna13online.com.ar\/wp-content\/uploads\/2022\/07\/20220726a_02.jpg\" alt=\"\" class=\"wp-image-15802\"\/><\/figure>\n\n\n\n<p>La audiencia se realizar\u00e1 de manera virtual el viernes 26 de agosto a las 12 horas, los interesados en participar y en acceder a la documentaci\u00f3n de los componentes de la tarifa t\u00e9cnica podr\u00e1n inscribirse desde el 29 de julio al 22 de agosto enviando un correo electr\u00f3nico a audienciaspublicas@buenosaires.gob.ar o llamando al 1153268471, de lunes a viernes de 11 h a 16 horas.<\/p>\n\n\n\n<p>La actualizaci\u00f3n responde a la variaci\u00f3n de la tarifa t\u00e9cnica que refleja el costo de la explotaci\u00f3n del servicio. La actual tarifa usuario de $30 corresponde a la tarifa t\u00e9cnica calculada en octubre de 2020 y, desde entonces, los costos de explotaci\u00f3n se incrementaron un 159%. Esta situaci\u00f3n sumada a la ca\u00edda de la demanda como consecuencia de la pandemia &#8211; actualmente, se est\u00e1 alrededor del 70% de la cantidad de pasajeros de 2019 &#8211; hace necesario ajustar el boleto para garantizar el buen funcionamiento del servicio y orientarse a un sistema de transporte p\u00fablico sustentable. En ese sentido, cabe se\u00f1alar que el a\u00f1o pasado, con la venta de pasajes, se cubri\u00f3 solo el 8% y hoy representa solo el 14%.<\/p>\n\n\n\n<p>Por un lado, <strong>continuar\u00e1 vigente el descuento de la RED SUBE<\/strong> y el <strong>beneficio para pasajeros frecuentes<\/strong>, con descuentos de 20%, 30% y 40% una vez que se superen los 20, 30 o 40 viajes mensuales respectivamente.<\/p>\n\n\n\n<figure class=\"wp-block-image size-full\"><img loading=\"lazy\" decoding=\"async\" width=\"678\" height=\"452\" data-attachment-id=\"15801\" data-permalink=\"https:\/\/www.comuna13online.com.ar\/?attachment_id=15801\" data-orig-file=\"https:\/\/www.comuna13online.com.ar\/wp-content\/uploads\/2022\/07\/20220726a_03.jpg\" data-orig-size=\"678,452\" data-comments-opened=\"0\" data-image-meta=\"{&quot;aperture&quot;:&quot;0&quot;,&quot;credit&quot;:&quot;&quot;,&quot;camera&quot;:&quot;&quot;,&quot;caption&quot;:&quot;&quot;,&quot;created_timestamp&quot;:&quot;0&quot;,&quot;copyright&quot;:&quot;&quot;,&quot;focal_length&quot;:&quot;0&quot;,&quot;iso&quot;:&quot;0&quot;,&quot;shutter_speed&quot;:&quot;0&quot;,&quot;title&quot;:&quot;&quot;,&quot;orientation&quot;:&quot;0&quot;}\" data-image-title=\"20220726a_03\" data-image-description=\"\" data-image-caption=\"\" data-large-file=\"https:\/\/www.comuna13online.com.ar\/wp-content\/uploads\/2022\/07\/20220726a_03.jpg\" src=\"http:\/\/www.comuna13online.com.ar\/wp-content\/uploads\/2022\/07\/20220726a_03.jpg\" alt=\"\" class=\"wp-image-15801\" srcset=\"https:\/\/www.comuna13online.com.ar\/wp-content\/uploads\/2022\/07\/20220726a_03.jpg 678w, https:\/\/www.comuna13online.com.ar\/wp-content\/uploads\/2022\/07\/20220726a_03-272x182.jpg 272w\" sizes=\"auto, (max-width: 678px) 100vw, 678px\" \/><\/figure>\n\n\n\n<p><strong>Adem\u00e1s, se mantendr\u00e1n los pases gratuitos para jubilados y pensionados, para personas con discapacidad, para personas trasplantadas y en lista de espera y estudiantes de nivel primario y secundario.<\/strong><\/p>\n\n\n\n<p>Tambi\u00e9n continuar\u00e1n los abonos social, maestro y estudiantil, para alumnos de escuelas secundarias y terciarias. El abono social est\u00e1 destinado a beneficiarios de planes sociales administrados por el Gobierno de la Ciudad de Buenos Aires, del programa Ciudadan\u00eda Porte\u00f1a; beneficiarios del Plan Jefes y Jefas de Hogar; personas en situaci\u00f3n de desempleo cr\u00f3nico o recurrente; personas que acrediten poseer ingresos familiares que se encuentren por debajo de la canasta b\u00e1sica familiar que publica el INDEC; personas que acrediten encontrarse en situaci\u00f3n de indigencia; beneficiarios del subsidio por la tragedia de Croma\u00f1\u00f3n; excombatientes de Malvinas; aquellos grupos identificados por normas vigentes de la Ciudad de Buenos Aires con necesidades especiales o en situaci\u00f3n de alta vulnerabilidad social.<\/p>\n\n\n\n<p><\/p>\n","protected":false},"excerpt":{"rendered":"<div class=\"mh-excerpt\">El Gobierno porte\u00f1o buscar\u00e1 llevar el precio del viaje en subterr\u00e1neo sea de 42 pesos, jubilados, pensionados, personas con discapacidad, personas trasplantadas y estudiantes primarios y secundarios seguir\u00e1n viajando gratis. <a class=\"mh-excerpt-more\" href=\"https:\/\/www.comuna13online.com.ar\/?p=15800\" title=\"Subte: La Ciudad defini\u00f3 la fecha de la audiencia p\u00fablica por precio del pasaje\">[&#8230;]<\/a><\/div>\n","protected":false},"author":1,"featured_media":12965,"comment_status":"closed","ping_status":"closed","sticky":false,"template":"","format":"standard","meta":{"_uag_custom_page_level_css":"","_jetpack_memberships_contains_paid_content":false,"footnotes":"","jetpack_publicize_message":"","jetpack_publicize_feature_enabled":true,"jetpack_social_post_already_shared":true,"jetpack_social_options":{"image_generator_settings":{"template":"highway","default_image_id":0,"font":"","enabled":false},"version":2}},"categories":[14],"tags":[250,296,16,56,15],"class_list":{"0":"post-15800","1":"post","2":"type-post","3":"status-publish","4":"format-standard","5":"has-post-thumbnail","7":"category-subte","8":"tag-h2","9":"tag-h3","10":"tag-subte","11":"tag-tarifas","12":"tag-transporte"},"jetpack_publicize_connections":[],"jetpack_featured_media_url":"https:\/\/www.comuna13online.com.ar\/wp-content\/uploads\/2021\/03\/210319a-id.jpg","uagb_featured_image_src":{"full":["https:\/\/www.comuna13online.com.ar\/wp-content\/uploads\/2021\/03\/210319a-id.jpg",678,452,false],"thumbnail":["https:\/\/www.comuna13online.com.ar\/wp-content\/uploads\/2021\/03\/210319a-id.jpg",128,85,false],"medium":["https:\/\/www.comuna13online.com.ar\/wp-content\/uploads\/2021\/03\/210319a-id.jpg",678,452,false],"medium_large":["https:\/\/www.comuna13online.com.ar\/wp-content\/uploads\/2021\/03\/210319a-id.jpg",678,452,false],"large":["https:\/\/www.comuna13online.com.ar\/wp-content\/uploads\/2021\/03\/210319a-id.jpg",678,452,false],"1536x1536":["https:\/\/www.comuna13online.com.ar\/wp-content\/uploads\/2021\/03\/210319a-id.jpg",678,452,false],"2048x2048":["https:\/\/www.comuna13online.com.ar\/wp-content\/uploads\/2021\/03\/210319a-id.jpg",678,452,false],"mh-magazine-slider":["https:\/\/www.comuna13online.com.ar\/wp-content\/uploads\/2021\/03\/210319a-id-678x438.jpg",678,438,true],"mh-magazine-content":["https:\/\/www.comuna13online.com.ar\/wp-content\/uploads\/2021\/03\/210319a-id-678x381.jpg",678,381,true],"mh-magazine-large":["https:\/\/www.comuna13online.com.ar\/wp-content\/uploads\/2021\/03\/210319a-id.jpg",678,452,false],"mh-magazine-medium":["https:\/\/www.comuna13online.com.ar\/wp-content\/uploads\/2021\/03\/210319a-id-326x245.jpg",326,245,true],"mh-magazine-small":["https:\/\/www.comuna13online.com.ar\/wp-content\/uploads\/2021\/03\/210319a-id-80x60.jpg",80,60,true],"sow-carousel-default":["https:\/\/www.comuna13online.com.ar\/wp-content\/uploads\/2021\/03\/210319a-id-272x182.jpg",272,182,true]},"uagb_author_info":{"display_name":"Comuna13","author_link":"https:\/\/www.comuna13online.com.ar\/?author=1"},"uagb_comment_info":0,"uagb_excerpt":"El Gobierno porte\u00f1o buscar\u00e1 llevar el precio del viaje en subterr\u00e1neo sea de 42 pesos, jubilados, pensionados, personas con discapacidad, personas trasplantadas y estudiantes primarios y secundarios seguir\u00e1n viajando gratis. [...]","jetpack_sharing_enabled":true,"_links":{"self":[{"href":"https:\/\/www.comuna13online.com.ar\/index.php?rest_route=\/wp\/v2\/posts\/15800","targetHints":{"allow":["GET"]}}],"collection":[{"href":"https:\/\/www.comuna13online.com.ar\/index.php?rest_route=\/wp\/v2\/posts"}],"about":[{"href":"https:\/\/www.comuna13online.com.ar\/index.php?rest_route=\/wp\/v2\/types\/post"}],"author":[{"embeddable":true,"href":"https:\/\/www.comuna13online.com.ar\/index.php?rest_route=\/wp\/v2\/users\/1"}],"replies":[{"embeddable":true,"href":"https:\/\/www.comuna13online.com.ar\/index.php?rest_route=%2Fwp%2Fv2%2Fcomments&post=15800"}],"version-history":[{"count":0,"href":"https:\/\/www.comuna13online.com.ar\/index.php?rest_route=\/wp\/v2\/posts\/15800\/revisions"}],"wp:featuredmedia":[{"embeddable":true,"href":"https:\/\/www.comuna13online.com.ar\/index.php?rest_route=\/wp\/v2\/media\/12965"}],"wp:attachment":[{"href":"https:\/\/www.comuna13online.com.ar\/index.php?rest_route=%2Fwp%2Fv2%2Fmedia&parent=15800"}],"wp:term":[{"taxonomy":"category","embeddable":true,"href":"https:\/\/www.comuna13online.com.ar\/index.php?rest_route=%2Fwp%2Fv2%2Fcategories&post=15800"},{"taxonomy":"post_tag","embeddable":true,"href":"https:\/\/www.comuna13online.com.ar\/index.php?rest_route=%2Fwp%2Fv2%2Ftags&post=15800"}],"curies":[{"name":"wp","href":"https:\/\/api.w.org\/{rel}","templated":true}]}}