{"id":15779,"date":"2022-07-22T09:35:38","date_gmt":"2022-07-22T12:35:38","guid":{"rendered":"http:\/\/www.comuna13online.com.ar\/?p=15779"},"modified":"2022-07-22T09:35:41","modified_gmt":"2022-07-22T12:35:41","slug":"la-ciudad-estudia-aumentar-la-tarifa-del-subte-un-40","status":"publish","type":"post","link":"https:\/\/www.comuna13online.com.ar\/?p=15779","title":{"rendered":"La Ciudad estudia aumentar la tarifa del Subte un 40%"},"content":{"rendered":"\n<p><strong>Tras el incremento del 40% en el boleto de trenes y colectivos del AMBA anunciado por el Gobierno Nacional, el ejecutivo porte\u00f1o analiza implementar un aumento similar al subterr\u00e1neos.<\/strong><\/p>\n\n\n\n<div style=\"height:10px\" aria-hidden=\"true\" class=\"wp-block-spacer\"><\/div>\n\n\n\n<figure class=\"wp-block-image size-mh-magazine-content\"><img loading=\"lazy\" decoding=\"async\" width=\"678\" height=\"381\" data-attachment-id=\"4623\" data-permalink=\"https:\/\/www.comuna13online.com.ar\/?attachment_id=4623\" data-orig-file=\"https:\/\/www.comuna13online.com.ar\/wp-content\/uploads\/2019\/03\/20190306d.jpg\" data-orig-size=\"1030,438\" data-comments-opened=\"0\" data-image-meta=\"{&quot;aperture&quot;:&quot;0&quot;,&quot;credit&quot;:&quot;&quot;,&quot;camera&quot;:&quot;&quot;,&quot;caption&quot;:&quot;&quot;,&quot;created_timestamp&quot;:&quot;0&quot;,&quot;copyright&quot;:&quot;&quot;,&quot;focal_length&quot;:&quot;0&quot;,&quot;iso&quot;:&quot;0&quot;,&quot;shutter_speed&quot;:&quot;0&quot;,&quot;title&quot;:&quot;&quot;,&quot;orientation&quot;:&quot;0&quot;}\" data-image-title=\"20190306d\" data-image-description=\"\" data-image-caption=\"\" data-large-file=\"https:\/\/www.comuna13online.com.ar\/wp-content\/uploads\/2019\/03\/20190306d.jpg\" src=\"http:\/\/www.comuna13online.com.ar\/wp-content\/uploads\/2019\/03\/20190306d-678x381.jpg\" alt=\"\" class=\"wp-image-4623\"\/><\/figure>\n\n\n\n<div style=\"height:10px\" aria-hidden=\"true\" class=\"wp-block-spacer\"><\/div>\n\n\n\n<p>El Gobierno de la Ciudad buscar\u00e1 incrementar el valor del pasaje del subterr\u00e1neo en un 40%, la medida se da en consonancia con la decisi\u00f3n del Ministerio de Transporte de la Naci\u00f3n que anunci\u00f3 un aumento de los servicios de trenes y colectivos en el \u00c1rea Metropolitana de Buenos Aires.<\/p>\n\n\n\n<p><strong><em>\u201cEstamos arrancando el proceso administrativo para un aumento del orden del 40% en l\u00ednea con el anuncio de esta ma\u00f1ana\u201d<\/em><\/strong>, expres\u00f3 a T\u00e9lam una fuente oficial del gobierno de la Ciudad, qui\u00e9n adem\u00e1s precis\u00f3 que <em>\u201ca\u00fan no est\u00e1 definida la fecha\u201d<\/em> en que se implementar\u00e1 la suba, pero <strong>ser\u00e1 \u201cdespu\u00e9s de agosto\u201d<\/strong>.<\/p>\n\n\n\n<p>Para hacer efectivo el aumento, el Gobierno de la Ciudad primero deber\u00e1 convocar previamente a una audiencia p\u00fablica obligatoria, donde deber\u00e1 exponer los argumentos de la medida.<\/p>\n\n\n\n<p>De concretarse, es boleto de subte pasar\u00e1 de 30 a 42 pesos. El \u00faltimo aumento en la tarifa del subterr\u00e1neo fue del 25% en abril del 2021, el pasaje pas\u00f3 de 25,50 a 30 pesos.<\/p>\n\n\n\n<div style=\"height:15px\" aria-hidden=\"true\" class=\"wp-block-spacer\"><\/div>\n\n\n\n<h4 class=\"wp-block-heading\">Aumento del servicio de trenes y colectivos en el AMBA<\/h4>\n\n\n\n<p>El Gobierno Nacional public\u00f3 en el Bolet\u00edn Oficial los cambios tarifarias estipulados para el servicio de transporte p\u00fablico de colectivos y trenes del \u00c1rea Metropolitana de Buenos Aires.<\/p>\n\n\n\n<p>En el caso de los colectivos el pasaje m\u00ednimo ser\u00e1 de $25,25 si el recorrido es hasta 3 kil\u00f3metros; $ 28 para una distancia entre 3 y 6 kil\u00f3metros; $ 29,40 entre 6 y 12 kil\u00f3metros; $ 30,80 entre 12 y 27 kil\u00f3metros; y $ 32,20 si el recorrido supera los 27 kil\u00f3metros.<\/p>\n\n\n\n<p>En relaci\u00f3n a los servicios ferroviarios del AMBA, el proyecto propone como boletos m\u00ednimos con tarjeta SUBE los siguientes montos: $ 17,25 para las l\u00edneas Mitre, Sarmiento y San Mart\u00edn; $ 11,25 para la Urquiza; $ 10,75 para Roca y Belgrano Sur; y $ 9,50 para la Belgrano Norte.<\/p>\n","protected":false},"excerpt":{"rendered":"<div class=\"mh-excerpt\">Tras el incremento del 40% en el boleto de trenes y colectivos del AMBA anunciado por el Gobierno Nacional, el ejecutivo porte\u00f1o analiza implementar un aumento similar al subterr\u00e1neos. El <a class=\"mh-excerpt-more\" href=\"https:\/\/www.comuna13online.com.ar\/?p=15779\" title=\"La Ciudad estudia aumentar la tarifa del Subte un 40%\">[&#8230;]<\/a><\/div>\n","protected":false},"author":1,"featured_media":6801,"comment_status":"closed","ping_status":"closed","sticky":false,"template":"","format":"standard","meta":{"_uag_custom_page_level_css":"","_jetpack_memberships_contains_paid_content":false,"footnotes":"","jetpack_publicize_message":"","jetpack_publicize_feature_enabled":true,"jetpack_social_post_already_shared":true,"jetpack_social_options":{"image_generator_settings":{"template":"highway","default_image_id":0,"font":"","enabled":false},"version":2}},"categories":[14,13],"tags":[250,296,16,15],"class_list":{"0":"post-15779","1":"post","2":"type-post","3":"status-publish","4":"format-standard","5":"has-post-thumbnail","7":"category-subte","8":"category-transporte","9":"tag-h2","10":"tag-h3","11":"tag-subte","12":"tag-transporte"},"jetpack_publicize_connections":[],"jetpack_featured_media_url":"https:\/\/www.comuna13online.com.ar\/wp-content\/uploads\/2019\/09\/20190911c.jpg","uagb_featured_image_src":{"full":["https:\/\/www.comuna13online.com.ar\/wp-content\/uploads\/2019\/09\/20190911c.jpg",1030,438,false],"thumbnail":["https:\/\/www.comuna13online.com.ar\/wp-content\/uploads\/2019\/09\/20190911c-150x150.jpg",96,96,true],"medium":["https:\/\/www.comuna13online.com.ar\/wp-content\/uploads\/2019\/09\/20190911c-678x288.jpg",678,288,true],"medium_large":["https:\/\/www.comuna13online.com.ar\/wp-content\/uploads\/2019\/09\/20190911c-768x327.jpg",768,327,true],"large":["https:\/\/www.comuna13online.com.ar\/wp-content\/uploads\/2019\/09\/20190911c.jpg",1030,438,false],"1536x1536":["https:\/\/www.comuna13online.com.ar\/wp-content\/uploads\/2019\/09\/20190911c.jpg",1030,438,false],"2048x2048":["https:\/\/www.comuna13online.com.ar\/wp-content\/uploads\/2019\/09\/20190911c.jpg",1030,438,false],"mh-magazine-slider":["https:\/\/www.comuna13online.com.ar\/wp-content\/uploads\/2019\/09\/20190911c.jpg",1030,438,false],"mh-magazine-content":["https:\/\/www.comuna13online.com.ar\/wp-content\/uploads\/2019\/09\/20190911c-678x381.jpg",678,381,true],"mh-magazine-large":["https:\/\/www.comuna13online.com.ar\/wp-content\/uploads\/2019\/09\/20190911c-678x438.jpg",678,438,true],"mh-magazine-medium":["https:\/\/www.comuna13online.com.ar\/wp-content\/uploads\/2019\/09\/20190911c-326x245.jpg",326,245,true],"mh-magazine-small":["https:\/\/www.comuna13online.com.ar\/wp-content\/uploads\/2019\/09\/20190911c-80x60.jpg",80,60,true],"sow-carousel-default":["https:\/\/www.comuna13online.com.ar\/wp-content\/uploads\/2019\/09\/20190911c-272x182.jpg",272,182,true]},"uagb_author_info":{"display_name":"Comuna13","author_link":"https:\/\/www.comuna13online.com.ar\/?author=1"},"uagb_comment_info":0,"uagb_excerpt":"Tras el incremento del 40% en el boleto de trenes y colectivos del AMBA anunciado por el Gobierno Nacional, el ejecutivo porte\u00f1o analiza implementar un aumento similar al subterr\u00e1neos. El [...]","jetpack_sharing_enabled":true,"_links":{"self":[{"href":"https:\/\/www.comuna13online.com.ar\/index.php?rest_route=\/wp\/v2\/posts\/15779","targetHints":{"allow":["GET"]}}],"collection":[{"href":"https:\/\/www.comuna13online.com.ar\/index.php?rest_route=\/wp\/v2\/posts"}],"about":[{"href":"https:\/\/www.comuna13online.com.ar\/index.php?rest_route=\/wp\/v2\/types\/post"}],"author":[{"embeddable":true,"href":"https:\/\/www.comuna13online.com.ar\/index.php?rest_route=\/wp\/v2\/users\/1"}],"replies":[{"embeddable":true,"href":"https:\/\/www.comuna13online.com.ar\/index.php?rest_route=%2Fwp%2Fv2%2Fcomments&post=15779"}],"version-history":[{"count":0,"href":"https:\/\/www.comuna13online.com.ar\/index.php?rest_route=\/wp\/v2\/posts\/15779\/revisions"}],"wp:featuredmedia":[{"embeddable":true,"href":"https:\/\/www.comuna13online.com.ar\/index.php?rest_route=\/wp\/v2\/media\/6801"}],"wp:attachment":[{"href":"https:\/\/www.comuna13online.com.ar\/index.php?rest_route=%2Fwp%2Fv2%2Fmedia&parent=15779"}],"wp:term":[{"taxonomy":"category","embeddable":true,"href":"https:\/\/www.comuna13online.com.ar\/index.php?rest_route=%2Fwp%2Fv2%2Fcategories&post=15779"},{"taxonomy":"post_tag","embeddable":true,"href":"https:\/\/www.comuna13online.com.ar\/index.php?rest_route=%2Fwp%2Fv2%2Ftags&post=15779"}],"curies":[{"name":"wp","href":"https:\/\/api.w.org\/{rel}","templated":true}]}}