{"id":15754,"date":"2022-07-19T16:47:26","date_gmt":"2022-07-19T19:47:26","guid":{"rendered":"http:\/\/www.comuna13online.com.ar\/?p=15754"},"modified":"2022-07-19T16:47:31","modified_gmt":"2022-07-19T19:47:31","slug":"amparo-busca-frenar-la-construccion-de-torres-en-el-barrio-river","status":"publish","type":"post","link":"https:\/\/www.comuna13online.com.ar\/?p=15754","title":{"rendered":"Amparo busca frenar la construcci\u00f3n de torres en el \u00abBarrio River\u00bb"},"content":{"rendered":"\n<p><strong>El Observatorio del Derecho a la Ciudad\u00a0denunci\u00f3 un \u201caumento indiscriminado de la capacidad constructiva cuyo \u00fanico fin es recaudatorio\u201d en\u00a0un \u201cbarrio que a\u00fan conserva identidad y tranquilidad\u201d.<\/strong><\/p>\n\n\n\n<div style=\"height:10px\" aria-hidden=\"true\" class=\"wp-block-spacer\"><\/div>\n\n\n\n<figure class=\"wp-block-image size-full\"><img loading=\"lazy\" decoding=\"async\" width=\"678\" height=\"452\" data-attachment-id=\"15755\" data-permalink=\"https:\/\/www.comuna13online.com.ar\/?attachment_id=15755\" data-orig-file=\"https:\/\/www.comuna13online.com.ar\/wp-content\/uploads\/2022\/07\/20220720b_01.jpg\" data-orig-size=\"678,452\" data-comments-opened=\"0\" data-image-meta=\"{&quot;aperture&quot;:&quot;0&quot;,&quot;credit&quot;:&quot;&quot;,&quot;camera&quot;:&quot;&quot;,&quot;caption&quot;:&quot;&quot;,&quot;created_timestamp&quot;:&quot;0&quot;,&quot;copyright&quot;:&quot;&quot;,&quot;focal_length&quot;:&quot;0&quot;,&quot;iso&quot;:&quot;0&quot;,&quot;shutter_speed&quot;:&quot;0&quot;,&quot;title&quot;:&quot;&quot;,&quot;orientation&quot;:&quot;0&quot;}\" data-image-title=\"20220720b_01\" data-image-description=\"\" data-image-caption=\"\" data-large-file=\"https:\/\/www.comuna13online.com.ar\/wp-content\/uploads\/2022\/07\/20220720b_01.jpg\" src=\"http:\/\/www.comuna13online.com.ar\/wp-content\/uploads\/2022\/07\/20220720b_01.jpg\" alt=\"\" class=\"wp-image-15755\" srcset=\"https:\/\/www.comuna13online.com.ar\/wp-content\/uploads\/2022\/07\/20220720b_01.jpg 678w, https:\/\/www.comuna13online.com.ar\/wp-content\/uploads\/2022\/07\/20220720b_01-272x182.jpg 272w\" sizes=\"auto, (max-width: 678px) 100vw, 678px\" \/><\/figure>\n\n\n\n<div style=\"height:10px\" aria-hidden=\"true\" class=\"wp-block-spacer\"><\/div>\n\n\n\n<p>El&nbsp;<strong>Observatorio del Derecho a la Ciudad<\/strong>&nbsp;present\u00f3 un amparo contra el Gobierno porte\u00f1o para&nbsp;<strong>impedir que se construyan torres en Parque General Belgrano<\/strong>, conocido como \u00abBarrio River\u00bb, luego de la entrada en vigencia de una normativa urban\u00edstica, impulsada por el oficialismo, que increment\u00f3 \u00abentre un 300% y 400% la capacidad constructiva\u00bb en una zona de casas bajas.<\/p>\n\n\n\n<p>Puntualmente, el tr\u00e1mite contra la administraci\u00f3n de\u00a0<strong>Horacio Rodr\u00edguez Larreta\u00a0<\/strong>solicita la \u201cinconstitucionalidad y nulidad de la actual regulaci\u00f3n urban\u00edstica\u201d para el pol\u00edgono que comprende\u00a0<strong>37 manzanas<\/strong>, delimitado por las avenidas Del Libertador, Guillermo Udaondo, Presidente Figueroa Alcorta, y las calles S\u00e1enz Valiente y Eduardo Romero.<\/p>\n\n\n\n<p>En rigor, la normativa vigente surgi\u00f3 del reemplazo del C\u00f3digo de Planeamiento Urbano por el C\u00f3digo Urban\u00edstico, un cambio que estuvo a cargo de la Legislatura porte\u00f1a a instancias de una propuesta del Gobierno local, lo que ampli\u00f3 la capacidad constructiva en forma gen\u00e9rica en toda la Ciudad de Buenos Aires.<\/p>\n\n\n\n<p>Seg\u00fan aseguraron en el amparo, \u201ceste aumento indiscriminado de la capacidad constructiva cuyo \u00fanico fin es recaudatorio y estimular el marcado inmobiliario, fomenta la demolici\u00f3n de numerosas casonas con incre\u00edbles parques, con el objeto de promover construcciones rentables en\u00a0<strong>un barrio que a\u00fan conserva identidad y tranquilidad<\/strong>\u201d.<\/p>\n\n\n\n<p>\u201cComo consecuencia de estos cambios de normativa urban\u00edstica,\u00a0<strong>se increment\u00f3 la posibilidad de ocupaci\u00f3n de la parcela y su capacidad constructiva entre un 300% y un 400%<\/strong>, generando un proceso acelerado de renovaci\u00f3n inmobiliaria y urbana, que viola la protecci\u00f3n que dispone el Plan Urbano Ambiental para los sectores residenciales de casas bajas\u201d, agregaron.<\/p>\n\n\n\n<p>Por ello, adem\u00e1s de pedir la nulidad de la ley para el \u00abBarrio River\u00bb, tambi\u00e9n solicitaron que se retrotraiga los par\u00e1metros urban\u00edsticos anteriores y que se suspenda la entrega de permisos de obra, as\u00ed como la ejecuci\u00f3n de nuevos emprendimientos en el pol\u00edgono se\u00f1alado.<\/p>\n\n\n\n<p>En consonancia con el amparo, la&nbsp;<strong>Asociaci\u00f3n Vecinal de Fomento Barrio Parque General Belgrano<\/strong>&nbsp;present\u00f3 un proyecto en la&nbsp;<strong>Legislatura&nbsp;<\/strong>porte\u00f1a, que fue tomado por la diputada del Frente de Todos&nbsp;<strong>Claudia Neira<\/strong>, para fijar en 9 metros el tope de alturas para las construcciones en la zona.<\/p>\n\n\n\n<p>\u201cEl motor fundamental de esta propuesta son los vecinos y vecinas que se est\u00e1n expresando de modo rotundamente negativo respecto a las obras y nuevos proyectos que se est\u00e1n desarrollando en el barrio\u201d, explicaron respecto de su iniciativa.<\/p>\n\n\n\n<p>Y se\u00f1alaron que la posibilidad que surjan edificaciones en altura \u201cperjudican de modo directo a los predios linderos, afectados por la privaci\u00f3n de asoleamiento, luz, aire, paisaje y desvalorizaci\u00f3n de la propiedad\u201d.<\/p>\n\n\n\n<div style=\"height:14px\" aria-hidden=\"true\" class=\"wp-block-spacer\"><\/div>\n\n\n\n<p class=\"has-text-align-right\"><sub>Fuente: <strong><em>Telam<\/em><\/strong><\/sub><\/p>\n","protected":false},"excerpt":{"rendered":"<div class=\"mh-excerpt\">El Observatorio del Derecho a la Ciudad\u00a0denunci\u00f3 un \u201caumento indiscriminado de la capacidad constructiva cuyo \u00fanico fin es recaudatorio\u201d en\u00a0un \u201cbarrio que a\u00fan conserva identidad y tranquilidad\u201d. El&nbsp;Observatorio del Derecho <a class=\"mh-excerpt-more\" href=\"https:\/\/www.comuna13online.com.ar\/?p=15754\" title=\"Amparo busca frenar la construcci\u00f3n de torres en el \u00abBarrio River\u00bb\">[&#8230;]<\/a><\/div>\n","protected":false},"author":1,"featured_media":15756,"comment_status":"closed","ping_status":"closed","sticky":false,"template":"","format":"standard","meta":{"_uag_custom_page_level_css":"","_jetpack_memberships_contains_paid_content":false,"footnotes":"","jetpack_publicize_message":"","jetpack_publicize_feature_enabled":true,"jetpack_social_post_already_shared":true,"jetpack_social_options":{"image_generator_settings":{"template":"highway","default_image_id":0,"font":"","enabled":false},"version":2}},"categories":[4],"tags":[19,66,250,296,108],"class_list":{"0":"post-15754","1":"post","2":"type-post","3":"status-publish","4":"format-standard","5":"has-post-thumbnail","7":"category-justicia","8":"tag-comuna-13","9":"tag-desarrollo-urbano","10":"tag-h2","11":"tag-h3","12":"tag-justicia"},"jetpack_publicize_connections":[],"jetpack_featured_media_url":"https:\/\/www.comuna13online.com.ar\/wp-content\/uploads\/2022\/07\/20220720b_id.jpg","uagb_featured_image_src":{"full":["https:\/\/www.comuna13online.com.ar\/wp-content\/uploads\/2022\/07\/20220720b_id.jpg",678,452,false],"thumbnail":["https:\/\/www.comuna13online.com.ar\/wp-content\/uploads\/2022\/07\/20220720b_id.jpg",128,85,false],"medium":["https:\/\/www.comuna13online.com.ar\/wp-content\/uploads\/2022\/07\/20220720b_id.jpg",678,452,false],"medium_large":["https:\/\/www.comuna13online.com.ar\/wp-content\/uploads\/2022\/07\/20220720b_id.jpg",678,452,false],"large":["https:\/\/www.comuna13online.com.ar\/wp-content\/uploads\/2022\/07\/20220720b_id.jpg",678,452,false],"1536x1536":["https:\/\/www.comuna13online.com.ar\/wp-content\/uploads\/2022\/07\/20220720b_id.jpg",678,452,false],"2048x2048":["https:\/\/www.comuna13online.com.ar\/wp-content\/uploads\/2022\/07\/20220720b_id.jpg",678,452,false],"mh-magazine-slider":["https:\/\/www.comuna13online.com.ar\/wp-content\/uploads\/2022\/07\/20220720b_id-678x438.jpg",678,438,true],"mh-magazine-content":["https:\/\/www.comuna13online.com.ar\/wp-content\/uploads\/2022\/07\/20220720b_id-678x381.jpg",678,381,true],"mh-magazine-large":["https:\/\/www.comuna13online.com.ar\/wp-content\/uploads\/2022\/07\/20220720b_id.jpg",678,452,false],"mh-magazine-medium":["https:\/\/www.comuna13online.com.ar\/wp-content\/uploads\/2022\/07\/20220720b_id-326x245.jpg",326,245,true],"mh-magazine-small":["https:\/\/www.comuna13online.com.ar\/wp-content\/uploads\/2022\/07\/20220720b_id-80x60.jpg",80,60,true],"sow-carousel-default":["https:\/\/www.comuna13online.com.ar\/wp-content\/uploads\/2022\/07\/20220720b_id-272x182.jpg",272,182,true]},"uagb_author_info":{"display_name":"Comuna13","author_link":"https:\/\/www.comuna13online.com.ar\/?author=1"},"uagb_comment_info":0,"uagb_excerpt":"El Observatorio del Derecho a la Ciudad\u00a0denunci\u00f3 un \u201caumento indiscriminado de la capacidad constructiva cuyo \u00fanico fin es recaudatorio\u201d en\u00a0un \u201cbarrio que a\u00fan conserva identidad y tranquilidad\u201d. El&nbsp;Observatorio del Derecho [...]","jetpack_sharing_enabled":true,"_links":{"self":[{"href":"https:\/\/www.comuna13online.com.ar\/index.php?rest_route=\/wp\/v2\/posts\/15754","targetHints":{"allow":["GET"]}}],"collection":[{"href":"https:\/\/www.comuna13online.com.ar\/index.php?rest_route=\/wp\/v2\/posts"}],"about":[{"href":"https:\/\/www.comuna13online.com.ar\/index.php?rest_route=\/wp\/v2\/types\/post"}],"author":[{"embeddable":true,"href":"https:\/\/www.comuna13online.com.ar\/index.php?rest_route=\/wp\/v2\/users\/1"}],"replies":[{"embeddable":true,"href":"https:\/\/www.comuna13online.com.ar\/index.php?rest_route=%2Fwp%2Fv2%2Fcomments&post=15754"}],"version-history":[{"count":0,"href":"https:\/\/www.comuna13online.com.ar\/index.php?rest_route=\/wp\/v2\/posts\/15754\/revisions"}],"wp:featuredmedia":[{"embeddable":true,"href":"https:\/\/www.comuna13online.com.ar\/index.php?rest_route=\/wp\/v2\/media\/15756"}],"wp:attachment":[{"href":"https:\/\/www.comuna13online.com.ar\/index.php?rest_route=%2Fwp%2Fv2%2Fmedia&parent=15754"}],"wp:term":[{"taxonomy":"category","embeddable":true,"href":"https:\/\/www.comuna13online.com.ar\/index.php?rest_route=%2Fwp%2Fv2%2Fcategories&post=15754"},{"taxonomy":"post_tag","embeddable":true,"href":"https:\/\/www.comuna13online.com.ar\/index.php?rest_route=%2Fwp%2Fv2%2Ftags&post=15754"}],"curies":[{"name":"wp","href":"https:\/\/api.w.org\/{rel}","templated":true}]}}