{"id":15746,"date":"2022-07-19T09:12:00","date_gmt":"2022-07-19T12:12:00","guid":{"rendered":"http:\/\/www.comuna13online.com.ar\/?p=15746"},"modified":"2022-07-18T16:55:49","modified_gmt":"2022-07-18T19:55:49","slug":"covid-19-la-ciudad-ya-envia-turnos-para-la-5ta-dosis","status":"publish","type":"post","link":"https:\/\/www.comuna13online.com.ar\/?p=15746","title":{"rendered":"COVID-19: La Ciudad ya env\u00eda turnos para la 5ta dosis"},"content":{"rendered":"\n<p><strong>En primera instancia convocan a personas mayores de 50 a\u00f1os que recibieron dos dosis de Sinopharm y a los inmunocomprometidos. El intervalo m\u00ednimo establecido es de 120 d\u00edas entre dosis.<\/strong><\/p>\n\n\n\n<div style=\"height:10px\" aria-hidden=\"true\" class=\"wp-block-spacer\"><\/div>\n\n\n\n<figure class=\"wp-block-image size-full\"><img loading=\"lazy\" decoding=\"async\" width=\"678\" height=\"452\" data-attachment-id=\"13957\" data-permalink=\"https:\/\/www.comuna13online.com.ar\/?attachment_id=13957\" data-orig-file=\"https:\/\/www.comuna13online.com.ar\/wp-content\/uploads\/2021\/08\/210824a-id.jpg\" data-orig-size=\"678,452\" data-comments-opened=\"0\" data-image-meta=\"{&quot;aperture&quot;:&quot;0&quot;,&quot;credit&quot;:&quot;&quot;,&quot;camera&quot;:&quot;&quot;,&quot;caption&quot;:&quot;&quot;,&quot;created_timestamp&quot;:&quot;0&quot;,&quot;copyright&quot;:&quot;&quot;,&quot;focal_length&quot;:&quot;0&quot;,&quot;iso&quot;:&quot;0&quot;,&quot;shutter_speed&quot;:&quot;0&quot;,&quot;title&quot;:&quot;&quot;,&quot;orientation&quot;:&quot;0&quot;}\" data-image-title=\"210824a-id\" data-image-description=\"\" data-image-caption=\"\" data-large-file=\"https:\/\/www.comuna13online.com.ar\/wp-content\/uploads\/2021\/08\/210824a-id.jpg\" src=\"http:\/\/www.comuna13online.com.ar\/wp-content\/uploads\/2021\/08\/210824a-id.jpg\" alt=\"\" class=\"wp-image-13957\" srcset=\"https:\/\/www.comuna13online.com.ar\/wp-content\/uploads\/2021\/08\/210824a-id.jpg 678w, https:\/\/www.comuna13online.com.ar\/wp-content\/uploads\/2021\/08\/210824a-id-272x182.jpg 272w\" sizes=\"auto, (max-width: 678px) 100vw, 678px\" \/><\/figure>\n\n\n\n<div style=\"height:10px\" aria-hidden=\"true\" class=\"wp-block-spacer\"><\/div>\n\n\n\n<p>Si bien en la actualidad hay un n\u00famero bajo de contagios, de internaciones graves y fallecidos, la pandemia no termin\u00f3 y los casos de positivos de COVID-19 contin\u00faan. Sin embargo, hay grupos que siguen siendo convocados para las dosis de refuerzo, en este caso, para recibir una quinta dosis de la vacuna.<\/p>\n\n\n\n<p>El Gobierno de la Ciudad de Buenos Aires aplica la quinta dosis a <strong>personas mayores de 50 a\u00f1os<\/strong> que recibieron las\u00a0<strong>dos primeras dosis de la vacuna Sinopharm y para personas con inmunocomprimiso<\/strong>, (en tratamiento oncol\u00f3gico, trasplantados, personas viviendo con VIH, con insuficiencia renal cr\u00f3nica, entre otras). Este grupo necesitaron de una tercera vacuna para completar su esquema inicial, en esos casos, tanto la cuarta como quinta dosis funcionan como refuerzo.<\/p>\n\n\n\n<p>Para recibir la quinta dosis no hace falta inscribirse, el gobierno de la ciudad se contactar\u00e1 con todas las personas que se encuentran dentro de los grupos prioritarios para recibir la dosis de refuerzo mediante los canales brindados al momento del empadronamiento.<\/p>\n\n\n\n<h4 class=\"wp-block-heading\">\u00bfC\u00f3mo es el proceso para la asignaci\u00f3n de turnos?<\/h4>\n\n\n\n<p><strong>El orden de asignaci\u00f3n de turnos ser\u00e1 priorizando a aquellas personas que hayan recibido la tercera dosis hace m\u00e1s de 120 d\u00edas, por orden de edad<\/strong>.<\/p>\n\n\n\n<ul class=\"wp-block-list\"><li>Las citas ser\u00e1n otorgadas v\u00eda mail, WhatsApp y SMS, de acuerdo al orden de aplicaci\u00f3n de la \u00faltima dosis.<\/li><li>Una vez que se los contacte los vecinos podr\u00e1n seleccionar la fecha, la hora y el lugar de preferencia por medio de un link personalizado.<\/li><li>Luego de recibir la vacuna permanecer\u00e1n 15 minutos en observaci\u00f3n.<\/li><\/ul>\n\n\n\n<h4 class=\"wp-block-heading\">\u00bfCu\u00e1les son los grupos considerados como inmunosuprimidos?<\/h4>\n\n\n\n<p><em>Se considera dentro de este grupo a quienes<\/em>:<\/p>\n\n\n\n<ul class=\"wp-block-list\"><li>Reciben tratamiento oncol\u00f3gico para tumores s\u00f3lidos y onco-hematol\u00f3gicos.<\/li><li>Son receptores de trasplante de \u00f3rgano s\u00f3lido en tratamiento inmunosupresor.<\/li><li>Receptores de trasplante de c\u00e9lulas progenitoras hematopoy\u00e9ticas en los \u00faltimos 2 a\u00f1os o en tratamiento inmunosupresor.<\/li><li>Inmunodeficiencia primaria moderada o grave.<\/li><li>Personas viviendo con VIH.<\/li><li>Tratamiento activo con corticosteroides en dosis altas o medicaci\u00f3n inmunosupresora. 2. Personas de 50 a\u00f1os o mayores que hayan recibido un esquema primario de vacuna a virus inactivado<\/li><\/ul>\n\n\n\n<p><\/p>\n","protected":false},"excerpt":{"rendered":"<div class=\"mh-excerpt\">En primera instancia convocan a personas mayores de 50 a\u00f1os que recibieron dos dosis de Sinopharm y a los inmunocomprometidos. El intervalo m\u00ednimo establecido es de 120 d\u00edas entre dosis. <a class=\"mh-excerpt-more\" href=\"https:\/\/www.comuna13online.com.ar\/?p=15746\" title=\"COVID-19: La Ciudad ya env\u00eda turnos para la 5ta dosis\">[&#8230;]<\/a><\/div>\n","protected":false},"author":1,"featured_media":15747,"comment_status":"closed","ping_status":"closed","sticky":false,"template":"","format":"standard","meta":{"_uag_custom_page_level_css":"","_jetpack_memberships_contains_paid_content":false,"footnotes":"","jetpack_publicize_message":"","jetpack_publicize_feature_enabled":true,"jetpack_social_post_already_shared":true,"jetpack_social_options":{"image_generator_settings":{"template":"highway","default_image_id":0,"font":"","enabled":false},"version":2}},"categories":[269],"tags":[271,250,296,45,118],"class_list":{"0":"post-15746","1":"post","2":"type-post","3":"status-publish","4":"format-standard","5":"has-post-thumbnail","7":"category-coronavirus","8":"tag-coronavirus","9":"tag-h2","10":"tag-h3","11":"tag-salud","12":"tag-vacunacion"},"jetpack_publicize_connections":[],"jetpack_featured_media_url":"https:\/\/www.comuna13online.com.ar\/wp-content\/uploads\/2022\/07\/20220719a_id.jpg","uagb_featured_image_src":{"full":["https:\/\/www.comuna13online.com.ar\/wp-content\/uploads\/2022\/07\/20220719a_id.jpg",678,452,false],"thumbnail":["https:\/\/www.comuna13online.com.ar\/wp-content\/uploads\/2022\/07\/20220719a_id.jpg",128,85,false],"medium":["https:\/\/www.comuna13online.com.ar\/wp-content\/uploads\/2022\/07\/20220719a_id.jpg",678,452,false],"medium_large":["https:\/\/www.comuna13online.com.ar\/wp-content\/uploads\/2022\/07\/20220719a_id.jpg",678,452,false],"large":["https:\/\/www.comuna13online.com.ar\/wp-content\/uploads\/2022\/07\/20220719a_id.jpg",678,452,false],"1536x1536":["https:\/\/www.comuna13online.com.ar\/wp-content\/uploads\/2022\/07\/20220719a_id.jpg",678,452,false],"2048x2048":["https:\/\/www.comuna13online.com.ar\/wp-content\/uploads\/2022\/07\/20220719a_id.jpg",678,452,false],"mh-magazine-slider":["https:\/\/www.comuna13online.com.ar\/wp-content\/uploads\/2022\/07\/20220719a_id-678x438.jpg",678,438,true],"mh-magazine-content":["https:\/\/www.comuna13online.com.ar\/wp-content\/uploads\/2022\/07\/20220719a_id-678x381.jpg",678,381,true],"mh-magazine-large":["https:\/\/www.comuna13online.com.ar\/wp-content\/uploads\/2022\/07\/20220719a_id.jpg",678,452,false],"mh-magazine-medium":["https:\/\/www.comuna13online.com.ar\/wp-content\/uploads\/2022\/07\/20220719a_id-326x245.jpg",326,245,true],"mh-magazine-small":["https:\/\/www.comuna13online.com.ar\/wp-content\/uploads\/2022\/07\/20220719a_id-80x60.jpg",80,60,true],"sow-carousel-default":["https:\/\/www.comuna13online.com.ar\/wp-content\/uploads\/2022\/07\/20220719a_id-272x182.jpg",272,182,true]},"uagb_author_info":{"display_name":"Comuna13","author_link":"https:\/\/www.comuna13online.com.ar\/?author=1"},"uagb_comment_info":0,"uagb_excerpt":"En primera instancia convocan a personas mayores de 50 a\u00f1os que recibieron dos dosis de Sinopharm y a los inmunocomprometidos. El intervalo m\u00ednimo establecido es de 120 d\u00edas entre dosis. [...]","jetpack_sharing_enabled":true,"_links":{"self":[{"href":"https:\/\/www.comuna13online.com.ar\/index.php?rest_route=\/wp\/v2\/posts\/15746","targetHints":{"allow":["GET"]}}],"collection":[{"href":"https:\/\/www.comuna13online.com.ar\/index.php?rest_route=\/wp\/v2\/posts"}],"about":[{"href":"https:\/\/www.comuna13online.com.ar\/index.php?rest_route=\/wp\/v2\/types\/post"}],"author":[{"embeddable":true,"href":"https:\/\/www.comuna13online.com.ar\/index.php?rest_route=\/wp\/v2\/users\/1"}],"replies":[{"embeddable":true,"href":"https:\/\/www.comuna13online.com.ar\/index.php?rest_route=%2Fwp%2Fv2%2Fcomments&post=15746"}],"version-history":[{"count":0,"href":"https:\/\/www.comuna13online.com.ar\/index.php?rest_route=\/wp\/v2\/posts\/15746\/revisions"}],"wp:featuredmedia":[{"embeddable":true,"href":"https:\/\/www.comuna13online.com.ar\/index.php?rest_route=\/wp\/v2\/media\/15747"}],"wp:attachment":[{"href":"https:\/\/www.comuna13online.com.ar\/index.php?rest_route=%2Fwp%2Fv2%2Fmedia&parent=15746"}],"wp:term":[{"taxonomy":"category","embeddable":true,"href":"https:\/\/www.comuna13online.com.ar\/index.php?rest_route=%2Fwp%2Fv2%2Fcategories&post=15746"},{"taxonomy":"post_tag","embeddable":true,"href":"https:\/\/www.comuna13online.com.ar\/index.php?rest_route=%2Fwp%2Fv2%2Ftags&post=15746"}],"curies":[{"name":"wp","href":"https:\/\/api.w.org\/{rel}","templated":true}]}}