{"id":15720,"date":"2022-07-14T14:31:18","date_gmt":"2022-07-14T17:31:18","guid":{"rendered":"http:\/\/www.comuna13online.com.ar\/?p=15720"},"modified":"2022-07-14T14:31:23","modified_gmt":"2022-07-14T17:31:23","slug":"el-principito-una-exhibicion-polifacetica-en-la-legislatura","status":"publish","type":"post","link":"https:\/\/www.comuna13online.com.ar\/?p=15720","title":{"rendered":"El Principito: Una exhibici\u00f3n polifac\u00e9tica en la Legislatura"},"content":{"rendered":"\n<p><strong>Se estren\u00f3 la muestra basada en la famosa creaci\u00f3n literaria de Antoine de Saint-Exup\u00e9ry, se puede visitar hasta el jueves 28 de julio, la entrada es libre y gratuita. <\/strong><\/p>\n\n\n\n<div style=\"height:10px\" aria-hidden=\"true\" class=\"wp-block-spacer\"><\/div>\n\n\n\n<figure class=\"wp-block-image size-full\"><img loading=\"lazy\" decoding=\"async\" width=\"678\" height=\"452\" data-attachment-id=\"15721\" data-permalink=\"https:\/\/www.comuna13online.com.ar\/?attachment_id=15721\" data-orig-file=\"https:\/\/www.comuna13online.com.ar\/wp-content\/uploads\/2022\/07\/20220714b_01.jpg\" data-orig-size=\"678,452\" data-comments-opened=\"0\" data-image-meta=\"{&quot;aperture&quot;:&quot;0&quot;,&quot;credit&quot;:&quot;&quot;,&quot;camera&quot;:&quot;&quot;,&quot;caption&quot;:&quot;&quot;,&quot;created_timestamp&quot;:&quot;0&quot;,&quot;copyright&quot;:&quot;&quot;,&quot;focal_length&quot;:&quot;0&quot;,&quot;iso&quot;:&quot;0&quot;,&quot;shutter_speed&quot;:&quot;0&quot;,&quot;title&quot;:&quot;&quot;,&quot;orientation&quot;:&quot;0&quot;}\" data-image-title=\"20220714b_01\" data-image-description=\"\" data-image-caption=\"\" data-large-file=\"https:\/\/www.comuna13online.com.ar\/wp-content\/uploads\/2022\/07\/20220714b_01.jpg\" src=\"http:\/\/www.comuna13online.com.ar\/wp-content\/uploads\/2022\/07\/20220714b_01.jpg\" alt=\"\" class=\"wp-image-15721\" srcset=\"https:\/\/www.comuna13online.com.ar\/wp-content\/uploads\/2022\/07\/20220714b_01.jpg 678w, https:\/\/www.comuna13online.com.ar\/wp-content\/uploads\/2022\/07\/20220714b_01-272x182.jpg 272w\" sizes=\"auto, (max-width: 678px) 100vw, 678px\" \/><figcaption><sup><strong>Ornela Vanzillotta;, Directora General de Relaciones Internacionales de la Legislatura de la Ciudad<\/strong><\/sup>,<\/figcaption><\/figure>\n\n\n\n<div style=\"height:10px\" aria-hidden=\"true\" class=\"wp-block-spacer\"><\/div>\n\n\n\n<p>La Legislatura de la Ciudad inaugur\u00f3 el mi\u00e9rcoles la muestra \u00abInterplanetarios orbitando B-612\u00bb, en la Sala de Exposiciones \u00abManuel Belgrano\u00bb. El evento cont\u00f3 con la presencia del ministro de la Embajada de Uruguay en Argentina Diego Peluffo Acosta, la directora general de Relaciones Internacionales de la Legislatura, Ornela Vanzillotta; y un cuerpo de artistas.<\/p>\n\n\n\n<p>En la apertura, la funcionaria declar\u00f3: \u201cNuestra Casa es un espacio que siempre tiene las puertas abiertas para este tipo de muestras culturales. Celebramos y propendemos a su divulgaci\u00f3n\u201d. Tambi\u00e9n inform\u00f3 que parte de la muestra est\u00e1 hecha con material reciclado. \u201cEs un excelente timing porque este a\u00f1o seremos host del C-40, la cumbre de alcaldes en contra del cambio clim\u00e1tico\u201d, agreg\u00f3. E invit\u00f3 a las actividades que se realizar\u00e1n en octubre sobre dicha tem\u00e1tica y el reciclado.<\/p>\n\n\n\n<p>Por su parte, el artista Rafael Cheh\u00edn, coment\u00f3 que el evento es \u201cun abrazo cultural, literario, musical, escult\u00f3rico, pict\u00f3rico y fotogr\u00e1fico\u201d que acompa\u00f1a la diversidad implicada en el libro \u00abEl Principito\u00bb.<\/p>\n\n\n\n<div style=\"height:10px\" aria-hidden=\"true\" class=\"wp-block-spacer\"><\/div>\n\n\n\n<figure class=\"wp-block-image size-full\"><img loading=\"lazy\" decoding=\"async\" width=\"678\" height=\"452\" data-attachment-id=\"15722\" data-permalink=\"https:\/\/www.comuna13online.com.ar\/?attachment_id=15722\" data-orig-file=\"https:\/\/www.comuna13online.com.ar\/wp-content\/uploads\/2022\/07\/20220714b_02.jpg\" data-orig-size=\"678,452\" data-comments-opened=\"0\" data-image-meta=\"{&quot;aperture&quot;:&quot;0&quot;,&quot;credit&quot;:&quot;&quot;,&quot;camera&quot;:&quot;&quot;,&quot;caption&quot;:&quot;&quot;,&quot;created_timestamp&quot;:&quot;0&quot;,&quot;copyright&quot;:&quot;&quot;,&quot;focal_length&quot;:&quot;0&quot;,&quot;iso&quot;:&quot;0&quot;,&quot;shutter_speed&quot;:&quot;0&quot;,&quot;title&quot;:&quot;&quot;,&quot;orientation&quot;:&quot;0&quot;}\" data-image-title=\"20220714b_02\" data-image-description=\"\" data-image-caption=\"\" data-large-file=\"https:\/\/www.comuna13online.com.ar\/wp-content\/uploads\/2022\/07\/20220714b_02.jpg\" src=\"http:\/\/www.comuna13online.com.ar\/wp-content\/uploads\/2022\/07\/20220714b_02.jpg\" alt=\"\" class=\"wp-image-15722\" srcset=\"https:\/\/www.comuna13online.com.ar\/wp-content\/uploads\/2022\/07\/20220714b_02.jpg 678w, https:\/\/www.comuna13online.com.ar\/wp-content\/uploads\/2022\/07\/20220714b_02-272x182.jpg 272w\" sizes=\"auto, (max-width: 678px) 100vw, 678px\" \/><\/figure>\n\n\n\n<div style=\"height:10px\" aria-hidden=\"true\" class=\"wp-block-spacer\"><\/div>\n\n\n\n<p>El grupo de artistas est\u00e1 conformado por Rafael Cheh\u00edn TAK, Mike Acu\u00f1a, Santiago Azcuy, Dolores Arrabal, V\u00edctor Monz\u00f3n, Q-Lee, Pedro Cuevas, Marcelo Carrasco, Pilar Lacalle Pou, Carla Espinosa, Sol Gale, Diego Morales, Jorge Araldi, Gustavo Herrera, \u00c1ngel Jara, Mariano Rodr\u00edguez, Esmeralda G\u00f3mez, Charly Osk, Diego Here\u00f1\u00fa, Laura G\u00f3mez, Jorge Lalanne, Flor Duarte, Jorge Gionco, In\u00e9s Moreno, Cecilia Mortola, Eric Chareun, Selchuk Ilhan Art Studio, Naby y Estudio de impresi\u00f3n 3D.<\/p>\n\n\n\n<p>La muestra est\u00e1 basada en la reconocida obra del escritor y aviador franc\u00e9s Antoine de Saint-Exup\u00e9ry. Dentro de ella convergen distintas disciplinas art\u00edsticas como la escultura, la literatura, pintura, fotograf\u00eda y m\u00fasica, para presentar una visi\u00f3n contempor\u00e1nea del libro.&nbsp;<\/p>\n\n\n\n<p>La exhibici\u00f3n se puede visitar hasta el pr\u00f3ximo jueves 28 de julio, de lunes a viernes de 10 a 19 horas, con entrada libre y gratuita.<\/p>\n\n\n\n<p class=\"has-text-align-right\"><sub>Fuente: <em><strong>D. G. Prensa de la Legislatura de la Ciudad<\/strong><\/em><\/sub><a href=\"mailto:?subject=La%20Legislatura%20aprob%C3%B3%20en%20primera%20lectura%20un%20proyecto%20que%20procura%20mantener%20el%20paisaje%20y%20la%20arquitectura%20en%20dos%20barrios%20de%20la%20Comuna%2013.%20Deber%C3%A1%20debatirse%20en%20Audiencia%20P%C3%BAblica.%20%20%20%20%20%20%20%20%20%20%20&amp;body=https%3A%2F%2Fwww.legislatura.gov.ar%2Fposts%2Fsesion-19-052427.html\"><\/a><\/p>\n","protected":false},"excerpt":{"rendered":"<div class=\"mh-excerpt\">Se estren\u00f3 la muestra basada en la famosa creaci\u00f3n literaria de Antoine de Saint-Exup\u00e9ry, se puede visitar hasta el jueves 28 de julio, la entrada es libre y gratuita. La <a class=\"mh-excerpt-more\" href=\"https:\/\/www.comuna13online.com.ar\/?p=15720\" title=\"El Principito: Una exhibici\u00f3n polifac\u00e9tica en la Legislatura\">[&#8230;]<\/a><\/div>\n","protected":false},"author":1,"featured_media":15723,"comment_status":"closed","ping_status":"closed","sticky":false,"template":"","format":"standard","meta":{"_uag_custom_page_level_css":"","_jetpack_memberships_contains_paid_content":false,"footnotes":"","jetpack_publicize_message":"","jetpack_publicize_feature_enabled":true,"jetpack_social_post_already_shared":true,"jetpack_social_options":{"image_generator_settings":{"template":"highway","default_image_id":0,"font":"","enabled":false},"version":2}},"categories":[242],"tags":[250,296,7,307],"class_list":{"0":"post-15720","1":"post","2":"type-post","3":"status-publish","4":"format-standard","5":"has-post-thumbnail","7":"category-muestra","8":"tag-h2","9":"tag-h3","10":"tag-legislatura","11":"tag-muestra"},"jetpack_publicize_connections":[],"jetpack_featured_media_url":"https:\/\/www.comuna13online.com.ar\/wp-content\/uploads\/2022\/07\/20220714b_id.jpg","uagb_featured_image_src":{"full":["https:\/\/www.comuna13online.com.ar\/wp-content\/uploads\/2022\/07\/20220714b_id.jpg",678,452,false],"thumbnail":["https:\/\/www.comuna13online.com.ar\/wp-content\/uploads\/2022\/07\/20220714b_id.jpg",128,85,false],"medium":["https:\/\/www.comuna13online.com.ar\/wp-content\/uploads\/2022\/07\/20220714b_id.jpg",678,452,false],"medium_large":["https:\/\/www.comuna13online.com.ar\/wp-content\/uploads\/2022\/07\/20220714b_id.jpg",678,452,false],"large":["https:\/\/www.comuna13online.com.ar\/wp-content\/uploads\/2022\/07\/20220714b_id.jpg",678,452,false],"1536x1536":["https:\/\/www.comuna13online.com.ar\/wp-content\/uploads\/2022\/07\/20220714b_id.jpg",678,452,false],"2048x2048":["https:\/\/www.comuna13online.com.ar\/wp-content\/uploads\/2022\/07\/20220714b_id.jpg",678,452,false],"mh-magazine-slider":["https:\/\/www.comuna13online.com.ar\/wp-content\/uploads\/2022\/07\/20220714b_id-678x438.jpg",678,438,true],"mh-magazine-content":["https:\/\/www.comuna13online.com.ar\/wp-content\/uploads\/2022\/07\/20220714b_id-678x381.jpg",678,381,true],"mh-magazine-large":["https:\/\/www.comuna13online.com.ar\/wp-content\/uploads\/2022\/07\/20220714b_id.jpg",678,452,false],"mh-magazine-medium":["https:\/\/www.comuna13online.com.ar\/wp-content\/uploads\/2022\/07\/20220714b_id-326x245.jpg",326,245,true],"mh-magazine-small":["https:\/\/www.comuna13online.com.ar\/wp-content\/uploads\/2022\/07\/20220714b_id-80x60.jpg",80,60,true],"sow-carousel-default":["https:\/\/www.comuna13online.com.ar\/wp-content\/uploads\/2022\/07\/20220714b_id-272x182.jpg",272,182,true]},"uagb_author_info":{"display_name":"Comuna13","author_link":"https:\/\/www.comuna13online.com.ar\/?author=1"},"uagb_comment_info":0,"uagb_excerpt":"Se estren\u00f3 la muestra basada en la famosa creaci\u00f3n literaria de Antoine de Saint-Exup\u00e9ry, se puede visitar hasta el jueves 28 de julio, la entrada es libre y gratuita. La [...]","jetpack_sharing_enabled":true,"_links":{"self":[{"href":"https:\/\/www.comuna13online.com.ar\/index.php?rest_route=\/wp\/v2\/posts\/15720","targetHints":{"allow":["GET"]}}],"collection":[{"href":"https:\/\/www.comuna13online.com.ar\/index.php?rest_route=\/wp\/v2\/posts"}],"about":[{"href":"https:\/\/www.comuna13online.com.ar\/index.php?rest_route=\/wp\/v2\/types\/post"}],"author":[{"embeddable":true,"href":"https:\/\/www.comuna13online.com.ar\/index.php?rest_route=\/wp\/v2\/users\/1"}],"replies":[{"embeddable":true,"href":"https:\/\/www.comuna13online.com.ar\/index.php?rest_route=%2Fwp%2Fv2%2Fcomments&post=15720"}],"version-history":[{"count":0,"href":"https:\/\/www.comuna13online.com.ar\/index.php?rest_route=\/wp\/v2\/posts\/15720\/revisions"}],"wp:featuredmedia":[{"embeddable":true,"href":"https:\/\/www.comuna13online.com.ar\/index.php?rest_route=\/wp\/v2\/media\/15723"}],"wp:attachment":[{"href":"https:\/\/www.comuna13online.com.ar\/index.php?rest_route=%2Fwp%2Fv2%2Fmedia&parent=15720"}],"wp:term":[{"taxonomy":"category","embeddable":true,"href":"https:\/\/www.comuna13online.com.ar\/index.php?rest_route=%2Fwp%2Fv2%2Fcategories&post=15720"},{"taxonomy":"post_tag","embeddable":true,"href":"https:\/\/www.comuna13online.com.ar\/index.php?rest_route=%2Fwp%2Fv2%2Ftags&post=15720"}],"curies":[{"name":"wp","href":"https:\/\/api.w.org\/{rel}","templated":true}]}}