{"id":1571,"date":"2018-05-16T08:57:05","date_gmt":"2018-05-16T11:57:05","guid":{"rendered":"http:\/\/www.comuna13online.com.ar\/?p=1571"},"modified":"2018-05-16T08:57:23","modified_gmt":"2018-05-16T11:57:23","slug":"la-inflacion-de-abril-fue-la-mas-alta-en-lo-que-va-del-ano-3","status":"publish","type":"post","link":"https:\/\/www.comuna13online.com.ar\/?p=1571","title":{"rendered":"La inflaci\u00f3n de abril fue la m\u00e1s alta en lo que va del a\u00f1o, 3%"},"content":{"rendered":"<p><strong>El IPC porte\u00f1o registr\u00f3 en abril un incremento en los precios del 3% y acumul\u00f3 9,7% en los primeros cuatro meses del a\u00f1o, la medici\u00f3n interanual se dispar\u00f3 a 26,5%.<\/strong><\/p>\n<p><img loading=\"lazy\" decoding=\"async\" data-attachment-id=\"1573\" data-permalink=\"https:\/\/www.comuna13online.com.ar\/?attachment_id=1573\" data-orig-file=\"https:\/\/www.comuna13online.com.ar\/wp-content\/uploads\/2018\/05\/20180516a1.jpg\" data-orig-size=\"678,284\" data-comments-opened=\"0\" data-image-meta=\"{&quot;aperture&quot;:&quot;0&quot;,&quot;credit&quot;:&quot;&quot;,&quot;camera&quot;:&quot;&quot;,&quot;caption&quot;:&quot;&quot;,&quot;created_timestamp&quot;:&quot;0&quot;,&quot;copyright&quot;:&quot;&quot;,&quot;focal_length&quot;:&quot;0&quot;,&quot;iso&quot;:&quot;0&quot;,&quot;shutter_speed&quot;:&quot;0&quot;,&quot;title&quot;:&quot;&quot;,&quot;orientation&quot;:&quot;0&quot;}\" data-image-title=\"20180516a1\" data-image-description=\"\" data-image-caption=\"\" data-large-file=\"https:\/\/www.comuna13online.com.ar\/wp-content\/uploads\/2018\/05\/20180516a1.jpg\" class=\"alignnone size-full wp-image-1573\" src=\"http:\/\/www.comuna13online.com.ar\/wp-content\/uploads\/2018\/05\/20180516a1.jpg\" alt=\"\" width=\"678\" height=\"284\" \/><\/p>\n<p>En abril, el \u00cdndice de Precios al Consumidor de la Ciudad de Buenos Aires (IPCBA) registr\u00f3 el incremento de precios m\u00e1s alto de lo que va de 2018 llegando al 3%, 0,9% mayor comparado con el mes pasado, y 0,3 puntos por encima\u00a0 del IPC Nacional dado a conocer por el Indec tambi\u00e9n en el d\u00eda de ayer. Otro punto negativo que mostr\u00f3 el \u00edndice de abril es que hubo un ascenso con respecto al mismo per\u00edodo de 2017 de 0,9 puntos porcentuales (2,1%, abril 2017).<\/p>\n<p>El incremento acumulado en los precios de la Ciudad en los \u00faltimos 12 meses ascendi\u00f3 a 26,5%, por lo que reflej\u00f3 una suba de 1,1% en relaci\u00f3n al mes pasado que fue de 25,4%, en tanto que lo que va del 2017 trep\u00f3 a 9,7%, alcanzando en tres meses casi el 2 tercios de la meta inflacionaria del 15% establecida por Gobierno Nacional y que el\u00a0El vicejefe de Gabinete de la Naci\u00f3n Mario Quintana qui\u00e9n confes\u00f3 que\u00a0esas metas de inflaci\u00f3n \u00aberan incumplibles\u00bb.<\/p>\n<p>En el informe difundido por el Centro de Estad\u00edsticas de la Ciudad explica que la tasa de variaci\u00f3n mensual del \u00edndice de precios al consumidor de abril se vio afectada principalmente a las subas registradas en\u00a0en las tarifas residenciales de gas por red y del transporte p\u00fablico, colectivo y tren ya que el aumento del boleto de subterr\u00e1neo fue suspendido por la justicia y se desconoce cuando comenzar\u00e1 a regir. Estos dos rubros en conjunto aportaron 1,29 puntos porcentuales a la variaci\u00f3n\u00a0del Nivel General.<\/p>\n<p>Adem\u00e1s de los aumentos en las divisiones mencionadas anteriormente, hubo ajustes de precios en\u00a0los precios de los combustibles para veh\u00edculos de uso del hogar, prendas de vestir y en menor medida alimentos y bebidas\u00a0 no alcoh\u00f3licas.<\/p>\n<h3><span style=\"color: #ff9900;\">Bienes y Servicios<\/span><\/h3>\n<p>El comportamiento de los\u00a0Bienes y Servicios durante el mes de abril fue bastante dispar, los bienes registraron un incremento de precios 2,4%, lo que significa un incremento de 0,3%, en tanto que los Servicios se dispararon a 3,6%, 1,4% por encima del mes pasado.<\/p>\n<p>En los primeros cuatro meses del a\u00f1o, los Bienes acumularon una suba de 7,5% y los Servicios de 11,5% y en lo que respecta\u00a0a la variaci\u00f3n interanual, los Bienes aceleraron su ritmo de suba hasta 21,1%, +0,5% respecto al mes previo y en el\u00a0caso de los Servicios\u00a0mostraron un significativo ascenso de 1,7 puntos porcentuales llegando hasta 31%.<\/p>\n<p>El incremento de los Bienes se debe principalmente a los aumentos en los precios de las prendas de vestir, en los combustibles para veh\u00edculos de uso del hogar\u00a0y en los alimentos y bebidas no alcoh\u00f3licas.<\/p>\n<p>Por su parte, los Servicios, su variaci\u00f3n respondi\u00f3 principalmente a\u00a0incrementos en las tarifas de gas por red y transporte p\u00fablico\u00a0de pasajeros.<\/p>\n<p><img loading=\"lazy\" decoding=\"async\" data-attachment-id=\"1572\" data-permalink=\"https:\/\/www.comuna13online.com.ar\/?attachment_id=1572\" data-orig-file=\"https:\/\/www.comuna13online.com.ar\/wp-content\/uploads\/2018\/05\/20180516a2.jpg\" data-orig-size=\"678,544\" data-comments-opened=\"0\" data-image-meta=\"{&quot;aperture&quot;:&quot;0&quot;,&quot;credit&quot;:&quot;&quot;,&quot;camera&quot;:&quot;&quot;,&quot;caption&quot;:&quot;&quot;,&quot;created_timestamp&quot;:&quot;0&quot;,&quot;copyright&quot;:&quot;&quot;,&quot;focal_length&quot;:&quot;0&quot;,&quot;iso&quot;:&quot;0&quot;,&quot;shutter_speed&quot;:&quot;0&quot;,&quot;title&quot;:&quot;&quot;,&quot;orientation&quot;:&quot;0&quot;}\" data-image-title=\"20180516a2\" data-image-description=\"\" data-image-caption=\"\" data-large-file=\"https:\/\/www.comuna13online.com.ar\/wp-content\/uploads\/2018\/05\/20180516a2-546x438.jpg\" class=\"alignnone size-full wp-image-1572\" src=\"http:\/\/www.comuna13online.com.ar\/wp-content\/uploads\/2018\/05\/20180516a2.jpg\" alt=\"\" width=\"678\" height=\"544\" srcset=\"https:\/\/www.comuna13online.com.ar\/wp-content\/uploads\/2018\/05\/20180516a2.jpg 678w, https:\/\/www.comuna13online.com.ar\/wp-content\/uploads\/2018\/05\/20180516a2-563x452.jpg 563w, https:\/\/www.comuna13online.com.ar\/wp-content\/uploads\/2018\/05\/20180516a2-546x438.jpg 546w\" sizes=\"auto, (max-width: 678px) 100vw, 678px\" \/><\/p>\n","protected":false},"excerpt":{"rendered":"<div class=\"mh-excerpt\">El IPC porte\u00f1o registr\u00f3 en abril un incremento en los precios del 3% y acumul\u00f3 9,7% en los primeros cuatro meses del a\u00f1o, la medici\u00f3n interanual se dispar\u00f3 a 26,5%. <a class=\"mh-excerpt-more\" href=\"https:\/\/www.comuna13online.com.ar\/?p=1571\" title=\"La inflaci\u00f3n de abril fue la m\u00e1s alta en lo que va del a\u00f1o, 3%\">[&#8230;]<\/a><\/div>\n","protected":false},"author":1,"featured_media":1575,"comment_status":"closed","ping_status":"closed","sticky":false,"template":"","format":"standard","meta":{"_uag_custom_page_level_css":"","_jetpack_memberships_contains_paid_content":false,"footnotes":"","jetpack_publicize_message":"","jetpack_publicize_feature_enabled":true,"jetpack_social_post_already_shared":true,"jetpack_social_options":{"image_generator_settings":{"template":"highway","default_image_id":0,"font":"","enabled":false},"version":2}},"categories":[24],"tags":[50,25],"class_list":{"0":"post-1571","1":"post","2":"type-post","3":"status-publish","4":"format-standard","5":"has-post-thumbnail","7":"category-inflacion","8":"tag-economia","9":"tag-inflacion"},"jetpack_publicize_connections":[],"jetpack_featured_media_url":"https:\/\/www.comuna13online.com.ar\/wp-content\/uploads\/2018\/05\/20180516a.jpg","uagb_featured_image_src":{"full":["https:\/\/www.comuna13online.com.ar\/wp-content\/uploads\/2018\/05\/20180516a.jpg",1030,438,false],"thumbnail":["https:\/\/www.comuna13online.com.ar\/wp-content\/uploads\/2018\/05\/20180516a-150x150.jpg",96,96,true],"medium":["https:\/\/www.comuna13online.com.ar\/wp-content\/uploads\/2018\/05\/20180516a-678x288.jpg",678,288,true],"medium_large":["https:\/\/www.comuna13online.com.ar\/wp-content\/uploads\/2018\/05\/20180516a-768x327.jpg",768,327,true],"large":["https:\/\/www.comuna13online.com.ar\/wp-content\/uploads\/2018\/05\/20180516a.jpg",1030,438,false],"1536x1536":["https:\/\/www.comuna13online.com.ar\/wp-content\/uploads\/2018\/05\/20180516a.jpg",1030,438,false],"2048x2048":["https:\/\/www.comuna13online.com.ar\/wp-content\/uploads\/2018\/05\/20180516a.jpg",1030,438,false],"mh-magazine-slider":["https:\/\/www.comuna13online.com.ar\/wp-content\/uploads\/2018\/05\/20180516a.jpg",1030,438,false],"mh-magazine-content":["https:\/\/www.comuna13online.com.ar\/wp-content\/uploads\/2018\/05\/20180516a-678x381.jpg",678,381,true],"mh-magazine-large":["https:\/\/www.comuna13online.com.ar\/wp-content\/uploads\/2018\/05\/20180516a-678x438.jpg",678,438,true],"mh-magazine-medium":["https:\/\/www.comuna13online.com.ar\/wp-content\/uploads\/2018\/05\/20180516a-326x245.jpg",326,245,true],"mh-magazine-small":["https:\/\/www.comuna13online.com.ar\/wp-content\/uploads\/2018\/05\/20180516a-80x60.jpg",80,60,true],"sow-carousel-default":["https:\/\/www.comuna13online.com.ar\/wp-content\/uploads\/2018\/05\/20180516a-272x182.jpg",272,182,true]},"uagb_author_info":{"display_name":"Comuna13","author_link":"https:\/\/www.comuna13online.com.ar\/?author=1"},"uagb_comment_info":0,"uagb_excerpt":"El IPC porte\u00f1o registr\u00f3 en abril un incremento en los precios del 3% y acumul\u00f3 9,7% en los primeros cuatro meses del a\u00f1o, la medici\u00f3n interanual se dispar\u00f3 a 26,5%. [...]","jetpack_sharing_enabled":true,"_links":{"self":[{"href":"https:\/\/www.comuna13online.com.ar\/index.php?rest_route=\/wp\/v2\/posts\/1571","targetHints":{"allow":["GET"]}}],"collection":[{"href":"https:\/\/www.comuna13online.com.ar\/index.php?rest_route=\/wp\/v2\/posts"}],"about":[{"href":"https:\/\/www.comuna13online.com.ar\/index.php?rest_route=\/wp\/v2\/types\/post"}],"author":[{"embeddable":true,"href":"https:\/\/www.comuna13online.com.ar\/index.php?rest_route=\/wp\/v2\/users\/1"}],"replies":[{"embeddable":true,"href":"https:\/\/www.comuna13online.com.ar\/index.php?rest_route=%2Fwp%2Fv2%2Fcomments&post=1571"}],"version-history":[{"count":0,"href":"https:\/\/www.comuna13online.com.ar\/index.php?rest_route=\/wp\/v2\/posts\/1571\/revisions"}],"wp:featuredmedia":[{"embeddable":true,"href":"https:\/\/www.comuna13online.com.ar\/index.php?rest_route=\/wp\/v2\/media\/1575"}],"wp:attachment":[{"href":"https:\/\/www.comuna13online.com.ar\/index.php?rest_route=%2Fwp%2Fv2%2Fmedia&parent=1571"}],"wp:term":[{"taxonomy":"category","embeddable":true,"href":"https:\/\/www.comuna13online.com.ar\/index.php?rest_route=%2Fwp%2Fv2%2Fcategories&post=1571"},{"taxonomy":"post_tag","embeddable":true,"href":"https:\/\/www.comuna13online.com.ar\/index.php?rest_route=%2Fwp%2Fv2%2Ftags&post=1571"}],"curies":[{"name":"wp","href":"https:\/\/api.w.org\/{rel}","templated":true}]}}