{"id":15645,"date":"2022-07-05T09:15:00","date_gmt":"2022-07-05T12:15:00","guid":{"rendered":"http:\/\/www.comuna13online.com.ar\/?p=15645"},"modified":"2022-07-04T18:20:51","modified_gmt":"2022-07-04T21:20:51","slug":"declaran-inconstitucional-la-omision-del-gcba-en-el-control-de-las-escuelas-comunes-de-gestion-privada","status":"publish","type":"post","link":"https:\/\/www.comuna13online.com.ar\/?p=15645","title":{"rendered":"Declaran inconstitucional la omisi\u00f3n del GCBA en el control de las escuelas comunes de gesti\u00f3n privada"},"content":{"rendered":"\n<p><strong>La justicia porte\u00f1a hizo lugar a la acci\u00f3n de amparo presentada por la Asociaci\u00f3n Civil por la Igualdad y la Justicia contra el Gobierno de la Ciudad de Buenos Aires (Ministerio de Educaci\u00f3n) para que se declare la ilegalidad e inconstitucionalidad de la omisi\u00f3n del gobierno local de controlar, evaluar, fiscalizar a las escuelas comunes de gesti\u00f3n privada<\/strong><\/p>\n\n\n\n<div style=\"height:15px\" aria-hidden=\"true\" class=\"wp-block-spacer\"><\/div>\n\n\n\n<figure class=\"wp-block-image size-full\"><img loading=\"lazy\" decoding=\"async\" width=\"678\" height=\"452\" data-attachment-id=\"15646\" data-permalink=\"https:\/\/www.comuna13online.com.ar\/?attachment_id=15646\" data-orig-file=\"https:\/\/www.comuna13online.com.ar\/wp-content\/uploads\/2022\/07\/20220705a_id.jpg\" data-orig-size=\"678,452\" data-comments-opened=\"0\" data-image-meta=\"{&quot;aperture&quot;:&quot;0&quot;,&quot;credit&quot;:&quot;&quot;,&quot;camera&quot;:&quot;&quot;,&quot;caption&quot;:&quot;&quot;,&quot;created_timestamp&quot;:&quot;0&quot;,&quot;copyright&quot;:&quot;&quot;,&quot;focal_length&quot;:&quot;0&quot;,&quot;iso&quot;:&quot;0&quot;,&quot;shutter_speed&quot;:&quot;0&quot;,&quot;title&quot;:&quot;&quot;,&quot;orientation&quot;:&quot;0&quot;}\" data-image-title=\"20220705a_id\" data-image-description=\"\" data-image-caption=\"\" data-large-file=\"https:\/\/www.comuna13online.com.ar\/wp-content\/uploads\/2022\/07\/20220705a_id.jpg\" src=\"http:\/\/www.comuna13online.com.ar\/wp-content\/uploads\/2022\/07\/20220705a_id.jpg\" alt=\"\" class=\"wp-image-15646\" srcset=\"https:\/\/www.comuna13online.com.ar\/wp-content\/uploads\/2022\/07\/20220705a_id.jpg 678w, https:\/\/www.comuna13online.com.ar\/wp-content\/uploads\/2022\/07\/20220705a_id-272x182.jpg 272w\" sizes=\"auto, (max-width: 678px) 100vw, 678px\" \/><\/figure>\n\n\n\n<div style=\"height:15px\" aria-hidden=\"true\" class=\"wp-block-spacer\"><\/div>\n\n\n\n<p>La titular del Juzgado n.\u00b0 6 en lo Contencioso Administrativo y Tributario y de Relaciones de Consumo de la Ciudad de Buenos Aires, Patricia L\u00f3pez Vergara, declar\u00f3 ilegal e inconstitucional la omisi\u00f3n del gobierno local de controlar, evaluar, fiscalizar y sancionar la pr\u00e1ctica discriminatoria en que incurren las escuelas comunes de Gesti\u00f3n Privada al negar la matriculaci\u00f3n a ni\u00f1os, ni\u00f1as y adolescentes en raz\u00f3n de su discapacidad. Todo ello en el marco de la causa: \u00abAsociaci\u00f3n Civil por la Igualdad y la Justicia contra GCBA y otros sobre amparo\u00bb. Exp n\u00b0 8849\/2019-0.<\/p>\n\n\n\n<p>La magistrada se\u00f1al\u00f3 que: \u00abNo cabe duda alguna respecto al colectivo involucrado \u2013conformado por ni\u00f1os, ni\u00f1as y adolescentes con discapacidad que pretenden matricularse o re-matricularse en instituciones educativas de GP y ejercer el derecho a la educaci\u00f3n inclusiva en condiciones de igualdad con el resto del alumnado\u2013. Tampoco hay incertidumbre sobre los derechos que estar\u00edan vulnerados a ra\u00edz del rechazo discriminatorio de matriculaci\u00f3n o re-matriculaci\u00f3n por parte de dichas instituciones \u2013a la educaci\u00f3n, a la igualdad y a la no discriminaci\u00f3n del universo de ni\u00f1os, ni\u00f1as y adolescentes\u00bb. Y que de \u00abla prueba testimonial aportada por el ACIJ se advierten las dificultades a las que se enfrentan cuando intentan acceder al sistema de educaci\u00f3n com\u00fan de GP o permanecer en aqu\u00e9l, resulta que tales establecimientos incluso se escudan en un supuesto \u2018derecho de admisi\u00f3n\u2019 por tratarse de escuelas privadas o invocan las propias diferencias de ni\u00f1os, ni\u00f1as o adolescentes; reticencia que no cede ni siquiera con la participaci\u00f3n de maestras integradoras ni acompa\u00f1antes terap\u00e9uticos\u00bb. Agreg\u00f3 ademas que el procedimiento vigente de acceso \u00abno recoge los recaudos de transparencia, efectividad y accesibilidad necesarios como herramienta primordial para el ejercicio del correcto control de los establecimientos denunciados\u00bb.<\/p>\n\n\n\n<p>\u00abDe acuerdo con la manda constitucional que plasma el art\u00edculo 75 inc. 23 de la Carta Magna, \u2013como ya se anticip\u00f3 en la cautelar\u2013 luce de vital importancia la implementaci\u00f3n por parte del GCBA de medidas de acci\u00f3n positiva que efectivamente contrarresten la desigualdad estructural del grupo implicado, m\u00e1s que su declamaci\u00f3n\u00bb, resalt\u00f3 la jueza. Quien, por otra parte explic\u00f3 que: \u00abLa Convenci\u00f3n sobre los Derechos del Ni\u00f1o estipula que quienes reconozcan alguna diferente capacidad f\u00edsica o mental tienen derecho a recibir cuidados, educaci\u00f3n y adiestramiento especiales, destinados a lograr su autosuficiencia e integraci\u00f3n activa en la sociedad; y establece que la educaci\u00f3n debe ser orientada a desarrollar su personalidad y capacidades, a fin de prepararles para una vida adulta activa, inculcarles el respeto de los derechos humanos elementales y desarrollo de valores culturales y nacionales propios y de civilizaciones distintas a la suya (art\u00edculos 23 y 29)\u00bb.<\/p>\n\n\n\n<p>Lopez Vergara indic\u00f3 que: \u00abEl desd\u00e9n hacia los deberes legales de la demandada en su rol de contralor de los establecimientos educativos de GP tambi\u00e9n se explica a partir de la escasa actividad en materia de sanciones\u00bb. Y que la \u00abactitud renuente de la demandada en el cumplimiento de sus obligaciones se corona en este caso frente a los m\u00faltiples incumplimientos que patentizan las numerosas intimaciones al cumplimiento de la medida cautelar que culmin\u00f3 con la imposici\u00f3n de astreintes hace casi un a\u00f1o y no ha logrado \u2013aun as\u00ed\u2013 vencer tal resistencia. Razones todas que convocan a la declaraci\u00f3n de inconstitucionalidad e inconvencionalidad de la omisi\u00f3n\u00bb.<\/p>\n\n\n\n<p>\u00abEl Estado tiene la oportunidad \u2013y la obligaci\u00f3n\u2013 de convertirse en faro y gu\u00eda de las acciones para fomentar, potenciar y salvaguardar la inclusi\u00f3n de las personas con discapacidad en todos sus \u00e1mbitos. Y de remover las barreras que con su propio accionar se han erigido en obst\u00e1culos para el colectivo que figura en la causa\u00bb, sostuvo la jueza. \u00abEn esa inteligencia, no es factible concebir un Estado que lleve a cabo o que tolere pr\u00e1cticas atomizantes, francamente re\u00f1idas con el modelo social de la discapacidad, que hace a\u00f1os nuestro pa\u00eds comenz\u00f3 a transitar, como contracara del antiguo modelo m\u00e9dico. Debe entenderse como una afrenta el abdicar del deber de controlar y de sancionar pr\u00e1cticas contrarias a los derechos humanos. Tambi\u00e9n debe entenderse as\u00ed el librar al azar las vidas de quienes peticionan estudiar sin estigmatizaciones, con verdadera inclusi\u00f3n\u00bb, concluy\u00f3 L\u00f3pez Vergara.<\/p>\n\n\n\n<p><strong><a href=\"https:\/\/ijudicial.gob.ar\/wp-content\/uploads\/2022\/06\/Asociacion-Civil-por-la-Igualdad-y-la-Justicia-contra-GCBA-y-otros-sobre-amparo.pdf\" target=\"_blank\" rel=\"noreferrer noopener\">Descargar Resoluci\u00f3n<\/a><\/strong><\/p>\n\n\n\n<div style=\"height:20px\" aria-hidden=\"true\" class=\"wp-block-spacer\"><\/div>\n\n\n\n<p class=\"has-text-align-right\"><sub>Fuente: <em>iJudicial<\/em><\/sub><\/p>\n\n\n\n<p><\/p>\n\n\n\n<div style=\"height:13px\" aria-hidden=\"true\" class=\"wp-block-spacer\"><\/div>\n","protected":false},"excerpt":{"rendered":"<div class=\"mh-excerpt\">La justicia porte\u00f1a hizo lugar a la acci\u00f3n de amparo presentada por la Asociaci\u00f3n Civil por la Igualdad y la Justicia contra el Gobierno de la Ciudad de Buenos Aires <a class=\"mh-excerpt-more\" href=\"https:\/\/www.comuna13online.com.ar\/?p=15645\" title=\"Declaran inconstitucional la omisi\u00f3n del GCBA en el control de las escuelas comunes de gesti\u00f3n privada\">[&#8230;]<\/a><\/div>\n","protected":false},"author":1,"featured_media":15646,"comment_status":"closed","ping_status":"closed","sticky":false,"template":"","format":"standard","meta":{"_uag_custom_page_level_css":"","_jetpack_memberships_contains_paid_content":false,"footnotes":"","jetpack_publicize_message":"","jetpack_publicize_feature_enabled":true,"jetpack_social_post_already_shared":true,"jetpack_social_options":{"image_generator_settings":{"template":"highway","default_image_id":0,"font":"","enabled":false},"version":2}},"categories":[4],"tags":[114,250,296,108],"class_list":{"0":"post-15645","1":"post","2":"type-post","3":"status-publish","4":"format-standard","5":"has-post-thumbnail","7":"category-justicia","8":"tag-educacion","9":"tag-h2","10":"tag-h3","11":"tag-justicia"},"jetpack_publicize_connections":[],"jetpack_featured_media_url":"https:\/\/www.comuna13online.com.ar\/wp-content\/uploads\/2022\/07\/20220705a_id.jpg","uagb_featured_image_src":{"full":["https:\/\/www.comuna13online.com.ar\/wp-content\/uploads\/2022\/07\/20220705a_id.jpg",678,452,false],"thumbnail":["https:\/\/www.comuna13online.com.ar\/wp-content\/uploads\/2022\/07\/20220705a_id.jpg",128,85,false],"medium":["https:\/\/www.comuna13online.com.ar\/wp-content\/uploads\/2022\/07\/20220705a_id.jpg",678,452,false],"medium_large":["https:\/\/www.comuna13online.com.ar\/wp-content\/uploads\/2022\/07\/20220705a_id.jpg",678,452,false],"large":["https:\/\/www.comuna13online.com.ar\/wp-content\/uploads\/2022\/07\/20220705a_id.jpg",678,452,false],"1536x1536":["https:\/\/www.comuna13online.com.ar\/wp-content\/uploads\/2022\/07\/20220705a_id.jpg",678,452,false],"2048x2048":["https:\/\/www.comuna13online.com.ar\/wp-content\/uploads\/2022\/07\/20220705a_id.jpg",678,452,false],"mh-magazine-slider":["https:\/\/www.comuna13online.com.ar\/wp-content\/uploads\/2022\/07\/20220705a_id-678x438.jpg",678,438,true],"mh-magazine-content":["https:\/\/www.comuna13online.com.ar\/wp-content\/uploads\/2022\/07\/20220705a_id-678x381.jpg",678,381,true],"mh-magazine-large":["https:\/\/www.comuna13online.com.ar\/wp-content\/uploads\/2022\/07\/20220705a_id.jpg",678,452,false],"mh-magazine-medium":["https:\/\/www.comuna13online.com.ar\/wp-content\/uploads\/2022\/07\/20220705a_id-326x245.jpg",326,245,true],"mh-magazine-small":["https:\/\/www.comuna13online.com.ar\/wp-content\/uploads\/2022\/07\/20220705a_id-80x60.jpg",80,60,true],"sow-carousel-default":["https:\/\/www.comuna13online.com.ar\/wp-content\/uploads\/2022\/07\/20220705a_id-272x182.jpg",272,182,true]},"uagb_author_info":{"display_name":"Comuna13","author_link":"https:\/\/www.comuna13online.com.ar\/?author=1"},"uagb_comment_info":0,"uagb_excerpt":"La justicia porte\u00f1a hizo lugar a la acci\u00f3n de amparo presentada por la Asociaci\u00f3n Civil por la Igualdad y la Justicia contra el Gobierno de la Ciudad de Buenos Aires [...]","jetpack_sharing_enabled":true,"_links":{"self":[{"href":"https:\/\/www.comuna13online.com.ar\/index.php?rest_route=\/wp\/v2\/posts\/15645","targetHints":{"allow":["GET"]}}],"collection":[{"href":"https:\/\/www.comuna13online.com.ar\/index.php?rest_route=\/wp\/v2\/posts"}],"about":[{"href":"https:\/\/www.comuna13online.com.ar\/index.php?rest_route=\/wp\/v2\/types\/post"}],"author":[{"embeddable":true,"href":"https:\/\/www.comuna13online.com.ar\/index.php?rest_route=\/wp\/v2\/users\/1"}],"replies":[{"embeddable":true,"href":"https:\/\/www.comuna13online.com.ar\/index.php?rest_route=%2Fwp%2Fv2%2Fcomments&post=15645"}],"version-history":[{"count":0,"href":"https:\/\/www.comuna13online.com.ar\/index.php?rest_route=\/wp\/v2\/posts\/15645\/revisions"}],"wp:featuredmedia":[{"embeddable":true,"href":"https:\/\/www.comuna13online.com.ar\/index.php?rest_route=\/wp\/v2\/media\/15646"}],"wp:attachment":[{"href":"https:\/\/www.comuna13online.com.ar\/index.php?rest_route=%2Fwp%2Fv2%2Fmedia&parent=15645"}],"wp:term":[{"taxonomy":"category","embeddable":true,"href":"https:\/\/www.comuna13online.com.ar\/index.php?rest_route=%2Fwp%2Fv2%2Fcategories&post=15645"},{"taxonomy":"post_tag","embeddable":true,"href":"https:\/\/www.comuna13online.com.ar\/index.php?rest_route=%2Fwp%2Fv2%2Ftags&post=15645"}],"curies":[{"name":"wp","href":"https:\/\/api.w.org\/{rel}","templated":true}]}}