{"id":15633,"date":"2022-07-04T14:57:31","date_gmt":"2022-07-04T17:57:31","guid":{"rendered":"http:\/\/www.comuna13online.com.ar\/?p=15633"},"modified":"2022-07-04T15:06:29","modified_gmt":"2022-07-04T18:06:29","slug":"la-atencion-primaria-bajo-la-lupa","status":"publish","type":"post","link":"https:\/\/www.comuna13online.com.ar\/?p=15633","title":{"rendered":"La atenci\u00f3n primaria bajo la lupa"},"content":{"rendered":"\n<p><strong>La atenci\u00f3n primaria cumple un rol fundamental al descomprimir a los hospitales de agudos. Por eso va hacia el territorio a detectar y concientizar a la comunidad. \u00bfCu\u00e1les son las dificultades con las que se enfrenta esta instancia sanitaria en la ciudad de Buenos Aires? La relaci\u00f3n poco fluida con los nosocomios y los problemas presupuestarios forman parte de lo cotidiano de su principal pilar: los Centros de Salud y Acci\u00f3n Comunitaria (CESAC).<\/strong><\/p>\n\n\n\n<div style=\"height:15px\" aria-hidden=\"true\" class=\"wp-block-spacer\"><\/div>\n\n\n\n<figure class=\"wp-block-image size-full\"><img loading=\"lazy\" decoding=\"async\" width=\"678\" height=\"452\" data-attachment-id=\"15635\" data-permalink=\"https:\/\/www.comuna13online.com.ar\/?attachment_id=15635\" data-orig-file=\"https:\/\/www.comuna13online.com.ar\/wp-content\/uploads\/2022\/07\/20220704a_01.jpg\" data-orig-size=\"678,452\" data-comments-opened=\"0\" data-image-meta=\"{&quot;aperture&quot;:&quot;0&quot;,&quot;credit&quot;:&quot;&quot;,&quot;camera&quot;:&quot;&quot;,&quot;caption&quot;:&quot;&quot;,&quot;created_timestamp&quot;:&quot;0&quot;,&quot;copyright&quot;:&quot;&quot;,&quot;focal_length&quot;:&quot;0&quot;,&quot;iso&quot;:&quot;0&quot;,&quot;shutter_speed&quot;:&quot;0&quot;,&quot;title&quot;:&quot;&quot;,&quot;orientation&quot;:&quot;0&quot;}\" data-image-title=\"20220704a_01\" data-image-description=\"\" data-image-caption=\"\" data-large-file=\"https:\/\/www.comuna13online.com.ar\/wp-content\/uploads\/2022\/07\/20220704a_01.jpg\" src=\"http:\/\/www.comuna13online.com.ar\/wp-content\/uploads\/2022\/07\/20220704a_01.jpg\" alt=\"\" class=\"wp-image-15635\" srcset=\"https:\/\/www.comuna13online.com.ar\/wp-content\/uploads\/2022\/07\/20220704a_01.jpg 678w, https:\/\/www.comuna13online.com.ar\/wp-content\/uploads\/2022\/07\/20220704a_01-272x182.jpg 272w\" sizes=\"auto, (max-width: 678px) 100vw, 678px\" \/><\/figure>\n\n\n\n<div style=\"height:15px\" aria-hidden=\"true\" class=\"wp-block-spacer\"><\/div>\n\n\n\n<p>El lenguaje cient\u00edfico sit\u00faa a la atenci\u00f3n primaria en la esfera de <em>\u201cla promoci\u00f3n de la salud y la prevenci\u00f3n de enfermedades\u201d<\/em>, pero en lo cotidiano, su objetivo se traduce en poder descomprimir a los hospitales generales y dejar que estos puedan abocarse a los cuadros m\u00e1s complejos.<\/p>\n\n\n\n<p>De las viejas salitas de barrio a los actuales Centros de Salud y Acci\u00f3n Comunitaria (CESAC), el servicio de atenci\u00f3n primaria en la ciudad de Buenos Aires fue variando con los Gobiernos, aunque con una l\u00f3gica com\u00fan: la falta de articulaci\u00f3n entre este espacio y los hospitales de agudos, sumado a las falencias que se derivan de la desinversi\u00f3n general en el rubro.<\/p>\n\n\n\n<p>En la gesti\u00f3n de Horacio Rodr\u00edguez Larreta se dio el \u00faltimo cambio relevante: sobre la antigua Direcci\u00f3n General de Atenci\u00f3n Primaria, se cre\u00f3 una Subsecretar\u00eda que brinda mayor jerarquizaci\u00f3n. Bajo esta \u00f3rbita se hallan los CESAC y los Centros M\u00e9dicos Barriales (CMB).<\/p>\n\n\n\n<div style=\"height:15px\" aria-hidden=\"true\" class=\"wp-block-spacer\"><\/div>\n\n\n\n<h3 class=\"wp-block-heading\">\u00bfQu\u00e9 implica un CESAC y cu\u00e1les son sus l\u00edmites?<\/h3>\n\n\n\n<p><em>\u201cLa institucionalizaci\u00f3n de la atenci\u00f3n primaria lleg\u00f3 a nuestro pa\u00eds a medida que fue necesit\u00e1ndose, m\u00e1s por impulsos de funcionarios sueltos que pensada y dise\u00f1ada previamente\u201d<\/em>, define Federico Petiniccio, director del CESAC 22, de La Paternal.&nbsp; Desde los primeros CESAC creados en la d\u00e9cada de los 80, hoy llegan a 44 seg\u00fan la cifra oficial del Gobierno de la Ciudad. Para este especialista se precisan por lo menos el doble. <em>\u201cRosario, ejemplo en el tema, tiene desde la gesti\u00f3n socialista 80 para un mill\u00f3n y medio de habitantes\u201d<\/em>, dice.<\/p>\n\n\n\n<p>Este d\u00e9ficit impone la primera de las limitaciones al funcionamiento ideal de los centros. <em>\u201cEstamos siempre corriendo de atr\u00e1s, hay una demanda a la que no damos abasto\u201d<\/em>, sentencia Petiniccio. El personal no es suficiente en muchos casos siquiera para garantizar un funcionamiento m\u00ednimo: <em>\u201cEs com\u00fan encontrar \u00e9pocas en las que, por enfermedades o vacaciones, falten administrativos y los propios profesionales te atiendan el mostrador de recepci\u00f3n\u201d<\/em>, expresa Sara Eichenbaum, integrante de la comisi\u00f3n de Salud del Consejo Consultivo de la Comuna 11 y exintegrante del \u00e1rea de atenci\u00f3n primaria porte\u00f1a.<\/p>\n\n\n\n<p><em>\u201cNuestro equipo tiene capacidad y perspectiva de crecimiento, que no son acompa\u00f1adas. Para poder desarrollar trabajos territoriales es necesario m\u00e1s recurso profesional y espacio f\u00edsico que no tenemos. Esto hace que no pueda priorizarse lo preventivo y comunitario, teniendo que cumplir tareas de asistencia por la demanda siempre creciente\u201d<\/em>, aporta Guadalupe Cortez, trabajadora social del CESAC 34, el \u00fanico dentro del \u00e1rea program\u00e1tica del Hospital \u00c1lvarez.<\/p>\n\n\n\n<div style=\"height:15px\" aria-hidden=\"true\" class=\"wp-block-spacer\"><\/div>\n\n\n\n<h3 class=\"wp-block-heading\">Relaci\u00f3n con los hospitales y dependencia del SAME<\/h3>\n\n\n\n<p>Otros asuntos complejos son la falta de sistema propio de traslado, lo que los hace depender en esos casos del Sistema de Atenci\u00f3n M\u00e9dica de Emergencia (SAME), un servicio de otra \u00e1rea de Gobierno. &nbsp;Tambi\u00e9n se anota en esta lista la falta de grupo electr\u00f3geno en algunos CESAC (a diferencia de los hospitales), lo que anula la atenci\u00f3n por completo mientras dure cualquier corte de luz.<\/p>\n\n\n\n<p>Los CESAC est\u00e1n referenciados en sus respectivos hospitales generales, pero este v\u00ednculo dista de ser el ideal. <em>\u201cHay trabas que m\u00e1s que sist\u00e9micas son humanas. Los m\u00e9dicos somos una corporaci\u00f3n dif\u00edcil y hay casos en los que se busca contradecir o cuestionar mutuamente en vez de solucionar r\u00e1pido el tema\u201d<\/em>, pone sobre la mesa Petiniccio.<\/p>\n\n\n\n<p>Tampoco son menores los temas burocr\u00e1ticos. &nbsp;Solo el Hospital Durand habilit\u00f3 la agenda de las especialidades; el resto de los centros debe derivar pacientes a los nosocomios sin poder decirles con qui\u00e9n y cu\u00e1ndo atenderse, con una mera recomendaci\u00f3n y hasta a veces sin tener ni los contactos, lejos de funcionar de manera interrelacionada.&nbsp;<\/p>\n\n\n\n<div style=\"height:15px\" aria-hidden=\"true\" class=\"wp-block-spacer\"><\/div>\n\n\n\n<h3 class=\"wp-block-heading\">La importancia del trabajo comunitario<\/h3>\n\n\n\n<p><em>\u201cLa salud es un proceso de construcci\u00f3n social, no solo m\u00e9dico, y por eso es fundamental que los Centros de Salud sean apropiados por los vecinos. El Estado lo administra, pero es de ellos\u201d<\/em>, plantea Petiniccio.<\/p>\n\n\n\n<p>Un caso paradigm\u00e1tico en este asunto es el del CESAC 41, de La Boca, donde a trav\u00e9s de reuniones abiertas, profesionales y usuarios del lugar dise\u00f1aron&nbsp; en comunidad un proyecto de remodelaci\u00f3n del centro, contemplando las necesidades espec\u00edficas de la poblaci\u00f3n y hasta las ra\u00edces culturales del barrio. La propuesta fue acercada en diciembre \u00faltimo al Ministerio de Salud.<\/p>\n\n\n\n<p><em>\u201cEl 40% del trabajo de los miembros de los CESAC abarca la salida al territorio. Es un pilar en la idea de atenci\u00f3n primaria lo comunitario y la gesti\u00f3n compartida\u201d<\/em>, afirma Eichenbaum. El director del CESAC 22 aporta que <em>\u201cla mayor fortaleza de estos lugares est\u00e1 en la participaci\u00f3n de la gente y el v\u00ednculo mutuo con el profesional\u201d<\/em>. Y agrega: <em>\u201cMucha gente se dio cuenta que era redituable concurrir porque conoce qui\u00e9n la atiende, sabe qu\u00e9 d\u00edas estamos, c\u00f3mo se llaman nuestros hijos\u201d<\/em>.<\/p>\n\n\n\n<p>En este sentido, acciones claves de los CESAC son las campa\u00f1as de vacunaci\u00f3n del calendario por las cuales hasta se acercan a las escuelas de la zona; o las de prevenci\u00f3n, como las de dengue, por las cuales visitan casa por casa, meses antes del tiempo en que se esperan los picos de casos, para destacar la importancia de seguir los consejos.<\/p>\n\n\n\n<p><em>\u201cSe trabaja con los comedores, los centros de jubilados, los clubes y con los hogares mismos. Se entrega leche, m\u00e9todos anticonceptivos y remedios. Se hacen charlas, talleres y cursos abiertos de maternidad o de adicciones. O se realizan control de presi\u00f3n, talla y peso en las postas de las plazas\u201d<\/em>, explica Mario, profesional del CESAC 27, de Saavedra, quien pidi\u00f3 que no divulguemos su apellido.<\/p>\n\n\n\n<div style=\"height:15px\" aria-hidden=\"true\" class=\"wp-block-spacer\"><\/div>\n\n\n\n<h3 class=\"wp-block-heading\">&nbsp;\u00bfQu\u00e9 pasa con los Centros M\u00e9dicos Barriales?<\/h3>\n\n\n\n<p>Hay unos 37 CMB en total. Los mismos componen una estructura decididamente menor a los CESAC, y act\u00faan como meros \u201cpoliconsultorios\u201d de especialistas (principalmente de ginecolog\u00eda, odontolog\u00eda, pediatr\u00eda o cl\u00ednica m\u00e9dica), como una extensi\u00f3n de la atenci\u00f3n en los hospitales.<\/p>\n\n\n\n<p>Los entrevistados coinciden en encontrar muchas falencias en ellos. \u201cNo hay farmacia, no se dan vacunas, ni poseen enfermer\u00edas. Tampoco se atiende por fuera de los horarios de los hospitales, tienen total desarticulaci\u00f3n\u201d, lamenta Eichenbaum. El director del CESAC de La Paternal cuestiona por su parte que \u201cla carga cae sobre el profesional\u201d, dado que debe \u00e9l o ella mismos encargarse de eventualmente disponer de personal administrativo o de encontrar el lugar y alquilarlo para que luego el Gobierno de la Ciudad les suministre parte del dinero que exige su sost\u00e9n a la vez que les permite la atenci\u00f3n de particulares privados.<\/p>\n\n\n\n<div style=\"height:56px\" aria-hidden=\"true\" class=\"wp-block-spacer\"><\/div>\n\n\n\n<p class=\"has-text-align-right\">Por&nbsp;<strong>Mateo Lezcano<\/strong><br>para la Cooperativa de Editores Barriales EBC<br><strong>Comuna13online<\/strong><\/p>\n","protected":false},"excerpt":{"rendered":"<div class=\"mh-excerpt\">La atenci\u00f3n primaria cumple un rol fundamental al descomprimir a los hospitales de agudos. Por eso va hacia el territorio a detectar y concientizar a la comunidad. \u00bfCu\u00e1les son las <a class=\"mh-excerpt-more\" href=\"https:\/\/www.comuna13online.com.ar\/?p=15633\" title=\"La atenci\u00f3n primaria bajo la lupa\">[&#8230;]<\/a><\/div>\n","protected":false},"author":1,"featured_media":15634,"comment_status":"closed","ping_status":"closed","sticky":false,"template":"","format":"standard","meta":{"_uag_custom_page_level_css":"","_jetpack_memberships_contains_paid_content":false,"footnotes":"","jetpack_publicize_message":"","jetpack_publicize_feature_enabled":true,"jetpack_social_post_already_shared":true,"jetpack_social_options":{"image_generator_settings":{"template":"highway","default_image_id":0,"font":"","enabled":false},"version":2}},"categories":[44],"tags":[297,246,250,296,45],"class_list":{"0":"post-15633","1":"post","2":"type-post","3":"status-publish","4":"format-standard","5":"has-post-thumbnail","7":"category-salud","8":"tag-ebc","9":"tag-h1","10":"tag-h2","11":"tag-h3","12":"tag-salud"},"jetpack_publicize_connections":[],"jetpack_featured_media_url":"https:\/\/www.comuna13online.com.ar\/wp-content\/uploads\/2022\/07\/20220704a_id.jpg","uagb_featured_image_src":{"full":["https:\/\/www.comuna13online.com.ar\/wp-content\/uploads\/2022\/07\/20220704a_id.jpg",1030,438,false],"thumbnail":["https:\/\/www.comuna13online.com.ar\/wp-content\/uploads\/2022\/07\/20220704a_id.jpg",128,54,false],"medium":["https:\/\/www.comuna13online.com.ar\/wp-content\/uploads\/2022\/07\/20220704a_id.jpg",1030,438,false],"medium_large":["https:\/\/www.comuna13online.com.ar\/wp-content\/uploads\/2022\/07\/20220704a_id-768x327.jpg",768,327,true],"large":["https:\/\/www.comuna13online.com.ar\/wp-content\/uploads\/2022\/07\/20220704a_id.jpg",1030,438,false],"1536x1536":["https:\/\/www.comuna13online.com.ar\/wp-content\/uploads\/2022\/07\/20220704a_id.jpg",1030,438,false],"2048x2048":["https:\/\/www.comuna13online.com.ar\/wp-content\/uploads\/2022\/07\/20220704a_id.jpg",1030,438,false],"mh-magazine-slider":["https:\/\/www.comuna13online.com.ar\/wp-content\/uploads\/2022\/07\/20220704a_id-1030x438.jpg",1030,438,true],"mh-magazine-content":["https:\/\/www.comuna13online.com.ar\/wp-content\/uploads\/2022\/07\/20220704a_id-678x381.jpg",678,381,true],"mh-magazine-large":["https:\/\/www.comuna13online.com.ar\/wp-content\/uploads\/2022\/07\/20220704a_id-678x438.jpg",678,438,true],"mh-magazine-medium":["https:\/\/www.comuna13online.com.ar\/wp-content\/uploads\/2022\/07\/20220704a_id-326x245.jpg",326,245,true],"mh-magazine-small":["https:\/\/www.comuna13online.com.ar\/wp-content\/uploads\/2022\/07\/20220704a_id-80x60.jpg",80,60,true],"sow-carousel-default":["https:\/\/www.comuna13online.com.ar\/wp-content\/uploads\/2022\/07\/20220704a_id-272x182.jpg",272,182,true]},"uagb_author_info":{"display_name":"Comuna13","author_link":"https:\/\/www.comuna13online.com.ar\/?author=1"},"uagb_comment_info":0,"uagb_excerpt":"La atenci\u00f3n primaria cumple un rol fundamental al descomprimir a los hospitales de agudos. Por eso va hacia el territorio a detectar y concientizar a la comunidad. \u00bfCu\u00e1les son las [...]","jetpack_sharing_enabled":true,"_links":{"self":[{"href":"https:\/\/www.comuna13online.com.ar\/index.php?rest_route=\/wp\/v2\/posts\/15633","targetHints":{"allow":["GET"]}}],"collection":[{"href":"https:\/\/www.comuna13online.com.ar\/index.php?rest_route=\/wp\/v2\/posts"}],"about":[{"href":"https:\/\/www.comuna13online.com.ar\/index.php?rest_route=\/wp\/v2\/types\/post"}],"author":[{"embeddable":true,"href":"https:\/\/www.comuna13online.com.ar\/index.php?rest_route=\/wp\/v2\/users\/1"}],"replies":[{"embeddable":true,"href":"https:\/\/www.comuna13online.com.ar\/index.php?rest_route=%2Fwp%2Fv2%2Fcomments&post=15633"}],"version-history":[{"count":0,"href":"https:\/\/www.comuna13online.com.ar\/index.php?rest_route=\/wp\/v2\/posts\/15633\/revisions"}],"wp:featuredmedia":[{"embeddable":true,"href":"https:\/\/www.comuna13online.com.ar\/index.php?rest_route=\/wp\/v2\/media\/15634"}],"wp:attachment":[{"href":"https:\/\/www.comuna13online.com.ar\/index.php?rest_route=%2Fwp%2Fv2%2Fmedia&parent=15633"}],"wp:term":[{"taxonomy":"category","embeddable":true,"href":"https:\/\/www.comuna13online.com.ar\/index.php?rest_route=%2Fwp%2Fv2%2Fcategories&post=15633"},{"taxonomy":"post_tag","embeddable":true,"href":"https:\/\/www.comuna13online.com.ar\/index.php?rest_route=%2Fwp%2Fv2%2Ftags&post=15633"}],"curies":[{"name":"wp","href":"https:\/\/api.w.org\/{rel}","templated":true}]}}