{"id":15596,"date":"2022-06-24T03:35:00","date_gmt":"2022-06-24T06:35:00","guid":{"rendered":"http:\/\/www.comuna13online.com.ar\/?p=15596"},"modified":"2022-06-24T15:47:15","modified_gmt":"2022-06-24T18:47:15","slug":"se-inauguro-la-muestra-buenos-aires-de-cerca-y-de-lejos","status":"publish","type":"post","link":"https:\/\/www.comuna13online.com.ar\/?p=15596","title":{"rendered":"Se inaugur\u00f3 la muestra: Buenos Aires de cerca y de lejos"},"content":{"rendered":"\n<p><strong>El Palacio Legislativo es sede de una nueva iniciativa art\u00edstica, que combina la fotograf\u00eda de Pablo Idez con las pinturas de Esteban Pablo Videla<\/strong>.<\/p>\n\n\n\n<figure class=\"wp-block-image size-full\"><img loading=\"lazy\" decoding=\"async\" width=\"678\" height=\"452\" data-attachment-id=\"15598\" data-permalink=\"https:\/\/www.comuna13online.com.ar\/?attachment_id=15598\" data-orig-file=\"https:\/\/www.comuna13online.com.ar\/wp-content\/uploads\/2022\/06\/20220624b_id.jpg\" data-orig-size=\"678,452\" data-comments-opened=\"0\" data-image-meta=\"{&quot;aperture&quot;:&quot;0&quot;,&quot;credit&quot;:&quot;&quot;,&quot;camera&quot;:&quot;&quot;,&quot;caption&quot;:&quot;&quot;,&quot;created_timestamp&quot;:&quot;0&quot;,&quot;copyright&quot;:&quot;&quot;,&quot;focal_length&quot;:&quot;0&quot;,&quot;iso&quot;:&quot;0&quot;,&quot;shutter_speed&quot;:&quot;0&quot;,&quot;title&quot;:&quot;&quot;,&quot;orientation&quot;:&quot;0&quot;}\" data-image-title=\"20220624b_id\" data-image-description=\"\" data-image-caption=\"\" data-large-file=\"https:\/\/www.comuna13online.com.ar\/wp-content\/uploads\/2022\/06\/20220624b_id.jpg\" src=\"http:\/\/www.comuna13online.com.ar\/wp-content\/uploads\/2022\/06\/20220624b_id.jpg\" alt=\"\" class=\"wp-image-15598\" srcset=\"https:\/\/www.comuna13online.com.ar\/wp-content\/uploads\/2022\/06\/20220624b_id.jpg 678w, https:\/\/www.comuna13online.com.ar\/wp-content\/uploads\/2022\/06\/20220624b_id-272x182.jpg 272w\" sizes=\"auto, (max-width: 678px) 100vw, 678px\" \/><figcaption>es<\/figcaption><\/figure>\n\n\n\n<p>La Direcci\u00f3n General de Asuntos Culturales y Patrimoniales de la Legislatura present\u00f3 la muestra\u00a0<strong>\u201cBuenos Aires de cerca y de lejos\u201d,<\/strong>\u00a0en la sala de exposiciones Manuel Belgrano. Participaron de la muestra el Director General de Asuntos Culturales y Patrimoniales Juan Diego Bellocchio y los artistas Esteban Pablo Videla y Pablo Idez.<\/p>\n\n\n\n<p>En este sentido, Belloccio destac\u00f3 que toda la obra fue trabajada en plena pandemia y que es <em>\u201csuper porte\u00f1a\u201d<\/em>. Y agreg\u00f3: <em>\u201ccomo esta es la casa del pueblo, estamos muy contentos de abrir las puertas y que est\u00e9n ac\u00e1. Disfrutemos la muestra que es para todos ustedes\u201d<\/em>.<\/p>\n\n\n\n<p>Por su parte, Idez agradeci\u00f3 a la Legislatura por la oportunidad y se\u00f1al\u00f3 que las obras fueron hechas <em>\u201ccon mucho cari\u00f1o\u201d<\/em>. Y Videla resalt\u00f3: <em>\u201cel arte est\u00e1 relacionado con lo m\u00e1s importante que tenemos, que es la vida\u201d<\/em>.<\/p>\n\n\n\n<p>La iniciativa combina las pinturas de Esteban Pablo Videla y la fotograf\u00eda de Pablo Idez. Las im\u00e1genes en blanco y negro de Idez y los \u00f3leos de Videla plasman la ciudad como un todo, que se compone de edificios, cielos y personas. Desde esa perspectiva se abordan la intimidad de las casas y sus habitantes, con el fin de narrar peque\u00f1as historias de la Ciudad de Buenos Aires en el 2021. Cabe destacar que la iniciativa se mostr\u00f3 en marzo del a\u00f1o pasado en formato virtual. Y ahora se puede disfrutar de manera presencial.<\/p>\n\n\n\n<p>La Muestra estar\u00e1 disponible hasta el pr\u00f3ximo 7 de julio, de\u00a0<strong>lunes a viernes de 10 a 19 hs<\/strong>.<br><strong>Entrada libre y gratuita<\/strong><br><strong>Per\u00fa 160<\/strong>, Legislatura de la Ciudad de Buenos Aires.<\/p>\n\n\n\n<iframe src=\"https:\/\/www.google.com\/maps\/embed?pb=!1m18!1m12!1m3!1d3283.7856174278363!2d-58.3743196!3d-34.6095822!2m3!1f0!2f0!3f0!3m2!1i1024!2i768!4f13.1!3m3!1m2!1s0x95bccad37647278d%3A0x5a0f75164ef66210!2sPer%C3%BA%20160%2C%20C1067AAD%20CABA!5e0!3m2!1ses!2sar!4v1656096007656!5m2!1ses!2sar\" width=\"500\" height=\"350\" style=\"border:0;\" allowfullscreen=\"\" loading=\"lazy\" referrerpolicy=\"no-referrer-when-downgrade\"><\/iframe>\n\n\n\n<div style=\"height:15px\" aria-hidden=\"true\" class=\"wp-block-spacer\"><\/div>\n\n\n\n<h4 class=\"wp-block-heading\">Transportes Cercanos<\/h4>\n\n\n\n<p><strong>Colectivos<\/strong>: 2, 7, 8, 22, 24, 28, 29, 33, 50, 56, 61, 62, 64, 74, 86, 91, 93, 103, 105, 111, 126, 130, 143, 146, 152, 159, 195<br><strong>Subtes<\/strong>: BELGRANO (L\u00ednea E), BOLIVAR (L\u00ednea E), CATEDRAL (L\u00ednea D), PERU (L\u00ednea A), PIEDRAS (L\u00ednea A), PLAZA DE MAYO (L\u00ednea A)<\/p>\n\n\n\n<p class=\"has-text-align-right\"><sub>Fuente: <em><strong>D. G. Prensa de la Legislatura de la Ciudad<\/strong><\/em><\/sub><a href=\"mailto:?subject=La%20Legislatura%20aprob%C3%B3%20en%20primera%20lectura%20un%20proyecto%20que%20procura%20mantener%20el%20paisaje%20y%20la%20arquitectura%20en%20dos%20barrios%20de%20la%20Comuna%2013.%20Deber%C3%A1%20debatirse%20en%20Audiencia%20P%C3%BAblica.%20%20%20%20%20%20%20%20%20%20%20&amp;body=https%3A%2F%2Fwww.legislatura.gov.ar%2Fposts%2Fsesion-19-052427.html\"><\/a><\/p>\n\n\n\n<p><\/p>\n","protected":false},"excerpt":{"rendered":"<div class=\"mh-excerpt\">El Palacio Legislativo es sede de una nueva iniciativa art\u00edstica, que combina la fotograf\u00eda de Pablo Idez con las pinturas de Esteban Pablo Videla. La Direcci\u00f3n General de Asuntos Culturales <a class=\"mh-excerpt-more\" href=\"https:\/\/www.comuna13online.com.ar\/?p=15596\" title=\"Se inaugur\u00f3 la muestra: Buenos Aires de cerca y de lejos\">[&#8230;]<\/a><\/div>\n","protected":false},"author":1,"featured_media":15598,"comment_status":"closed","ping_status":"closed","sticky":false,"template":"","format":"standard","meta":{"_uag_custom_page_level_css":"","_jetpack_memberships_contains_paid_content":false,"footnotes":"","jetpack_publicize_message":"","jetpack_publicize_feature_enabled":true,"jetpack_social_post_already_shared":true,"jetpack_social_options":{"image_generator_settings":{"template":"highway","default_image_id":0,"font":"","enabled":false},"version":2}},"categories":[242],"tags":[155,250,296,7,307],"class_list":{"0":"post-15596","1":"post","2":"type-post","3":"status-publish","4":"format-standard","5":"has-post-thumbnail","7":"category-muestra","8":"tag-arte","9":"tag-h2","10":"tag-h3","11":"tag-legislatura","12":"tag-muestra"},"jetpack_publicize_connections":[],"jetpack_featured_media_url":"https:\/\/www.comuna13online.com.ar\/wp-content\/uploads\/2022\/06\/20220624b_id.jpg","uagb_featured_image_src":{"full":["https:\/\/www.comuna13online.com.ar\/wp-content\/uploads\/2022\/06\/20220624b_id.jpg",678,452,false],"thumbnail":["https:\/\/www.comuna13online.com.ar\/wp-content\/uploads\/2022\/06\/20220624b_id.jpg",128,85,false],"medium":["https:\/\/www.comuna13online.com.ar\/wp-content\/uploads\/2022\/06\/20220624b_id.jpg",678,452,false],"medium_large":["https:\/\/www.comuna13online.com.ar\/wp-content\/uploads\/2022\/06\/20220624b_id.jpg",678,452,false],"large":["https:\/\/www.comuna13online.com.ar\/wp-content\/uploads\/2022\/06\/20220624b_id.jpg",678,452,false],"1536x1536":["https:\/\/www.comuna13online.com.ar\/wp-content\/uploads\/2022\/06\/20220624b_id.jpg",678,452,false],"2048x2048":["https:\/\/www.comuna13online.com.ar\/wp-content\/uploads\/2022\/06\/20220624b_id.jpg",678,452,false],"mh-magazine-slider":["https:\/\/www.comuna13online.com.ar\/wp-content\/uploads\/2022\/06\/20220624b_id-678x438.jpg",678,438,true],"mh-magazine-content":["https:\/\/www.comuna13online.com.ar\/wp-content\/uploads\/2022\/06\/20220624b_id-678x381.jpg",678,381,true],"mh-magazine-large":["https:\/\/www.comuna13online.com.ar\/wp-content\/uploads\/2022\/06\/20220624b_id.jpg",678,452,false],"mh-magazine-medium":["https:\/\/www.comuna13online.com.ar\/wp-content\/uploads\/2022\/06\/20220624b_id-326x245.jpg",326,245,true],"mh-magazine-small":["https:\/\/www.comuna13online.com.ar\/wp-content\/uploads\/2022\/06\/20220624b_id-80x60.jpg",80,60,true],"sow-carousel-default":["https:\/\/www.comuna13online.com.ar\/wp-content\/uploads\/2022\/06\/20220624b_id-272x182.jpg",272,182,true]},"uagb_author_info":{"display_name":"Comuna13","author_link":"https:\/\/www.comuna13online.com.ar\/?author=1"},"uagb_comment_info":0,"uagb_excerpt":"El Palacio Legislativo es sede de una nueva iniciativa art\u00edstica, que combina la fotograf\u00eda de Pablo Idez con las pinturas de Esteban Pablo Videla. La Direcci\u00f3n General de Asuntos Culturales [...]","jetpack_sharing_enabled":true,"_links":{"self":[{"href":"https:\/\/www.comuna13online.com.ar\/index.php?rest_route=\/wp\/v2\/posts\/15596","targetHints":{"allow":["GET"]}}],"collection":[{"href":"https:\/\/www.comuna13online.com.ar\/index.php?rest_route=\/wp\/v2\/posts"}],"about":[{"href":"https:\/\/www.comuna13online.com.ar\/index.php?rest_route=\/wp\/v2\/types\/post"}],"author":[{"embeddable":true,"href":"https:\/\/www.comuna13online.com.ar\/index.php?rest_route=\/wp\/v2\/users\/1"}],"replies":[{"embeddable":true,"href":"https:\/\/www.comuna13online.com.ar\/index.php?rest_route=%2Fwp%2Fv2%2Fcomments&post=15596"}],"version-history":[{"count":0,"href":"https:\/\/www.comuna13online.com.ar\/index.php?rest_route=\/wp\/v2\/posts\/15596\/revisions"}],"wp:featuredmedia":[{"embeddable":true,"href":"https:\/\/www.comuna13online.com.ar\/index.php?rest_route=\/wp\/v2\/media\/15598"}],"wp:attachment":[{"href":"https:\/\/www.comuna13online.com.ar\/index.php?rest_route=%2Fwp%2Fv2%2Fmedia&parent=15596"}],"wp:term":[{"taxonomy":"category","embeddable":true,"href":"https:\/\/www.comuna13online.com.ar\/index.php?rest_route=%2Fwp%2Fv2%2Fcategories&post=15596"},{"taxonomy":"post_tag","embeddable":true,"href":"https:\/\/www.comuna13online.com.ar\/index.php?rest_route=%2Fwp%2Fv2%2Ftags&post=15596"}],"curies":[{"name":"wp","href":"https:\/\/api.w.org\/{rel}","templated":true}]}}