{"id":1559,"date":"2018-05-15T12:51:18","date_gmt":"2018-05-15T15:51:18","guid":{"rendered":"http:\/\/www.comuna13online.com.ar\/?p=1559"},"modified":"2018-05-15T12:51:18","modified_gmt":"2018-05-15T15:51:18","slug":"se-endurecen-las-medidas-de-fuerza-en-el-subterraneo","status":"publish","type":"post","link":"https:\/\/www.comuna13online.com.ar\/?p=1559","title":{"rendered":"Se endurecen las medidas de fuerza en el subterr\u00e1neo"},"content":{"rendered":"<p><strong>Tras liberar los molinetes y posterior paro ayer en la l\u00ednea D, los metrodelegados anunciaron otro paro para este mi\u00e9rcoles en las l\u00edneas A y B de 0 a 12 hs.<\/strong><\/p>\n<p>La Asociaci\u00f3n Gremial de Trabajadores del Subte y Premetro (AGTSyP) continua con las medidas de fuerza graduales adoptadas hace varias semanas en rechazo al aumento salarial del 15% acordado por la UTA, ahora encrudecido por las sanciones\u00a0aplicadas por Metrov\u00edas a trabajadores que llevan adelante las medidas de fuerza.<\/p>\n<p>Ayer, los metrodelegados realizaron una doble medida en la l\u00ednea D, a partir de las 17:30 horas se liberaron los molinetes hasta las 20.30 y se le dio continuidad con un paro por completo la l\u00ednea hasta la culminaci\u00f3n del servicio.<\/p>\n<p>Por el momento, el conflicto en lugar de acercarse a una soluci\u00f3n, parece agravarse cada vez m\u00e1s, es que ante\u00a0las sanciones aplicadas por la empresa concesionaria Metrov\u00edas\u00a0 a 70 trabajadores que participaron de los reclamos, los metrodelegados anunciaron\u00a0un paro total de las L\u00edneas A y B desde las 0 horas hasta las 12 del mediod\u00eda.<\/p>\n<p>Por otro lado, en una conferencia de prensa realizada ayer a \u00faltima hora en la cabecera de la l\u00ednea D \u00abCongreso de Tucum\u00e1n\u00bb\u00a0insistieron con que Metrov\u00edas <em>\u00abproceda al inmediato retiro de los telegramas con sanciones a nuestros compa\u00f1eros que realizaron acciones ya consideradas por la Justicia como una extensi\u00f3n legal de nuestro derecho de huelga\u00bb<\/em>.\u00a0El agravamiento de las medidas fue votada y aprobada en asambleas.<\/p>\n<p>Las medidas son en rechazo al aumento paritario del 15,2% acordado por la Uni\u00f3n Tranviarios Automotor\u00a0(UTA) con el Gobierno de la Ciudad y Metrov\u00edas.\u00a0 Los metrodelegados reclaman por no haber participado de la reuni\u00f3n ni de la firma del convenio.<\/p>\n<p>Cabe recordar que\u00a0en marzo pasado la Corte Suprema de Justicia ratific\u00f3 un fallo que le quita la personer\u00eda gremial a los Metrodelegados, un gremio muy opositor al gobierno y los dej\u00f3 una situaci\u00f3n de inferioridad en su lucha por dejar de pertenecer a la Uni\u00f3n Tranviarios Automotor (UTA), un gremio\u00a0muy cercano al gobierno.<\/p>\n<p>Por tal motivo, los metrodelegados decidieron llevar a cabo una serie de medidas de fuerza con la incertidumbre que no se sabe cuando culminar\u00e1 el conflicto.<\/p>\n","protected":false},"excerpt":{"rendered":"<div class=\"mh-excerpt\">Tras liberar los molinetes y posterior paro ayer en la l\u00ednea D, los metrodelegados anunciaron otro paro para este mi\u00e9rcoles en las l\u00edneas A y B de 0 a 12 <a class=\"mh-excerpt-more\" href=\"https:\/\/www.comuna13online.com.ar\/?p=1559\" title=\"Se endurecen las medidas de fuerza en el subterr\u00e1neo\">[&#8230;]<\/a><\/div>\n","protected":false},"author":1,"featured_media":868,"comment_status":"closed","ping_status":"closed","sticky":false,"template":"","format":"standard","meta":{"_uag_custom_page_level_css":"","_jetpack_memberships_contains_paid_content":false,"footnotes":"","jetpack_publicize_message":"","jetpack_publicize_feature_enabled":true,"jetpack_social_post_already_shared":true,"jetpack_social_options":{"image_generator_settings":{"template":"highway","default_image_id":0,"font":"","enabled":false},"version":2}},"categories":[14],"tags":[123,16],"class_list":{"0":"post-1559","1":"post","2":"type-post","3":"status-publish","4":"format-standard","5":"has-post-thumbnail","7":"category-subte","8":"tag-paro","9":"tag-subte"},"jetpack_publicize_connections":[],"jetpack_featured_media_url":"https:\/\/www.comuna13online.com.ar\/wp-content\/uploads\/2018\/03\/20180313d.jpg","uagb_featured_image_src":{"full":["https:\/\/www.comuna13online.com.ar\/wp-content\/uploads\/2018\/03\/20180313d.jpg",1030,438,false],"thumbnail":["https:\/\/www.comuna13online.com.ar\/wp-content\/uploads\/2018\/03\/20180313d-150x150.jpg",96,96,true],"medium":["https:\/\/www.comuna13online.com.ar\/wp-content\/uploads\/2018\/03\/20180313d-678x288.jpg",678,288,true],"medium_large":["https:\/\/www.comuna13online.com.ar\/wp-content\/uploads\/2018\/03\/20180313d-768x327.jpg",768,327,true],"large":["https:\/\/www.comuna13online.com.ar\/wp-content\/uploads\/2018\/03\/20180313d.jpg",1030,438,false],"1536x1536":["https:\/\/www.comuna13online.com.ar\/wp-content\/uploads\/2018\/03\/20180313d.jpg",1030,438,false],"2048x2048":["https:\/\/www.comuna13online.com.ar\/wp-content\/uploads\/2018\/03\/20180313d.jpg",1030,438,false],"mh-magazine-slider":["https:\/\/www.comuna13online.com.ar\/wp-content\/uploads\/2018\/03\/20180313d.jpg",1030,438,false],"mh-magazine-content":["https:\/\/www.comuna13online.com.ar\/wp-content\/uploads\/2018\/03\/20180313d-678x381.jpg",678,381,true],"mh-magazine-large":["https:\/\/www.comuna13online.com.ar\/wp-content\/uploads\/2018\/03\/20180313d-678x438.jpg",678,438,true],"mh-magazine-medium":["https:\/\/www.comuna13online.com.ar\/wp-content\/uploads\/2018\/03\/20180313d-326x245.jpg",326,245,true],"mh-magazine-small":["https:\/\/www.comuna13online.com.ar\/wp-content\/uploads\/2018\/03\/20180313d-80x60.jpg",80,60,true],"sow-carousel-default":["https:\/\/www.comuna13online.com.ar\/wp-content\/uploads\/2018\/03\/20180313d-272x182.jpg",272,182,true]},"uagb_author_info":{"display_name":"Comuna13","author_link":"https:\/\/www.comuna13online.com.ar\/?author=1"},"uagb_comment_info":0,"uagb_excerpt":"Tras liberar los molinetes y posterior paro ayer en la l\u00ednea D, los metrodelegados anunciaron otro paro para este mi\u00e9rcoles en las l\u00edneas A y B de 0 a 12 [...]","jetpack_sharing_enabled":true,"_links":{"self":[{"href":"https:\/\/www.comuna13online.com.ar\/index.php?rest_route=\/wp\/v2\/posts\/1559","targetHints":{"allow":["GET"]}}],"collection":[{"href":"https:\/\/www.comuna13online.com.ar\/index.php?rest_route=\/wp\/v2\/posts"}],"about":[{"href":"https:\/\/www.comuna13online.com.ar\/index.php?rest_route=\/wp\/v2\/types\/post"}],"author":[{"embeddable":true,"href":"https:\/\/www.comuna13online.com.ar\/index.php?rest_route=\/wp\/v2\/users\/1"}],"replies":[{"embeddable":true,"href":"https:\/\/www.comuna13online.com.ar\/index.php?rest_route=%2Fwp%2Fv2%2Fcomments&post=1559"}],"version-history":[{"count":0,"href":"https:\/\/www.comuna13online.com.ar\/index.php?rest_route=\/wp\/v2\/posts\/1559\/revisions"}],"wp:featuredmedia":[{"embeddable":true,"href":"https:\/\/www.comuna13online.com.ar\/index.php?rest_route=\/wp\/v2\/media\/868"}],"wp:attachment":[{"href":"https:\/\/www.comuna13online.com.ar\/index.php?rest_route=%2Fwp%2Fv2%2Fmedia&parent=1559"}],"wp:term":[{"taxonomy":"category","embeddable":true,"href":"https:\/\/www.comuna13online.com.ar\/index.php?rest_route=%2Fwp%2Fv2%2Fcategories&post=1559"},{"taxonomy":"post_tag","embeddable":true,"href":"https:\/\/www.comuna13online.com.ar\/index.php?rest_route=%2Fwp%2Fv2%2Ftags&post=1559"}],"curies":[{"name":"wp","href":"https:\/\/api.w.org\/{rel}","templated":true}]}}