{"id":15540,"date":"2022-06-10T18:57:01","date_gmt":"2022-06-10T21:57:01","guid":{"rendered":"http:\/\/www.comuna13online.com.ar\/?p=15540"},"modified":"2022-06-10T18:57:04","modified_gmt":"2022-06-10T21:57:04","slug":"descentralizacion-y-participacion-en-la-legislatura","status":"publish","type":"post","link":"https:\/\/www.comuna13online.com.ar\/?p=15540","title":{"rendered":"Descentralizaci\u00f3n y Participaci\u00f3n en la Legislatura"},"content":{"rendered":"\n<figure class=\"wp-block-image size-full\"><img loading=\"lazy\" decoding=\"async\" width=\"678\" height=\"452\" data-attachment-id=\"15541\" data-permalink=\"https:\/\/www.comuna13online.com.ar\/?attachment_id=15541\" data-orig-file=\"https:\/\/www.comuna13online.com.ar\/wp-content\/uploads\/2022\/06\/20220610b_01.jpg\" data-orig-size=\"678,452\" data-comments-opened=\"0\" data-image-meta=\"{&quot;aperture&quot;:&quot;0&quot;,&quot;credit&quot;:&quot;&quot;,&quot;camera&quot;:&quot;&quot;,&quot;caption&quot;:&quot;&quot;,&quot;created_timestamp&quot;:&quot;0&quot;,&quot;copyright&quot;:&quot;&quot;,&quot;focal_length&quot;:&quot;0&quot;,&quot;iso&quot;:&quot;0&quot;,&quot;shutter_speed&quot;:&quot;0&quot;,&quot;title&quot;:&quot;&quot;,&quot;orientation&quot;:&quot;0&quot;}\" data-image-title=\"20220610b_01\" data-image-description=\"\" data-image-caption=\"\" data-large-file=\"https:\/\/www.comuna13online.com.ar\/wp-content\/uploads\/2022\/06\/20220610b_01.jpg\" src=\"http:\/\/www.comuna13online.com.ar\/wp-content\/uploads\/2022\/06\/20220610b_01.jpg\" alt=\"\" class=\"wp-image-15541\" srcset=\"https:\/\/www.comuna13online.com.ar\/wp-content\/uploads\/2022\/06\/20220610b_01.jpg 678w, https:\/\/www.comuna13online.com.ar\/wp-content\/uploads\/2022\/06\/20220610b_01-272x182.jpg 272w\" sizes=\"auto, (max-width: 678px) 100vw, 678px\" \/><figcaption><sup>Comisi\u00f3n de Descentralizaci\u00f3n Y Participaci\u00f3n Ciudadana, Legislatura de la Ciudad de Buenos Aires.<\/sup><\/figcaption><\/figure>\n\n\n\n<div style=\"height:15px\" aria-hidden=\"true\" class=\"wp-block-spacer\"><\/div>\n\n\n\n<p>Cont\u00f3 con intervenciones de los vecinos anotados para la ocasi\u00f3n e hicieron uso de la palabra miembros de los Consejos Consultivos de las Comunas 4, 6, 11 y 13. Todos ellos realizaron especial hincapi\u00e9 en los incumplimientos reiterados de la Ley 1.777 y en la necesidad de avanzar con el proceso de descentralizaci\u00f3n que prescribe nuestra Constituci\u00f3n.<\/p>\n\n\n\n<p>Tambi\u00e9n habl\u00f3 <strong>Hern\u00e1n Gorretta<\/strong>, comunero de la Comuna 5 por el FDT, quien se manifest\u00f3 en contra del proyecto de \u201cCalles Verdes\u201d que el Gobierno de la Ciudad quiere impulsar en la calle \u201cCastro\u201d del barrio de Boedo y solicit\u00f3 que se trate en el corto plazo el expediente 1271-D-2022, que es una declaraci\u00f3n del diputado Andrade para que la Legislatura se expida a favor de que la Junta Comunal convoque a una audiencia p\u00fablica para discutir la iniciativa.<\/p>\n\n\n\n<p><strong>Javier Andrade<\/strong>, Presidente de la Comisi\u00f3n por el FDT, mencion\u00f3 que los expedientes 621-D-2022 (Dip. Alejandro Amor, \u201cInformes referidos a la apertura y funcionamiento de la subsede de la Comuna 4 sita en Av. Mart\u00edn Garc\u00eda 464) y 1110-D-2022 (Dip. Javier Andrade, \u201cInformes referidos al estado de la sede y la subsede de la Comuna 4), por falta de acuerdo, continuar\u00edan en la instancia de asesores hasta alcanzar un consenso.<\/p>\n\n\n\n<p>Los expedientes que obtuvieron dictamen de la Comisi\u00f3n son el 1218-D-2022 (Dip. Javier Andrade, \u201cInformes referidos al proceso de descentralizaci\u00f3n\u201d) y el 1228-D-2022 (Dip. Magdalena Tiesso, \u201cInformes relacionados al Consejo de Coordinaci\u00f3n Intercomunal\u201d).<\/p>\n\n\n\n<p>Diferentes diputados hicieron uso de la palabra. <strong>Luc\u00eda Romano<\/strong>, de VJ y ex comunera de la Comuna 2, expuso que hay voluntad para avanzar con los pedidos de informe sobre la Comuna 4 y respecto al Exp. 1218 consider\u00f3 que el proceso de descentralizaci\u00f3n es la clave del funcionamiento de las Comunas, por lo que celebr\u00f3 haber llegado a un acuerdo para su dictamen.<\/p>\n\n\n\n<div style=\"height:20px\" aria-hidden=\"true\" class=\"wp-block-spacer\"><\/div>\n<div align=\"center\">\n<blockquote class=\"twitter-tweet\" data-conversation=\"none\"><p lang=\"es\" dir=\"ltr\">?Mar\u00eda Elena Rubio integrante del Consejo Consultivo de la Comuna 13 <a href=\"https:\/\/t.co\/uwKCWL8ksl\">pic.twitter.com\/uwKCWL8ksl<\/a><\/p>&mdash; Descentralizaci\u00f3n y Participaci\u00f3n &#8211; Legislatura (@descentralizac0) <a href=\"https:\/\/twitter.com\/descentralizac0\/status\/1533925013920829441?ref_src=twsrc%5Etfw\">June 6, 2022<\/a><\/blockquote> <script async src=\"https:\/\/platform.twitter.com\/widgets.js\" charset=\"utf-8\"><\/script>\n<\/div>\n<div style=\"height:20px\" aria-hidden=\"true\" class=\"wp-block-spacer\"><\/div>\n\n\n\n<p><strong>Mar\u00eda Magdalena Tiesso<\/strong>, del FDT, se refiri\u00f3 al Exp. 1228 y aclar\u00f3 que el oficialismo pod\u00f3 el proyecto, pero que se tom\u00f3 la decisi\u00f3n de avanzar de todas formas porque resultaban \u00fatiles los datos solicitados, aunque resalt\u00f3 la importancia de que el Ejecutivo responda la totalidad de las preguntas que se formulan desde la oposici\u00f3n.<\/p>\n\n\n\n<p><strong>Natalia Fidel<\/strong>, de VJ y Vicepresidente 1 de la Comisi\u00f3n, se mostr\u00f3 conforme por poder consensuar dos de los tres pedidos de informes que se ven\u00edan trabajando y comunic\u00f3 que el Consejo de Coordinaci\u00f3n Intercomunal se iba a juntar el martes 7 de junio, que desde el Ejecutivo se emprendi\u00f3 una puesta en valor de las sedes comunales y que la primera sede que se est\u00e1 poniendo en marcha es la de Av. Del Barco Centenera.<\/p>\n\n\n\n<p><strong>Diego Weck<\/strong>, de UCR\/Evoluci\u00f3n y ex comunero de la Comuna 4, expres\u00f3 su preocupaci\u00f3n por la situaci\u00f3n de la sede y subsede y plante\u00f3 que es necesario avanzar con el pedido de informe porque es algo que demandan todos los vecinos.<\/p>\n\n\n\n<p><strong>Claudio Morresi<\/strong>, del FDT, insisti\u00f3 con el tratamiento del expediente 135-D-2022, que es una declaraci\u00f3n para que la Legislatura recomiende a las Juntas Comunales habilitar los procedimientos para darle nombres a las distintas Comunas de la Ciudad.<\/p>\n\n\n\n<p>Finalmente, el diputado <strong>Javier Andrade<\/strong> agradeci\u00f3 a los presentes y el trabajo que vienen haciendo los diputados con sus asesores, as\u00ed como la articulaci\u00f3n de la direcci\u00f3n de la Comisi\u00f3n con las Juntas Comunales y los Consejos Consultivos. Manifest\u00f3 que el cumplimiento de la Ley 1.777 presenta muchas deudas, empezando por el hecho de que ni siquiera est\u00e1 reglamentada en su totalidad. Puso el \u00e9nfasis, tambi\u00e9n, en las cuestiones jurisdiccionales y presupuestarias, que son las que permitir\u00edan una gesti\u00f3n efectiva de las competencias comunales. Por \u00faltimo, se comprometi\u00f3 a dinamizar la Comisi\u00f3n y darle una impronta territorial, en tanto es la encargada de velar por el total cumplimiento de la Ley Org\u00e1nica de Comunas.<\/p>\n\n\n\n<figure class=\"wp-block-image size-large is-resized\"><img loading=\"lazy\" decoding=\"async\" data-attachment-id=\"99\" data-permalink=\"https:\/\/www.comuna13online.com.ar\/?attachment_id=99\" data-orig-file=\"https:\/\/www.comuna13online.com.ar\/wp-content\/uploads\/2017\/12\/line.jpg\" data-orig-size=\"678,1\" data-comments-opened=\"0\" data-image-meta=\"{&quot;aperture&quot;:&quot;0&quot;,&quot;credit&quot;:&quot;&quot;,&quot;camera&quot;:&quot;&quot;,&quot;caption&quot;:&quot;&quot;,&quot;created_timestamp&quot;:&quot;0&quot;,&quot;copyright&quot;:&quot;&quot;,&quot;focal_length&quot;:&quot;0&quot;,&quot;iso&quot;:&quot;0&quot;,&quot;shutter_speed&quot;:&quot;0&quot;,&quot;title&quot;:&quot;&quot;,&quot;orientation&quot;:&quot;0&quot;}\" data-image-title=\"line\" data-image-description=\"\" data-image-caption=\"\" data-large-file=\"https:\/\/www.comuna13online.com.ar\/wp-content\/uploads\/2017\/12\/line.jpg\" src=\"http:\/\/www.comuna13online.com.ar\/wp-content\/uploads\/2017\/12\/line.jpg\" alt=\"\" class=\"wp-image-99\" width=\"678\" height=\"1\" srcset=\"https:\/\/www.comuna13online.com.ar\/wp-content\/uploads\/2017\/12\/line.jpg 678w, https:\/\/www.comuna13online.com.ar\/wp-content\/uploads\/2017\/12\/line-150x1.jpg 150w, https:\/\/www.comuna13online.com.ar\/wp-content\/uploads\/2017\/12\/line-326x1.jpg 326w, https:\/\/www.comuna13online.com.ar\/wp-content\/uploads\/2017\/12\/line-80x1.jpg 80w, https:\/\/www.comuna13online.com.ar\/wp-content\/uploads\/2017\/12\/line-272x1.jpg 272w\" sizes=\"auto, (max-width: 678px) 100vw, 678px\" \/><\/figure>\n\n\n\n<figure class=\"wp-block-image size-full\"><img loading=\"lazy\" decoding=\"async\" width=\"678\" height=\"180\" data-attachment-id=\"8918\" data-permalink=\"https:\/\/www.comuna13online.com.ar\/?attachment_id=8918\" data-orig-file=\"https:\/\/www.comuna13online.com.ar\/wp-content\/uploads\/2020\/04\/corona2.jpg\" data-orig-size=\"678,180\" data-comments-opened=\"0\" data-image-meta=\"{&quot;aperture&quot;:&quot;0&quot;,&quot;credit&quot;:&quot;&quot;,&quot;camera&quot;:&quot;&quot;,&quot;caption&quot;:&quot;&quot;,&quot;created_timestamp&quot;:&quot;0&quot;,&quot;copyright&quot;:&quot;&quot;,&quot;focal_length&quot;:&quot;0&quot;,&quot;iso&quot;:&quot;0&quot;,&quot;shutter_speed&quot;:&quot;0&quot;,&quot;title&quot;:&quot;&quot;,&quot;orientation&quot;:&quot;0&quot;}\" data-image-title=\"corona2\" data-image-description=\"\" data-image-caption=\"\" data-large-file=\"https:\/\/www.comuna13online.com.ar\/wp-content\/uploads\/2020\/04\/corona2.jpg\" src=\"http:\/\/www.comuna13online.com.ar\/wp-content\/uploads\/2020\/04\/corona2.jpg\" alt=\"\" class=\"wp-image-8918\"\/><\/figure>\n","protected":false},"excerpt":{"rendered":"<div class=\"mh-excerpt\">Cont\u00f3 con intervenciones de los vecinos anotados para la ocasi\u00f3n e hicieron uso de la palabra miembros de los Consejos Consultivos de las Comunas 4, 6, 11 y 13. Todos <a class=\"mh-excerpt-more\" href=\"https:\/\/www.comuna13online.com.ar\/?p=15540\" title=\"Descentralizaci\u00f3n y Participaci\u00f3n en la Legislatura\">[&#8230;]<\/a><\/div>\n","protected":false},"author":1,"featured_media":15542,"comment_status":"closed","ping_status":"closed","sticky":false,"template":"","format":"standard","meta":{"_uag_custom_page_level_css":"","_jetpack_memberships_contains_paid_content":false,"footnotes":"","jetpack_publicize_message":"","jetpack_publicize_feature_enabled":true,"jetpack_social_post_already_shared":true,"jetpack_social_options":{"image_generator_settings":{"template":"highway","default_image_id":0,"font":"","enabled":false},"version":2}},"categories":[10],"tags":[187,250,296,7,8],"class_list":{"0":"post-15540","1":"post","2":"type-post","3":"status-publish","4":"format-standard","5":"has-post-thumbnail","7":"category-participacion-ciudadana","8":"tag-ciudad","9":"tag-h2","10":"tag-h3","11":"tag-legislatura","12":"tag-participacion-ciudadana"},"jetpack_publicize_connections":[],"jetpack_featured_media_url":"https:\/\/www.comuna13online.com.ar\/wp-content\/uploads\/2022\/06\/20220610b_id.jpg","uagb_featured_image_src":{"full":["https:\/\/www.comuna13online.com.ar\/wp-content\/uploads\/2022\/06\/20220610b_id.jpg",678,452,false],"thumbnail":["https:\/\/www.comuna13online.com.ar\/wp-content\/uploads\/2022\/06\/20220610b_id.jpg",128,85,false],"medium":["https:\/\/www.comuna13online.com.ar\/wp-content\/uploads\/2022\/06\/20220610b_id.jpg",678,452,false],"medium_large":["https:\/\/www.comuna13online.com.ar\/wp-content\/uploads\/2022\/06\/20220610b_id.jpg",678,452,false],"large":["https:\/\/www.comuna13online.com.ar\/wp-content\/uploads\/2022\/06\/20220610b_id.jpg",678,452,false],"1536x1536":["https:\/\/www.comuna13online.com.ar\/wp-content\/uploads\/2022\/06\/20220610b_id.jpg",678,452,false],"2048x2048":["https:\/\/www.comuna13online.com.ar\/wp-content\/uploads\/2022\/06\/20220610b_id.jpg",678,452,false],"mh-magazine-slider":["https:\/\/www.comuna13online.com.ar\/wp-content\/uploads\/2022\/06\/20220610b_id-678x438.jpg",678,438,true],"mh-magazine-content":["https:\/\/www.comuna13online.com.ar\/wp-content\/uploads\/2022\/06\/20220610b_id-678x381.jpg",678,381,true],"mh-magazine-large":["https:\/\/www.comuna13online.com.ar\/wp-content\/uploads\/2022\/06\/20220610b_id.jpg",678,452,false],"mh-magazine-medium":["https:\/\/www.comuna13online.com.ar\/wp-content\/uploads\/2022\/06\/20220610b_id-326x245.jpg",326,245,true],"mh-magazine-small":["https:\/\/www.comuna13online.com.ar\/wp-content\/uploads\/2022\/06\/20220610b_id-80x60.jpg",80,60,true],"sow-carousel-default":["https:\/\/www.comuna13online.com.ar\/wp-content\/uploads\/2022\/06\/20220610b_id-272x182.jpg",272,182,true]},"uagb_author_info":{"display_name":"Comuna13","author_link":"https:\/\/www.comuna13online.com.ar\/?author=1"},"uagb_comment_info":0,"uagb_excerpt":"Cont\u00f3 con intervenciones de los vecinos anotados para la ocasi\u00f3n e hicieron uso de la palabra miembros de los Consejos Consultivos de las Comunas 4, 6, 11 y 13. Todos [...]","jetpack_sharing_enabled":true,"_links":{"self":[{"href":"https:\/\/www.comuna13online.com.ar\/index.php?rest_route=\/wp\/v2\/posts\/15540","targetHints":{"allow":["GET"]}}],"collection":[{"href":"https:\/\/www.comuna13online.com.ar\/index.php?rest_route=\/wp\/v2\/posts"}],"about":[{"href":"https:\/\/www.comuna13online.com.ar\/index.php?rest_route=\/wp\/v2\/types\/post"}],"author":[{"embeddable":true,"href":"https:\/\/www.comuna13online.com.ar\/index.php?rest_route=\/wp\/v2\/users\/1"}],"replies":[{"embeddable":true,"href":"https:\/\/www.comuna13online.com.ar\/index.php?rest_route=%2Fwp%2Fv2%2Fcomments&post=15540"}],"version-history":[{"count":0,"href":"https:\/\/www.comuna13online.com.ar\/index.php?rest_route=\/wp\/v2\/posts\/15540\/revisions"}],"wp:featuredmedia":[{"embeddable":true,"href":"https:\/\/www.comuna13online.com.ar\/index.php?rest_route=\/wp\/v2\/media\/15542"}],"wp:attachment":[{"href":"https:\/\/www.comuna13online.com.ar\/index.php?rest_route=%2Fwp%2Fv2%2Fmedia&parent=15540"}],"wp:term":[{"taxonomy":"category","embeddable":true,"href":"https:\/\/www.comuna13online.com.ar\/index.php?rest_route=%2Fwp%2Fv2%2Fcategories&post=15540"},{"taxonomy":"post_tag","embeddable":true,"href":"https:\/\/www.comuna13online.com.ar\/index.php?rest_route=%2Fwp%2Fv2%2Ftags&post=15540"}],"curies":[{"name":"wp","href":"https:\/\/api.w.org\/{rel}","templated":true}]}}