{"id":15524,"date":"2022-06-06T14:57:00","date_gmt":"2022-06-06T17:57:00","guid":{"rendered":"http:\/\/www.comuna13online.com.ar\/?p=15524"},"modified":"2022-06-08T15:19:33","modified_gmt":"2022-06-08T18:19:33","slug":"la-legislatura-distinguio-al-pintor-y-escultor-raul-conti","status":"publish","type":"post","link":"https:\/\/www.comuna13online.com.ar\/?p=15524","title":{"rendered":"La Legislatura distingui\u00f3 al pintor y escultor Ra\u00fal Conti"},"content":{"rendered":"\n<p><strong>El artista de 91 a\u00f1os fue declarado como Personalidad Destacada de la Ciudad en el \u00e1mbito de la Cultura, \u201cla carrera es una pelea, una lucha, pero siempre produce placer\u201d expres\u00f3<\/strong><\/p>\n\n\n\n<figure class=\"wp-block-image size-full\"><img loading=\"lazy\" decoding=\"async\" width=\"678\" height=\"452\" data-attachment-id=\"15526\" data-permalink=\"https:\/\/www.comuna13online.com.ar\/?attachment_id=15526\" data-orig-file=\"https:\/\/www.comuna13online.com.ar\/wp-content\/uploads\/2022\/06\/20220606a_01.jpg\" data-orig-size=\"678,452\" data-comments-opened=\"0\" data-image-meta=\"{&quot;aperture&quot;:&quot;0&quot;,&quot;credit&quot;:&quot;&quot;,&quot;camera&quot;:&quot;&quot;,&quot;caption&quot;:&quot;&quot;,&quot;created_timestamp&quot;:&quot;0&quot;,&quot;copyright&quot;:&quot;&quot;,&quot;focal_length&quot;:&quot;0&quot;,&quot;iso&quot;:&quot;0&quot;,&quot;shutter_speed&quot;:&quot;0&quot;,&quot;title&quot;:&quot;&quot;,&quot;orientation&quot;:&quot;0&quot;}\" data-image-title=\"20220606a_01\" data-image-description=\"\" data-image-caption=\"\" data-large-file=\"https:\/\/www.comuna13online.com.ar\/wp-content\/uploads\/2022\/06\/20220606a_01.jpg\" src=\"http:\/\/www.comuna13online.com.ar\/wp-content\/uploads\/2022\/06\/20220606a_01.jpg\" alt=\"\" class=\"wp-image-15526\" srcset=\"https:\/\/www.comuna13online.com.ar\/wp-content\/uploads\/2022\/06\/20220606a_01.jpg 678w, https:\/\/www.comuna13online.com.ar\/wp-content\/uploads\/2022\/06\/20220606a_01-272x182.jpg 272w\" sizes=\"auto, (max-width: 678px) 100vw, 678px\" \/><figcaption><sup>Ra\u00fal Conti recibe el diploma que lo declara como Personalidad Destacada, hizo entrega, el Diputado Roy Cortina, autor de la iniciativa.<\/sup><\/figcaption><\/figure>\n\n\n\n<div style=\"height:26px\" aria-hidden=\"true\" class=\"wp-block-spacer\"><\/div>\n\n\n\n<p>El artista, pintor y escultor Ra\u00fal Conti fue distinguido este lunes por la tarde como Personalidad Destacada de la Ciudad en el \u00e1mbito de la Cultura durante un acto celebrado en el Sal\u00f3n San Mart\u00edn encabezado por el promotor de la iniciativa, el vicepresidente 3\u00b0\u00a0 de la Legislatura Roy Cortina.<\/p>\n\n\n\n<p>El Diputado asegur\u00f3 que al ver su atelier pudo apreciar <em>\u201ceste importante recorrido de coloridos y formas\u201d<\/em> del que describi\u00f3 como <em>\u201cun obrero de la pintura, seg\u00fan su propia definici\u00f3n, que trabaja todos los d\u00edas a\u00fan hoy a sus 91 a\u00f1os y que apela a sus sentimientos antes de dar cada pincelada\u201d<\/em>.<\/p>\n\n\n\n<p>El artista naci\u00f3 en Morteros, Pcia de C\u00f3rdoba, vivi\u00f3 su juventud en Itat\u00ed -Corrientes y fue en Rosario-Santa Fe, donde admir\u00f3 la conformaci\u00f3n del Grupo Litoral, un colectivo de prestigiosos artistas que se opon\u00eda al academismo y las f\u00f3rmulas convencionales.<\/p>\n\n\n\n<p>Conti, en su primera etapa, elabor\u00f3 formas geom\u00e9tricas relacionadas con lo precolombino. Vivi\u00f3 en Per\u00fa y M\u00e9xico, entre otros pa\u00edses de Am\u00e9rica, donde pint\u00f3 y admir\u00f3 ruinas y museos. En 1977 se estableci\u00f3 en Nueva York &#8211; Estados Unidos. All\u00ed conform\u00f3 el \u201cGrupo de los jueves\u201d, con los actores Norman Briski y Nacha Guevara, que ayudaron a exiliados durante la dictadura militar. Tambi\u00e9n dise\u00f1\u00f3 el logo de la asociaci\u00f3n Madres de Plaza de Mayo.<\/p>\n\n\n\n<p>Robert Cox, periodista y escritor, afirm\u00f3 que <em>\u201cmi descubrimiento de Conti no fue un mundo, fue un universo\u201d<\/em>, ya que retrat\u00f3 a <em>\u201cAm\u00e9rica Latina y Norteam\u00e9rica\u201d<\/em> de manera notoria y lo defini\u00f3 como <em>\u201cun genio\u201d<\/em>, a la altura\u00a0 del espa\u00f1ol Pablo Picasso.<\/p>\n\n\n\n<p>Enrique Scheinsohn, director de la Galer\u00eda Vermeer, record\u00f3 que Conti ha pintado toda la cultura precolombina de manera excepcional y consider\u00f3 tiene un lugar en la <em>\u201cverdadera historia del arte argentino\u201d<\/em>. En tanto, Leonardo Fanuele, director de la Galer\u00eda que lleva su apellido afirm\u00f3 que el artista tiene una energ\u00eda infatigable para seguir pintando y expres\u00f3 su admiraci\u00f3n por su <em>\u201cfuerza y ganas\u201d<\/em>.<em> \u201cMe dijiste que el arte no es f\u00e1cil, hay que seguirla y tener constancia\u201d<\/em>, record\u00f3.<\/p>\n\n\n\n<p>A continuaci\u00f3n Elio Kapszuk, curador y gestor cultural afirm\u00f3 que <em>\u201ccelebramos a Ra\u00fal Conti por lo que hizo y hace, por lo que comparte con nosotros y por haberse convertido en un ejemplo a emular\u201d<\/em>, donde <em>\u201csu coherencia y continuidad, no significa el no cambio, sino la no traici\u00f3n con uno\u201d<\/em>.<\/p>\n\n\n\n<p>Al finalizar el acto, luego de recibir el diploma de manos del diputado Cortina (PS), el homenajeado agradeci\u00f3 a la Legislatura por la distinci\u00f3n y en retrospectiva, afirm\u00f3 que \u201cla carrera es una pelea, una lucha, pero siempre produce placer\u201d.<\/p>\n\n\n\n<div style=\"height:35px\" aria-hidden=\"true\" class=\"wp-block-spacer\"><\/div>\n\n\n\n<p class=\"has-text-align-right\"><sub>Fuente:&nbsp;<em>D.G. Prensa Legislatura C.A.B.A.<\/em><\/sub><\/p>\n\n\n\n<figure class=\"wp-block-image size-large is-resized\"><img loading=\"lazy\" decoding=\"async\" data-attachment-id=\"99\" data-permalink=\"https:\/\/www.comuna13online.com.ar\/?attachment_id=99\" data-orig-file=\"https:\/\/www.comuna13online.com.ar\/wp-content\/uploads\/2017\/12\/line.jpg\" data-orig-size=\"678,1\" data-comments-opened=\"0\" data-image-meta=\"{&quot;aperture&quot;:&quot;0&quot;,&quot;credit&quot;:&quot;&quot;,&quot;camera&quot;:&quot;&quot;,&quot;caption&quot;:&quot;&quot;,&quot;created_timestamp&quot;:&quot;0&quot;,&quot;copyright&quot;:&quot;&quot;,&quot;focal_length&quot;:&quot;0&quot;,&quot;iso&quot;:&quot;0&quot;,&quot;shutter_speed&quot;:&quot;0&quot;,&quot;title&quot;:&quot;&quot;,&quot;orientation&quot;:&quot;0&quot;}\" data-image-title=\"line\" data-image-description=\"\" data-image-caption=\"\" data-large-file=\"https:\/\/www.comuna13online.com.ar\/wp-content\/uploads\/2017\/12\/line.jpg\" src=\"http:\/\/www.comuna13online.com.ar\/wp-content\/uploads\/2017\/12\/line.jpg\" alt=\"\" class=\"wp-image-99\" width=\"678\" height=\"1\" srcset=\"https:\/\/www.comuna13online.com.ar\/wp-content\/uploads\/2017\/12\/line.jpg 678w, https:\/\/www.comuna13online.com.ar\/wp-content\/uploads\/2017\/12\/line-150x1.jpg 150w, https:\/\/www.comuna13online.com.ar\/wp-content\/uploads\/2017\/12\/line-326x1.jpg 326w, https:\/\/www.comuna13online.com.ar\/wp-content\/uploads\/2017\/12\/line-80x1.jpg 80w, https:\/\/www.comuna13online.com.ar\/wp-content\/uploads\/2017\/12\/line-272x1.jpg 272w\" sizes=\"auto, (max-width: 678px) 100vw, 678px\" \/><\/figure>\n\n\n\n<figure class=\"wp-block-image size-full\"><img loading=\"lazy\" decoding=\"async\" width=\"678\" height=\"180\" data-attachment-id=\"8918\" data-permalink=\"https:\/\/www.comuna13online.com.ar\/?attachment_id=8918\" data-orig-file=\"https:\/\/www.comuna13online.com.ar\/wp-content\/uploads\/2020\/04\/corona2.jpg\" data-orig-size=\"678,180\" data-comments-opened=\"0\" data-image-meta=\"{&quot;aperture&quot;:&quot;0&quot;,&quot;credit&quot;:&quot;&quot;,&quot;camera&quot;:&quot;&quot;,&quot;caption&quot;:&quot;&quot;,&quot;created_timestamp&quot;:&quot;0&quot;,&quot;copyright&quot;:&quot;&quot;,&quot;focal_length&quot;:&quot;0&quot;,&quot;iso&quot;:&quot;0&quot;,&quot;shutter_speed&quot;:&quot;0&quot;,&quot;title&quot;:&quot;&quot;,&quot;orientation&quot;:&quot;0&quot;}\" data-image-title=\"corona2\" data-image-description=\"\" data-image-caption=\"\" data-large-file=\"https:\/\/www.comuna13online.com.ar\/wp-content\/uploads\/2020\/04\/corona2.jpg\" src=\"http:\/\/www.comuna13online.com.ar\/wp-content\/uploads\/2020\/04\/corona2.jpg\" alt=\"\" class=\"wp-image-8918\"\/><\/figure>\n","protected":false},"excerpt":{"rendered":"<div class=\"mh-excerpt\">El artista de 91 a\u00f1os fue declarado como Personalidad Destacada de la Ciudad en el \u00e1mbito de la Cultura, \u201cla carrera es una pelea, una lucha, pero siempre produce placer\u201d <a class=\"mh-excerpt-more\" href=\"https:\/\/www.comuna13online.com.ar\/?p=15524\" title=\"La Legislatura distingui\u00f3 al pintor y escultor Ra\u00fal Conti\">[&#8230;]<\/a><\/div>\n","protected":false},"author":1,"featured_media":15525,"comment_status":"closed","ping_status":"closed","sticky":false,"template":"","format":"standard","meta":{"_uag_custom_page_level_css":"","_jetpack_memberships_contains_paid_content":false,"footnotes":"","jetpack_publicize_message":"","jetpack_publicize_feature_enabled":true,"jetpack_social_post_already_shared":true,"jetpack_social_options":{"image_generator_settings":{"template":"highway","default_image_id":0,"font":"","enabled":false},"version":2}},"categories":[57],"tags":[250,296,7,146],"class_list":{"0":"post-15524","1":"post","2":"type-post","3":"status-publish","4":"format-standard","5":"has-post-thumbnail","7":"category-cultura","8":"tag-h2","9":"tag-h3","10":"tag-legislatura","11":"tag-reconocimiento"},"jetpack_publicize_connections":[],"jetpack_featured_media_url":"https:\/\/www.comuna13online.com.ar\/wp-content\/uploads\/2022\/06\/20220606a_id.jpg","uagb_featured_image_src":{"full":["https:\/\/www.comuna13online.com.ar\/wp-content\/uploads\/2022\/06\/20220606a_id.jpg",678,452,false],"thumbnail":["https:\/\/www.comuna13online.com.ar\/wp-content\/uploads\/2022\/06\/20220606a_id.jpg",128,85,false],"medium":["https:\/\/www.comuna13online.com.ar\/wp-content\/uploads\/2022\/06\/20220606a_id.jpg",678,452,false],"medium_large":["https:\/\/www.comuna13online.com.ar\/wp-content\/uploads\/2022\/06\/20220606a_id.jpg",678,452,false],"large":["https:\/\/www.comuna13online.com.ar\/wp-content\/uploads\/2022\/06\/20220606a_id.jpg",678,452,false],"1536x1536":["https:\/\/www.comuna13online.com.ar\/wp-content\/uploads\/2022\/06\/20220606a_id.jpg",678,452,false],"2048x2048":["https:\/\/www.comuna13online.com.ar\/wp-content\/uploads\/2022\/06\/20220606a_id.jpg",678,452,false],"mh-magazine-slider":["https:\/\/www.comuna13online.com.ar\/wp-content\/uploads\/2022\/06\/20220606a_id-678x438.jpg",678,438,true],"mh-magazine-content":["https:\/\/www.comuna13online.com.ar\/wp-content\/uploads\/2022\/06\/20220606a_id-678x381.jpg",678,381,true],"mh-magazine-large":["https:\/\/www.comuna13online.com.ar\/wp-content\/uploads\/2022\/06\/20220606a_id.jpg",678,452,false],"mh-magazine-medium":["https:\/\/www.comuna13online.com.ar\/wp-content\/uploads\/2022\/06\/20220606a_id-326x245.jpg",326,245,true],"mh-magazine-small":["https:\/\/www.comuna13online.com.ar\/wp-content\/uploads\/2022\/06\/20220606a_id-80x60.jpg",80,60,true],"sow-carousel-default":["https:\/\/www.comuna13online.com.ar\/wp-content\/uploads\/2022\/06\/20220606a_id-272x182.jpg",272,182,true]},"uagb_author_info":{"display_name":"Comuna13","author_link":"https:\/\/www.comuna13online.com.ar\/?author=1"},"uagb_comment_info":0,"uagb_excerpt":"El artista de 91 a\u00f1os fue declarado como Personalidad Destacada de la Ciudad en el \u00e1mbito de la Cultura, \u201cla carrera es una pelea, una lucha, pero siempre produce placer\u201d [...]","jetpack_sharing_enabled":true,"_links":{"self":[{"href":"https:\/\/www.comuna13online.com.ar\/index.php?rest_route=\/wp\/v2\/posts\/15524","targetHints":{"allow":["GET"]}}],"collection":[{"href":"https:\/\/www.comuna13online.com.ar\/index.php?rest_route=\/wp\/v2\/posts"}],"about":[{"href":"https:\/\/www.comuna13online.com.ar\/index.php?rest_route=\/wp\/v2\/types\/post"}],"author":[{"embeddable":true,"href":"https:\/\/www.comuna13online.com.ar\/index.php?rest_route=\/wp\/v2\/users\/1"}],"replies":[{"embeddable":true,"href":"https:\/\/www.comuna13online.com.ar\/index.php?rest_route=%2Fwp%2Fv2%2Fcomments&post=15524"}],"version-history":[{"count":0,"href":"https:\/\/www.comuna13online.com.ar\/index.php?rest_route=\/wp\/v2\/posts\/15524\/revisions"}],"wp:featuredmedia":[{"embeddable":true,"href":"https:\/\/www.comuna13online.com.ar\/index.php?rest_route=\/wp\/v2\/media\/15525"}],"wp:attachment":[{"href":"https:\/\/www.comuna13online.com.ar\/index.php?rest_route=%2Fwp%2Fv2%2Fmedia&parent=15524"}],"wp:term":[{"taxonomy":"category","embeddable":true,"href":"https:\/\/www.comuna13online.com.ar\/index.php?rest_route=%2Fwp%2Fv2%2Fcategories&post=15524"},{"taxonomy":"post_tag","embeddable":true,"href":"https:\/\/www.comuna13online.com.ar\/index.php?rest_route=%2Fwp%2Fv2%2Ftags&post=15524"}],"curies":[{"name":"wp","href":"https:\/\/api.w.org\/{rel}","templated":true}]}}