{"id":15484,"date":"2022-06-07T18:03:31","date_gmt":"2022-06-07T21:03:31","guid":{"rendered":"http:\/\/www.comuna13online.com.ar\/?p=15484"},"modified":"2022-06-07T18:03:40","modified_gmt":"2022-06-07T21:03:40","slug":"la-ciudad-celebra-el-442-aniversario-de-la-segunda-fundacion-de-buenos-aires","status":"publish","type":"post","link":"https:\/\/www.comuna13online.com.ar\/?p=15484","title":{"rendered":"La Ciudad celebra el 442\u00b0 aniversario de la segunda fundaci\u00f3n de Buenos Aires"},"content":{"rendered":"\n<p><strong>El Gobierno porte\u00f1o organiz\u00f3 una jornada llena de actividades, escenas de teatro, recorridos guiados y talleres en el Casco Hist\u00f3rico, el s\u00e1bado 11 de junio de 13 a 17 horas.<\/strong><\/p>\n\n\n\n<figure class=\"wp-block-image size-full\"><img loading=\"lazy\" decoding=\"async\" width=\"678\" height=\"452\" data-attachment-id=\"15485\" data-permalink=\"https:\/\/www.comuna13online.com.ar\/?attachment_id=15485\" data-orig-file=\"https:\/\/www.comuna13online.com.ar\/wp-content\/uploads\/2022\/06\/20220608a_01.jpg\" data-orig-size=\"678,452\" data-comments-opened=\"0\" data-image-meta=\"{&quot;aperture&quot;:&quot;0&quot;,&quot;credit&quot;:&quot;&quot;,&quot;camera&quot;:&quot;&quot;,&quot;caption&quot;:&quot;&quot;,&quot;created_timestamp&quot;:&quot;0&quot;,&quot;copyright&quot;:&quot;&quot;,&quot;focal_length&quot;:&quot;0&quot;,&quot;iso&quot;:&quot;0&quot;,&quot;shutter_speed&quot;:&quot;0&quot;,&quot;title&quot;:&quot;&quot;,&quot;orientation&quot;:&quot;0&quot;}\" data-image-title=\"20220608a_01\" data-image-description=\"\" data-image-caption=\"\" data-large-file=\"https:\/\/www.comuna13online.com.ar\/wp-content\/uploads\/2022\/06\/20220608a_01.jpg\" src=\"http:\/\/www.comuna13online.com.ar\/wp-content\/uploads\/2022\/06\/20220608a_01.jpg\" alt=\"\" class=\"wp-image-15485\" srcset=\"https:\/\/www.comuna13online.com.ar\/wp-content\/uploads\/2022\/06\/20220608a_01.jpg 678w, https:\/\/www.comuna13online.com.ar\/wp-content\/uploads\/2022\/06\/20220608a_01-272x182.jpg 272w\" sizes=\"auto, (max-width: 678px) 100vw, 678px\" \/><\/figure>\n\n\n\n<div style=\"height:20px\" aria-hidden=\"true\" class=\"wp-block-spacer\"><\/div>\n\n\n\n<p>El <strong>Ministerio de Cultura de la Ciudad de Buenos Aires<\/strong> presenta el <strong>BAniversario<\/strong> con propuestas en conmemoraci\u00f3n a un nuevo aniversario de la segunda fundaci\u00f3n de Buenos Aires en el <strong>Casco Hist\u00f3rico<\/strong>. Durante el <strong>s\u00e1bado 11 de junio de 13 a 17 horas<\/strong>, vecinos y turistas podr\u00e1n disfrutar de la historia, la cultura y la identidad de la ciudad. Habr\u00e1 breves escenas de teatro vinculadas a momentos de la historia, cultura e identidad de la ciudad, talleres y distintas visitas guiadas y recorridos. Adem\u00e1s, mediante c\u00f3digos QR, el p\u00fablico podr\u00e1 conocer la historia de edificios ic\u00f3nicos del Casco Hist\u00f3rico.<\/p>\n\n\n\n<p>La segunda fundaci\u00f3n de Buenos Aires sucedi\u00f3 el 11 de junio de 1580. Juan de Garay fue quien, en nombre de la Corona espa\u00f1ola, la bautiz\u00f3 como Ciudad de la Sant\u00edsima Trinidad y Puerto de Santa Mar\u00eda del Buen Ayre, donde se empez\u00f3 a desarrollar, a nivel social y pol\u00edtico, en los actuales terrenos de la Plaza de Mayo.&nbsp;<\/p>\n\n\n\n<p><em>\u00abNo hay mejor escenario para celebrar los 442 a\u00f1os de historia de nuestra ciudad que donde todo naci\u00f3. Por eso para nosotros es una alegr\u00eda inmensa que los ciudadanos de Buenos Aires puedan disfrutar en el Casco Hist\u00f3rico, de una jornada en donde la cultura y la historia sean las protagonistas. El s\u00e1bado es una verdadera oportunidad para, a trav\u00e9s del arte, aprender y conectar con la identidad de nuestra Ciudad\u201d.<\/em>&#8211; Felipe Miguel, jefe de Gabinete de la Ciudad<em>.<\/em><\/p>\n\n\n\n<p>El <strong>Casco Hist\u00f3rico<\/strong> es el territorio fundacional de la ciudad, donde conviven su presente, su pasado y anuncia el futuro. Tiene un valor referencial y simb\u00f3lico: es la primera Buenos Aires, nuestro espacio hist\u00f3rico donde conviven el vecino, el visitante y el turista, con la constante evoluci\u00f3n cultural. Forma parte de la identidad porte\u00f1a, es una de las \u00e1reas con mayor atracci\u00f3n cultural y tur\u00edstica. Un espacio recreativo que tambi\u00e9n tiene una gran impronta dom\u00e9stica y barrial. Concentra de manera integrada viviendas, oficinas, instituciones, espacios p\u00fablicos, cultura y turismo y genera un gran sentido de pertenencia.<\/p>\n\n\n\n<p><em>\u00abEste s\u00e1bado vamos a poder disfrutar de una jornada cultural en el casco hist\u00f3rico que nos va a permitir conocer un poco m\u00e1s sobre nuestra historia y sobre nuestra identidad. Ah\u00ed en las mismas calles donde muchos a\u00f1os atr\u00e1s se fund\u00f3 nuestra ciudad y donde hoy seguimos construyendo ciudadan\u00eda porque es en el espacio p\u00fablico donde todos nos encontramos. Los esperamos para celebrar un nuevo aniversario de la fundaci\u00f3n de la Ciudad\u00bb- Enrique Avogadro, ministro de Cultura porte\u00f1o.<\/em><\/p>\n\n\n\n<div style=\"height:20px\" aria-hidden=\"true\" class=\"wp-block-spacer\"><\/div>\n\n\n\n<figure class=\"wp-block-image size-full\"><img loading=\"lazy\" decoding=\"async\" width=\"678\" height=\"452\" data-attachment-id=\"15486\" data-permalink=\"https:\/\/www.comuna13online.com.ar\/?attachment_id=15486\" data-orig-file=\"https:\/\/www.comuna13online.com.ar\/wp-content\/uploads\/2022\/06\/20220608a_02.jpg\" data-orig-size=\"678,452\" data-comments-opened=\"0\" data-image-meta=\"{&quot;aperture&quot;:&quot;0&quot;,&quot;credit&quot;:&quot;&quot;,&quot;camera&quot;:&quot;&quot;,&quot;caption&quot;:&quot;&quot;,&quot;created_timestamp&quot;:&quot;0&quot;,&quot;copyright&quot;:&quot;&quot;,&quot;focal_length&quot;:&quot;0&quot;,&quot;iso&quot;:&quot;0&quot;,&quot;shutter_speed&quot;:&quot;0&quot;,&quot;title&quot;:&quot;&quot;,&quot;orientation&quot;:&quot;0&quot;}\" data-image-title=\"20220608a_02\" data-image-description=\"\" data-image-caption=\"\" data-large-file=\"https:\/\/www.comuna13online.com.ar\/wp-content\/uploads\/2022\/06\/20220608a_02.jpg\" src=\"http:\/\/www.comuna13online.com.ar\/wp-content\/uploads\/2022\/06\/20220608a_02.jpg\" alt=\"\" class=\"wp-image-15486\" srcset=\"https:\/\/www.comuna13online.com.ar\/wp-content\/uploads\/2022\/06\/20220608a_02.jpg 678w, https:\/\/www.comuna13online.com.ar\/wp-content\/uploads\/2022\/06\/20220608a_02-272x182.jpg 272w\" sizes=\"auto, (max-width: 678px) 100vw, 678px\" \/><\/figure>\n\n\n\n<div style=\"height:20px\" aria-hidden=\"true\" class=\"wp-block-spacer\"><\/div>\n\n\n\n<p>Vecinos y turistas podr\u00e1n escanear con su celular c\u00f3digos QR, que permanecer\u00e1n en las fachadas, de los siguientes edificios ic\u00f3nicos del Casco Hist\u00f3rico para conocer su historia: Altos de Elorriaga (Buenos Aires Museo), Antigua Tasca de Cuchilleros, Bar Brit\u00e1nico, Bar El Colonial, Bar El Federal, Bar El Hipop\u00f3tamo, Bas\u00edlica y Convento Santo Domingo, Casa de los Querubines (Buenos Aires Museo), Solar de la Pulper\u00eda de Martina C\u00e9spedes, Casa Natal de Tita Merello, Edificio \u201cEl Forjador\u201d, Edificio Ex PADELAI, Espacio Virrey Liniers, Farmacia de La Estrella (Buenos Aires Museo), Fundaci\u00f3n Forner Bigatti, Galer\u00eda del Viejo Hotel, Galer\u00eda Solar de French, Iglesia Presbiteriana Escocesa de San Andr\u00e9s, Iglesia y Convento de San Francisco, Bar La Puerto Rico, Librer\u00eda de \u00c1vila, Magalda, Ex Parakultural, Parque Lezama, Pasaje San Lorenzo, Paseo de la Historieta, Plaza Dorrego, Pride Caf\u00e9, Solar Natal de Manuel Belgrano y Taconeando.&nbsp;<\/p>\n\n\n\n<p><em>\u201cEsta ciudad vive una transformaci\u00f3n constante y el paso de los a\u00f1os se ve reflejado en el casco hist\u00f3rico, como en ninguna otra parte. Viviendas, hoteles, oficinas, comercios, museos, edificios p\u00fablicos y espacios culturales conviven en la primera Buenos Aires. Por eso desde el Gobierno de la Ciudad decidimos llevar a cabo acciones que le devuelvan su esplendor, conservando su identidad cultural y patrimonial. Creemos que es el lugar indicado para celebrar su cumplea\u00f1os\u201d<\/em>&#8211; Vivi Cantoni, subsecretaria de gesti\u00f3n cultural de la Ciudad.&nbsp;&nbsp;<\/p>\n\n\n\n<p>En cinco puntos del Casco Hist\u00f3rico se realizar\u00e1n breves escenas de teatro<strong> <\/strong>vinculadas a momentos de la historia y\/o expresiones de la cultura o la identidad de la ciudad. Estas escenas ser\u00e1n participativas que buscar\u00e1n la participaci\u00f3n del p\u00fablico.\u00a0<\/p>\n\n\n\n<p>La primera escena ser\u00e1 <strong>Martina C\u00e9spedes y las Invasiones Inglesas.<\/strong> Actrices y actores ataviados en traje de \u00e9poca recrear\u00e1n uno de los momentos cruciales de la historia argentina en el escenario real en que todo aconteci\u00f3. La segunda escena ser\u00e1 <strong>Inmigrantes, un corto de estudiantes.<\/strong> Frente al bar notable \u201cEl Colonial\u201d, Per\u00fa y Av. Belgrano: tres estudiantes de cine deciden hacer como trabajo pr\u00e1ctico un documental sobre los inmigrantes que poblaron el barrio. La falta de experiencia y recursos deviene en situaciones hilarantes para el p\u00fablico. La escena 3 ser\u00e1 <strong>Parakultural. Rock, punk under <\/strong>en el Pasaje 5 de Julio y Venezuela. La fiesta tiene su punto de encuentro. Urdapilleta, Tortonese, Batato, se encuentran para celebrar la cultura under en lo que intenta ser un documental sobre aquella \u00e9poca. La cuarta ser\u00e1 <strong>Una de Tita y gangsters <\/strong>en la Calle de la M\u00fasica, en Balcarce y Pasaje San Lorenzo. En la calle de San Telmo, una joven Tita desafiar\u00e1 a los dos maleantes. Habr\u00e1 autos de \u00e9poca y tango cantados por La morocha Argentina. Y la escena 5 ser\u00e1 <strong>un videoclip sobre la marcha <\/strong>en el Pride Caf\u00e9, ubicado en el Pasaje Giuffra y Balcarce. Una fiesta, una gran celebraci\u00f3n sobre la diversidad que existe en Buenos Aires. Un videoclip a puro baile y brillantina antes de la marcha del orgullo.<\/p>\n\n\n\n<div style=\"height:15px\" aria-hidden=\"true\" class=\"wp-block-spacer\"><\/div>\n\n\n\n<figure class=\"wp-block-image size-full\"><img loading=\"lazy\" decoding=\"async\" width=\"678\" height=\"1\" data-attachment-id=\"99\" data-permalink=\"https:\/\/www.comuna13online.com.ar\/?attachment_id=99\" data-orig-file=\"https:\/\/www.comuna13online.com.ar\/wp-content\/uploads\/2017\/12\/line.jpg\" data-orig-size=\"678,1\" data-comments-opened=\"0\" data-image-meta=\"{&quot;aperture&quot;:&quot;0&quot;,&quot;credit&quot;:&quot;&quot;,&quot;camera&quot;:&quot;&quot;,&quot;caption&quot;:&quot;&quot;,&quot;created_timestamp&quot;:&quot;0&quot;,&quot;copyright&quot;:&quot;&quot;,&quot;focal_length&quot;:&quot;0&quot;,&quot;iso&quot;:&quot;0&quot;,&quot;shutter_speed&quot;:&quot;0&quot;,&quot;title&quot;:&quot;&quot;,&quot;orientation&quot;:&quot;0&quot;}\" data-image-title=\"line\" data-image-description=\"\" data-image-caption=\"\" data-large-file=\"https:\/\/www.comuna13online.com.ar\/wp-content\/uploads\/2017\/12\/line.jpg\" src=\"http:\/\/www.comuna13online.com.ar\/wp-content\/uploads\/2017\/12\/line.jpg\" alt=\"\" class=\"wp-image-99\" srcset=\"https:\/\/www.comuna13online.com.ar\/wp-content\/uploads\/2017\/12\/line.jpg 678w, https:\/\/www.comuna13online.com.ar\/wp-content\/uploads\/2017\/12\/line-150x1.jpg 150w, https:\/\/www.comuna13online.com.ar\/wp-content\/uploads\/2017\/12\/line-326x1.jpg 326w, https:\/\/www.comuna13online.com.ar\/wp-content\/uploads\/2017\/12\/line-80x1.jpg 80w, https:\/\/www.comuna13online.com.ar\/wp-content\/uploads\/2017\/12\/line-272x1.jpg 272w\" sizes=\"auto, (max-width: 678px) 100vw, 678px\" \/><\/figure>\n\n\n\n<figure class=\"wp-block-image size-full\"><img loading=\"lazy\" decoding=\"async\" width=\"678\" height=\"590\" data-attachment-id=\"15487\" data-permalink=\"https:\/\/www.comuna13online.com.ar\/?attachment_id=15487\" data-orig-file=\"https:\/\/www.comuna13online.com.ar\/wp-content\/uploads\/2022\/06\/20220608a_03.jpg\" data-orig-size=\"678,590\" data-comments-opened=\"0\" data-image-meta=\"{&quot;aperture&quot;:&quot;0&quot;,&quot;credit&quot;:&quot;&quot;,&quot;camera&quot;:&quot;&quot;,&quot;caption&quot;:&quot;&quot;,&quot;created_timestamp&quot;:&quot;0&quot;,&quot;copyright&quot;:&quot;&quot;,&quot;focal_length&quot;:&quot;0&quot;,&quot;iso&quot;:&quot;0&quot;,&quot;shutter_speed&quot;:&quot;0&quot;,&quot;title&quot;:&quot;&quot;,&quot;orientation&quot;:&quot;0&quot;}\" data-image-title=\"20220608a_03\" data-image-description=\"\" data-image-caption=\"\" data-large-file=\"https:\/\/www.comuna13online.com.ar\/wp-content\/uploads\/2022\/06\/20220608a_03.jpg\" src=\"http:\/\/www.comuna13online.com.ar\/wp-content\/uploads\/2022\/06\/20220608a_03.jpg\" alt=\"\" class=\"wp-image-15487\"\/><\/figure>\n\n\n\n<p class=\"has-text-align-center\"><em><a href=\"https:\/\/drive.google.com\/file\/d\/1mftjASwWUONhyNOfgqR_r4Rbp5ITkDL2\/view\" target=\"_blank\" rel=\"noreferrer noopener\">descargar mapa<\/a><\/em><\/p>\n\n\n\n<figure class=\"wp-block-image size-full is-resized\"><img loading=\"lazy\" decoding=\"async\" data-attachment-id=\"99\" data-permalink=\"https:\/\/www.comuna13online.com.ar\/?attachment_id=99\" data-orig-file=\"https:\/\/www.comuna13online.com.ar\/wp-content\/uploads\/2017\/12\/line.jpg\" data-orig-size=\"678,1\" data-comments-opened=\"0\" data-image-meta=\"{&quot;aperture&quot;:&quot;0&quot;,&quot;credit&quot;:&quot;&quot;,&quot;camera&quot;:&quot;&quot;,&quot;caption&quot;:&quot;&quot;,&quot;created_timestamp&quot;:&quot;0&quot;,&quot;copyright&quot;:&quot;&quot;,&quot;focal_length&quot;:&quot;0&quot;,&quot;iso&quot;:&quot;0&quot;,&quot;shutter_speed&quot;:&quot;0&quot;,&quot;title&quot;:&quot;&quot;,&quot;orientation&quot;:&quot;0&quot;}\" data-image-title=\"line\" data-image-description=\"\" data-image-caption=\"\" data-large-file=\"https:\/\/www.comuna13online.com.ar\/wp-content\/uploads\/2017\/12\/line.jpg\" src=\"http:\/\/www.comuna13online.com.ar\/wp-content\/uploads\/2017\/12\/line.jpg\" alt=\"\" class=\"wp-image-99\" width=\"678\" height=\"1\" srcset=\"https:\/\/www.comuna13online.com.ar\/wp-content\/uploads\/2017\/12\/line.jpg 678w, https:\/\/www.comuna13online.com.ar\/wp-content\/uploads\/2017\/12\/line-150x1.jpg 150w, https:\/\/www.comuna13online.com.ar\/wp-content\/uploads\/2017\/12\/line-326x1.jpg 326w, https:\/\/www.comuna13online.com.ar\/wp-content\/uploads\/2017\/12\/line-80x1.jpg 80w, https:\/\/www.comuna13online.com.ar\/wp-content\/uploads\/2017\/12\/line-272x1.jpg 272w\" sizes=\"auto, (max-width: 678px) 100vw, 678px\" \/><\/figure>\n\n\n\n<p><em>\u201cEl Casco Hist\u00f3rico, el lugar donde naci\u00f3 la Ciudad, es el escenario perfecto para que Buenos Aires celebre un nuevo aniversario de su fundaci\u00f3n y desde el camino recorrido hasta hoy nos invite a so\u00f1ar con el futuro\u201d- <\/em>Agust\u00edn Iuri, gerente Operativo Casco Hist\u00f3rico.&nbsp;<\/p>\n\n\n\n<p>El <strong>cierre<\/strong> ser\u00e1 a las 16:30 en el Buenos Aires Museo (BAM), ubicado en Defensa 187, con un show de Los Tabaleros desde los balcones del museo. Adem\u00e1s, durante el d\u00eda se realizar\u00e1n visitas guiadas por el Casco Hist\u00f3rico que saldr\u00e1n del Buenos Aires Museo a las 13:30 y 15:00 horas con inscripci\u00f3n previa en la web de <a rel=\"noreferrer noopener\" target=\"_blank\" href=\"https:\/\/www.buenosaires.gob.ar\/cultura\/casco-historico\">Casco Hist\u00f3rico<\/a>. Dentro del BAM, se realizar\u00e1n visitas guiadas cada hora, entre las 13 y las 17. Tambi\u00e9n habr\u00e1 talleres para chicos y chicas: un taller a cargo de Arte Andar\u00edn a las 15 y Creando futuro juntos, un taller continuo de monocopia y stencil de 14 a 17 horas con cupos limitados sin inscripci\u00f3n previa. Todas las actividades ser\u00e1n con entrada gratuita.&nbsp;<\/p>\n\n\n\n<p>En los espacios de atenci\u00f3n al espectador (ubicados en el Buenos Aires Museo, Plaza Dorrego y Mercado de San Telmo) se estar\u00e1n repartiendo los 6 Mapas del Casco, mapas tem\u00e1ticos del ecosistema cultural del Casco Hist\u00f3rico realizados por distintas ilustradoras e ilustradores (El Casco Hist\u00f3rico, El Casco para Chicxs, Museos, Bares Notable y Gastronom\u00eda, Anticuarios y Feria de Antig\u00fcedades y Librer\u00edas y Cultura Impresa).\u00a0<\/p>\n\n\n\n<figure class=\"wp-block-image size-large is-resized\"><img loading=\"lazy\" decoding=\"async\" data-attachment-id=\"99\" data-permalink=\"https:\/\/www.comuna13online.com.ar\/?attachment_id=99\" data-orig-file=\"https:\/\/www.comuna13online.com.ar\/wp-content\/uploads\/2017\/12\/line.jpg\" data-orig-size=\"678,1\" data-comments-opened=\"0\" data-image-meta=\"{&quot;aperture&quot;:&quot;0&quot;,&quot;credit&quot;:&quot;&quot;,&quot;camera&quot;:&quot;&quot;,&quot;caption&quot;:&quot;&quot;,&quot;created_timestamp&quot;:&quot;0&quot;,&quot;copyright&quot;:&quot;&quot;,&quot;focal_length&quot;:&quot;0&quot;,&quot;iso&quot;:&quot;0&quot;,&quot;shutter_speed&quot;:&quot;0&quot;,&quot;title&quot;:&quot;&quot;,&quot;orientation&quot;:&quot;0&quot;}\" data-image-title=\"line\" data-image-description=\"\" data-image-caption=\"\" data-large-file=\"https:\/\/www.comuna13online.com.ar\/wp-content\/uploads\/2017\/12\/line.jpg\" src=\"http:\/\/www.comuna13online.com.ar\/wp-content\/uploads\/2017\/12\/line.jpg\" alt=\"\" class=\"wp-image-99\" width=\"678\" height=\"1\" srcset=\"https:\/\/www.comuna13online.com.ar\/wp-content\/uploads\/2017\/12\/line.jpg 678w, https:\/\/www.comuna13online.com.ar\/wp-content\/uploads\/2017\/12\/line-150x1.jpg 150w, https:\/\/www.comuna13online.com.ar\/wp-content\/uploads\/2017\/12\/line-326x1.jpg 326w, https:\/\/www.comuna13online.com.ar\/wp-content\/uploads\/2017\/12\/line-80x1.jpg 80w, https:\/\/www.comuna13online.com.ar\/wp-content\/uploads\/2017\/12\/line-272x1.jpg 272w\" sizes=\"auto, (max-width: 678px) 100vw, 678px\" \/><\/figure>\n\n\n\n<figure class=\"wp-block-image size-full\"><img loading=\"lazy\" decoding=\"async\" width=\"678\" height=\"180\" data-attachment-id=\"8918\" data-permalink=\"https:\/\/www.comuna13online.com.ar\/?attachment_id=8918\" data-orig-file=\"https:\/\/www.comuna13online.com.ar\/wp-content\/uploads\/2020\/04\/corona2.jpg\" data-orig-size=\"678,180\" data-comments-opened=\"0\" data-image-meta=\"{&quot;aperture&quot;:&quot;0&quot;,&quot;credit&quot;:&quot;&quot;,&quot;camera&quot;:&quot;&quot;,&quot;caption&quot;:&quot;&quot;,&quot;created_timestamp&quot;:&quot;0&quot;,&quot;copyright&quot;:&quot;&quot;,&quot;focal_length&quot;:&quot;0&quot;,&quot;iso&quot;:&quot;0&quot;,&quot;shutter_speed&quot;:&quot;0&quot;,&quot;title&quot;:&quot;&quot;,&quot;orientation&quot;:&quot;0&quot;}\" data-image-title=\"corona2\" data-image-description=\"\" data-image-caption=\"\" data-large-file=\"https:\/\/www.comuna13online.com.ar\/wp-content\/uploads\/2020\/04\/corona2.jpg\" src=\"http:\/\/www.comuna13online.com.ar\/wp-content\/uploads\/2020\/04\/corona2.jpg\" alt=\"\" class=\"wp-image-8918\"\/><\/figure>\n","protected":false},"excerpt":{"rendered":"<div class=\"mh-excerpt\">El Gobierno porte\u00f1o organiz\u00f3 una jornada llena de actividades, escenas de teatro, recorridos guiados y talleres en el Casco Hist\u00f3rico, el s\u00e1bado 11 de junio de 13 a 17 horas. <a class=\"mh-excerpt-more\" href=\"https:\/\/www.comuna13online.com.ar\/?p=15484\" title=\"La Ciudad celebra el 442\u00b0 aniversario de la segunda fundaci\u00f3n de Buenos Aires\">[&#8230;]<\/a><\/div>\n","protected":false},"author":1,"featured_media":15488,"comment_status":"closed","ping_status":"closed","sticky":false,"template":"","format":"standard","meta":{"_uag_custom_page_level_css":"","_jetpack_memberships_contains_paid_content":false,"footnotes":"","jetpack_publicize_message":"","jetpack_publicize_feature_enabled":true,"jetpack_social_post_already_shared":true,"jetpack_social_options":{"image_generator_settings":{"template":"highway","default_image_id":0,"font":"","enabled":false},"version":2}},"categories":[9],"tags":[246,250,296],"class_list":{"0":"post-15484","1":"post","2":"type-post","3":"status-publish","4":"format-standard","5":"has-post-thumbnail","7":"category-ciudad","8":"tag-h1","9":"tag-h2","10":"tag-h3"},"jetpack_publicize_connections":[],"jetpack_featured_media_url":"https:\/\/www.comuna13online.com.ar\/wp-content\/uploads\/2022\/06\/20220608a_id.jpg","uagb_featured_image_src":{"full":["https:\/\/www.comuna13online.com.ar\/wp-content\/uploads\/2022\/06\/20220608a_id.jpg",1030,438,false],"thumbnail":["https:\/\/www.comuna13online.com.ar\/wp-content\/uploads\/2022\/06\/20220608a_id.jpg",128,54,false],"medium":["https:\/\/www.comuna13online.com.ar\/wp-content\/uploads\/2022\/06\/20220608a_id.jpg",1030,438,false],"medium_large":["https:\/\/www.comuna13online.com.ar\/wp-content\/uploads\/2022\/06\/20220608a_id-768x327.jpg",768,327,true],"large":["https:\/\/www.comuna13online.com.ar\/wp-content\/uploads\/2022\/06\/20220608a_id.jpg",1030,438,false],"1536x1536":["https:\/\/www.comuna13online.com.ar\/wp-content\/uploads\/2022\/06\/20220608a_id.jpg",1030,438,false],"2048x2048":["https:\/\/www.comuna13online.com.ar\/wp-content\/uploads\/2022\/06\/20220608a_id.jpg",1030,438,false],"mh-magazine-slider":["https:\/\/www.comuna13online.com.ar\/wp-content\/uploads\/2022\/06\/20220608a_id-1030x438.jpg",1030,438,true],"mh-magazine-content":["https:\/\/www.comuna13online.com.ar\/wp-content\/uploads\/2022\/06\/20220608a_id-678x381.jpg",678,381,true],"mh-magazine-large":["https:\/\/www.comuna13online.com.ar\/wp-content\/uploads\/2022\/06\/20220608a_id-678x438.jpg",678,438,true],"mh-magazine-medium":["https:\/\/www.comuna13online.com.ar\/wp-content\/uploads\/2022\/06\/20220608a_id-326x245.jpg",326,245,true],"mh-magazine-small":["https:\/\/www.comuna13online.com.ar\/wp-content\/uploads\/2022\/06\/20220608a_id-80x60.jpg",80,60,true],"sow-carousel-default":["https:\/\/www.comuna13online.com.ar\/wp-content\/uploads\/2022\/06\/20220608a_id-272x182.jpg",272,182,true]},"uagb_author_info":{"display_name":"Comuna13","author_link":"https:\/\/www.comuna13online.com.ar\/?author=1"},"uagb_comment_info":0,"uagb_excerpt":"El Gobierno porte\u00f1o organiz\u00f3 una jornada llena de actividades, escenas de teatro, recorridos guiados y talleres en el Casco Hist\u00f3rico, el s\u00e1bado 11 de junio de 13 a 17 horas. [...]","jetpack_sharing_enabled":true,"_links":{"self":[{"href":"https:\/\/www.comuna13online.com.ar\/index.php?rest_route=\/wp\/v2\/posts\/15484","targetHints":{"allow":["GET"]}}],"collection":[{"href":"https:\/\/www.comuna13online.com.ar\/index.php?rest_route=\/wp\/v2\/posts"}],"about":[{"href":"https:\/\/www.comuna13online.com.ar\/index.php?rest_route=\/wp\/v2\/types\/post"}],"author":[{"embeddable":true,"href":"https:\/\/www.comuna13online.com.ar\/index.php?rest_route=\/wp\/v2\/users\/1"}],"replies":[{"embeddable":true,"href":"https:\/\/www.comuna13online.com.ar\/index.php?rest_route=%2Fwp%2Fv2%2Fcomments&post=15484"}],"version-history":[{"count":0,"href":"https:\/\/www.comuna13online.com.ar\/index.php?rest_route=\/wp\/v2\/posts\/15484\/revisions"}],"wp:featuredmedia":[{"embeddable":true,"href":"https:\/\/www.comuna13online.com.ar\/index.php?rest_route=\/wp\/v2\/media\/15488"}],"wp:attachment":[{"href":"https:\/\/www.comuna13online.com.ar\/index.php?rest_route=%2Fwp%2Fv2%2Fmedia&parent=15484"}],"wp:term":[{"taxonomy":"category","embeddable":true,"href":"https:\/\/www.comuna13online.com.ar\/index.php?rest_route=%2Fwp%2Fv2%2Fcategories&post=15484"},{"taxonomy":"post_tag","embeddable":true,"href":"https:\/\/www.comuna13online.com.ar\/index.php?rest_route=%2Fwp%2Fv2%2Ftags&post=15484"}],"curies":[{"name":"wp","href":"https:\/\/api.w.org\/{rel}","templated":true}]}}