{"id":15462,"date":"2022-06-02T14:03:25","date_gmt":"2022-06-02T17:03:25","guid":{"rendered":"http:\/\/www.comuna13online.com.ar\/?p=15462"},"modified":"2022-06-02T14:03:27","modified_gmt":"2022-06-02T17:03:27","slug":"el-gobierno-de-la-ciudad-puso-en-marcha-el-operativo-frio","status":"publish","type":"post","link":"https:\/\/www.comuna13online.com.ar\/?p=15462","title":{"rendered":"El Gobierno de la Ciudad puso en marcha el Operativo Fr\u00edo"},"content":{"rendered":"\n<p><strong>25 equipos especializados de Buenos Aires Presente (BAP) recorren proactivamente todas las comunas de la Ciudad para asistir a la gente en situaci\u00f3n de calle.<\/strong><\/p>\n\n\n\n<figure class=\"wp-block-image size-full\"><img loading=\"lazy\" decoding=\"async\" width=\"678\" height=\"452\" data-attachment-id=\"15464\" data-permalink=\"https:\/\/www.comuna13online.com.ar\/?attachment_id=15464\" data-orig-file=\"https:\/\/www.comuna13online.com.ar\/wp-content\/uploads\/2022\/06\/20220602a_01.jpg\" data-orig-size=\"678,452\" data-comments-opened=\"0\" data-image-meta=\"{&quot;aperture&quot;:&quot;0&quot;,&quot;credit&quot;:&quot;&quot;,&quot;camera&quot;:&quot;&quot;,&quot;caption&quot;:&quot;&quot;,&quot;created_timestamp&quot;:&quot;0&quot;,&quot;copyright&quot;:&quot;&quot;,&quot;focal_length&quot;:&quot;0&quot;,&quot;iso&quot;:&quot;0&quot;,&quot;shutter_speed&quot;:&quot;0&quot;,&quot;title&quot;:&quot;&quot;,&quot;orientation&quot;:&quot;0&quot;}\" data-image-title=\"20220602a_01\" data-image-description=\"\" data-image-caption=\"\" data-large-file=\"https:\/\/www.comuna13online.com.ar\/wp-content\/uploads\/2022\/06\/20220602a_01.jpg\" src=\"http:\/\/www.comuna13online.com.ar\/wp-content\/uploads\/2022\/06\/20220602a_01.jpg\" alt=\"\" class=\"wp-image-15464\" srcset=\"https:\/\/www.comuna13online.com.ar\/wp-content\/uploads\/2022\/06\/20220602a_01.jpg 678w, https:\/\/www.comuna13online.com.ar\/wp-content\/uploads\/2022\/06\/20220602a_01-272x182.jpg 272w\" sizes=\"auto, (max-width: 678px) 100vw, 678px\" \/><\/figure>\n\n\n\n<div style=\"height:21px\" aria-hidden=\"true\" class=\"wp-block-spacer\"><\/div>\n\n\n\n<p>El Gobierno porte\u00f1o, a trav\u00e9s del Ministerio de Desarrollo Humano y H\u00e1bitat, puso en marcha el Operativo Fr\u00edo, el programa en donde 25 equipos especializados de Buenos Aires Presente (BAP), recorren proactivamente las calles de todas las comunas de la Ciudad. As\u00ed, se complementan las intervenciones que surgen de los llamados recibidos en la L\u00ednea 108, de Atenci\u00f3n Social Inmediata o de Boti, el chatbot de la Ciudad.<\/p>\n\n\n\n<p>Los equipos interdisciplinarios se encuentran conformados por psic\u00f3logos, trabajadores y operadores sociales. A todas las personas que se encuentran en situaci\u00f3n de calle, la Ciudad les ofrece el traslado a uno de los 38 Centros de Inclusi\u00f3n Social (CIS) que cuentan con un total de 3 mil plazas disponibles. All\u00ed, se brinda un \u00e1mbito de contenci\u00f3n y atenci\u00f3n para promover la reinserci\u00f3n socio-laboral.<\/p>\n\n\n\n<p><strong><em>\u201cEn la Ciudad, todos tienen la posibilidad de una cama, una ducha y comida caliente\u201d<\/em><\/strong>, sostuvo Rodr\u00edguez Larreta, y afirm\u00f3 <em><strong>\u201cTenemos un equipo de asistentes sociales muy comprometido que recorre d\u00eda a d\u00eda las calles\u201d<\/strong><\/em>.<\/p>\n\n\n\n<p>Cuando las temperaturas son inferiores a 5\u00ba C, se refuerzan con voluntarios, vecinos y organizaciones civiles que entregan viandas calientes, packs hipocal\u00f3ricos (barras de cereal, frutos secos, agua), frazadas y un kit de prevenci\u00f3n de fr\u00edo con guantes y gorro de lana.<\/p>\n\n\n\n<p>El Operativo Fr\u00edo es una herramienta central dentro de una pol\u00edtica de asistencia integral que funciona las 24 horas, los 365 d\u00edas del a\u00f1o. Por medio del programa BAP, los equipos salen al encuentro de quien lo necesita todos los d\u00edas por cada barrio de la Ciudad. A partir de esos recorridos, se detectan los puntos cr\u00edticos y se lleva adelante la trazabilidad de la situaci\u00f3n de cada persona, con informaci\u00f3n digitalizada y actualizada acerca de las distintas intervenciones y de la evoluci\u00f3n de la situaci\u00f3n de cada una de las personas asistidas.<\/p>\n\n\n\n<p>Atendida la emergencia en primera instancia, el equipo del BAP se pone al servicio del vecino para acompa\u00f1arlo en todos los aspectos de su revinculaci\u00f3n social y en el rearmado de su propio proyecto de vida. En esa l\u00ednea, se realizan intervenciones concretas como la\u00a0<strong>tramitaci\u00f3n del DNI, del subsidio habitacional<\/strong>\u00a0y de seguridad alimentaria. El abordaje integral se completa en los Centros de Inclusi\u00f3n Social, donde se realizan chequeos m\u00e9dicos, se brinda asistencia psicol\u00f3gica y talleres de oficios y se promueve la revinculaci\u00f3n familiar y la terminalidad educativa.<\/p>\n\n\n\n<h3 class=\"wp-block-heading\">L\u00ednea 108<\/h3>\n\n\n\n<p>Cualquier persona de la Ciudad puede llamar a la l\u00ednea 108 para recibir atenci\u00f3n, o dar aviso sobre una persona que se encuentra en situaci\u00f3n de vulnerabilidad social. Atiende las 24 horas los 365 d\u00edas del a\u00f1o.<\/p>\n\n\n\n<p>En la temporada invernal, las llamadas al 108 se incrementan entre un 45% y un 50% respecto al resto del a\u00f1o. En 2021, el total de llamadas realizadas al 108 fueron de 128.276, y en el mes de junio se produjo un pico con 15.693 llamados. En lo que va del a\u00f1o, ya se recibieron m\u00e1s de 79.000 llamadas.<\/p>\n\n\n\n<div style=\"height:20px\" aria-hidden=\"true\" class=\"wp-block-spacer\"><\/div>\n\n\n\n<figure class=\"wp-block-image size-full\"><img loading=\"lazy\" decoding=\"async\" width=\"678\" height=\"452\" data-attachment-id=\"15463\" data-permalink=\"https:\/\/www.comuna13online.com.ar\/?attachment_id=15463\" data-orig-file=\"https:\/\/www.comuna13online.com.ar\/wp-content\/uploads\/2022\/06\/20220602a_02.jpg\" data-orig-size=\"678,452\" data-comments-opened=\"0\" data-image-meta=\"{&quot;aperture&quot;:&quot;0&quot;,&quot;credit&quot;:&quot;&quot;,&quot;camera&quot;:&quot;&quot;,&quot;caption&quot;:&quot;&quot;,&quot;created_timestamp&quot;:&quot;0&quot;,&quot;copyright&quot;:&quot;&quot;,&quot;focal_length&quot;:&quot;0&quot;,&quot;iso&quot;:&quot;0&quot;,&quot;shutter_speed&quot;:&quot;0&quot;,&quot;title&quot;:&quot;&quot;,&quot;orientation&quot;:&quot;0&quot;}\" data-image-title=\"20220602a_02\" data-image-description=\"\" data-image-caption=\"\" data-large-file=\"https:\/\/www.comuna13online.com.ar\/wp-content\/uploads\/2022\/06\/20220602a_02.jpg\" src=\"http:\/\/www.comuna13online.com.ar\/wp-content\/uploads\/2022\/06\/20220602a_02.jpg\" alt=\"\" class=\"wp-image-15463\" srcset=\"https:\/\/www.comuna13online.com.ar\/wp-content\/uploads\/2022\/06\/20220602a_02.jpg 678w, https:\/\/www.comuna13online.com.ar\/wp-content\/uploads\/2022\/06\/20220602a_02-272x182.jpg 272w\" sizes=\"auto, (max-width: 678px) 100vw, 678px\" \/><\/figure>\n\n\n\n<div style=\"height:20px\" aria-hidden=\"true\" class=\"wp-block-spacer\"><\/div>\n\n\n\n<h3 class=\"wp-block-heading\">Boti se incorpora a la asistencia a personas en situaci\u00f3n de calle<\/h3>\n\n\n\n<p>El Gobierno de la Ciudad de Buenos Aires, a trav\u00e9s de la articulaci\u00f3n entre el Ministerio de Desarrollo Humano y H\u00e1bitat y la Secretar\u00eda de Innovaci\u00f3n y Transformaci\u00f3n Digital, incorpor\u00f3 esta semana la L\u00ednea 108 de asistencia social a Boti, el chatbot porte\u00f1o que funciona a trav\u00e9s de WhatsApp.<\/p>\n\n\n\n<p><strong>\u00bfC\u00f3mo dar aviso de un caso a trav\u00e9s de Boti?<\/strong>\u00a0En primer lugar, para poder chatear, hay que agendar el n\u00famero\u00a0<strong>11-5050-0147<\/strong>\u00a0y buscarlo en los contactos de WhatsApp. Luego de iniciado el chat, se debe escribir la palabra clave <strong>\u201cSituaci\u00f3n de calle\u201d<\/strong> y Boti desplegar\u00e1 las opciones de servicio disponibles que ofrece tambi\u00e9n la L\u00ednea 108, el canal telef\u00f3nico para avisar sobre estos casos.<\/p>\n\n\n\n<p>Cuando se recibe un aviso, Boti activa el protocolo del programa\u00a0<strong>Buenos Aires Presente (BAP)<\/strong>\u00a0del Gobierno porte\u00f1o para que de manera inmediata se acerquen para dar asistencia integral a la persona o grupo. El BAP se ocupa de atender a personas y familias en condici\u00f3n de riesgo social, afectadas por situaciones de emergencia o con derechos vulnerados y, en general, a poblaci\u00f3n en situaci\u00f3n de calle con necesidad de orientaci\u00f3n, informaci\u00f3n y asesoramiento sobre servicios sociales.<\/p>\n\n\n\n<p><\/p>\n","protected":false},"excerpt":{"rendered":"<div class=\"mh-excerpt\">25 equipos especializados de Buenos Aires Presente (BAP) recorren proactivamente todas las comunas de la Ciudad para asistir a la gente en situaci\u00f3n de calle. El Gobierno porte\u00f1o, a trav\u00e9s <a class=\"mh-excerpt-more\" href=\"https:\/\/www.comuna13online.com.ar\/?p=15462\" title=\"El Gobierno de la Ciudad puso en marcha el Operativo Fr\u00edo\">[&#8230;]<\/a><\/div>\n","protected":false},"author":1,"featured_media":15465,"comment_status":"closed","ping_status":"closed","sticky":false,"template":"","format":"standard","meta":{"_uag_custom_page_level_css":"","_jetpack_memberships_contains_paid_content":false,"footnotes":"","jetpack_publicize_message":"","jetpack_publicize_feature_enabled":true,"jetpack_social_post_already_shared":true,"jetpack_social_options":{"image_generator_settings":{"template":"highway","default_image_id":0,"font":"","enabled":false},"version":2}},"categories":[282],"tags":[283,250,296],"class_list":{"0":"post-15462","1":"post","2":"type-post","3":"status-publish","4":"format-standard","5":"has-post-thumbnail","7":"category-desarrollo-social","8":"tag-desarrollo-social","9":"tag-h2","10":"tag-h3"},"jetpack_publicize_connections":[],"jetpack_featured_media_url":"https:\/\/www.comuna13online.com.ar\/wp-content\/uploads\/2022\/06\/20220602a_id.jpg","uagb_featured_image_src":{"full":["https:\/\/www.comuna13online.com.ar\/wp-content\/uploads\/2022\/06\/20220602a_id.jpg",678,452,false],"thumbnail":["https:\/\/www.comuna13online.com.ar\/wp-content\/uploads\/2022\/06\/20220602a_id.jpg",128,85,false],"medium":["https:\/\/www.comuna13online.com.ar\/wp-content\/uploads\/2022\/06\/20220602a_id.jpg",678,452,false],"medium_large":["https:\/\/www.comuna13online.com.ar\/wp-content\/uploads\/2022\/06\/20220602a_id.jpg",678,452,false],"large":["https:\/\/www.comuna13online.com.ar\/wp-content\/uploads\/2022\/06\/20220602a_id.jpg",678,452,false],"1536x1536":["https:\/\/www.comuna13online.com.ar\/wp-content\/uploads\/2022\/06\/20220602a_id.jpg",678,452,false],"2048x2048":["https:\/\/www.comuna13online.com.ar\/wp-content\/uploads\/2022\/06\/20220602a_id.jpg",678,452,false],"mh-magazine-slider":["https:\/\/www.comuna13online.com.ar\/wp-content\/uploads\/2022\/06\/20220602a_id-678x438.jpg",678,438,true],"mh-magazine-content":["https:\/\/www.comuna13online.com.ar\/wp-content\/uploads\/2022\/06\/20220602a_id-678x381.jpg",678,381,true],"mh-magazine-large":["https:\/\/www.comuna13online.com.ar\/wp-content\/uploads\/2022\/06\/20220602a_id.jpg",678,452,false],"mh-magazine-medium":["https:\/\/www.comuna13online.com.ar\/wp-content\/uploads\/2022\/06\/20220602a_id-326x245.jpg",326,245,true],"mh-magazine-small":["https:\/\/www.comuna13online.com.ar\/wp-content\/uploads\/2022\/06\/20220602a_id-80x60.jpg",80,60,true],"sow-carousel-default":["https:\/\/www.comuna13online.com.ar\/wp-content\/uploads\/2022\/06\/20220602a_id-272x182.jpg",272,182,true]},"uagb_author_info":{"display_name":"Comuna13","author_link":"https:\/\/www.comuna13online.com.ar\/?author=1"},"uagb_comment_info":0,"uagb_excerpt":"25 equipos especializados de Buenos Aires Presente (BAP) recorren proactivamente todas las comunas de la Ciudad para asistir a la gente en situaci\u00f3n de calle. El Gobierno porte\u00f1o, a trav\u00e9s [...]","jetpack_sharing_enabled":true,"_links":{"self":[{"href":"https:\/\/www.comuna13online.com.ar\/index.php?rest_route=\/wp\/v2\/posts\/15462","targetHints":{"allow":["GET"]}}],"collection":[{"href":"https:\/\/www.comuna13online.com.ar\/index.php?rest_route=\/wp\/v2\/posts"}],"about":[{"href":"https:\/\/www.comuna13online.com.ar\/index.php?rest_route=\/wp\/v2\/types\/post"}],"author":[{"embeddable":true,"href":"https:\/\/www.comuna13online.com.ar\/index.php?rest_route=\/wp\/v2\/users\/1"}],"replies":[{"embeddable":true,"href":"https:\/\/www.comuna13online.com.ar\/index.php?rest_route=%2Fwp%2Fv2%2Fcomments&post=15462"}],"version-history":[{"count":0,"href":"https:\/\/www.comuna13online.com.ar\/index.php?rest_route=\/wp\/v2\/posts\/15462\/revisions"}],"wp:featuredmedia":[{"embeddable":true,"href":"https:\/\/www.comuna13online.com.ar\/index.php?rest_route=\/wp\/v2\/media\/15465"}],"wp:attachment":[{"href":"https:\/\/www.comuna13online.com.ar\/index.php?rest_route=%2Fwp%2Fv2%2Fmedia&parent=15462"}],"wp:term":[{"taxonomy":"category","embeddable":true,"href":"https:\/\/www.comuna13online.com.ar\/index.php?rest_route=%2Fwp%2Fv2%2Fcategories&post=15462"},{"taxonomy":"post_tag","embeddable":true,"href":"https:\/\/www.comuna13online.com.ar\/index.php?rest_route=%2Fwp%2Fv2%2Ftags&post=15462"}],"curies":[{"name":"wp","href":"https:\/\/api.w.org\/{rel}","templated":true}]}}