{"id":15450,"date":"2022-05-31T12:32:55","date_gmt":"2022-05-31T15:32:55","guid":{"rendered":"http:\/\/www.comuna13online.com.ar\/?p=15450"},"modified":"2022-05-31T12:33:02","modified_gmt":"2022-05-31T15:33:02","slug":"la-ciudad-alcanzo-el-75-del-territorio-con-videovigilancia","status":"publish","type":"post","link":"https:\/\/www.comuna13online.com.ar\/?p=15450","title":{"rendered":"La Ciudad alcanz\u00f3 el 75% del territorio con videovigilancia"},"content":{"rendered":"\n<p><strong>En total son 15 mil los dispositivos estrat\u00e9gicamente distribuidos en todos los barrios, as\u00ed, el gobierno porte\u00f1o cumple con uno de los compromisos asumidos por Rodr\u00edguez Larreta para este a\u00f1o.<\/strong><\/p>\n\n\n\n<figure class=\"wp-block-image size-full\"><img loading=\"lazy\" decoding=\"async\" width=\"678\" height=\"452\" data-attachment-id=\"15454\" data-permalink=\"https:\/\/www.comuna13online.com.ar\/?attachment_id=15454\" data-orig-file=\"https:\/\/www.comuna13online.com.ar\/wp-content\/uploads\/2022\/05\/20220531c_01.jpg\" data-orig-size=\"678,452\" data-comments-opened=\"0\" data-image-meta=\"{&quot;aperture&quot;:&quot;0&quot;,&quot;credit&quot;:&quot;&quot;,&quot;camera&quot;:&quot;&quot;,&quot;caption&quot;:&quot;&quot;,&quot;created_timestamp&quot;:&quot;0&quot;,&quot;copyright&quot;:&quot;&quot;,&quot;focal_length&quot;:&quot;0&quot;,&quot;iso&quot;:&quot;0&quot;,&quot;shutter_speed&quot;:&quot;0&quot;,&quot;title&quot;:&quot;&quot;,&quot;orientation&quot;:&quot;0&quot;}\" data-image-title=\"20220531c_01\" data-image-description=\"\" data-image-caption=\"\" data-large-file=\"https:\/\/www.comuna13online.com.ar\/wp-content\/uploads\/2022\/05\/20220531c_01.jpg\" src=\"http:\/\/www.comuna13online.com.ar\/wp-content\/uploads\/2022\/05\/20220531c_01.jpg\" alt=\"\" class=\"wp-image-15454\" srcset=\"https:\/\/www.comuna13online.com.ar\/wp-content\/uploads\/2022\/05\/20220531c_01.jpg 678w, https:\/\/www.comuna13online.com.ar\/wp-content\/uploads\/2022\/05\/20220531c_01-272x182.jpg 272w\" sizes=\"auto, (max-width: 678px) 100vw, 678px\" \/><\/figure>\n\n\n\n<div style=\"height:15px\" aria-hidden=\"true\" class=\"wp-block-spacer\"><\/div>\n\n\n\n<p>La Ciudad cumpli\u00f3 con uno de los compromisos asumidos por el jefe de Gobierno, Horacio Rodr\u00edguez Larreta, para el per\u00edodo 2019-2023: el 75% del territorio porte\u00f1o ya cuenta con c\u00e1maras de videovigilancia. En total son 15 mil los dispositivos estrat\u00e9gicamente distribuidos en todos los barrios. Se trata de un nuevo paso en el marco del Plan Integral de Seguridad P\u00fablica para que los vecinos y quienes visitan la Ciudad todos los d\u00edas lo hagan de manera m\u00e1s segura.<\/p>\n\n\n\n<div style=\"height:15px\" aria-hidden=\"true\" class=\"wp-block-spacer\"><\/div>\n\n\n\n<div class=\"wp-block-uagb-blockquote uagb-blockquote__outer-wrap uagb-block-40715da0\"><div class=\"uagb-blockquote__wrap uagb-blockquote__skin-border uagb-blockquote__stack-img-none\"><blockquote class=\"uagb-blockquote\"><div class=\"uagb-blockquote__content-wrap\"><div class=\"uagb-blockquote__content\"><em>\u201cTenemos el compromiso innegociable de enfrentar a los delincuentes para que la gente pueda vivir tranquila. Seguridad es libertad, es vivir sin miedo\u201d.<\/em><\/div><footer><div class=\"uagb-blockquote__author-wrap uagb-blockquote__author-at-left\"><cite class=\"uagb-blockquote__author\">Rodr\u00edguez Larreta<\/cite><\/div><\/footer><\/div><\/blockquote><\/div><\/div>\n\n\n\n<div style=\"height:15px\" aria-hidden=\"true\" class=\"wp-block-spacer\"><\/div>\n\n\n\n<p>El Sistema de Videovigilancia se encuentra conformado por todas las c\u00e1maras de dominio p\u00fablico: de seguridad, tr\u00e1nsito, de AUSA, y SBASE. Son supervisadas desde los Centros de Monitoreo (CMU) de Chacarita -el m\u00e1s grande de Am\u00e9rica Latina-, de av. 9 de Julio y de Puerto Madero.<\/p>\n\n\n\n<p>El aumento de c\u00e1maras de videovigilancia es un eje central en la prevenci\u00f3n y lucha contra el delito. Implica la constante incorporaci\u00f3n de tecnolog\u00eda para brindar m\u00e1s y mejores servicios de seguridad. Tiene el objetivo de prevenir y actuar velozmente frente al delito en tiempo real.<\/p>\n\n\n\n<p>Entre 2016 y 2019, se alcanzaron las 10 mil c\u00e1maras en las calles, subtes y colectivos, lo que permiti\u00f3 tener una cobertura del 54%. Desde diciembre de 2019 se instalaron 5 mil m\u00e1s.<\/p>\n\n\n\n<div style=\"height:15px\" aria-hidden=\"true\" class=\"wp-block-spacer\"><\/div>\n\n\n\n<div class=\"wp-block-uagb-blockquote uagb-blockquote__outer-wrap uagb-block-d152343b\"><div class=\"uagb-blockquote__wrap uagb-blockquote__skin-border uagb-blockquote__stack-img-none\"><blockquote class=\"uagb-blockquote\"><div class=\"uagb-blockquote__content-wrap\"><div class=\"uagb-blockquote__content\"><em><em>\u201c<\/em>Estamos cuidando a la gente. Y que los delincuentes est\u00e9n donde tienen que estar: presos. Trabajamos para que los millones de argentinos que viven en la Ciudad, otros que nos visitan, turistas o vienen a trabajar, circulen y vivan m\u00e1s tranquilos, m\u00e1s libres, m\u00e1s seguros. Estamos para cuidarlos\u201d.<\/em><\/div><footer><div class=\"uagb-blockquote__author-wrap uagb-blockquote__author-at-left\"><cite class=\"uagb-blockquote__author\">Rodr\u00edguez Larreta<\/cite><\/div><\/footer><\/div><\/blockquote><\/div><\/div>\n\n\n\n<div style=\"height:23px\" aria-hidden=\"true\" class=\"wp-block-spacer\"><\/div>\n\n\n\n<p>Las c\u00e1maras facilitan la detecci\u00f3n r\u00e1pida de actitudes sospechosas para actuar de manera inmediata y aportar pruebas clave en investigaciones tanto de la Polic\u00eda de la Ciudad como de la Justicia. Es posible gracias al sistema de an\u00e1lisis forense de im\u00e1genes de video que permite la b\u00fasqueda de objetos, personas y\/o veh\u00edculos y realizar filtros seg\u00fan el color, la morfolog\u00eda de los elementos, el sentido de desplazamiento y el rango temporal, entre otros.<\/p>\n\n\n\n<p><\/p>\n\n\n\n<h2 class=\"wp-block-heading\">Llega una nueva edici\u00f3n de Comisar\u00edas Cercanas<\/h2>\n\n\n\n<p>Este\u00a0<strong>jueves 2 de junio<\/strong>, a partir de las\u00a0<strong>18:15 horas<\/strong>, a trav\u00e9s de una videollamada, funcionarios de Gobierno, comisarios y oficiales de la\u00a0Polic\u00eda de la Ciudad\u00a0van a charlar con los vecinos sobre seguridad y los avances que se realizan en esta materia.<\/p>\n\n\n\n<p>De los encuentros virtuales participan miles de porte\u00f1os de las\u00a0<strong>15 comunas<\/strong>\u00a0junto con las autoridades de las comisarias de su zona, funcionarios del\u00a0<em>Ministerio de Justicia y Seguridad<\/em>, y de otras \u00e1reas de Gobierno. Esto se repite en todas las comunas teniendo as\u00ed\u00a0<strong>15 reuniones simult\u00e1neas<\/strong>.<\/p>\n\n\n\n<p>El programa Comisar\u00edas Cercanas es una iniciativa que impulsa la participaci\u00f3n ciudadana a trav\u00e9s de reuniones de vecinos con comisarios y funcionarios del Gobierno de la Ciudad. Estos espacios apuntan a&nbsp;<strong>involucrar a quienes residen en la Ciudad con la seguridad de forma directa<\/strong>, a trav\u00e9s de encuentros en las comisar\u00edas los primeros jueves de cada mes.<\/p>\n\n\n\n<p>Las reuniones tienen&nbsp;<strong>una hora de duraci\u00f3n<\/strong>&nbsp;y dos personas se encargan de la organizaci\u00f3n y moderaci\u00f3n del chat. Los vecinos, tal como suced\u00eda en las reuniones presenciales, pueden dialogar con las autoridades y plantear los problemas de su barrio. Estos pedidos son recolectados y tambi\u00e9n se les da un seguimiento durante el mes para brindarles una soluci\u00f3n o acercar a las partes en disputa.<\/p>\n\n\n\n<p>Particip\u00e1 de la reuni\u00f3n: <a rel=\"noreferrer noopener\" href=\"https:\/\/www.formulariosgcba.gob.ar\/r2q5RnoK2jppKN9gkYmV\/canal\/web\" target=\"_blank\"><strong>Anotate a trav\u00e9s del formulario<\/strong><\/a><\/p>\n\n\n\n<p><a rel=\"noreferrer noopener\" href=\"http:\/\/www.facebook.com\/sharer.php?u=http:\/\/www.buenosaires.gob.ar\/participacionciudadana\/reuniones-vecinales\/comisarias-cercanas\/noticias\/una-nueva-edicion-de\" target=\"_blank\"><\/a><\/p>\n\n\n\n<figure class=\"wp-block-image size-large is-resized\"><img loading=\"lazy\" decoding=\"async\" data-attachment-id=\"99\" data-permalink=\"https:\/\/www.comuna13online.com.ar\/?attachment_id=99\" data-orig-file=\"https:\/\/www.comuna13online.com.ar\/wp-content\/uploads\/2017\/12\/line.jpg\" data-orig-size=\"678,1\" data-comments-opened=\"0\" data-image-meta=\"{&quot;aperture&quot;:&quot;0&quot;,&quot;credit&quot;:&quot;&quot;,&quot;camera&quot;:&quot;&quot;,&quot;caption&quot;:&quot;&quot;,&quot;created_timestamp&quot;:&quot;0&quot;,&quot;copyright&quot;:&quot;&quot;,&quot;focal_length&quot;:&quot;0&quot;,&quot;iso&quot;:&quot;0&quot;,&quot;shutter_speed&quot;:&quot;0&quot;,&quot;title&quot;:&quot;&quot;,&quot;orientation&quot;:&quot;0&quot;}\" data-image-title=\"line\" data-image-description=\"\" data-image-caption=\"\" data-large-file=\"https:\/\/www.comuna13online.com.ar\/wp-content\/uploads\/2017\/12\/line.jpg\" src=\"http:\/\/www.comuna13online.com.ar\/wp-content\/uploads\/2017\/12\/line.jpg\" alt=\"\" class=\"wp-image-99\" width=\"678\" height=\"1\" srcset=\"https:\/\/www.comuna13online.com.ar\/wp-content\/uploads\/2017\/12\/line.jpg 678w, https:\/\/www.comuna13online.com.ar\/wp-content\/uploads\/2017\/12\/line-150x1.jpg 150w, https:\/\/www.comuna13online.com.ar\/wp-content\/uploads\/2017\/12\/line-326x1.jpg 326w, https:\/\/www.comuna13online.com.ar\/wp-content\/uploads\/2017\/12\/line-80x1.jpg 80w, https:\/\/www.comuna13online.com.ar\/wp-content\/uploads\/2017\/12\/line-272x1.jpg 272w\" sizes=\"auto, (max-width: 678px) 100vw, 678px\" \/><\/figure>\n\n\n\n<figure class=\"wp-block-image size-full\"><img loading=\"lazy\" decoding=\"async\" width=\"678\" height=\"180\" data-attachment-id=\"8918\" data-permalink=\"https:\/\/www.comuna13online.com.ar\/?attachment_id=8918\" data-orig-file=\"https:\/\/www.comuna13online.com.ar\/wp-content\/uploads\/2020\/04\/corona2.jpg\" data-orig-size=\"678,180\" data-comments-opened=\"0\" data-image-meta=\"{&quot;aperture&quot;:&quot;0&quot;,&quot;credit&quot;:&quot;&quot;,&quot;camera&quot;:&quot;&quot;,&quot;caption&quot;:&quot;&quot;,&quot;created_timestamp&quot;:&quot;0&quot;,&quot;copyright&quot;:&quot;&quot;,&quot;focal_length&quot;:&quot;0&quot;,&quot;iso&quot;:&quot;0&quot;,&quot;shutter_speed&quot;:&quot;0&quot;,&quot;title&quot;:&quot;&quot;,&quot;orientation&quot;:&quot;0&quot;}\" data-image-title=\"corona2\" data-image-description=\"\" data-image-caption=\"\" data-large-file=\"https:\/\/www.comuna13online.com.ar\/wp-content\/uploads\/2020\/04\/corona2.jpg\" src=\"http:\/\/www.comuna13online.com.ar\/wp-content\/uploads\/2020\/04\/corona2.jpg\" alt=\"\" class=\"wp-image-8918\"\/><\/figure>\n","protected":false},"excerpt":{"rendered":"<div class=\"mh-excerpt\">En total son 15 mil los dispositivos estrat\u00e9gicamente distribuidos en todos los barrios, as\u00ed, el gobierno porte\u00f1o cumple con uno de los compromisos asumidos por Rodr\u00edguez Larreta para este a\u00f1o. <a class=\"mh-excerpt-more\" href=\"https:\/\/www.comuna13online.com.ar\/?p=15450\" title=\"La Ciudad alcanz\u00f3 el 75% del territorio con videovigilancia\">[&#8230;]<\/a><\/div>\n","protected":false},"author":1,"featured_media":15455,"comment_status":"closed","ping_status":"closed","sticky":false,"template":"","format":"standard","meta":{"_uag_custom_page_level_css":"","_jetpack_memberships_contains_paid_content":false,"footnotes":"","jetpack_publicize_message":"","jetpack_publicize_feature_enabled":true,"jetpack_social_post_already_shared":true,"jetpack_social_options":{"image_generator_settings":{"template":"highway","default_image_id":0,"font":"","enabled":false},"version":2}},"categories":[29],"tags":[250,296,17],"class_list":{"0":"post-15450","1":"post","2":"type-post","3":"status-publish","4":"format-standard","5":"has-post-thumbnail","7":"category-seguridad","8":"tag-h2","9":"tag-h3","10":"tag-seguridad"},"jetpack_publicize_connections":[],"jetpack_featured_media_url":"https:\/\/www.comuna13online.com.ar\/wp-content\/uploads\/2022\/05\/20220531c_id.jpg","uagb_featured_image_src":{"full":["https:\/\/www.comuna13online.com.ar\/wp-content\/uploads\/2022\/05\/20220531c_id.jpg",678,452,false],"thumbnail":["https:\/\/www.comuna13online.com.ar\/wp-content\/uploads\/2022\/05\/20220531c_id.jpg",128,85,false],"medium":["https:\/\/www.comuna13online.com.ar\/wp-content\/uploads\/2022\/05\/20220531c_id.jpg",678,452,false],"medium_large":["https:\/\/www.comuna13online.com.ar\/wp-content\/uploads\/2022\/05\/20220531c_id.jpg",678,452,false],"large":["https:\/\/www.comuna13online.com.ar\/wp-content\/uploads\/2022\/05\/20220531c_id.jpg",678,452,false],"1536x1536":["https:\/\/www.comuna13online.com.ar\/wp-content\/uploads\/2022\/05\/20220531c_id.jpg",678,452,false],"2048x2048":["https:\/\/www.comuna13online.com.ar\/wp-content\/uploads\/2022\/05\/20220531c_id.jpg",678,452,false],"mh-magazine-slider":["https:\/\/www.comuna13online.com.ar\/wp-content\/uploads\/2022\/05\/20220531c_id-678x438.jpg",678,438,true],"mh-magazine-content":["https:\/\/www.comuna13online.com.ar\/wp-content\/uploads\/2022\/05\/20220531c_id-678x381.jpg",678,381,true],"mh-magazine-large":["https:\/\/www.comuna13online.com.ar\/wp-content\/uploads\/2022\/05\/20220531c_id.jpg",678,452,false],"mh-magazine-medium":["https:\/\/www.comuna13online.com.ar\/wp-content\/uploads\/2022\/05\/20220531c_id-326x245.jpg",326,245,true],"mh-magazine-small":["https:\/\/www.comuna13online.com.ar\/wp-content\/uploads\/2022\/05\/20220531c_id-80x60.jpg",80,60,true],"sow-carousel-default":["https:\/\/www.comuna13online.com.ar\/wp-content\/uploads\/2022\/05\/20220531c_id-272x182.jpg",272,182,true]},"uagb_author_info":{"display_name":"Comuna13","author_link":"https:\/\/www.comuna13online.com.ar\/?author=1"},"uagb_comment_info":0,"uagb_excerpt":"En total son 15 mil los dispositivos estrat\u00e9gicamente distribuidos en todos los barrios, as\u00ed, el gobierno porte\u00f1o cumple con uno de los compromisos asumidos por Rodr\u00edguez Larreta para este a\u00f1o. [...]","jetpack_sharing_enabled":true,"_links":{"self":[{"href":"https:\/\/www.comuna13online.com.ar\/index.php?rest_route=\/wp\/v2\/posts\/15450","targetHints":{"allow":["GET"]}}],"collection":[{"href":"https:\/\/www.comuna13online.com.ar\/index.php?rest_route=\/wp\/v2\/posts"}],"about":[{"href":"https:\/\/www.comuna13online.com.ar\/index.php?rest_route=\/wp\/v2\/types\/post"}],"author":[{"embeddable":true,"href":"https:\/\/www.comuna13online.com.ar\/index.php?rest_route=\/wp\/v2\/users\/1"}],"replies":[{"embeddable":true,"href":"https:\/\/www.comuna13online.com.ar\/index.php?rest_route=%2Fwp%2Fv2%2Fcomments&post=15450"}],"version-history":[{"count":0,"href":"https:\/\/www.comuna13online.com.ar\/index.php?rest_route=\/wp\/v2\/posts\/15450\/revisions"}],"wp:featuredmedia":[{"embeddable":true,"href":"https:\/\/www.comuna13online.com.ar\/index.php?rest_route=\/wp\/v2\/media\/15455"}],"wp:attachment":[{"href":"https:\/\/www.comuna13online.com.ar\/index.php?rest_route=%2Fwp%2Fv2%2Fmedia&parent=15450"}],"wp:term":[{"taxonomy":"category","embeddable":true,"href":"https:\/\/www.comuna13online.com.ar\/index.php?rest_route=%2Fwp%2Fv2%2Fcategories&post=15450"},{"taxonomy":"post_tag","embeddable":true,"href":"https:\/\/www.comuna13online.com.ar\/index.php?rest_route=%2Fwp%2Fv2%2Ftags&post=15450"}],"curies":[{"name":"wp","href":"https:\/\/api.w.org\/{rel}","templated":true}]}}