{"id":15447,"date":"2022-05-31T11:53:15","date_gmt":"2022-05-31T14:53:15","guid":{"rendered":"http:\/\/www.comuna13online.com.ar\/?p=15447"},"modified":"2022-05-31T11:53:19","modified_gmt":"2022-05-31T14:53:19","slug":"covid-19-donde-testearse-en-la-ciudad","status":"publish","type":"post","link":"https:\/\/www.comuna13online.com.ar\/?p=15447","title":{"rendered":"Covid 19: d\u00f3nde testearse en la Ciudad"},"content":{"rendered":"\n<p><strong>La cuarta ola de la pandemia deja en la Ciudad un promedio de 3000 nuevos casos diarios de covid positivo, es bueno recordar los lugares disponibles para realizarse el test.<\/strong><\/p>\n\n\n\n<div style=\"height:20px\" aria-hidden=\"true\" class=\"wp-block-spacer\"><\/div>\n\n\n\n<p>El Gobierno porte\u00f1o contin\u00faa con su estrategia de testeos para detectar casos de coronavirus y ya super\u00f3 los 10 millones de hisopados gratuitos desde que comenz\u00f3 con el operativo. Seg\u00fan se inform\u00f3 este lunes, en el reporte semanal, hasta el momento se realizaron&nbsp;<strong>10.176.635<\/strong>, con un tasa de positividad media diaria del 36,8 %.<\/p>\n\n\n\n<p>Ante la suba de casos que se refleja en los informes de las \u00faltimas semanas, el Ministerio de Salud porte\u00f1o recuerda a los vecinos los lugares disponibles para realizarse el test:<\/p>\n\n\n\n<div class=\"wp-block-uagb-advanced-heading uagb-block-43757836 uagb-heading-text\"><h2 class=\"uagb-heading-text\">Testeo para personas con s\u00edntomas de coronavirus<\/h2><div class=\"uagb-separator-wrap\"><div class=\"uagb-separator\"><\/div><\/div><p class=\"uagb-desc-text\"><\/p><\/div>\n\n\n\n<p>Las personas que presentan dos o m\u00e1s s\u00edntomas de coronavirus como fiebre (37.5 \u00b0C o m\u00e1s), tos, congesti\u00f3n nasal, dolor de garganta, dificultad para respirar, dolor muscular,falta de gusto u olfato, dolor de cabeza o diarrea\/v\u00f3mitos, deben acercarse a una Unidad Febril de Urgencia, sin turno.<\/p>\n\n\n\n<p><strong>Informaci\u00f3n importante<\/strong>: La <strong>Unidad Febril del Hospital Guti\u00e9rrez<\/strong>\u00a0<strong>es exclusivamente para personas de 0 a 17 a\u00f1os<\/strong>. Tutores o padres que se acerquen con ni\u00f1os, ni\u00f1as y adolescentes pueden ser testeados, pero no adultos que se acerquen de forma aislada.<\/p>\n\n\n\n<h4 class=\"wp-block-heading\">Pedi\u00e1tricos menores de 14 a\u00f1os<\/h4>\n\n\n\n<ul class=\"wp-block-list\"><li><strong>Hosp. General de Ni\u00f1os R. Gutierrez<\/strong>&nbsp;(Atenci\u00f3n todos los d\u00edas de 8 a 13,30 hs) &#8211;&nbsp;<a href=\"https:\/\/mapa.buenosaires.gob.ar\/comollego\/?lat=-34.593394&amp;lng=-58.411840&amp;zl=15&amp;modo=transporte&amp;dir=Sanchez+De+Bustamante+1470\">S\u00e1nchez de bustamante 1470<\/a><\/li><li><strong>Hosp. General de Agudos J. M. Ramos Mejia<\/strong>&nbsp;(Atenci\u00f3n todos los d\u00edas de 8 a 13,30 hs) &#8211;&nbsp;<a href=\"https:\/\/mapa.buenosaires.gob.ar\/comollego\/?lat=-34.617621&amp;lng=-58.409400&amp;zl=15&amp;modo=transporte&amp;dir=Urquiza%2C+Gral.+609\">Gral. Urquiza 609<\/a><\/li><\/ul>\n\n\n\n<h4 class=\"wp-block-heading\">Personas mayores de 14 a\u00f1os<\/h4>\n\n\n\n<ul class=\"wp-block-list\"><li>Hosp. Cecilia Grierson (atenci\u00f3n Todos Los D\u00edas De 8 A 19 Hs.)&nbsp;&#8211;&nbsp;Fernandez de la cruz, f., gral. av. 4402<\/li><li>Hosp. De Infecciosas F. Mu\u00d1iz (atenci\u00f3n Todos Los D\u00edas De 8 A 13.30 Hs.)&nbsp;&#8211;&nbsp;Alcorta, amancio av. 2193<\/li><li>Hosp. De Rehabilitacion Respiratoria Maria Ferrer (atenci\u00f3n Todos Los D\u00edas De 8 A 19 Hs.)&nbsp;&#8211;&nbsp;Finochietto enrique dr. 849<\/li><li>Hosp. General De Agudos A. Zubizarreta (atenci\u00f3n Todos Los D\u00edas De 8 A 13.30 Hs.)&nbsp;&#8211;&nbsp;Nueva york 3952<\/li><li>Hosp. General De Agudos B. Rivadavia (atenci\u00f3n Todos Los D\u00edas De 8 A 19.30 Hs.)&nbsp;&#8211;&nbsp;Las heras general av. 2670<\/li><li>Hosp. General De Agudos Donacion F. Santojanni (atenci\u00f3n Todos Los D\u00edas De 8 A 13.30 Hs.)&nbsp;&#8211;&nbsp;Pilar 950<\/li><li>Hosp. General De Agudos Dr C. Argerich (atenci\u00f3n Lunes A Viernes De 8 A 14 Hs.)&nbsp;&#8211;&nbsp;Pi y margall 750<\/li><li>Hosp. General De Agudos Dr. C. Durand (atenci\u00f3n Todos Los D\u00edas De 8 A 19 Hs.).&nbsp;&#8211;&nbsp;Diaz velez av. 5044<\/li><li>Hosp. General De Agudos Dr. E. Tornu (atenci\u00f3n Todos Los D\u00edas De 8 A19 Hs.)&nbsp;&#8211;&nbsp;Combatientes de malvinas av. 3002<\/li><li>Hosp. General De Agudos Dr. I. Pirovano (atenci\u00f3n Todos Los D\u00edas De 8 A 19 Hs.)&nbsp;&#8211;&nbsp;Monroe av. 3555<\/li><li>Hosp. General De Agudos Dr. T. Alvarez (atenci\u00f3n Todos Los D\u00edas De 8 A 19 Hs.)&nbsp;&#8211;&nbsp;Aranguren, juan f., dr. 2701<\/li><li>Hosp. General De Agudos D. Velez Sarsfield (atenci\u00f3n Todos Los D\u00edas De 8 A 19 Hs.)&nbsp;&#8211;&nbsp;Calderon de la barca, pedro 1550<\/li><li>Hosp. General De Agudos J. A. Penna (atenci\u00f3n Lunes A Viernes De 8 A 13.30 Hs.)&nbsp;&#8211;&nbsp;Almafuerte av. 406<\/li><li>Hosp. General De Agudos J. M. Ramos Mejia (atenci\u00f3n Todos Los D\u00edas De 8 A 13.30 Hs.)&nbsp;&#8211;&nbsp;Urquiza, gral. 609<\/li><li>Hosp. General De Agudos P. Pi\u00d1ero (atenci\u00f3n Lunes A Viernes De 8 A 13.hs. Sadofe De 8 A 19hs.)&nbsp;&#8211;&nbsp;Varela av. 1301<\/li><li>Hosp. General De Ni\u00d1os P. De Elizalde (atenci\u00f3n Todos Los D\u00edas De 8 A 19 Hs.)&nbsp;&#8211;&nbsp;Montes de oca, manuel av. 40<\/li><li>Hosp. General De Ni\u00d1os R. Gutierrez (atenci\u00f3n Todos Los D\u00edas De 8 A 13.30 Hs.)&nbsp;&#8211;&nbsp;Sanchez de bustamante 1470<\/li><\/ul>\n\n\n\n<p><a rel=\"noreferrer noopener\" href=\"https:\/\/epok.buenosaires.gob.ar\/pub\/mapa\/salud\/ufus\/\" target=\"_blank\"><strong>Ver listado en el mapa<\/strong><\/a><\/p>\n\n\n\n<p><a href=\"https:\/\/www.buenosaires.gob.ar\/coronavirus\"><\/a><\/p>\n\n\n\n<div class=\"wp-block-uagb-advanced-heading uagb-block-ddbd37d8 uagb-heading-text\"><h2 class=\"uagb-heading-text\">Testeo para personas sin s\u00edntomas de coronavirus<\/h2><div class=\"uagb-separator-wrap\"><div class=\"uagb-separator\"><\/div><\/div><p class=\"uagb-desc-text\"><\/p><\/div>\n\n\n\n<h4 class=\"wp-block-heading\">Existen dos formas de testearte:<\/h4>\n\n\n\n<h4 class=\"wp-block-heading\">1. Con turno:<\/h4>\n\n\n\n<ul class=\"wp-block-list\"><li>Reserv\u00e1 un turno en los centros de testeo que funcionan todos los d\u00edas de\u00a0<strong>8 a 20 h<\/strong>, o en el detectar Nueva Comunidad Israelita que funciona de lunes a viernes de 8.30 a 14hs.<br><strong><a href=\"https:\/\/covid.buenosaires.gob.ar\/InicioTramiteComun?idPrestacion=3749\" target=\"_blank\" rel=\"noreferrer noopener\">Sacar turno<\/a><\/strong><\/li><\/ul>\n\n\n\n<h4 class=\"wp-block-heading\">2. Sin turno:<\/h4>\n\n\n\n<ul class=\"wp-block-list\"><li>Parque Patricios<\/li><li>Lugar: Asoc. Pro Fom Edilicio Parroquia San Antonio<\/li><li>Direcci\u00f3n:\u00a0<a href=\"https:\/\/mapa.buenosaires.gob.ar\/comollego\/?lat=-34.620000&amp;lng=-58.440000&amp;zl=12&amp;modo=transporte&amp;dir=ATUEL+245%2C+CABA\" target=\"_blank\" rel=\"noreferrer noopener\">Atuel 245<\/a><\/li><li>Horarios: atenci\u00f3n de Lunes a Viernes 8.30 hs a 14 hs.<\/li><\/ul>\n\n\n\n<p><a rel=\"noreferrer noopener\" href=\"https:\/\/epok.buenosaires.gob.ar\/pub\/mapa\/salud\/programa_detectar\/\" target=\"_blank\"><strong>Ver en el mapa<\/strong><\/a><\/p>\n\n\n\n<p>Si sos contacto estrecho sin s\u00edntomas <strong>No deb\u00e9s aislarte<\/strong>.<\/p>\n\n\n\n<figure class=\"wp-block-image size-large is-resized\"><img loading=\"lazy\" decoding=\"async\" data-attachment-id=\"99\" data-permalink=\"https:\/\/www.comuna13online.com.ar\/?attachment_id=99\" data-orig-file=\"https:\/\/www.comuna13online.com.ar\/wp-content\/uploads\/2017\/12\/line.jpg\" data-orig-size=\"678,1\" data-comments-opened=\"0\" data-image-meta=\"{&quot;aperture&quot;:&quot;0&quot;,&quot;credit&quot;:&quot;&quot;,&quot;camera&quot;:&quot;&quot;,&quot;caption&quot;:&quot;&quot;,&quot;created_timestamp&quot;:&quot;0&quot;,&quot;copyright&quot;:&quot;&quot;,&quot;focal_length&quot;:&quot;0&quot;,&quot;iso&quot;:&quot;0&quot;,&quot;shutter_speed&quot;:&quot;0&quot;,&quot;title&quot;:&quot;&quot;,&quot;orientation&quot;:&quot;0&quot;}\" data-image-title=\"line\" data-image-description=\"\" data-image-caption=\"\" data-large-file=\"https:\/\/www.comuna13online.com.ar\/wp-content\/uploads\/2017\/12\/line.jpg\" src=\"http:\/\/www.comuna13online.com.ar\/wp-content\/uploads\/2017\/12\/line.jpg\" alt=\"\" class=\"wp-image-99\" width=\"678\" height=\"1\" srcset=\"https:\/\/www.comuna13online.com.ar\/wp-content\/uploads\/2017\/12\/line.jpg 678w, https:\/\/www.comuna13online.com.ar\/wp-content\/uploads\/2017\/12\/line-150x1.jpg 150w, https:\/\/www.comuna13online.com.ar\/wp-content\/uploads\/2017\/12\/line-326x1.jpg 326w, https:\/\/www.comuna13online.com.ar\/wp-content\/uploads\/2017\/12\/line-80x1.jpg 80w, https:\/\/www.comuna13online.com.ar\/wp-content\/uploads\/2017\/12\/line-272x1.jpg 272w\" sizes=\"auto, (max-width: 678px) 100vw, 678px\" \/><\/figure>\n\n\n\n<figure class=\"wp-block-image size-full\"><img loading=\"lazy\" decoding=\"async\" width=\"678\" height=\"180\" data-attachment-id=\"8918\" data-permalink=\"https:\/\/www.comuna13online.com.ar\/?attachment_id=8918\" data-orig-file=\"https:\/\/www.comuna13online.com.ar\/wp-content\/uploads\/2020\/04\/corona2.jpg\" data-orig-size=\"678,180\" data-comments-opened=\"0\" data-image-meta=\"{&quot;aperture&quot;:&quot;0&quot;,&quot;credit&quot;:&quot;&quot;,&quot;camera&quot;:&quot;&quot;,&quot;caption&quot;:&quot;&quot;,&quot;created_timestamp&quot;:&quot;0&quot;,&quot;copyright&quot;:&quot;&quot;,&quot;focal_length&quot;:&quot;0&quot;,&quot;iso&quot;:&quot;0&quot;,&quot;shutter_speed&quot;:&quot;0&quot;,&quot;title&quot;:&quot;&quot;,&quot;orientation&quot;:&quot;0&quot;}\" data-image-title=\"corona2\" data-image-description=\"\" data-image-caption=\"\" data-large-file=\"https:\/\/www.comuna13online.com.ar\/wp-content\/uploads\/2020\/04\/corona2.jpg\" src=\"http:\/\/www.comuna13online.com.ar\/wp-content\/uploads\/2020\/04\/corona2.jpg\" alt=\"\" class=\"wp-image-8918\"\/><\/figure>\n","protected":false},"excerpt":{"rendered":"<div class=\"mh-excerpt\">La cuarta ola de la pandemia deja en la Ciudad un promedio de 3000 nuevos casos diarios de covid positivo, es bueno recordar los lugares disponibles para realizarse el test. <a class=\"mh-excerpt-more\" href=\"https:\/\/www.comuna13online.com.ar\/?p=15447\" title=\"Covid 19: d\u00f3nde testearse en la Ciudad\">[&#8230;]<\/a><\/div>\n","protected":false},"author":1,"featured_media":15448,"comment_status":"closed","ping_status":"closed","sticky":false,"template":"","format":"standard","meta":{"_uag_custom_page_level_css":"","_jetpack_memberships_contains_paid_content":false,"footnotes":"","jetpack_publicize_message":"","jetpack_publicize_feature_enabled":true,"jetpack_social_post_already_shared":true,"jetpack_social_options":{"image_generator_settings":{"template":"highway","default_image_id":0,"font":"","enabled":false},"version":2}},"categories":[44],"tags":[271,250,296,45],"class_list":{"0":"post-15447","1":"post","2":"type-post","3":"status-publish","4":"format-standard","5":"has-post-thumbnail","7":"category-salud","8":"tag-coronavirus","9":"tag-h2","10":"tag-h3","11":"tag-salud"},"jetpack_publicize_connections":[],"jetpack_featured_media_url":"https:\/\/www.comuna13online.com.ar\/wp-content\/uploads\/2022\/05\/20220531b_id.jpg","uagb_featured_image_src":{"full":["https:\/\/www.comuna13online.com.ar\/wp-content\/uploads\/2022\/05\/20220531b_id.jpg",678,452,false],"thumbnail":["https:\/\/www.comuna13online.com.ar\/wp-content\/uploads\/2022\/05\/20220531b_id.jpg",128,85,false],"medium":["https:\/\/www.comuna13online.com.ar\/wp-content\/uploads\/2022\/05\/20220531b_id.jpg",678,452,false],"medium_large":["https:\/\/www.comuna13online.com.ar\/wp-content\/uploads\/2022\/05\/20220531b_id.jpg",678,452,false],"large":["https:\/\/www.comuna13online.com.ar\/wp-content\/uploads\/2022\/05\/20220531b_id.jpg",678,452,false],"1536x1536":["https:\/\/www.comuna13online.com.ar\/wp-content\/uploads\/2022\/05\/20220531b_id.jpg",678,452,false],"2048x2048":["https:\/\/www.comuna13online.com.ar\/wp-content\/uploads\/2022\/05\/20220531b_id.jpg",678,452,false],"mh-magazine-slider":["https:\/\/www.comuna13online.com.ar\/wp-content\/uploads\/2022\/05\/20220531b_id-678x438.jpg",678,438,true],"mh-magazine-content":["https:\/\/www.comuna13online.com.ar\/wp-content\/uploads\/2022\/05\/20220531b_id-678x381.jpg",678,381,true],"mh-magazine-large":["https:\/\/www.comuna13online.com.ar\/wp-content\/uploads\/2022\/05\/20220531b_id.jpg",678,452,false],"mh-magazine-medium":["https:\/\/www.comuna13online.com.ar\/wp-content\/uploads\/2022\/05\/20220531b_id-326x245.jpg",326,245,true],"mh-magazine-small":["https:\/\/www.comuna13online.com.ar\/wp-content\/uploads\/2022\/05\/20220531b_id-80x60.jpg",80,60,true],"sow-carousel-default":["https:\/\/www.comuna13online.com.ar\/wp-content\/uploads\/2022\/05\/20220531b_id-272x182.jpg",272,182,true]},"uagb_author_info":{"display_name":"Comuna13","author_link":"https:\/\/www.comuna13online.com.ar\/?author=1"},"uagb_comment_info":0,"uagb_excerpt":"La cuarta ola de la pandemia deja en la Ciudad un promedio de 3000 nuevos casos diarios de covid positivo, es bueno recordar los lugares disponibles para realizarse el test. [...]","jetpack_sharing_enabled":true,"_links":{"self":[{"href":"https:\/\/www.comuna13online.com.ar\/index.php?rest_route=\/wp\/v2\/posts\/15447","targetHints":{"allow":["GET"]}}],"collection":[{"href":"https:\/\/www.comuna13online.com.ar\/index.php?rest_route=\/wp\/v2\/posts"}],"about":[{"href":"https:\/\/www.comuna13online.com.ar\/index.php?rest_route=\/wp\/v2\/types\/post"}],"author":[{"embeddable":true,"href":"https:\/\/www.comuna13online.com.ar\/index.php?rest_route=\/wp\/v2\/users\/1"}],"replies":[{"embeddable":true,"href":"https:\/\/www.comuna13online.com.ar\/index.php?rest_route=%2Fwp%2Fv2%2Fcomments&post=15447"}],"version-history":[{"count":0,"href":"https:\/\/www.comuna13online.com.ar\/index.php?rest_route=\/wp\/v2\/posts\/15447\/revisions"}],"wp:featuredmedia":[{"embeddable":true,"href":"https:\/\/www.comuna13online.com.ar\/index.php?rest_route=\/wp\/v2\/media\/15448"}],"wp:attachment":[{"href":"https:\/\/www.comuna13online.com.ar\/index.php?rest_route=%2Fwp%2Fv2%2Fmedia&parent=15447"}],"wp:term":[{"taxonomy":"category","embeddable":true,"href":"https:\/\/www.comuna13online.com.ar\/index.php?rest_route=%2Fwp%2Fv2%2Fcategories&post=15447"},{"taxonomy":"post_tag","embeddable":true,"href":"https:\/\/www.comuna13online.com.ar\/index.php?rest_route=%2Fwp%2Fv2%2Ftags&post=15447"}],"curies":[{"name":"wp","href":"https:\/\/api.w.org\/{rel}","templated":true}]}}