{"id":1543,"date":"2018-05-14T10:54:25","date_gmt":"2018-05-14T13:54:25","guid":{"rendered":"http:\/\/www.comuna13online.com.ar\/?p=1543"},"modified":"2018-05-14T11:15:27","modified_gmt":"2018-05-14T14:15:27","slug":"firman-un-acuerdo-para-mantener-la-reserva-ecologica-norte-en-la-comuna-13","status":"publish","type":"post","link":"https:\/\/www.comuna13online.com.ar\/?p=1543","title":{"rendered":"Firman un acuerdo para mantener la Reserva Ecol\u00f3gica Norte en la Comuna 13"},"content":{"rendered":"<p><strong>Con seis a\u00f1os de atraso, finalmente el Gobierno de la Ciudad y la Universidad de Buenos Aires firmaron un acuerdo sobre el manejo de la Reserva Ecol\u00f3gica de Costanera Norte.<\/strong><\/p>\n<p><img loading=\"lazy\" decoding=\"async\" data-attachment-id=\"1545\" data-permalink=\"https:\/\/www.comuna13online.com.ar\/?attachment_id=1545\" data-orig-file=\"https:\/\/www.comuna13online.com.ar\/wp-content\/uploads\/2018\/05\/20180514b2.jpg\" data-orig-size=\"678,333\" data-comments-opened=\"0\" data-image-meta=\"{&quot;aperture&quot;:&quot;0&quot;,&quot;credit&quot;:&quot;&quot;,&quot;camera&quot;:&quot;&quot;,&quot;caption&quot;:&quot;&quot;,&quot;created_timestamp&quot;:&quot;0&quot;,&quot;copyright&quot;:&quot;&quot;,&quot;focal_length&quot;:&quot;0&quot;,&quot;iso&quot;:&quot;0&quot;,&quot;shutter_speed&quot;:&quot;0&quot;,&quot;title&quot;:&quot;&quot;,&quot;orientation&quot;:&quot;0&quot;}\" data-image-title=\"20180514b2\" data-image-description=\"\" data-image-caption=\"\" data-large-file=\"https:\/\/www.comuna13online.com.ar\/wp-content\/uploads\/2018\/05\/20180514b2.jpg\" class=\"alignnone size-full wp-image-1545\" src=\"http:\/\/www.comuna13online.com.ar\/wp-content\/uploads\/2018\/05\/20180514b2.jpg\" alt=\"\" width=\"678\" height=\"333\" \/><\/p>\n<p>Luego de casi seis a\u00f1os, se celebr\u00f3 un convenio entre el Gobierno de la Ciudad y la Universidad de Buenos Aires (UBA) para administrar la Reserva Ecol\u00f3gica Costanera Norte, un importante pulm\u00f3n verde dentro de la Ciudad, situada a las espaldas de los pabellones de Ciudad Universitaria y con una vista privilegiada al R\u00edo de la Plata.<\/p>\n<p>En 2012, la ley 4467 cre\u00f3 esa reserva con el objetivo de proteger la flora y la fauna existentes de la degradaci\u00f3n y cualquier acci\u00f3n humana que pudiera alterar el ecosistema. La norma dio al Gobierno porte\u00f1o 90 d\u00edas para convocar a las autoridades universitarias a firmar un convenio que resolviera las responsabilidades que cada actor tendr\u00eda en la conservaci\u00f3n del humedal y su entorno. Pero el acuerdo se demor\u00f3 casi seis a\u00f1os.<\/p>\n<p>Con las firmas del rector de la UBA, Alberto Barbieri, y del Ministro de Ambiente y Espacio P\u00fablico porte\u00f1o, Eduardo Macchiavelli, las partes se comprometieron a conformar un consejo de gesti\u00f3n de la Reserva Ecol\u00f3gica Ciudad Universitaria-Costanera Norte con un representante de cada parte. \u201cEs un paso muy importante\u201d, destac\u00f3 Barbieri.<\/p>\n<p>Seg\u00fan el convenio, que tendr\u00e1 10 a\u00f1os de duraci\u00f3n, el Gobierno de la Ciudad ser\u00e1 el encargado de realizar tareas de mantenimiento y reacondicionamiento del predio, de proveer servicios de vigilancia y de guardaparques, y de la instalaci\u00f3n de equipamiento. Los organismos oficiales que participen asumir\u00e1n las erogaciones correspondientes.<\/p>\n<p><img loading=\"lazy\" decoding=\"async\" data-attachment-id=\"1544\" data-permalink=\"https:\/\/www.comuna13online.com.ar\/?attachment_id=1544\" data-orig-file=\"https:\/\/www.comuna13online.com.ar\/wp-content\/uploads\/2018\/05\/20180514b1.jpg\" data-orig-size=\"678,383\" data-comments-opened=\"0\" data-image-meta=\"{&quot;aperture&quot;:&quot;0&quot;,&quot;credit&quot;:&quot;&quot;,&quot;camera&quot;:&quot;&quot;,&quot;caption&quot;:&quot;&quot;,&quot;created_timestamp&quot;:&quot;0&quot;,&quot;copyright&quot;:&quot;&quot;,&quot;focal_length&quot;:&quot;0&quot;,&quot;iso&quot;:&quot;0&quot;,&quot;shutter_speed&quot;:&quot;0&quot;,&quot;title&quot;:&quot;&quot;,&quot;orientation&quot;:&quot;0&quot;}\" data-image-title=\"20180514b1\" data-image-description=\"\" data-image-caption=\"\" data-large-file=\"https:\/\/www.comuna13online.com.ar\/wp-content\/uploads\/2018\/05\/20180514b1.jpg\" class=\"alignnone size-full wp-image-1544\" src=\"http:\/\/www.comuna13online.com.ar\/wp-content\/uploads\/2018\/05\/20180514b1.jpg\" alt=\"\" width=\"678\" height=\"383\" \/><\/p>\n<p>La UBA, en tanto, deber\u00e1 hacer un relevamiento de los recursos biol\u00f3gicos existentes en la reserva e informarlo al Gobierno porte\u00f1o dentro de los pr\u00f3ximos 180 d\u00edas corridos. Especialistas y t\u00e9cnicos se encargar\u00e1n de asistir al Ministerio de Ambiente en la elaboraci\u00f3n y el dise\u00f1o de los proyectos para la protecci\u00f3n, el cuidado, la conservaci\u00f3n y el mejoramiento de la diversidad biol\u00f3gica del espacio verde.<\/p>\n<p>Seg\u00fan indic\u00f3 Barbieri, solicitar\u00e1 colaboraci\u00f3n a expertos de la Facultad de Ciencias Exactas y Naturales. \u201cParalelamente, iremos estudiando los proyectos educativos, de visitas al lugar y sobre el manejo general de la reserva\u201d, agreg\u00f3.<\/p>\n<p>Para la administraci\u00f3n de la reserva se considerar\u00e1n los lineamientos del plan de manejo elaborado en 2007 (actualizado seg\u00fan sea necesario) por la UBA, el Gobierno de la Ciudad y diversas ONG.<\/p>\n","protected":false},"excerpt":{"rendered":"<div class=\"mh-excerpt\">Con seis a\u00f1os de atraso, finalmente el Gobierno de la Ciudad y la Universidad de Buenos Aires firmaron un acuerdo sobre el manejo de la Reserva Ecol\u00f3gica de Costanera Norte. <a class=\"mh-excerpt-more\" href=\"https:\/\/www.comuna13online.com.ar\/?p=1543\" title=\"Firman un acuerdo para mantener la Reserva Ecol\u00f3gica Norte en la Comuna 13\">[&#8230;]<\/a><\/div>\n","protected":false},"author":1,"featured_media":1546,"comment_status":"closed","ping_status":"closed","sticky":false,"template":"","format":"standard","meta":{"_uag_custom_page_level_css":"","_jetpack_memberships_contains_paid_content":false,"footnotes":"","jetpack_publicize_message":"","jetpack_publicize_feature_enabled":true,"jetpack_social_post_already_shared":true,"jetpack_social_options":{"image_generator_settings":{"template":"highway","default_image_id":0,"font":"","enabled":false},"version":2}},"categories":[67],"tags":[19,110,37],"class_list":{"0":"post-1543","1":"post","2":"type-post","3":"status-publish","4":"format-standard","5":"has-post-thumbnail","7":"category-espacio-verde","8":"tag-comuna-13","9":"tag-espacio-publico","10":"tag-medio-ambiente"},"jetpack_publicize_connections":[],"jetpack_featured_media_url":"https:\/\/www.comuna13online.com.ar\/wp-content\/uploads\/2018\/05\/20180514b.jpg","uagb_featured_image_src":{"full":["https:\/\/www.comuna13online.com.ar\/wp-content\/uploads\/2018\/05\/20180514b.jpg",1030,438,false],"thumbnail":["https:\/\/www.comuna13online.com.ar\/wp-content\/uploads\/2018\/05\/20180514b-150x150.jpg",96,96,true],"medium":["https:\/\/www.comuna13online.com.ar\/wp-content\/uploads\/2018\/05\/20180514b-678x288.jpg",678,288,true],"medium_large":["https:\/\/www.comuna13online.com.ar\/wp-content\/uploads\/2018\/05\/20180514b-768x327.jpg",768,327,true],"large":["https:\/\/www.comuna13online.com.ar\/wp-content\/uploads\/2018\/05\/20180514b.jpg",1030,438,false],"1536x1536":["https:\/\/www.comuna13online.com.ar\/wp-content\/uploads\/2018\/05\/20180514b.jpg",1030,438,false],"2048x2048":["https:\/\/www.comuna13online.com.ar\/wp-content\/uploads\/2018\/05\/20180514b.jpg",1030,438,false],"mh-magazine-slider":["https:\/\/www.comuna13online.com.ar\/wp-content\/uploads\/2018\/05\/20180514b.jpg",1030,438,false],"mh-magazine-content":["https:\/\/www.comuna13online.com.ar\/wp-content\/uploads\/2018\/05\/20180514b-678x381.jpg",678,381,true],"mh-magazine-large":["https:\/\/www.comuna13online.com.ar\/wp-content\/uploads\/2018\/05\/20180514b-678x438.jpg",678,438,true],"mh-magazine-medium":["https:\/\/www.comuna13online.com.ar\/wp-content\/uploads\/2018\/05\/20180514b-326x245.jpg",326,245,true],"mh-magazine-small":["https:\/\/www.comuna13online.com.ar\/wp-content\/uploads\/2018\/05\/20180514b-80x60.jpg",80,60,true],"sow-carousel-default":["https:\/\/www.comuna13online.com.ar\/wp-content\/uploads\/2018\/05\/20180514b-272x182.jpg",272,182,true]},"uagb_author_info":{"display_name":"Comuna13","author_link":"https:\/\/www.comuna13online.com.ar\/?author=1"},"uagb_comment_info":0,"uagb_excerpt":"Con seis a\u00f1os de atraso, finalmente el Gobierno de la Ciudad y la Universidad de Buenos Aires firmaron un acuerdo sobre el manejo de la Reserva Ecol\u00f3gica de Costanera Norte. [...]","jetpack_sharing_enabled":true,"_links":{"self":[{"href":"https:\/\/www.comuna13online.com.ar\/index.php?rest_route=\/wp\/v2\/posts\/1543","targetHints":{"allow":["GET"]}}],"collection":[{"href":"https:\/\/www.comuna13online.com.ar\/index.php?rest_route=\/wp\/v2\/posts"}],"about":[{"href":"https:\/\/www.comuna13online.com.ar\/index.php?rest_route=\/wp\/v2\/types\/post"}],"author":[{"embeddable":true,"href":"https:\/\/www.comuna13online.com.ar\/index.php?rest_route=\/wp\/v2\/users\/1"}],"replies":[{"embeddable":true,"href":"https:\/\/www.comuna13online.com.ar\/index.php?rest_route=%2Fwp%2Fv2%2Fcomments&post=1543"}],"version-history":[{"count":0,"href":"https:\/\/www.comuna13online.com.ar\/index.php?rest_route=\/wp\/v2\/posts\/1543\/revisions"}],"wp:featuredmedia":[{"embeddable":true,"href":"https:\/\/www.comuna13online.com.ar\/index.php?rest_route=\/wp\/v2\/media\/1546"}],"wp:attachment":[{"href":"https:\/\/www.comuna13online.com.ar\/index.php?rest_route=%2Fwp%2Fv2%2Fmedia&parent=1543"}],"wp:term":[{"taxonomy":"category","embeddable":true,"href":"https:\/\/www.comuna13online.com.ar\/index.php?rest_route=%2Fwp%2Fv2%2Fcategories&post=1543"},{"taxonomy":"post_tag","embeddable":true,"href":"https:\/\/www.comuna13online.com.ar\/index.php?rest_route=%2Fwp%2Fv2%2Ftags&post=1543"}],"curies":[{"name":"wp","href":"https:\/\/api.w.org\/{rel}","templated":true}]}}