{"id":15421,"date":"2022-05-30T08:30:00","date_gmt":"2022-05-30T11:30:00","guid":{"rendered":"http:\/\/www.comuna13online.com.ar\/?p=15421"},"modified":"2022-05-28T14:23:16","modified_gmt":"2022-05-28T17:23:16","slug":"dia-nacional-de-la-donacion-de-organos-y-tejidos-2","status":"publish","type":"post","link":"https:\/\/www.comuna13online.com.ar\/?p=15421","title":{"rendered":"D\u00eda Nacional de la Donaci\u00f3n de \u00d3rganos y Tejidos"},"content":{"rendered":"\n<p><strong>Se celebra cada 30 de mayo en conmemoraci\u00f3n del nacimiento del hijo de la primera paciente que dio a luz despu\u00e9s de haber recibido un trasplante en un hospital p\u00fablico.<\/strong><\/p>\n\n\n\n<figure class=\"wp-block-image size-full\"><img loading=\"lazy\" decoding=\"async\" width=\"678\" height=\"377\" data-attachment-id=\"4538\" data-permalink=\"https:\/\/www.comuna13online.com.ar\/?attachment_id=4538\" data-orig-file=\"https:\/\/www.comuna13online.com.ar\/wp-content\/uploads\/2019\/02\/20190227d1-1.jpg\" data-orig-size=\"678,377\" data-comments-opened=\"0\" data-image-meta=\"{&quot;aperture&quot;:&quot;0&quot;,&quot;credit&quot;:&quot;&quot;,&quot;camera&quot;:&quot;&quot;,&quot;caption&quot;:&quot;&quot;,&quot;created_timestamp&quot;:&quot;0&quot;,&quot;copyright&quot;:&quot;&quot;,&quot;focal_length&quot;:&quot;0&quot;,&quot;iso&quot;:&quot;0&quot;,&quot;shutter_speed&quot;:&quot;0&quot;,&quot;title&quot;:&quot;&quot;,&quot;orientation&quot;:&quot;0&quot;}\" data-image-title=\"20190227d1\" data-image-description=\"\" data-image-caption=\"\" data-large-file=\"https:\/\/www.comuna13online.com.ar\/wp-content\/uploads\/2019\/02\/20190227d1-1.jpg\" src=\"http:\/\/www.comuna13online.com.ar\/wp-content\/uploads\/2019\/02\/20190227d1-1.jpg\" alt=\"\" class=\"wp-image-4538\"\/><\/figure>\n\n\n\n<div style=\"height:16px\" aria-hidden=\"true\" class=\"wp-block-spacer\"><\/div>\n\n\n\n<p>El trasplante es un tratamiento m\u00e9dico que se resuelve con participaci\u00f3n de la comunidad en el acto de donar. Un trasplante solo es posible a partir de la donaci\u00f3n. Por eso resulta fundamental que la comunidad se comprometa con una cuesti\u00f3n sanitaria de la que todos somos parte y se promueva la difusi\u00f3n de la donaci\u00f3n.<\/p>\n\n\n\n<p>La fecha del 30 de mayo fue elegida por el nacimiento del hijo de la primera paciente que dio a luz despu\u00e9s de haber recibido un trasplante en un hospital p\u00fablico. Se trat\u00f3 de Mar\u00eda Obaya, qui\u00e9n recibi\u00f3 un trasplante hep\u00e1tico en el\u00a0Hospital Dr. Cosme Argerich\u00a0de la Ciudad Aut\u00f3noma de Buenos Aires.<\/p>\n\n\n\n<p>Por este motivo el mes de mayo es una oportunidad para hablar sobre el valor de la donaci\u00f3n de \u00f3rganos y reflexionar sobre una problem\u00e1tica que afecta a miles de personas, quienes necesitan de un trasplante para mejorar su calidad de vida. La fecha fue institu\u00edda por decreto del PEN N\u00ba 1079\/97 con el fin de contribuir a crear conciencia acerca de la importancia de la donaci\u00f3n de \u00f3rganos como un acto altruista y de respeto por la vida.<\/p>\n\n\n\n<p>En lo que va del a\u00f1o se realizaron 1.366 trasplantes de \u00f3rganos y c\u00f3rneas. As\u00ed, 700 pacientes en lista de espera recibieron un trasplante de \u00f3rganos &#8211; 613 provenientes de donantes fallecidos y 87 de donantes vivos &#8211; y se realizaron 666 trasplantes de c\u00f3rneas.<\/p>\n\n\n\n<p>Para m\u00e1s datos, en los primeros cinco meses de 2022 se realizaron 477 trasplantes renales, 153 hep\u00e1ticos, 39 card\u00edacos, 15 renopancre\u00e1ticos, 12 pulmonares, 3 hepatorrenales 1 pancre\u00e1tico y 655 trasplantes de c\u00f3rneas. Del total de trasplantes, 123 fueron pedi\u00e1tricos (menores de 18 a\u00f1os).<\/p>\n\n\n\n<p><\/p>\n\n\n\n<div style=\"height:8px\" aria-hidden=\"true\" class=\"wp-block-spacer\"><\/div>\n\n\n\n<h3 class=\"has-text-align-center has-white-color has-pale-pink-background-color has-text-color has-background wp-block-heading\"><strong>Expresar la voluntad de donar \u00f3rganos implica ejercer el derecho de dejar asentado tu deseo respecto al destino de tus \u00f3rganos y tejidos despu\u00e9s de la muerte<\/strong>.<br>____________<\/h3>\n\n\n\n<div style=\"height:8px\" aria-hidden=\"true\" class=\"wp-block-spacer\"><\/div>\n\n\n\n<p>Este a\u00f1o,  el <strong>INCUCAI<\/strong> realizar\u00e1 la campa\u00f1a\u00a0bajo el lema <a rel=\"noreferrer noopener\" href=\"https:\/\/twitter.com\/search?q=%23Donarnosune&amp;src=hash\" target=\"_blank\"><em><strong>#DonarNosUne<\/strong><\/em><\/a> como s\u00edmbolo de un acto que convoca a la comunidad en su conjunto. Debido a que el mensaje principal ser\u00e1 de agradecimiento a quienes donaron sus \u00f3rganos, durante la jornada se compartir\u00e1n en las redes sociales distintas piezas en las que las personas que hayan recibido un trasplante agradecer\u00e1n a los donantes an\u00f3nimos que les otorgaron una nueva oportunidad de vida. Tambi\u00e9n habr\u00e1 mensajes de los que trabajan d\u00eda a d\u00eda en el sistema de salud para hacer posibles los trasplantes.<\/p>\n\n\n\n<div style=\"height:20px\" aria-hidden=\"true\" class=\"wp-block-spacer\"><\/div>\n<div align=\"center\">\n<blockquote class=\"twitter-tweet\"><p lang=\"es\" dir=\"ltr\"><a href=\"https:\/\/twitter.com\/hashtag\/DonarNosUne?src=hash&amp;ref_src=twsrc%5Etfw\">#DonarNosUne<\/a> <br>El lunes es 30 de mayo ? y se realizan actividades en todo el pa\u00eds celebrando el D\u00eda Nacional de la Donaci\u00f3n de \u00d3rganos \u2764\ufe0f<br>?\ufe0f Enterate de todas en nuestra nota ?? <a href=\"https:\/\/t.co\/kO6As835Xl\">https:\/\/t.co\/kO6As835Xl<\/a> <a href=\"https:\/\/t.co\/Rwww6zdaEf\">pic.twitter.com\/Rwww6zdaEf<\/a><\/p>\u2014 INCUCAI (@incucaioficial) <a href=\"https:\/\/twitter.com\/incucaioficial\/status\/1530315934040301569?ref_src=twsrc%5Etfw\">May 27, 2022<\/a><\/blockquote> <script async=\"\" src=\"https:\/\/platform.twitter.com\/widgets.js\" charset=\"utf-8\"><\/script>\n\n<\/div>\n<div style=\"height:20px\" aria-hidden=\"true\" class=\"wp-block-spacer\"><\/div>\n\n\n\n<p><a rel=\"noreferrer noopener\" href=\"https:\/\/www.argentina.gob.ar\/noticias\/actividades-en-todo-el-pais-por-el-dia-nacional-de-la-donacion-de-organos-0\" data-type=\"URL\" data-id=\"https:\/\/www.argentina.gob.ar\/noticias\/actividades-en-todo-el-pais-por-el-dia-nacional-de-la-donacion-de-organos-0\" target=\"_blank\">INCUCAI: Actividades en todo el pa\u00eds por el D\u00eda Nacional de la Donaci\u00f3n de \u00d3rganos<\/a><\/p>\n\n\n\n<div style=\"height:20px\" aria-hidden=\"true\" class=\"wp-block-spacer\"><\/div>\n\n\n\n<p>Desde el <strong>Instituto de Trasplante de la Ciudad de Buenos Aires<\/strong> se conmemorar\u00e1 especialmente a todas las personas que hacen posibles las segundas oportunidades: los donantes, sus familias, amigos y a todos los que forman parte de nuestro sistema de salud.<\/p>\n\n\n\n<p>Este domingo 29 de mayo desde las 19 y hasta el lunes 30 a las 6.30 horas, la Ciudad de Buenos Aires iluminar\u00e1 el obelisco de verde, color de la donaci\u00f3n de \u00f3rganos y tejidos, en muestra de agradecimiento a los donantes, por su inmensa solidaridad, ya que, con su gesto, no solo mejora la salud, sino que salva vidas. <\/p>\n\n\n\n<figure class=\"wp-block-image size-full\"><img loading=\"lazy\" decoding=\"async\" width=\"678\" height=\"381\" data-attachment-id=\"15422\" data-permalink=\"https:\/\/www.comuna13online.com.ar\/?attachment_id=15422\" data-orig-file=\"https:\/\/www.comuna13online.com.ar\/wp-content\/uploads\/2022\/05\/20220530a_02.jpg\" data-orig-size=\"678,381\" data-comments-opened=\"0\" data-image-meta=\"{&quot;aperture&quot;:&quot;0&quot;,&quot;credit&quot;:&quot;&quot;,&quot;camera&quot;:&quot;&quot;,&quot;caption&quot;:&quot;&quot;,&quot;created_timestamp&quot;:&quot;0&quot;,&quot;copyright&quot;:&quot;&quot;,&quot;focal_length&quot;:&quot;0&quot;,&quot;iso&quot;:&quot;0&quot;,&quot;shutter_speed&quot;:&quot;0&quot;,&quot;title&quot;:&quot;&quot;,&quot;orientation&quot;:&quot;0&quot;}\" data-image-title=\"20220530a_02\" data-image-description=\"\" data-image-caption=\"\" data-large-file=\"https:\/\/www.comuna13online.com.ar\/wp-content\/uploads\/2022\/05\/20220530a_02.jpg\" src=\"http:\/\/www.comuna13online.com.ar\/wp-content\/uploads\/2022\/05\/20220530a_02.jpg\" alt=\"\" class=\"wp-image-15422\"\/><\/figure>\n\n\n\n<figure class=\"wp-block-image size-full is-resized\"><img loading=\"lazy\" decoding=\"async\" data-attachment-id=\"99\" data-permalink=\"https:\/\/www.comuna13online.com.ar\/?attachment_id=99\" data-orig-file=\"https:\/\/www.comuna13online.com.ar\/wp-content\/uploads\/2017\/12\/line.jpg\" data-orig-size=\"678,1\" data-comments-opened=\"0\" data-image-meta=\"{&quot;aperture&quot;:&quot;0&quot;,&quot;credit&quot;:&quot;&quot;,&quot;camera&quot;:&quot;&quot;,&quot;caption&quot;:&quot;&quot;,&quot;created_timestamp&quot;:&quot;0&quot;,&quot;copyright&quot;:&quot;&quot;,&quot;focal_length&quot;:&quot;0&quot;,&quot;iso&quot;:&quot;0&quot;,&quot;shutter_speed&quot;:&quot;0&quot;,&quot;title&quot;:&quot;&quot;,&quot;orientation&quot;:&quot;0&quot;}\" data-image-title=\"line\" data-image-description=\"\" data-image-caption=\"\" data-large-file=\"https:\/\/www.comuna13online.com.ar\/wp-content\/uploads\/2017\/12\/line.jpg\" src=\"http:\/\/www.comuna13online.com.ar\/wp-content\/uploads\/2017\/12\/line.jpg\" alt=\"\" class=\"wp-image-99\" width=\"678\" height=\"1\" srcset=\"https:\/\/www.comuna13online.com.ar\/wp-content\/uploads\/2017\/12\/line.jpg 678w, https:\/\/www.comuna13online.com.ar\/wp-content\/uploads\/2017\/12\/line-150x1.jpg 150w, https:\/\/www.comuna13online.com.ar\/wp-content\/uploads\/2017\/12\/line-326x1.jpg 326w, https:\/\/www.comuna13online.com.ar\/wp-content\/uploads\/2017\/12\/line-80x1.jpg 80w, https:\/\/www.comuna13online.com.ar\/wp-content\/uploads\/2017\/12\/line-272x1.jpg 272w\" sizes=\"auto, (max-width: 678px) 100vw, 678px\" \/><\/figure>\n\n\n\n<h3 class=\"wp-block-heading\">Atenci\u00f3n a distancia para personas trasplantadas y en lista de espera<\/h3>\n\n\n\n<p>El Instituto de Trasplante del Ministerio de Salud de la Ciudad de Buenos Aires brinda atenci\u00f3n a distancia para personas trasplantadas y en lista de espera mediante los siguientes medios de contacto:<\/p>\n\n\n\n<ul class=\"wp-block-list\"><li>Tel\u00e9fono: 0800 333 6627 | Internos 2111 y 2112 (de 10.00 a 15.00 horas).<\/li><li>Whatsapp: (+549) 11 3148 1503.<\/li><li>Correo electr\u00f3nico: itrasplante_difusion@buenosaires.gob.ar<\/li><\/ul>\n\n\n\n<h3 class=\"wp-block-heading\">COVID-19: Personas Trasplantadas y en Lista de Espera<\/h3>\n\n\n\n<p>Si recibiste un trasplante, est\u00e1s en lista de espera o haciendo di\u00e1lisis y pasaron 4 meses desde que te diste la \u00faltima vacuna contra COVID-19, es importante que completes tu esquema de vacunaci\u00f3n.<\/p>\n\n\n\n<p><\/p>\n\n\n\n<figure class=\"wp-block-image size-full is-resized\"><img loading=\"lazy\" decoding=\"async\" data-attachment-id=\"99\" data-permalink=\"https:\/\/www.comuna13online.com.ar\/?attachment_id=99\" data-orig-file=\"https:\/\/www.comuna13online.com.ar\/wp-content\/uploads\/2017\/12\/line.jpg\" data-orig-size=\"678,1\" data-comments-opened=\"0\" data-image-meta=\"{&quot;aperture&quot;:&quot;0&quot;,&quot;credit&quot;:&quot;&quot;,&quot;camera&quot;:&quot;&quot;,&quot;caption&quot;:&quot;&quot;,&quot;created_timestamp&quot;:&quot;0&quot;,&quot;copyright&quot;:&quot;&quot;,&quot;focal_length&quot;:&quot;0&quot;,&quot;iso&quot;:&quot;0&quot;,&quot;shutter_speed&quot;:&quot;0&quot;,&quot;title&quot;:&quot;&quot;,&quot;orientation&quot;:&quot;0&quot;}\" data-image-title=\"line\" data-image-description=\"\" data-image-caption=\"\" data-large-file=\"https:\/\/www.comuna13online.com.ar\/wp-content\/uploads\/2017\/12\/line.jpg\" src=\"http:\/\/www.comuna13online.com.ar\/wp-content\/uploads\/2017\/12\/line.jpg\" alt=\"\" class=\"wp-image-99\" width=\"678\" height=\"1\" srcset=\"https:\/\/www.comuna13online.com.ar\/wp-content\/uploads\/2017\/12\/line.jpg 678w, https:\/\/www.comuna13online.com.ar\/wp-content\/uploads\/2017\/12\/line-150x1.jpg 150w, https:\/\/www.comuna13online.com.ar\/wp-content\/uploads\/2017\/12\/line-326x1.jpg 326w, https:\/\/www.comuna13online.com.ar\/wp-content\/uploads\/2017\/12\/line-80x1.jpg 80w, https:\/\/www.comuna13online.com.ar\/wp-content\/uploads\/2017\/12\/line-272x1.jpg 272w\" sizes=\"auto, (max-width: 678px) 100vw, 678px\" \/><\/figure>\n\n\n\n<h3 class=\"wp-block-heading\"><strong>Manifestar la voluntad de donaci\u00f3n de \u00f3rganos y tejidos<\/strong><\/h3>\n\n\n\n<p>Es un tr\u00e1mite personal y, si en alg\u00fan momento cambi\u00e1s de opini\u00f3n, pod\u00e9s revocarlo s\u00f3lo vos, no lo puede hacer otra persona.<\/p>\n\n\n\n<p>En el momento del fallecimiento, el organismo responsable verificar\u00e1 tu \u00faltima voluntad hacia la donaci\u00f3n de \u00f3rganos. De no existir manifestaci\u00f3n expresa, la ley presume que la persona es donante.<\/p>\n\n\n\n<h4 class=\"wp-block-heading\">\u00bfC\u00f3mo hago?<\/h4>\n\n\n\n<ul class=\"wp-block-list\"><li>Para hacerlo de forma digital, ingres\u00e1 en&nbsp;<a rel=\"noreferrer noopener\" href=\"https:\/\/mi.argentina.gob.ar\/salud\" target=\"_blank\">Mi Argentina<\/a>&nbsp;al formulario <strong>\u00abManifestar mi voluntad de donar\u00bb<\/strong> en la secci\u00f3n de Salud.<\/li><li>En forma presencial, al momento de tramitar tu Documento Nacional de Identidad o al concurrir al&nbsp;<a rel=\"noreferrer noopener\" href=\"https:\/\/maps.google.com\/?q=Ramsay+2250,+Ciudad+Aut%C3%B3noma+de+Buenos+Aires&amp;entry=gmail&amp;source=g\" target=\"_blank\">INCUCAI<\/a>&nbsp;o a los&nbsp;<a rel=\"noreferrer noopener\" href=\"https:\/\/www.argentina.gob.ar\/salud\/incucai\/organismos-jurisdiccionales\" target=\"_blank\">Organismos Jurisdiccionales de Ablaci\u00f3n e Implante de todo el pa\u00eds<\/a>.<\/li><li>Por correo enviando, desde cualquier dependencia del Correo Argentino, un telegrama gratuito con tu nombre, apellido, DNI y domicilio<\/li><\/ul>\n\n\n\n<p><a rel=\"noreferrer noopener\" href=\"https:\/\/mi.argentina.gob.ar\/salud\" target=\"_blank\">Iniciar tr\u00e1mite<\/a><\/p>\n\n\n\n<figure class=\"wp-block-image size-large is-resized\"><img loading=\"lazy\" decoding=\"async\" data-attachment-id=\"99\" data-permalink=\"https:\/\/www.comuna13online.com.ar\/?attachment_id=99\" data-orig-file=\"https:\/\/www.comuna13online.com.ar\/wp-content\/uploads\/2017\/12\/line.jpg\" data-orig-size=\"678,1\" data-comments-opened=\"0\" data-image-meta=\"{&quot;aperture&quot;:&quot;0&quot;,&quot;credit&quot;:&quot;&quot;,&quot;camera&quot;:&quot;&quot;,&quot;caption&quot;:&quot;&quot;,&quot;created_timestamp&quot;:&quot;0&quot;,&quot;copyright&quot;:&quot;&quot;,&quot;focal_length&quot;:&quot;0&quot;,&quot;iso&quot;:&quot;0&quot;,&quot;shutter_speed&quot;:&quot;0&quot;,&quot;title&quot;:&quot;&quot;,&quot;orientation&quot;:&quot;0&quot;}\" data-image-title=\"line\" data-image-description=\"\" data-image-caption=\"\" data-large-file=\"https:\/\/www.comuna13online.com.ar\/wp-content\/uploads\/2017\/12\/line.jpg\" src=\"http:\/\/www.comuna13online.com.ar\/wp-content\/uploads\/2017\/12\/line.jpg\" alt=\"\" class=\"wp-image-99\" width=\"678\" height=\"1\" srcset=\"https:\/\/www.comuna13online.com.ar\/wp-content\/uploads\/2017\/12\/line.jpg 678w, https:\/\/www.comuna13online.com.ar\/wp-content\/uploads\/2017\/12\/line-150x1.jpg 150w, https:\/\/www.comuna13online.com.ar\/wp-content\/uploads\/2017\/12\/line-326x1.jpg 326w, https:\/\/www.comuna13online.com.ar\/wp-content\/uploads\/2017\/12\/line-80x1.jpg 80w, https:\/\/www.comuna13online.com.ar\/wp-content\/uploads\/2017\/12\/line-272x1.jpg 272w\" sizes=\"auto, (max-width: 678px) 100vw, 678px\" \/><\/figure>\n\n\n\n<figure class=\"wp-block-image size-full\"><img loading=\"lazy\" decoding=\"async\" width=\"678\" height=\"180\" data-attachment-id=\"8918\" data-permalink=\"https:\/\/www.comuna13online.com.ar\/?attachment_id=8918\" data-orig-file=\"https:\/\/www.comuna13online.com.ar\/wp-content\/uploads\/2020\/04\/corona2.jpg\" data-orig-size=\"678,180\" data-comments-opened=\"0\" data-image-meta=\"{&quot;aperture&quot;:&quot;0&quot;,&quot;credit&quot;:&quot;&quot;,&quot;camera&quot;:&quot;&quot;,&quot;caption&quot;:&quot;&quot;,&quot;created_timestamp&quot;:&quot;0&quot;,&quot;copyright&quot;:&quot;&quot;,&quot;focal_length&quot;:&quot;0&quot;,&quot;iso&quot;:&quot;0&quot;,&quot;shutter_speed&quot;:&quot;0&quot;,&quot;title&quot;:&quot;&quot;,&quot;orientation&quot;:&quot;0&quot;}\" data-image-title=\"corona2\" data-image-description=\"\" data-image-caption=\"\" data-large-file=\"https:\/\/www.comuna13online.com.ar\/wp-content\/uploads\/2020\/04\/corona2.jpg\" src=\"http:\/\/www.comuna13online.com.ar\/wp-content\/uploads\/2020\/04\/corona2.jpg\" alt=\"\" class=\"wp-image-8918\"\/><\/figure>\n","protected":false},"excerpt":{"rendered":"<div class=\"mh-excerpt\">Se celebra cada 30 de mayo en conmemoraci\u00f3n del nacimiento del hijo de la primera paciente que dio a luz despu\u00e9s de haber recibido un trasplante en un hospital p\u00fablico. <a class=\"mh-excerpt-more\" href=\"https:\/\/www.comuna13online.com.ar\/?p=15421\" title=\"D\u00eda Nacional de la Donaci\u00f3n de \u00d3rganos y Tejidos\">[&#8230;]<\/a><\/div>\n","protected":false},"author":1,"featured_media":15424,"comment_status":"closed","ping_status":"closed","sticky":false,"template":"","format":"standard","meta":{"_uag_custom_page_level_css":"","_jetpack_memberships_contains_paid_content":false,"footnotes":"","jetpack_publicize_message":"","jetpack_publicize_feature_enabled":true,"jetpack_social_post_already_shared":true,"jetpack_social_options":{"image_generator_settings":{"template":"highway","default_image_id":0,"font":"","enabled":false},"version":2}},"categories":[44],"tags":[246,250,296,45,90,164],"class_list":{"0":"post-15421","1":"post","2":"type-post","3":"status-publish","4":"format-standard","5":"has-post-thumbnail","7":"category-salud","8":"tag-h1","9":"tag-h2","10":"tag-h3","11":"tag-salud","12":"tag-solidaridad","13":"tag-trasplante"},"jetpack_publicize_connections":[],"jetpack_featured_media_url":"https:\/\/www.comuna13online.com.ar\/wp-content\/uploads\/2022\/05\/20220530a_id.jpg","uagb_featured_image_src":{"full":["https:\/\/www.comuna13online.com.ar\/wp-content\/uploads\/2022\/05\/20220530a_id.jpg",1030,438,false],"thumbnail":["https:\/\/www.comuna13online.com.ar\/wp-content\/uploads\/2022\/05\/20220530a_id.jpg",128,54,false],"medium":["https:\/\/www.comuna13online.com.ar\/wp-content\/uploads\/2022\/05\/20220530a_id.jpg",1030,438,false],"medium_large":["https:\/\/www.comuna13online.com.ar\/wp-content\/uploads\/2022\/05\/20220530a_id-768x327.jpg",768,327,true],"large":["https:\/\/www.comuna13online.com.ar\/wp-content\/uploads\/2022\/05\/20220530a_id.jpg",1030,438,false],"1536x1536":["https:\/\/www.comuna13online.com.ar\/wp-content\/uploads\/2022\/05\/20220530a_id.jpg",1030,438,false],"2048x2048":["https:\/\/www.comuna13online.com.ar\/wp-content\/uploads\/2022\/05\/20220530a_id.jpg",1030,438,false],"mh-magazine-slider":["https:\/\/www.comuna13online.com.ar\/wp-content\/uploads\/2022\/05\/20220530a_id-1030x438.jpg",1030,438,true],"mh-magazine-content":["https:\/\/www.comuna13online.com.ar\/wp-content\/uploads\/2022\/05\/20220530a_id-678x381.jpg",678,381,true],"mh-magazine-large":["https:\/\/www.comuna13online.com.ar\/wp-content\/uploads\/2022\/05\/20220530a_id-678x438.jpg",678,438,true],"mh-magazine-medium":["https:\/\/www.comuna13online.com.ar\/wp-content\/uploads\/2022\/05\/20220530a_id-326x245.jpg",326,245,true],"mh-magazine-small":["https:\/\/www.comuna13online.com.ar\/wp-content\/uploads\/2022\/05\/20220530a_id-80x60.jpg",80,60,true],"sow-carousel-default":["https:\/\/www.comuna13online.com.ar\/wp-content\/uploads\/2022\/05\/20220530a_id-272x182.jpg",272,182,true]},"uagb_author_info":{"display_name":"Comuna13","author_link":"https:\/\/www.comuna13online.com.ar\/?author=1"},"uagb_comment_info":0,"uagb_excerpt":"Se celebra cada 30 de mayo en conmemoraci\u00f3n del nacimiento del hijo de la primera paciente que dio a luz despu\u00e9s de haber recibido un trasplante en un hospital p\u00fablico. [...]","jetpack_sharing_enabled":true,"_links":{"self":[{"href":"https:\/\/www.comuna13online.com.ar\/index.php?rest_route=\/wp\/v2\/posts\/15421","targetHints":{"allow":["GET"]}}],"collection":[{"href":"https:\/\/www.comuna13online.com.ar\/index.php?rest_route=\/wp\/v2\/posts"}],"about":[{"href":"https:\/\/www.comuna13online.com.ar\/index.php?rest_route=\/wp\/v2\/types\/post"}],"author":[{"embeddable":true,"href":"https:\/\/www.comuna13online.com.ar\/index.php?rest_route=\/wp\/v2\/users\/1"}],"replies":[{"embeddable":true,"href":"https:\/\/www.comuna13online.com.ar\/index.php?rest_route=%2Fwp%2Fv2%2Fcomments&post=15421"}],"version-history":[{"count":0,"href":"https:\/\/www.comuna13online.com.ar\/index.php?rest_route=\/wp\/v2\/posts\/15421\/revisions"}],"wp:featuredmedia":[{"embeddable":true,"href":"https:\/\/www.comuna13online.com.ar\/index.php?rest_route=\/wp\/v2\/media\/15424"}],"wp:attachment":[{"href":"https:\/\/www.comuna13online.com.ar\/index.php?rest_route=%2Fwp%2Fv2%2Fmedia&parent=15421"}],"wp:term":[{"taxonomy":"category","embeddable":true,"href":"https:\/\/www.comuna13online.com.ar\/index.php?rest_route=%2Fwp%2Fv2%2Fcategories&post=15421"},{"taxonomy":"post_tag","embeddable":true,"href":"https:\/\/www.comuna13online.com.ar\/index.php?rest_route=%2Fwp%2Fv2%2Ftags&post=15421"}],"curies":[{"name":"wp","href":"https:\/\/api.w.org\/{rel}","templated":true}]}}