{"id":15403,"date":"2022-05-24T12:27:56","date_gmt":"2022-05-24T15:27:56","guid":{"rendered":"http:\/\/www.comuna13online.com.ar\/?p=15403"},"modified":"2022-05-24T12:34:00","modified_gmt":"2022-05-24T15:34:00","slug":"semana-de-los-centros-comerciales-en-el-barrio-chino","status":"publish","type":"post","link":"https:\/\/www.comuna13online.com.ar\/?p=15403","title":{"rendered":"Semana de los Centros Comerciales en el Barrio Chino"},"content":{"rendered":"\n<p><strong>Del 23 al 28 de mayo, entre Avenida del Libertador, Olazabal, Arribe\u00f1os y Echeverr\u00eda, se desarrollar\u00e1 la Semana de los Centros Comerciales, busca potenciar las ventas de los comercios barriales.<\/strong><\/p>\n\n\n\n<figure class=\"wp-block-image size-full\"><img loading=\"lazy\" decoding=\"async\" width=\"678\" height=\"381\" data-attachment-id=\"15405\" data-permalink=\"https:\/\/www.comuna13online.com.ar\/?attachment_id=15405\" data-orig-file=\"https:\/\/www.comuna13online.com.ar\/wp-content\/uploads\/2022\/05\/20220524c_01.jpg\" data-orig-size=\"678,381\" data-comments-opened=\"0\" data-image-meta=\"{&quot;aperture&quot;:&quot;0&quot;,&quot;credit&quot;:&quot;&quot;,&quot;camera&quot;:&quot;&quot;,&quot;caption&quot;:&quot;&quot;,&quot;created_timestamp&quot;:&quot;0&quot;,&quot;copyright&quot;:&quot;&quot;,&quot;focal_length&quot;:&quot;0&quot;,&quot;iso&quot;:&quot;0&quot;,&quot;shutter_speed&quot;:&quot;0&quot;,&quot;title&quot;:&quot;&quot;,&quot;orientation&quot;:&quot;0&quot;}\" data-image-title=\"20220524c_01\" data-image-description=\"\" data-image-caption=\"\" data-large-file=\"https:\/\/www.comuna13online.com.ar\/wp-content\/uploads\/2022\/05\/20220524c_01.jpg\" src=\"http:\/\/www.comuna13online.com.ar\/wp-content\/uploads\/2022\/05\/20220524c_01.jpg\" alt=\"\" class=\"wp-image-15405\"\/><\/figure>\n\n\n\n<div style=\"height:20px\" aria-hidden=\"true\" class=\"wp-block-spacer\"><\/div>\n\n\n\n<p>La&nbsp;<strong>Semana CCA<\/strong>&nbsp;lleg\u00f3 al&nbsp;<strong>Barrio Chino<\/strong>&nbsp;para escuchar las necesidades de los vecinos y potenciar las ventas de los locales del eje comercial ubicado en el barrio de Belgrano entre las calles Avenida del Libertador, Olazabal, Arribe\u00f1os y Echeverr\u00eda, del 23 al 28 de mayo.<\/p>\n\n\n\n<p>Todos los comerciantes de la zona podr\u00e1n disfrutar de la s\u00e9ptima edici\u00f3n del programa que busca fortalecer y acompa\u00f1ar al sector Pyme de la Ciudad.<\/p>\n\n\n\n<p>Se trata de una iniciativa organizada por el Ministerio de Desarrollo Econ\u00f3mico y Producci\u00f3n, a trav\u00e9s de la Subsecretar\u00eda de Micro, Peque\u00f1as y Medianas Empresas, que tiene por objetivo\u00a0<strong>transformar los centros comerciales a cielo abierto de la Ciudad<\/strong>\u00a0en espacios m\u00e1s atractivos para los porte\u00f1os y m\u00e1s competitivos para el sector.<\/p>\n\n\n\n<div style=\"height:15px\" aria-hidden=\"true\" class=\"wp-block-spacer\"><\/div>\n\n\n\n\n<div align=\"center\">\n<blockquote class=\"twitter-tweet\"><p lang=\"es\" dir=\"ltr\">? SEMANA CCA BARRIO CHINO<br><br>?? Los esperamos para compartir junto a comerciantes y vecinos de Belgrano las actividades que tenemos preparadas para esta semana <br><br>\u2615\ufe0f Caf\u00e9 Pyme<br>\u270b? Seguridad en el CCA<br>?? Asesoramiento PYME<br>? Actividades de cierre<br><br>\u00a1Y mucho m\u00e1s!<a href=\"https:\/\/twitter.com\/hashtag\/Bapyme?src=hash&amp;ref_src=twsrc%5Etfw\">#Bapyme<\/a> <a href=\"https:\/\/twitter.com\/hashtag\/SemanaCCA?src=hash&amp;ref_src=twsrc%5Etfw\">#SemanaCCA<\/a> <a href=\"https:\/\/t.co\/PVXx7Hantz\">pic.twitter.com\/PVXx7Hantz<\/a><\/p>\u2014 BA PyME (@BApyme) <a href=\"https:\/\/twitter.com\/BApyme\/status\/1528809711646044160?ref_src=twsrc%5Etfw\">May 23, 2022<\/a><\/blockquote> <script async=\"\" src=\"https:\/\/platform.twitter.com\/widgets.js\" charset=\"utf-8\"><\/script>\n<\/div>\n\n\n\n<div style=\"height:15px\" aria-hidden=\"true\" class=\"wp-block-spacer\"><\/div>\n\n\n\n<p>En lo que va de 2022, el programa ya recorri\u00f3 las zonas comerciales de Devoto, Colegiales, Caballito, Av. Gaona, Floresta, Almagro y Lugano, ofreciendo asesoramiento y acompa\u00f1ando a los comerciantes a visibilizar sus negocios. Ahora es el turno de&nbsp;<strong>Belgrano<\/strong>&nbsp;por lo que invitamos a los comercios a participar de todas las actividades pensadas para ellos.<\/p>\n\n\n\n<p>Al mismo tiempo, durante los 6 d\u00edas consecutivos se instalan diferentes stands de consulta con la presencia del equipo de trabajo de&nbsp;<strong>BA Pyme<\/strong>&nbsp;para que los vecinos puedan acercarse a intercambiar ideas, plantear problem\u00e1ticas y realizar sugerencias para mejorar el barrio.<\/p>\n\n\n\n<p>La Semana CCA cerrar\u00e1 el&nbsp;<strong>s\u00e1bado 28 de mayo<\/strong>&nbsp;con un evento en&nbsp;<strong>Av. Juramento y Virrey Vertiz<\/strong>, que contar\u00e1 con la participaci\u00f3n de funcionarios del Ministerio de Desarrollo Econ\u00f3mico y Producci\u00f3n y autoridades de la Federaci\u00f3n de Comercio e Industria (FECOBA). Ser\u00e1 una jornada con&nbsp;<strong>m\u00fasica, artistas barriales, malabaristas, equilibristas, percusionistas, trompetistas y muchas otras sorpresas<\/strong>&nbsp;para toda la familia. Tambi\u00e9n se ofrecer\u00e1n&nbsp;<strong>promociones especiales<\/strong>&nbsp;para aprovechar en los locales adheridos.<\/p>\n\n\n\n<figure class=\"wp-block-image size-large is-resized\"><img loading=\"lazy\" decoding=\"async\" data-attachment-id=\"99\" data-permalink=\"https:\/\/www.comuna13online.com.ar\/?attachment_id=99\" data-orig-file=\"https:\/\/www.comuna13online.com.ar\/wp-content\/uploads\/2017\/12\/line.jpg\" data-orig-size=\"678,1\" data-comments-opened=\"0\" data-image-meta=\"{&quot;aperture&quot;:&quot;0&quot;,&quot;credit&quot;:&quot;&quot;,&quot;camera&quot;:&quot;&quot;,&quot;caption&quot;:&quot;&quot;,&quot;created_timestamp&quot;:&quot;0&quot;,&quot;copyright&quot;:&quot;&quot;,&quot;focal_length&quot;:&quot;0&quot;,&quot;iso&quot;:&quot;0&quot;,&quot;shutter_speed&quot;:&quot;0&quot;,&quot;title&quot;:&quot;&quot;,&quot;orientation&quot;:&quot;0&quot;}\" data-image-title=\"line\" data-image-description=\"\" data-image-caption=\"\" data-large-file=\"https:\/\/www.comuna13online.com.ar\/wp-content\/uploads\/2017\/12\/line.jpg\" src=\"http:\/\/www.comuna13online.com.ar\/wp-content\/uploads\/2017\/12\/line.jpg\" alt=\"\" class=\"wp-image-99\" width=\"678\" height=\"1\" srcset=\"https:\/\/www.comuna13online.com.ar\/wp-content\/uploads\/2017\/12\/line.jpg 678w, https:\/\/www.comuna13online.com.ar\/wp-content\/uploads\/2017\/12\/line-150x1.jpg 150w, https:\/\/www.comuna13online.com.ar\/wp-content\/uploads\/2017\/12\/line-326x1.jpg 326w, https:\/\/www.comuna13online.com.ar\/wp-content\/uploads\/2017\/12\/line-80x1.jpg 80w, https:\/\/www.comuna13online.com.ar\/wp-content\/uploads\/2017\/12\/line-272x1.jpg 272w\" sizes=\"auto, (max-width: 678px) 100vw, 678px\" \/><\/figure>\n\n\n\n<figure class=\"wp-block-image size-full\"><img loading=\"lazy\" decoding=\"async\" width=\"678\" height=\"180\" data-attachment-id=\"8918\" data-permalink=\"https:\/\/www.comuna13online.com.ar\/?attachment_id=8918\" data-orig-file=\"https:\/\/www.comuna13online.com.ar\/wp-content\/uploads\/2020\/04\/corona2.jpg\" data-orig-size=\"678,180\" data-comments-opened=\"0\" data-image-meta=\"{&quot;aperture&quot;:&quot;0&quot;,&quot;credit&quot;:&quot;&quot;,&quot;camera&quot;:&quot;&quot;,&quot;caption&quot;:&quot;&quot;,&quot;created_timestamp&quot;:&quot;0&quot;,&quot;copyright&quot;:&quot;&quot;,&quot;focal_length&quot;:&quot;0&quot;,&quot;iso&quot;:&quot;0&quot;,&quot;shutter_speed&quot;:&quot;0&quot;,&quot;title&quot;:&quot;&quot;,&quot;orientation&quot;:&quot;0&quot;}\" data-image-title=\"corona2\" data-image-description=\"\" data-image-caption=\"\" data-large-file=\"https:\/\/www.comuna13online.com.ar\/wp-content\/uploads\/2020\/04\/corona2.jpg\" src=\"http:\/\/www.comuna13online.com.ar\/wp-content\/uploads\/2020\/04\/corona2.jpg\" alt=\"\" class=\"wp-image-8918\"\/><\/figure>\n","protected":false},"excerpt":{"rendered":"<div class=\"mh-excerpt\">Del 23 al 28 de mayo, entre Avenida del Libertador, Olazabal, Arribe\u00f1os y Echeverr\u00eda, se desarrollar\u00e1 la Semana de los Centros Comerciales, busca potenciar las ventas de los comercios barriales. <a class=\"mh-excerpt-more\" href=\"https:\/\/www.comuna13online.com.ar\/?p=15403\" title=\"Semana de los Centros Comerciales en el Barrio Chino\">[&#8230;]<\/a><\/div>\n","protected":false},"author":1,"featured_media":15404,"comment_status":"closed","ping_status":"closed","sticky":false,"template":"","format":"standard","meta":{"_uag_custom_page_level_css":"","_jetpack_memberships_contains_paid_content":false,"footnotes":"","jetpack_publicize_message":"","jetpack_publicize_feature_enabled":true,"jetpack_social_post_already_shared":true,"jetpack_social_options":{"image_generator_settings":{"template":"highway","default_image_id":0,"font":"","enabled":false},"version":2}},"categories":[267],"tags":[210,19,246,250,296],"class_list":{"0":"post-15403","1":"post","2":"type-post","3":"status-publish","4":"format-standard","5":"has-post-thumbnail","7":"category-comercio","8":"tag-comercio","9":"tag-comuna-13","10":"tag-h1","11":"tag-h2","12":"tag-h3"},"jetpack_publicize_connections":[],"jetpack_featured_media_url":"https:\/\/www.comuna13online.com.ar\/wp-content\/uploads\/2022\/05\/20220524c_id.jpg","uagb_featured_image_src":{"full":["https:\/\/www.comuna13online.com.ar\/wp-content\/uploads\/2022\/05\/20220524c_id.jpg",1030,438,false],"thumbnail":["https:\/\/www.comuna13online.com.ar\/wp-content\/uploads\/2022\/05\/20220524c_id.jpg",128,54,false],"medium":["https:\/\/www.comuna13online.com.ar\/wp-content\/uploads\/2022\/05\/20220524c_id.jpg",1030,438,false],"medium_large":["https:\/\/www.comuna13online.com.ar\/wp-content\/uploads\/2022\/05\/20220524c_id-768x327.jpg",768,327,true],"large":["https:\/\/www.comuna13online.com.ar\/wp-content\/uploads\/2022\/05\/20220524c_id.jpg",1030,438,false],"1536x1536":["https:\/\/www.comuna13online.com.ar\/wp-content\/uploads\/2022\/05\/20220524c_id.jpg",1030,438,false],"2048x2048":["https:\/\/www.comuna13online.com.ar\/wp-content\/uploads\/2022\/05\/20220524c_id.jpg",1030,438,false],"mh-magazine-slider":["https:\/\/www.comuna13online.com.ar\/wp-content\/uploads\/2022\/05\/20220524c_id-1030x438.jpg",1030,438,true],"mh-magazine-content":["https:\/\/www.comuna13online.com.ar\/wp-content\/uploads\/2022\/05\/20220524c_id-678x381.jpg",678,381,true],"mh-magazine-large":["https:\/\/www.comuna13online.com.ar\/wp-content\/uploads\/2022\/05\/20220524c_id-678x438.jpg",678,438,true],"mh-magazine-medium":["https:\/\/www.comuna13online.com.ar\/wp-content\/uploads\/2022\/05\/20220524c_id-326x245.jpg",326,245,true],"mh-magazine-small":["https:\/\/www.comuna13online.com.ar\/wp-content\/uploads\/2022\/05\/20220524c_id-80x60.jpg",80,60,true],"sow-carousel-default":["https:\/\/www.comuna13online.com.ar\/wp-content\/uploads\/2022\/05\/20220524c_id-272x182.jpg",272,182,true]},"uagb_author_info":{"display_name":"Comuna13","author_link":"https:\/\/www.comuna13online.com.ar\/?author=1"},"uagb_comment_info":0,"uagb_excerpt":"Del 23 al 28 de mayo, entre Avenida del Libertador, Olazabal, Arribe\u00f1os y Echeverr\u00eda, se desarrollar\u00e1 la Semana de los Centros Comerciales, busca potenciar las ventas de los comercios barriales. [...]","jetpack_sharing_enabled":true,"_links":{"self":[{"href":"https:\/\/www.comuna13online.com.ar\/index.php?rest_route=\/wp\/v2\/posts\/15403","targetHints":{"allow":["GET"]}}],"collection":[{"href":"https:\/\/www.comuna13online.com.ar\/index.php?rest_route=\/wp\/v2\/posts"}],"about":[{"href":"https:\/\/www.comuna13online.com.ar\/index.php?rest_route=\/wp\/v2\/types\/post"}],"author":[{"embeddable":true,"href":"https:\/\/www.comuna13online.com.ar\/index.php?rest_route=\/wp\/v2\/users\/1"}],"replies":[{"embeddable":true,"href":"https:\/\/www.comuna13online.com.ar\/index.php?rest_route=%2Fwp%2Fv2%2Fcomments&post=15403"}],"version-history":[{"count":0,"href":"https:\/\/www.comuna13online.com.ar\/index.php?rest_route=\/wp\/v2\/posts\/15403\/revisions"}],"wp:featuredmedia":[{"embeddable":true,"href":"https:\/\/www.comuna13online.com.ar\/index.php?rest_route=\/wp\/v2\/media\/15404"}],"wp:attachment":[{"href":"https:\/\/www.comuna13online.com.ar\/index.php?rest_route=%2Fwp%2Fv2%2Fmedia&parent=15403"}],"wp:term":[{"taxonomy":"category","embeddable":true,"href":"https:\/\/www.comuna13online.com.ar\/index.php?rest_route=%2Fwp%2Fv2%2Fcategories&post=15403"},{"taxonomy":"post_tag","embeddable":true,"href":"https:\/\/www.comuna13online.com.ar\/index.php?rest_route=%2Fwp%2Fv2%2Ftags&post=15403"}],"curies":[{"name":"wp","href":"https:\/\/api.w.org\/{rel}","templated":true}]}}