{"id":15391,"date":"2022-05-19T17:35:00","date_gmt":"2022-05-19T20:35:00","guid":{"rendered":"http:\/\/www.comuna13online.com.ar\/?p=15391"},"modified":"2022-05-23T18:28:04","modified_gmt":"2022-05-23T21:28:04","slug":"para-celebrar-su-60o-aniversario-el-museo-larreta-inaugura-una-exhibicion-y-una-obra-sonora","status":"publish","type":"post","link":"https:\/\/www.comuna13online.com.ar\/?p=15391","title":{"rendered":"Para celebrar su 60\u00ba aniversario, el Museo Larreta inaugura una exhibici\u00f3n y una obra sonora"},"content":{"rendered":"\n<p><strong>Se presenta la exhibici\u00f3n \u201cCuriosos\u201d, una selecci\u00f3n de arte y documentos del Museo Enrique Larreta y la obra sonora \u201cVos, yo y el tiempo que habitamos juntos\u201d, en el Jard\u00edn.<\/strong><\/p>\n\n\n\n<figure class=\"wp-block-image size-full\"><img loading=\"lazy\" decoding=\"async\" width=\"678\" height=\"381\" data-attachment-id=\"7324\" data-permalink=\"https:\/\/www.comuna13online.com.ar\/?attachment_id=7324\" data-orig-file=\"https:\/\/www.comuna13online.com.ar\/wp-content\/uploads\/2019\/10\/20191102a3.jpg\" data-orig-size=\"678,381\" data-comments-opened=\"0\" data-image-meta=\"{&quot;aperture&quot;:&quot;0&quot;,&quot;credit&quot;:&quot;&quot;,&quot;camera&quot;:&quot;&quot;,&quot;caption&quot;:&quot;&quot;,&quot;created_timestamp&quot;:&quot;0&quot;,&quot;copyright&quot;:&quot;&quot;,&quot;focal_length&quot;:&quot;0&quot;,&quot;iso&quot;:&quot;0&quot;,&quot;shutter_speed&quot;:&quot;0&quot;,&quot;title&quot;:&quot;&quot;,&quot;orientation&quot;:&quot;0&quot;}\" data-image-title=\"20191102a3\" data-image-description=\"\" data-image-caption=\"\" data-large-file=\"https:\/\/www.comuna13online.com.ar\/wp-content\/uploads\/2019\/10\/20191102a3.jpg\" src=\"http:\/\/www.comuna13online.com.ar\/wp-content\/uploads\/2019\/10\/20191102a3.jpg\" alt=\"\" class=\"wp-image-7324\"\/><\/figure>\n\n\n\n<div style=\"height:21px\" aria-hidden=\"true\" class=\"wp-block-spacer\"><\/div>\n\n\n\n<p>El<strong> Ministerio de Cultura de la Ciudad de Buenos Aires <\/strong>presenta la exhibici\u00f3n<strong> Curiosos, <\/strong>una selecci\u00f3n de arte y documentos del Museo de Arte Espa\u00f1ol Enrique Larreta, y la obra sonora <strong>Vos, yo y el tiempo que habitamos juntos <\/strong>en el jard\u00edn del museo.\u00a0<\/p>\n\n\n\n<p>Este a\u00f1o se cumple el<strong> sexag\u00e9simo aniversario <\/strong>de la fundaci\u00f3n del Museo, ocurrida el 12 de octubre de 1962. En conmemoraci\u00f3n, se presenta la exhibici\u00f3n <strong>Curiosos<\/strong>, compuesta de una importante selecci\u00f3n del patrimonio art\u00edstico y documental que incluye ilustraciones originales, libros antiguos, primeras ediciones, manuscritos, objetos, fotograf\u00edas y vol\u00famenes dedicados.<\/p>\n\n\n\n<p>Adem\u00e1s, en el jard\u00edn del museo, se exhibe la obra sonora <strong>Vos, yo y el tiempo que habitamos juntos<\/strong>, realizada por la artista <strong>Gabriela Blanco<\/strong>. Los participantes podr\u00e1n acceder a la instalaci\u00f3n escaneando con su celular c\u00f3digos QR que los direccionar\u00e1 a audios. Habr\u00e1 5 postas donde los participantes mixturan la visi\u00f3n del jard\u00edn y la experiencia sonora. La obra es la segunda parte de una investigaci\u00f3n sobre el amor que lleva la artista adelante.\u00a0<\/p>\n\n\n\n<div style=\"height:21px\" aria-hidden=\"true\" class=\"wp-block-spacer\"><\/div>\n\n\n\n<figure class=\"wp-block-image size-full\"><img loading=\"lazy\" decoding=\"async\" width=\"678\" height=\"440\" data-attachment-id=\"15354\" data-permalink=\"https:\/\/www.comuna13online.com.ar\/?attachment_id=15354\" data-orig-file=\"https:\/\/www.comuna13online.com.ar\/wp-content\/uploads\/2022\/05\/20220512a_02-1.jpg\" data-orig-size=\"678,440\" data-comments-opened=\"0\" data-image-meta=\"{&quot;aperture&quot;:&quot;0&quot;,&quot;credit&quot;:&quot;&quot;,&quot;camera&quot;:&quot;&quot;,&quot;caption&quot;:&quot;&quot;,&quot;created_timestamp&quot;:&quot;0&quot;,&quot;copyright&quot;:&quot;&quot;,&quot;focal_length&quot;:&quot;0&quot;,&quot;iso&quot;:&quot;0&quot;,&quot;shutter_speed&quot;:&quot;0&quot;,&quot;title&quot;:&quot;&quot;,&quot;orientation&quot;:&quot;0&quot;}\" data-image-title=\"20220512a_02-1\" data-image-description=\"\" data-image-caption=\"\" data-large-file=\"https:\/\/www.comuna13online.com.ar\/wp-content\/uploads\/2022\/05\/20220512a_02-1.jpg\" src=\"http:\/\/www.comuna13online.com.ar\/wp-content\/uploads\/2022\/05\/20220512a_02-1.jpg\" alt=\"\" class=\"wp-image-15354\"\/><\/figure>\n\n\n\n<div style=\"height:21px\" aria-hidden=\"true\" class=\"wp-block-spacer\"><\/div>\n\n\n\n<p>Enrique Larreta (1873-1961) constituye una figura singular: escritor, diplom\u00e1tico y coleccionista,&nbsp; en sus \u00faltimos a\u00f1os se dedic\u00f3 a la pintura, e incursion\u00f3 hasta en el cine; pasando por el teatro, g\u00e9nero en el que sublimaba su personalidad histri\u00f3nica. Larreta fue un precursor de la corriente de pensamiento que, hacia el Centenario de nuestra patria, abogaba por un regreso a las ra\u00edces espa\u00f1olas. Su novela <em>La Gloria de don Ramiro <\/em>(1908), obr\u00f3 como una suerte de manifiesto.<\/p>\n\n\n\n<p>Paralela a su colecci\u00f3n de arte espa\u00f1ol, Larreta fue formando su biblioteca. De ella presentamos algunas piezas interesantes, como las ejecutorias de hidalgu\u00eda, documentos que certificaban la autenticidad de un hidalgo, algunas sobre pergamino e iluminadas con figuras y escudos. Tambi\u00e9n vol\u00famenes antiguos, la mayor\u00eda relacionados con la historia de Espa\u00f1a, y que sirvieron al escritor como sustrato para sus creaciones.<\/p>\n\n\n\n<p>La obra de Larreta inspir\u00f3 a muchos artistas, pero tal vez fue Alejandro Sirio quien mejor interpret\u00f3 su mundo y est\u00e9tica. Muestra de esto son sus ilustraciones para <em>La Gloria de don Ramiro,<\/em> de la editorial <em>Viau y Zona<\/em>, de 1929.<\/p>\n\n\n\n<p>Las salas temporarias del museo exhibir\u00e1n manuscritos originales, fotograf\u00edas de la \u00e9poca, libros y documentos antig\u00fcos, que atestiguan la labor literaria de E. Larreta y su actividad pol\u00edtica como embajador en Francia en 1910-1916. Junto a las ilustraciones de A Sirio. Entre las piezas exhibidas podremos ver:&nbsp;&nbsp;<\/p>\n\n\n\n<ul class=\"wp-block-list\"><li>Manuscritos originales de obras de Enrique Larreta, donde se destacan los de su principal novela, <em>La Gloria de don Ramiro<\/em>, editada en 1908.<\/li><\/ul>\n\n\n\n<ul class=\"wp-block-list\"><li>Ejecutorias de Hidalgu\u00eda, que constitu\u00edan el principal documento que autenticaba la calidad de un hidalgo y su ascendencia, y libros antiguos.<\/li><\/ul>\n\n\n\n<ul class=\"wp-block-list\"><li>Fotograf\u00edas y documentos de los a\u00f1os en que E. Larreta fue embajador argentino en Francia (1910-1916).<\/li><\/ul>\n\n\n\n<hr class=\"wp-block-separator\"\/>\n\n\n\n<figure class=\"wp-block-image size-full\"><img loading=\"lazy\" decoding=\"async\" width=\"678\" height=\"201\" data-attachment-id=\"14149\" data-permalink=\"https:\/\/www.comuna13online.com.ar\/?attachment_id=14149\" data-orig-file=\"https:\/\/www.comuna13online.com.ar\/wp-content\/uploads\/2021\/09\/210921b-02.jpg\" data-orig-size=\"678,201\" data-comments-opened=\"0\" data-image-meta=\"{&quot;aperture&quot;:&quot;0&quot;,&quot;credit&quot;:&quot;&quot;,&quot;camera&quot;:&quot;&quot;,&quot;caption&quot;:&quot;&quot;,&quot;created_timestamp&quot;:&quot;0&quot;,&quot;copyright&quot;:&quot;&quot;,&quot;focal_length&quot;:&quot;0&quot;,&quot;iso&quot;:&quot;0&quot;,&quot;shutter_speed&quot;:&quot;0&quot;,&quot;title&quot;:&quot;&quot;,&quot;orientation&quot;:&quot;0&quot;}\" data-image-title=\"210921b-02\" data-image-description=\"&lt;p&gt;Museo Larreta&lt;\/p&gt;\n\" data-image-caption=\"&lt;p&gt;Museo Larreta&lt;\/p&gt;\n\" data-large-file=\"https:\/\/www.comuna13online.com.ar\/wp-content\/uploads\/2021\/09\/210921b-02.jpg\" src=\"http:\/\/www.comuna13online.com.ar\/wp-content\/uploads\/2021\/09\/210921b-02.jpg\" alt=\"Museo Larreta\" class=\"wp-image-14149\"\/><\/figure>\n\n\n\n<p><strong>Museo de Arte Espa\u00f1ol Enrique Larreta<br><\/strong>Juramento 2291 &#8211; Belgrano<br>Comuna 13<\/p>\n\n\n\n<p><strong>Horarios<\/strong><br>Lunes, mi\u00e9rcoles, jueves, viernes y feriados de 11 a 19 hs.<br>S\u00e1bados, domingos de 11 a 20 hs.<br>Martes cerrado.<\/p>\n\n\n\n<p><strong>Entrada<\/strong><br>P\u00fablico General $50<br>Extranjeros no residentes: $250<br>Mi\u00e9rcoles gratis.<\/p>\n\n\n\n<p>Jubilados, estudiantes universitarios presentando acreditaci\u00f3n, personas con discapacidad m\u00e1s un acompa\u00f1ante, menores de 12 a\u00f1os y grupos de estudiantes de colegios p\u00fablicos, sin cargo.<\/p>\n\n\n\n<p><strong>Mas info:<\/strong><br>4783-2640 \/ 4784-4040<br>museolarreta@buenosaires.gob.ar<br><a rel=\"noreferrer noopener\" href=\"https:\/\/www.buenosaires.gob.ar\/museos\/museo-larreta\" target=\"_blank\">buenosaires.gob.ar\/museos\/museo-larreta<\/a><\/p>\n\n\n\n<hr class=\"wp-block-separator\"\/>\n\n\n\n<div style=\"height:10px\" aria-hidden=\"true\" class=\"wp-block-spacer\"><\/div>\n\n\n\n<iframe src=\"https:\/\/www.google.com\/maps\/embed?pb=!1m14!1m8!1m3!1d13142.78042863329!2d-58.4556291!3d-34.5612743!3m2!1i1024!2i768!4f13.1!3m3!1m2!1s0x0%3A0xedd3483149685e17!2sMuseo%20de%20Arte%20Espa%C3%B1ol%20Enrique%20Larreta!5e0!3m2!1ses!2sar!4v1651881182888!5m2!1ses!2sar\" width=\"678\" height=\"452\" style=\"border:0;\" allowfullscreen=\"\" loading=\"lazy\" referrerpolicy=\"no-referrer-when-downgrade\"><\/iframe>\n\n\n\n<div style=\"height:10px\" aria-hidden=\"true\" class=\"wp-block-spacer\"><\/div>\n\n\n\n<p><strong>Transportes Cercanos:<\/strong><br>Colectivos:&nbsp;15, 29, 41, 42, 44, 57, 59, 60, 63, 65, 67, 68, 80, 107, 113, 114, 133, 152, 161, 168, 184 y 194.<br>Subte: Estaci\u00f3n Juramento de la L\u00ednea D<\/p>\n\n\n\n<figure class=\"wp-block-image size-large is-resized\"><img loading=\"lazy\" decoding=\"async\" data-attachment-id=\"99\" data-permalink=\"https:\/\/www.comuna13online.com.ar\/?attachment_id=99\" data-orig-file=\"https:\/\/www.comuna13online.com.ar\/wp-content\/uploads\/2017\/12\/line.jpg\" data-orig-size=\"678,1\" data-comments-opened=\"0\" data-image-meta=\"{&quot;aperture&quot;:&quot;0&quot;,&quot;credit&quot;:&quot;&quot;,&quot;camera&quot;:&quot;&quot;,&quot;caption&quot;:&quot;&quot;,&quot;created_timestamp&quot;:&quot;0&quot;,&quot;copyright&quot;:&quot;&quot;,&quot;focal_length&quot;:&quot;0&quot;,&quot;iso&quot;:&quot;0&quot;,&quot;shutter_speed&quot;:&quot;0&quot;,&quot;title&quot;:&quot;&quot;,&quot;orientation&quot;:&quot;0&quot;}\" data-image-title=\"line\" data-image-description=\"\" data-image-caption=\"\" data-large-file=\"https:\/\/www.comuna13online.com.ar\/wp-content\/uploads\/2017\/12\/line.jpg\" src=\"http:\/\/www.comuna13online.com.ar\/wp-content\/uploads\/2017\/12\/line.jpg\" alt=\"\" class=\"wp-image-99\" width=\"678\" height=\"1\" srcset=\"https:\/\/www.comuna13online.com.ar\/wp-content\/uploads\/2017\/12\/line.jpg 678w, https:\/\/www.comuna13online.com.ar\/wp-content\/uploads\/2017\/12\/line-150x1.jpg 150w, https:\/\/www.comuna13online.com.ar\/wp-content\/uploads\/2017\/12\/line-326x1.jpg 326w, https:\/\/www.comuna13online.com.ar\/wp-content\/uploads\/2017\/12\/line-80x1.jpg 80w, https:\/\/www.comuna13online.com.ar\/wp-content\/uploads\/2017\/12\/line-272x1.jpg 272w\" sizes=\"auto, (max-width: 678px) 100vw, 678px\" \/><\/figure>\n\n\n\n<figure class=\"wp-block-image size-full\"><img loading=\"lazy\" decoding=\"async\" width=\"678\" height=\"180\" data-attachment-id=\"8918\" data-permalink=\"https:\/\/www.comuna13online.com.ar\/?attachment_id=8918\" data-orig-file=\"https:\/\/www.comuna13online.com.ar\/wp-content\/uploads\/2020\/04\/corona2.jpg\" data-orig-size=\"678,180\" data-comments-opened=\"0\" data-image-meta=\"{&quot;aperture&quot;:&quot;0&quot;,&quot;credit&quot;:&quot;&quot;,&quot;camera&quot;:&quot;&quot;,&quot;caption&quot;:&quot;&quot;,&quot;created_timestamp&quot;:&quot;0&quot;,&quot;copyright&quot;:&quot;&quot;,&quot;focal_length&quot;:&quot;0&quot;,&quot;iso&quot;:&quot;0&quot;,&quot;shutter_speed&quot;:&quot;0&quot;,&quot;title&quot;:&quot;&quot;,&quot;orientation&quot;:&quot;0&quot;}\" data-image-title=\"corona2\" data-image-description=\"\" data-image-caption=\"\" data-large-file=\"https:\/\/www.comuna13online.com.ar\/wp-content\/uploads\/2020\/04\/corona2.jpg\" src=\"http:\/\/www.comuna13online.com.ar\/wp-content\/uploads\/2020\/04\/corona2.jpg\" alt=\"\" class=\"wp-image-8918\"\/><\/figure>\n","protected":false},"excerpt":{"rendered":"<div class=\"mh-excerpt\">Se presenta la exhibici\u00f3n \u201cCuriosos\u201d, una selecci\u00f3n de arte y documentos del Museo Enrique Larreta y la obra sonora \u201cVos, yo y el tiempo que habitamos juntos\u201d, en el Jard\u00edn. <a class=\"mh-excerpt-more\" href=\"https:\/\/www.comuna13online.com.ar\/?p=15391\" title=\"Para celebrar su 60\u00ba aniversario, el Museo Larreta inaugura una exhibici\u00f3n y una obra sonora\">[&#8230;]<\/a><\/div>\n","protected":false},"author":1,"featured_media":13427,"comment_status":"closed","ping_status":"closed","sticky":false,"template":"","format":"standard","meta":{"_uag_custom_page_level_css":"","_jetpack_memberships_contains_paid_content":false,"footnotes":"","jetpack_publicize_message":"","jetpack_publicize_feature_enabled":true,"jetpack_social_post_already_shared":true,"jetpack_social_options":{"image_generator_settings":{"template":"highway","default_image_id":0,"font":"","enabled":false},"version":2}},"categories":[76],"tags":[19,250,296],"class_list":{"0":"post-15391","1":"post","2":"type-post","3":"status-publish","4":"format-standard","5":"has-post-thumbnail","7":"category-museos","8":"tag-comuna-13","9":"tag-h2","10":"tag-h3"},"jetpack_publicize_connections":[],"jetpack_featured_media_url":"https:\/\/www.comuna13online.com.ar\/wp-content\/uploads\/2021\/05\/210518a-id.jpg","uagb_featured_image_src":{"full":["https:\/\/www.comuna13online.com.ar\/wp-content\/uploads\/2021\/05\/210518a-id.jpg",678,452,false],"thumbnail":["https:\/\/www.comuna13online.com.ar\/wp-content\/uploads\/2021\/05\/210518a-id.jpg",128,85,false],"medium":["https:\/\/www.comuna13online.com.ar\/wp-content\/uploads\/2021\/05\/210518a-id.jpg",678,452,false],"medium_large":["https:\/\/www.comuna13online.com.ar\/wp-content\/uploads\/2021\/05\/210518a-id.jpg",678,452,false],"large":["https:\/\/www.comuna13online.com.ar\/wp-content\/uploads\/2021\/05\/210518a-id.jpg",678,452,false],"1536x1536":["https:\/\/www.comuna13online.com.ar\/wp-content\/uploads\/2021\/05\/210518a-id.jpg",678,452,false],"2048x2048":["https:\/\/www.comuna13online.com.ar\/wp-content\/uploads\/2021\/05\/210518a-id.jpg",678,452,false],"mh-magazine-slider":["https:\/\/www.comuna13online.com.ar\/wp-content\/uploads\/2021\/05\/210518a-id-678x438.jpg",678,438,true],"mh-magazine-content":["https:\/\/www.comuna13online.com.ar\/wp-content\/uploads\/2021\/05\/210518a-id-678x381.jpg",678,381,true],"mh-magazine-large":["https:\/\/www.comuna13online.com.ar\/wp-content\/uploads\/2021\/05\/210518a-id.jpg",678,452,false],"mh-magazine-medium":["https:\/\/www.comuna13online.com.ar\/wp-content\/uploads\/2021\/05\/210518a-id-326x245.jpg",326,245,true],"mh-magazine-small":["https:\/\/www.comuna13online.com.ar\/wp-content\/uploads\/2021\/05\/210518a-id-80x60.jpg",80,60,true],"sow-carousel-default":["https:\/\/www.comuna13online.com.ar\/wp-content\/uploads\/2021\/05\/210518a-id-272x182.jpg",272,182,true]},"uagb_author_info":{"display_name":"Comuna13","author_link":"https:\/\/www.comuna13online.com.ar\/?author=1"},"uagb_comment_info":0,"uagb_excerpt":"Se presenta la exhibici\u00f3n \u201cCuriosos\u201d, una selecci\u00f3n de arte y documentos del Museo Enrique Larreta y la obra sonora \u201cVos, yo y el tiempo que habitamos juntos\u201d, en el Jard\u00edn. [...]","jetpack_sharing_enabled":true,"_links":{"self":[{"href":"https:\/\/www.comuna13online.com.ar\/index.php?rest_route=\/wp\/v2\/posts\/15391","targetHints":{"allow":["GET"]}}],"collection":[{"href":"https:\/\/www.comuna13online.com.ar\/index.php?rest_route=\/wp\/v2\/posts"}],"about":[{"href":"https:\/\/www.comuna13online.com.ar\/index.php?rest_route=\/wp\/v2\/types\/post"}],"author":[{"embeddable":true,"href":"https:\/\/www.comuna13online.com.ar\/index.php?rest_route=\/wp\/v2\/users\/1"}],"replies":[{"embeddable":true,"href":"https:\/\/www.comuna13online.com.ar\/index.php?rest_route=%2Fwp%2Fv2%2Fcomments&post=15391"}],"version-history":[{"count":0,"href":"https:\/\/www.comuna13online.com.ar\/index.php?rest_route=\/wp\/v2\/posts\/15391\/revisions"}],"wp:featuredmedia":[{"embeddable":true,"href":"https:\/\/www.comuna13online.com.ar\/index.php?rest_route=\/wp\/v2\/media\/13427"}],"wp:attachment":[{"href":"https:\/\/www.comuna13online.com.ar\/index.php?rest_route=%2Fwp%2Fv2%2Fmedia&parent=15391"}],"wp:term":[{"taxonomy":"category","embeddable":true,"href":"https:\/\/www.comuna13online.com.ar\/index.php?rest_route=%2Fwp%2Fv2%2Fcategories&post=15391"},{"taxonomy":"post_tag","embeddable":true,"href":"https:\/\/www.comuna13online.com.ar\/index.php?rest_route=%2Fwp%2Fv2%2Ftags&post=15391"}],"curies":[{"name":"wp","href":"https:\/\/api.w.org\/{rel}","templated":true}]}}