{"id":15368,"date":"2022-05-13T09:00:00","date_gmt":"2022-05-13T12:00:00","guid":{"rendered":"http:\/\/www.comuna13online.com.ar\/?p=15368"},"modified":"2022-05-09T22:58:18","modified_gmt":"2022-05-10T01:58:18","slug":"la-ciudad-forma-parte-de-la-semana-mundial-del-parto-respetado","status":"publish","type":"post","link":"https:\/\/www.comuna13online.com.ar\/?p=15368","title":{"rendered":"La Ciudad forma parte de la Semana Mundial del Parto Respetado"},"content":{"rendered":"\n<p><strong>Se llevar\u00e1 adelante del 16 al 22 de mayo. En Argentina, el lema elegido para esta ocasi\u00f3n es \u201cMuchas formas de parir, los mismos derechos\u201d. A partir de esta consigna se reflexionar\u00e1 sobre las distintas maneras y elecciones que existen para transitar la gestaci\u00f3n.<\/strong><\/p>\n\n\n\n<figure class=\"wp-block-image size-full\"><img loading=\"lazy\" decoding=\"async\" width=\"678\" height=\"381\" data-attachment-id=\"15372\" data-permalink=\"https:\/\/www.comuna13online.com.ar\/?attachment_id=15372\" data-orig-file=\"https:\/\/www.comuna13online.com.ar\/wp-content\/uploads\/2022\/05\/20220513a_01.jpg\" data-orig-size=\"678,381\" data-comments-opened=\"0\" data-image-meta=\"{&quot;aperture&quot;:&quot;0&quot;,&quot;credit&quot;:&quot;&quot;,&quot;camera&quot;:&quot;&quot;,&quot;caption&quot;:&quot;&quot;,&quot;created_timestamp&quot;:&quot;0&quot;,&quot;copyright&quot;:&quot;&quot;,&quot;focal_length&quot;:&quot;0&quot;,&quot;iso&quot;:&quot;0&quot;,&quot;shutter_speed&quot;:&quot;0&quot;,&quot;title&quot;:&quot;&quot;,&quot;orientation&quot;:&quot;0&quot;}\" data-image-title=\"20220513a_01\" data-image-description=\"\" data-image-caption=\"\" data-large-file=\"https:\/\/www.comuna13online.com.ar\/wp-content\/uploads\/2022\/05\/20220513a_01.jpg\" src=\"http:\/\/www.comuna13online.com.ar\/wp-content\/uploads\/2022\/05\/20220513a_01.jpg\" alt=\"\" class=\"wp-image-15372\" \/><\/figure>\n\n\n\n<div style=\"height:10px\" aria-hidden=\"true\" class=\"wp-block-spacer\"><\/div>\n\n\n\n<p>Este a\u00f1o, la Semana Mundial del Parto Respetado se llevar\u00e1 adelante del 16 al 22 de mayo. Durante esos d\u00edas, tanto en la Ciudad como a nivel nacional, se pondr\u00e1 especial atenci\u00f3n a las distintas maneras y elecciones que existen para transitar la gestaci\u00f3n, el parto y el postparto. A su vez, se propone darles un mayor protagonismo a las propias personas gestantes y a sus familias durante todo el proceso. A su vez, en Argentina, el lema elegido para esta ocasi\u00f3n es:\u00a0<strong>\u201cMuchas formas de parir, los mismos derechos\u201d<\/strong>.<\/p>\n\n\n\n<p>Otros de los objetivos de la Semana ser\u00e1n los de recordar y destacar la garant\u00eda de la\u00a0<strong>Ley N\u00b0 25.929<\/strong>, a nivel nacional, sobre\u00a0<strong>Parto Humanizado<\/strong>; y la\u00a0<strong>N\u00b0 6.365<\/strong>, de\u00a0<strong>Parto Respetado y Atenci\u00f3n Perinatal<\/strong>, sancionada en la Ciudad Aut\u00f3noma de Buenos Aires, en\u00a0<strong>diciembre del 2020<\/strong>.<\/p>\n\n\n\n<div style=\"height:10px\" aria-hidden=\"true\" class=\"wp-block-spacer\"><\/div>\n\n\n\n<div class=\"wp-block-uagb-advanced-heading uagb-block-0cfef16a uagb-heading-text\"><h2 class=\"uagb-heading-text\"><a href=\"https:\/\/www.buenosaires.gob.ar\/sites\/gcaba\/files\/if-2022-14317883-gcaba-ssapac.pdf\"><strong>Gu\u00eda de Recomendaciones para personas Gestantes y Reci\u00e9n Nacidas<\/strong><\/a><\/h2><div class=\"uagb-separator-wrap\"><div class=\"uagb-separator\"><\/div><\/div><p class=\"uagb-desc-text\"><\/p><\/div>\n\n\n\n<div style=\"height:10px\" aria-hidden=\"true\" class=\"wp-block-spacer\"><\/div>\n\n\n\n<p>Ambas normas mencionadas contemplan ejes de marcada relevancia que deber\u00e1n ser tenidos en cuenta, como\u00a0<strong>discapacidad, interculturalidad, diversidad, acompa\u00f1amiento, posici\u00f3n al momento del parto, corresponsabilidad y puerperio dentro de la atenci\u00f3n perinatal<\/strong>, entre otros.<\/p>\n\n\n\n<p>Por su parte, este a\u00f1o, desde la Ciudad se public\u00f3 la primera\u00a0<strong>Gu\u00eda de Recomendaciones para personas Gestantes y Reci\u00e9n Nacidas<\/strong>. Se trata de un trabajo realizado en conjunto entre el Sector P\u00fablico y Privado de la salud y coordinado por los equipos de salud de Parto y Nacimiento de las maternidades de la Ciudad. All\u00ed se exponen las diferentes formas en la que se deben practicar los nacimientos y partos, junto a una serie de recomendaciones.<\/p>\n\n\n\n<p>Adem\u00e1s, los Centros de Salud y Hospitales recibir\u00e1n las experiencias y relatos de parto que quieran ser compartidas por sus protagonistas. Tambi\u00e9n, se brindar\u00e1 un correo electr\u00f3nico que funcionar\u00e1 como una herramienta para recibir sugerencias de parte de los y las protagonistas respecto al tema:\u00a0<strong>experienciasdeparto@buenosaires.gob.ar<\/strong><\/p>\n\n\n\n<p>Los&nbsp;<strong>derechos de los padres y los reci\u00e9n nacidos en el momento del nacimiento<\/strong>&nbsp;son tan importantes que merecieron el respaldo de una Ley Nacional, la&nbsp;<a href=\"http:\/\/servicios.infoleg.gob.ar\/infolegInternet\/anexos\/95000-99999\/98805\/norma.htm\" target=\"_blank\" rel=\"noreferrer noopener\">25.929<\/a>. Esto significa que rige en todos los lugares del pa\u00eds.<\/p>\n\n\n\n<p><strong>La ley garantiza<\/strong>, entre otros, tu derecho a:<\/p>\n\n\n\n<ul class=\"wp-block-list\"><li>Un parto normal, que respete tus tiempos.<\/li><li>Que no te discriminen.<\/li><li>Que se respete tu intimidad.<\/li><li>Elegir a la persona que te acompa\u00f1ar\u00e1 durante el trabajo de parto, el parto y el posparto.<\/li><li>Que tu beb\u00e9 est\u00e9 en su cuna a tu lado, durante toda la internaci\u00f3n (a menos que necesite cuidados especiales).<\/li><li>Que vos y tu familia reciban toda la informaci\u00f3n necesaria, en un lenguaje claro, sobre tu estado y la evoluci\u00f3n del parto y del beb\u00e9.<\/li><li>Conocer los beneficios de amamantar y los cuidados que necesitan tanto el reci\u00e9n nacido como vos en esta etapa de la vida.<\/li><li>Conocer los efectos negativos del&nbsp;<a href=\"https:\/\/www.argentina.gob.ar\/salud\/glosario\/tabaquismo\" target=\"_blank\" rel=\"noreferrer noopener\">tabaco<\/a>, el&nbsp;<a href=\"https:\/\/www.argentina.gob.ar\/salud\/salud-mental-y-adicciones\/consumo-responsable-de-alcohol\" target=\"_blank\" rel=\"noreferrer noopener\">alcohol<\/a>&nbsp;y las drogas.<\/li><\/ul>\n\n\n\n<p><\/p>\n\n\n\n<figure class=\"wp-block-image size-large is-resized\"><img loading=\"lazy\" decoding=\"async\" data-attachment-id=\"99\" data-permalink=\"https:\/\/www.comuna13online.com.ar\/?attachment_id=99\" data-orig-file=\"https:\/\/www.comuna13online.com.ar\/wp-content\/uploads\/2017\/12\/line.jpg\" data-orig-size=\"678,1\" data-comments-opened=\"0\" data-image-meta=\"{&quot;aperture&quot;:&quot;0&quot;,&quot;credit&quot;:&quot;&quot;,&quot;camera&quot;:&quot;&quot;,&quot;caption&quot;:&quot;&quot;,&quot;created_timestamp&quot;:&quot;0&quot;,&quot;copyright&quot;:&quot;&quot;,&quot;focal_length&quot;:&quot;0&quot;,&quot;iso&quot;:&quot;0&quot;,&quot;shutter_speed&quot;:&quot;0&quot;,&quot;title&quot;:&quot;&quot;,&quot;orientation&quot;:&quot;0&quot;}\" data-image-title=\"line\" data-image-description=\"\" data-image-caption=\"\" data-large-file=\"https:\/\/www.comuna13online.com.ar\/wp-content\/uploads\/2017\/12\/line.jpg\" src=\"http:\/\/www.comuna13online.com.ar\/wp-content\/uploads\/2017\/12\/line.jpg\" alt=\"\" class=\"wp-image-99\" width=\"678\" height=\"1\" srcset=\"https:\/\/www.comuna13online.com.ar\/wp-content\/uploads\/2017\/12\/line.jpg 678w, https:\/\/www.comuna13online.com.ar\/wp-content\/uploads\/2017\/12\/line-150x1.jpg 150w, https:\/\/www.comuna13online.com.ar\/wp-content\/uploads\/2017\/12\/line-326x1.jpg 326w, https:\/\/www.comuna13online.com.ar\/wp-content\/uploads\/2017\/12\/line-80x1.jpg 80w, https:\/\/www.comuna13online.com.ar\/wp-content\/uploads\/2017\/12\/line-272x1.jpg 272w\" sizes=\"auto, (max-width: 678px) 100vw, 678px\" \/><\/figure>\n\n\n\n<figure class=\"wp-block-image size-full\"><img loading=\"lazy\" decoding=\"async\" width=\"678\" height=\"180\" data-attachment-id=\"8918\" data-permalink=\"https:\/\/www.comuna13online.com.ar\/?attachment_id=8918\" data-orig-file=\"https:\/\/www.comuna13online.com.ar\/wp-content\/uploads\/2020\/04\/corona2.jpg\" data-orig-size=\"678,180\" data-comments-opened=\"0\" data-image-meta=\"{&quot;aperture&quot;:&quot;0&quot;,&quot;credit&quot;:&quot;&quot;,&quot;camera&quot;:&quot;&quot;,&quot;caption&quot;:&quot;&quot;,&quot;created_timestamp&quot;:&quot;0&quot;,&quot;copyright&quot;:&quot;&quot;,&quot;focal_length&quot;:&quot;0&quot;,&quot;iso&quot;:&quot;0&quot;,&quot;shutter_speed&quot;:&quot;0&quot;,&quot;title&quot;:&quot;&quot;,&quot;orientation&quot;:&quot;0&quot;}\" data-image-title=\"corona2\" data-image-description=\"\" data-image-caption=\"\" data-large-file=\"https:\/\/www.comuna13online.com.ar\/wp-content\/uploads\/2020\/04\/corona2.jpg\" src=\"http:\/\/www.comuna13online.com.ar\/wp-content\/uploads\/2020\/04\/corona2.jpg\" alt=\"\" class=\"wp-image-8918\"\/><\/figure>\n","protected":false},"excerpt":{"rendered":"<div class=\"mh-excerpt\">Se llevar\u00e1 adelante del 16 al 22 de mayo. En Argentina, el lema elegido para esta ocasi\u00f3n es \u201cMuchas formas de parir, los mismos derechos\u201d. A partir de esta consigna <a class=\"mh-excerpt-more\" href=\"https:\/\/www.comuna13online.com.ar\/?p=15368\" title=\"La Ciudad forma parte de la Semana Mundial del Parto Respetado\">[&#8230;]<\/a><\/div>\n","protected":false},"author":1,"featured_media":9709,"comment_status":"closed","ping_status":"closed","sticky":false,"template":"","format":"standard","meta":{"_uag_custom_page_level_css":"","_jetpack_memberships_contains_paid_content":false,"footnotes":"","jetpack_publicize_message":"","jetpack_publicize_feature_enabled":true,"jetpack_social_post_already_shared":true,"jetpack_social_options":{"image_generator_settings":{"template":"highway","default_image_id":0,"font":"","enabled":false},"version":2}},"categories":[44],"tags":[250,296,45],"class_list":{"0":"post-15368","1":"post","2":"type-post","3":"status-publish","4":"format-standard","5":"has-post-thumbnail","7":"category-salud","8":"tag-h2","9":"tag-h3","10":"tag-salud"},"jetpack_publicize_connections":[],"jetpack_featured_media_url":"https:\/\/www.comuna13online.com.ar\/wp-content\/uploads\/2020\/05\/20200519c.jpg","uagb_featured_image_src":{"full":["https:\/\/www.comuna13online.com.ar\/wp-content\/uploads\/2020\/05\/20200519c.jpg",1030,438,false],"thumbnail":["https:\/\/www.comuna13online.com.ar\/wp-content\/uploads\/2020\/05\/20200519c-150x150.jpg",96,96,true],"medium":["https:\/\/www.comuna13online.com.ar\/wp-content\/uploads\/2020\/05\/20200519c-678x288.jpg",678,288,true],"medium_large":["https:\/\/www.comuna13online.com.ar\/wp-content\/uploads\/2020\/05\/20200519c-768x327.jpg",768,327,true],"large":["https:\/\/www.comuna13online.com.ar\/wp-content\/uploads\/2020\/05\/20200519c.jpg",1030,438,false],"1536x1536":["https:\/\/www.comuna13online.com.ar\/wp-content\/uploads\/2020\/05\/20200519c.jpg",1030,438,false],"2048x2048":["https:\/\/www.comuna13online.com.ar\/wp-content\/uploads\/2020\/05\/20200519c.jpg",1030,438,false],"mh-magazine-slider":["https:\/\/www.comuna13online.com.ar\/wp-content\/uploads\/2020\/05\/20200519c.jpg",1030,438,false],"mh-magazine-content":["https:\/\/www.comuna13online.com.ar\/wp-content\/uploads\/2020\/05\/20200519c-678x381.jpg",678,381,true],"mh-magazine-large":["https:\/\/www.comuna13online.com.ar\/wp-content\/uploads\/2020\/05\/20200519c-678x438.jpg",678,438,true],"mh-magazine-medium":["https:\/\/www.comuna13online.com.ar\/wp-content\/uploads\/2020\/05\/20200519c-326x245.jpg",326,245,true],"mh-magazine-small":["https:\/\/www.comuna13online.com.ar\/wp-content\/uploads\/2020\/05\/20200519c-80x60.jpg",80,60,true],"sow-carousel-default":["https:\/\/www.comuna13online.com.ar\/wp-content\/uploads\/2020\/05\/20200519c-272x182.jpg",272,182,true]},"uagb_author_info":{"display_name":"Comuna13","author_link":"https:\/\/www.comuna13online.com.ar\/?author=1"},"uagb_comment_info":0,"uagb_excerpt":"Se llevar\u00e1 adelante del 16 al 22 de mayo. En Argentina, el lema elegido para esta ocasi\u00f3n es \u201cMuchas formas de parir, los mismos derechos\u201d. A partir de esta consigna [...]","jetpack_sharing_enabled":true,"_links":{"self":[{"href":"https:\/\/www.comuna13online.com.ar\/index.php?rest_route=\/wp\/v2\/posts\/15368","targetHints":{"allow":["GET"]}}],"collection":[{"href":"https:\/\/www.comuna13online.com.ar\/index.php?rest_route=\/wp\/v2\/posts"}],"about":[{"href":"https:\/\/www.comuna13online.com.ar\/index.php?rest_route=\/wp\/v2\/types\/post"}],"author":[{"embeddable":true,"href":"https:\/\/www.comuna13online.com.ar\/index.php?rest_route=\/wp\/v2\/users\/1"}],"replies":[{"embeddable":true,"href":"https:\/\/www.comuna13online.com.ar\/index.php?rest_route=%2Fwp%2Fv2%2Fcomments&post=15368"}],"version-history":[{"count":0,"href":"https:\/\/www.comuna13online.com.ar\/index.php?rest_route=\/wp\/v2\/posts\/15368\/revisions"}],"wp:featuredmedia":[{"embeddable":true,"href":"https:\/\/www.comuna13online.com.ar\/index.php?rest_route=\/wp\/v2\/media\/9709"}],"wp:attachment":[{"href":"https:\/\/www.comuna13online.com.ar\/index.php?rest_route=%2Fwp%2Fv2%2Fmedia&parent=15368"}],"wp:term":[{"taxonomy":"category","embeddable":true,"href":"https:\/\/www.comuna13online.com.ar\/index.php?rest_route=%2Fwp%2Fv2%2Fcategories&post=15368"},{"taxonomy":"post_tag","embeddable":true,"href":"https:\/\/www.comuna13online.com.ar\/index.php?rest_route=%2Fwp%2Fv2%2Ftags&post=15368"}],"curies":[{"name":"wp","href":"https:\/\/api.w.org\/{rel}","templated":true}]}}