{"id":15308,"date":"2022-04-29T17:33:18","date_gmt":"2022-04-29T20:33:18","guid":{"rendered":"http:\/\/www.comuna13online.com.ar\/?p=15308"},"modified":"2022-04-29T17:33:21","modified_gmt":"2022-04-29T20:33:21","slug":"fangio-lamarque-y-mafalda-tendran-sus-calles-en-la-ciudad","status":"publish","type":"post","link":"https:\/\/www.comuna13online.com.ar\/?p=15308","title":{"rendered":"Fangio, Lamarque y Mafalda tendr\u00e1n sus calles en la Ciudad"},"content":{"rendered":"\n<p><strong>Tambi\u00e9n Astor Piazzolla, Roberto S\u00e1nchez, Tita Merello, Virginia Woolf y Felicitas Guerrero tendr\u00e1n su nombre en diferentes arterias a propuesta de vecinos en nuevo desarrollo urban\u00edstico denominado Estaci\u00f3n Buenos Aires<\/strong><\/p>\n\n\n\n<figure class=\"wp-block-image size-full\"><img loading=\"lazy\" decoding=\"async\" width=\"678\" height=\"381\" data-attachment-id=\"15309\" data-permalink=\"https:\/\/www.comuna13online.com.ar\/?attachment_id=15309\" data-orig-file=\"https:\/\/www.comuna13online.com.ar\/wp-content\/uploads\/2022\/04\/20220429b_01.jpg\" data-orig-size=\"678,381\" data-comments-opened=\"0\" data-image-meta=\"{&quot;aperture&quot;:&quot;0&quot;,&quot;credit&quot;:&quot;&quot;,&quot;camera&quot;:&quot;&quot;,&quot;caption&quot;:&quot;&quot;,&quot;created_timestamp&quot;:&quot;0&quot;,&quot;copyright&quot;:&quot;&quot;,&quot;focal_length&quot;:&quot;0&quot;,&quot;iso&quot;:&quot;0&quot;,&quot;shutter_speed&quot;:&quot;0&quot;,&quot;title&quot;:&quot;&quot;,&quot;orientation&quot;:&quot;0&quot;}\" data-image-title=\"20220429b_01\" data-image-description=\"\" data-image-caption=\"\" data-large-file=\"https:\/\/www.comuna13online.com.ar\/wp-content\/uploads\/2022\/04\/20220429b_01.jpg\" src=\"http:\/\/www.comuna13online.com.ar\/wp-content\/uploads\/2022\/04\/20220429b_01.jpg\" alt=\"\" class=\"wp-image-15309\"\/><\/figure>\n\n\n\n<p>Juan Manuel Fangio, Libertad Lamarque, Astor Piazzolla, Mafalda, Roberto S\u00e1nchez, Tita Merello, Virginia Woolf y Felicitas Guerrero es la nomenclatura de las ocho v\u00edas de circulaci\u00f3n del desarrollo urban\u00edstico \u00abEstaci\u00f3n Buenos Aires\u00bb situado en la zona sur de la Ciudad, que fueron aprobadas este jueves. La nueva urbanizaci\u00f3n se encuentra en el barrio Parque Patricios &#8211; Comuna 4, son 56 edificios con terrazas y espacios verdes que tienen m\u00e1s de 2300 departamentos de 1 a 4 ambientes.<\/p>\n\n\n\n<p>Tras las intervenciones de 10 minutos por bloque la aprobaci\u00f3n definitiva que fue por unanimidad, corona un proceso participativo de vecinos invitados entre el 5 de abril y el 4 de agosto del a\u00f1o pasado a proponer y votar nombres de las v\u00edas de circulaci\u00f3n a trav\u00e9s de la plataforma de c\u00f3digo abierto \u201cAll Our Ideas\u201d creada por la universidad estadounidense de Princeton. El sistema permite realizar votaciones por pares, y presenta sucesivos pares de ideas que culminan en un listado ponderado por los votantes. No s\u00f3lo permiti\u00f3 elegir entre un par de los seis nombres iniciales sugeridos por un grupo de vecinos sino tambi\u00e9n introducir una idea propia, la cual una vez moderada pas\u00f3 a formar parte del listado de nombres a elegir. M\u00e1s de 500 vecinos propusieron 162 nombres que fueron votados 10.532 veces.<\/p>\n\n\n\n<p>La propuesta tom\u00f3 estado parlamentario a trav\u00e9s de un proyecto que firm\u00f3 la diputada Paola Michielotto (VJ). En el tratamiento legislativo intervinieron la Direcci\u00f3n General de Patrimonio, Museo y Casco Hist\u00f3rico dependiente del Ministerio de Cultura y la Comisi\u00f3n de Nomenclatura. Tuvo aprobaci\u00f3n inicial el 9 de diciembre pasado y conforme lo dispuesto en los art\u00edculos 89 inc. 3 y 90 de la Constituci\u00f3n porte\u00f1a, el 5 de abril \u00faltimo se realiz\u00f3 la Audiencia P\u00fablica.<\/p>\n\n\n\n<p class=\"has-text-align-right\"><sub><em>Fuente: <strong>D.G. Prensa Legislatura C.A.B.A.<\/strong><\/em><\/sub><\/p>\n\n\n\n<figure class=\"wp-block-image size-large is-resized\"><img loading=\"lazy\" decoding=\"async\" data-attachment-id=\"99\" data-permalink=\"https:\/\/www.comuna13online.com.ar\/?attachment_id=99\" data-orig-file=\"https:\/\/www.comuna13online.com.ar\/wp-content\/uploads\/2017\/12\/line.jpg\" data-orig-size=\"678,1\" data-comments-opened=\"0\" data-image-meta=\"{&quot;aperture&quot;:&quot;0&quot;,&quot;credit&quot;:&quot;&quot;,&quot;camera&quot;:&quot;&quot;,&quot;caption&quot;:&quot;&quot;,&quot;created_timestamp&quot;:&quot;0&quot;,&quot;copyright&quot;:&quot;&quot;,&quot;focal_length&quot;:&quot;0&quot;,&quot;iso&quot;:&quot;0&quot;,&quot;shutter_speed&quot;:&quot;0&quot;,&quot;title&quot;:&quot;&quot;,&quot;orientation&quot;:&quot;0&quot;}\" data-image-title=\"line\" data-image-description=\"\" data-image-caption=\"\" data-large-file=\"https:\/\/www.comuna13online.com.ar\/wp-content\/uploads\/2017\/12\/line.jpg\" src=\"http:\/\/www.comuna13online.com.ar\/wp-content\/uploads\/2017\/12\/line.jpg\" alt=\"\" class=\"wp-image-99\" width=\"678\" height=\"1\" srcset=\"https:\/\/www.comuna13online.com.ar\/wp-content\/uploads\/2017\/12\/line.jpg 678w, https:\/\/www.comuna13online.com.ar\/wp-content\/uploads\/2017\/12\/line-150x1.jpg 150w, https:\/\/www.comuna13online.com.ar\/wp-content\/uploads\/2017\/12\/line-326x1.jpg 326w, https:\/\/www.comuna13online.com.ar\/wp-content\/uploads\/2017\/12\/line-80x1.jpg 80w, https:\/\/www.comuna13online.com.ar\/wp-content\/uploads\/2017\/12\/line-272x1.jpg 272w\" sizes=\"auto, (max-width: 678px) 100vw, 678px\" \/><\/figure>\n\n\n\n<figure class=\"wp-block-image size-full\"><img loading=\"lazy\" decoding=\"async\" width=\"678\" height=\"180\" data-attachment-id=\"8918\" data-permalink=\"https:\/\/www.comuna13online.com.ar\/?attachment_id=8918\" data-orig-file=\"https:\/\/www.comuna13online.com.ar\/wp-content\/uploads\/2020\/04\/corona2.jpg\" data-orig-size=\"678,180\" data-comments-opened=\"0\" data-image-meta=\"{&quot;aperture&quot;:&quot;0&quot;,&quot;credit&quot;:&quot;&quot;,&quot;camera&quot;:&quot;&quot;,&quot;caption&quot;:&quot;&quot;,&quot;created_timestamp&quot;:&quot;0&quot;,&quot;copyright&quot;:&quot;&quot;,&quot;focal_length&quot;:&quot;0&quot;,&quot;iso&quot;:&quot;0&quot;,&quot;shutter_speed&quot;:&quot;0&quot;,&quot;title&quot;:&quot;&quot;,&quot;orientation&quot;:&quot;0&quot;}\" data-image-title=\"corona2\" data-image-description=\"\" data-image-caption=\"\" data-large-file=\"https:\/\/www.comuna13online.com.ar\/wp-content\/uploads\/2020\/04\/corona2.jpg\" src=\"http:\/\/www.comuna13online.com.ar\/wp-content\/uploads\/2020\/04\/corona2.jpg\" alt=\"\" class=\"wp-image-8918\"\/><\/figure>\n","protected":false},"excerpt":{"rendered":"<div class=\"mh-excerpt\">Tambi\u00e9n Astor Piazzolla, Roberto S\u00e1nchez, Tita Merello, Virginia Woolf y Felicitas Guerrero tendr\u00e1n su nombre en diferentes arterias a propuesta de vecinos en nuevo desarrollo urban\u00edstico denominado Estaci\u00f3n Buenos Aires <a class=\"mh-excerpt-more\" href=\"https:\/\/www.comuna13online.com.ar\/?p=15308\" title=\"Fangio, Lamarque y Mafalda tendr\u00e1n sus calles en la Ciudad\">[&#8230;]<\/a><\/div>\n","protected":false},"author":1,"featured_media":15310,"comment_status":"closed","ping_status":"closed","sticky":false,"template":"","format":"standard","meta":{"_uag_custom_page_level_css":"","_jetpack_memberships_contains_paid_content":false,"footnotes":"","jetpack_publicize_message":"","jetpack_publicize_feature_enabled":true,"jetpack_social_post_already_shared":true,"jetpack_social_options":{"image_generator_settings":{"template":"highway","default_image_id":0,"font":"","enabled":false},"version":2}},"categories":[9],"tags":[187,250,296,7,54],"class_list":{"0":"post-15308","1":"post","2":"type-post","3":"status-publish","4":"format-standard","5":"has-post-thumbnail","7":"category-ciudad","8":"tag-ciudad","9":"tag-h2","10":"tag-h3","11":"tag-legislatura","12":"tag-transito"},"jetpack_publicize_connections":[],"jetpack_featured_media_url":"https:\/\/www.comuna13online.com.ar\/wp-content\/uploads\/2022\/04\/20220429b_id.jpg","uagb_featured_image_src":{"full":["https:\/\/www.comuna13online.com.ar\/wp-content\/uploads\/2022\/04\/20220429b_id.jpg",678,452,false],"thumbnail":["https:\/\/www.comuna13online.com.ar\/wp-content\/uploads\/2022\/04\/20220429b_id.jpg",128,85,false],"medium":["https:\/\/www.comuna13online.com.ar\/wp-content\/uploads\/2022\/04\/20220429b_id.jpg",678,452,false],"medium_large":["https:\/\/www.comuna13online.com.ar\/wp-content\/uploads\/2022\/04\/20220429b_id.jpg",678,452,false],"large":["https:\/\/www.comuna13online.com.ar\/wp-content\/uploads\/2022\/04\/20220429b_id.jpg",678,452,false],"1536x1536":["https:\/\/www.comuna13online.com.ar\/wp-content\/uploads\/2022\/04\/20220429b_id.jpg",678,452,false],"2048x2048":["https:\/\/www.comuna13online.com.ar\/wp-content\/uploads\/2022\/04\/20220429b_id.jpg",678,452,false],"mh-magazine-slider":["https:\/\/www.comuna13online.com.ar\/wp-content\/uploads\/2022\/04\/20220429b_id-678x438.jpg",678,438,true],"mh-magazine-content":["https:\/\/www.comuna13online.com.ar\/wp-content\/uploads\/2022\/04\/20220429b_id-678x381.jpg",678,381,true],"mh-magazine-large":["https:\/\/www.comuna13online.com.ar\/wp-content\/uploads\/2022\/04\/20220429b_id.jpg",678,452,false],"mh-magazine-medium":["https:\/\/www.comuna13online.com.ar\/wp-content\/uploads\/2022\/04\/20220429b_id-326x245.jpg",326,245,true],"mh-magazine-small":["https:\/\/www.comuna13online.com.ar\/wp-content\/uploads\/2022\/04\/20220429b_id-80x60.jpg",80,60,true],"sow-carousel-default":["https:\/\/www.comuna13online.com.ar\/wp-content\/uploads\/2022\/04\/20220429b_id-272x182.jpg",272,182,true]},"uagb_author_info":{"display_name":"Comuna13","author_link":"https:\/\/www.comuna13online.com.ar\/?author=1"},"uagb_comment_info":0,"uagb_excerpt":"Tambi\u00e9n Astor Piazzolla, Roberto S\u00e1nchez, Tita Merello, Virginia Woolf y Felicitas Guerrero tendr\u00e1n su nombre en diferentes arterias a propuesta de vecinos en nuevo desarrollo urban\u00edstico denominado Estaci\u00f3n Buenos Aires [...]","jetpack_sharing_enabled":true,"_links":{"self":[{"href":"https:\/\/www.comuna13online.com.ar\/index.php?rest_route=\/wp\/v2\/posts\/15308","targetHints":{"allow":["GET"]}}],"collection":[{"href":"https:\/\/www.comuna13online.com.ar\/index.php?rest_route=\/wp\/v2\/posts"}],"about":[{"href":"https:\/\/www.comuna13online.com.ar\/index.php?rest_route=\/wp\/v2\/types\/post"}],"author":[{"embeddable":true,"href":"https:\/\/www.comuna13online.com.ar\/index.php?rest_route=\/wp\/v2\/users\/1"}],"replies":[{"embeddable":true,"href":"https:\/\/www.comuna13online.com.ar\/index.php?rest_route=%2Fwp%2Fv2%2Fcomments&post=15308"}],"version-history":[{"count":0,"href":"https:\/\/www.comuna13online.com.ar\/index.php?rest_route=\/wp\/v2\/posts\/15308\/revisions"}],"wp:featuredmedia":[{"embeddable":true,"href":"https:\/\/www.comuna13online.com.ar\/index.php?rest_route=\/wp\/v2\/media\/15310"}],"wp:attachment":[{"href":"https:\/\/www.comuna13online.com.ar\/index.php?rest_route=%2Fwp%2Fv2%2Fmedia&parent=15308"}],"wp:term":[{"taxonomy":"category","embeddable":true,"href":"https:\/\/www.comuna13online.com.ar\/index.php?rest_route=%2Fwp%2Fv2%2Fcategories&post=15308"},{"taxonomy":"post_tag","embeddable":true,"href":"https:\/\/www.comuna13online.com.ar\/index.php?rest_route=%2Fwp%2Fv2%2Ftags&post=15308"}],"curies":[{"name":"wp","href":"https:\/\/api.w.org\/{rel}","templated":true}]}}