{"id":1520,"date":"2018-05-10T17:49:41","date_gmt":"2018-05-10T20:49:41","guid":{"rendered":"http:\/\/www.comuna13online.com.ar\/?p=1520"},"modified":"2018-05-10T17:54:32","modified_gmt":"2018-05-10T20:54:32","slug":"ciclo-de-musica-clasica-en-la-legislatura-orquesta-sinfonica-de-la-prefectura-naval-argentina","status":"publish","type":"post","link":"https:\/\/www.comuna13online.com.ar\/?p=1520","title":{"rendered":"Ciclo de M\u00fasica Cl\u00e1sica en la Legislatura: Orquesta Sinf\u00f3nica de la Prefectura Naval Argentina"},"content":{"rendered":"<p><strong>El Ciclo de M\u00fasica Cl\u00e1sica de la Legislatura en su 13\u00b0 temporada presenta a la Orquesta Sinf\u00f3nica de la Prefectura Naval Argentina,\u00a0viernes a las 19, entrada libre y gratuita.<\/strong><\/p>\n<p><img loading=\"lazy\" decoding=\"async\" data-attachment-id=\"1524\" data-permalink=\"https:\/\/www.comuna13online.com.ar\/?attachment_id=1524\" data-orig-file=\"https:\/\/www.comuna13online.com.ar\/wp-content\/uploads\/2018\/05\/20180510e1.jpg\" data-orig-size=\"678,383\" data-comments-opened=\"0\" data-image-meta=\"{&quot;aperture&quot;:&quot;0&quot;,&quot;credit&quot;:&quot;&quot;,&quot;camera&quot;:&quot;&quot;,&quot;caption&quot;:&quot;&quot;,&quot;created_timestamp&quot;:&quot;0&quot;,&quot;copyright&quot;:&quot;&quot;,&quot;focal_length&quot;:&quot;0&quot;,&quot;iso&quot;:&quot;0&quot;,&quot;shutter_speed&quot;:&quot;0&quot;,&quot;title&quot;:&quot;&quot;,&quot;orientation&quot;:&quot;0&quot;}\" data-image-title=\"20180510e1\" data-image-description=\"\" data-image-caption=\"\" data-large-file=\"https:\/\/www.comuna13online.com.ar\/wp-content\/uploads\/2018\/05\/20180510e1.jpg\" class=\"alignnone size-full wp-image-1524\" src=\"http:\/\/www.comuna13online.com.ar\/wp-content\/uploads\/2018\/05\/20180510e1.jpg\" alt=\"\" width=\"678\" height=\"383\" \/><\/p>\n<p>El Ciclo de M\u00fasica Cl\u00e1sica es organizado por Acci\u00f3n Cultural de la Direcci\u00f3n General de Cultura de la Legislatura de la Ciudad de Buenos Aires\u00a0 y bajo la direcci\u00f3n art\u00edstica del Lic. Carlos Carmona. El ciclo se desarrolla de marzo a diciembre todos los viernes a las 19 horas en los salones del parlamento porte\u00f1o.<\/p>\n<p>En su d\u00e9cimo tercer temporada, este viernes 20 de abril, el Ciclo M\u00fasica Cl\u00e1sica en la Legislatura presenta una funci\u00f3n de la Orquesta Sinf\u00f3nica de la Prefectura Naval Argentina, a las 19:00 horas en el Sal\u00f3n San Mart\u00edn de la Legislatura porte\u00f1a (Per\u00fa 160).\u00a0<strong>Entrada libre y gratuita.<\/strong><\/p>\n<p><strong>Orquesta Sinf\u00f3nica de la Prefectura Naval Argentina<\/strong><\/p>\n<p>Como resultado del proceso natural de evoluci\u00f3n y desarrollo de\u00a0 la Banda Sinf\u00f3nica de la Prefectura Naval Argentina, que hab\u00eda sido creada en 2007, en 2011 se cre\u00f3 la Orquesta Sinf\u00f3nica de la Prefectura Naval Argentina, que cuenta con cuarenta y cinco instrumentistas realizando su primera presentaci\u00f3n en la Bas\u00edlica Nuestra Se\u00f1ora\u00a0 de la Guarda de\u00a0 Quilmes el 22 de noviembre\u00a0 de\u00a0\u00a0 dicho a\u00f1o.<\/p>\n<p>A pesar\u00a0 del corto tiempo transcurrido desde su creaci\u00f3n, esta orquesta ha realizado m\u00faltiples conciertos.<\/p>\n<p>El espectro de autores que componen el repertorio de la Orquesta es,\u00a0 ciertamente, amplio:\u00a0 Beethoven, Rossini, Tchaikovsky, Dvorak, Brahms, Strauss, Ravel, Ginastera, Piazzola, Fresedo, Matos Rodriguez, etc.<\/p>\n<p>Entre los g\u00e9neros musicales que interpreta se destacan: acad\u00e9mico, popular, tango, folklore, y bandas sonoras de pel\u00edculas. Su Director Titular es\u00a0 el Maestro Martin Gabriel Caila.<\/p>\n<div align=\"center\"><iframe loading=\"lazy\" style=\"border: none; overflow: hidden;\" src=\"https:\/\/www.facebook.com\/plugins\/video.php?href=https%3A%2F%2Fwww.facebook.com%2Fcentrocomercialeindustrial.delanus%2Fvideos%2F1214030872065376%2F&amp;show_text=0&amp;width=678\" width=\"678\" height=\"381\" frameborder=\"0\" scrolling=\"no\" allowfullscreen=\"allowfullscreen\"><span data-mce-type=\"bookmark\" style=\"display: inline-block; width: 0px; overflow: hidden; line-height: 0;\" class=\"mce_SELRES_start\">\ufeff<\/span><\/iframe><\/div>\n<p><span style=\"color: #3366ff;\"><strong>Programa<\/strong><\/span><\/p>\n<p><strong>Sinfon\u00eda 25 Mozart en Sol menor<\/strong><\/p>\n<ul>\n<li>Allegro con br\u00edo<\/li>\n<li>Andante<\/li>\n<li>Menuetto<\/li>\n<li>Allegro<\/li>\n<\/ul>\n<p><strong>Concierto viol\u00edn y orquesta en Mi menor op. 64 Mendelssohn Bartholdy<\/strong><\/p>\n<p>Solista Geronimo Contreras<\/p>\n<ul>\n<li>Allegro molto appassionato<\/li>\n<li>Andante<\/li>\n<li>Allegretto non troppo-allegro molto vivace<\/li>\n<\/ul>\n<p><strong>Marcha H\u00fangara Berlioz<\/strong><\/p>\n<p><strong>Zita\u00a0 Piazzolla<\/strong><\/p>\n<p>&nbsp;<\/p>\n<p><span style=\"color: #008080;\"><strong>Pr\u00f3xima Funci\u00f3n:<\/strong><\/span><br \/>\nViernes 18 de mayo &#8211; 19 hs: Orquesta Sinf\u00f3nica del Consejo Profesional de Ciencias Econ\u00f3micas<br \/>\nSal\u00f3n San Mart\u00edn.<\/p>\n<hr \/>\n<p>Viernes 20 de abril 19 horas.<br \/>\n<strong>Legislatura de la Ciudad de Bs. As.<\/strong><br \/>\nSal\u00f3n Presidente Alfons\u00edn.<br \/>\nPer\u00fa 160, Monserrat &#8211;\u00a0CABA<\/p>\n<p><iframe loading=\"lazy\" style=\"border: 0;\" src=\"https:\/\/www.google.com\/maps\/embed?pb=!1m18!1m12!1m3!1d3283.7806821471086!2d-58.37681368575423!3d-34.60970698045786!2m3!1f0!2f0!3f0!3m2!1i1024!2i768!4f13.1!3m3!1m2!1s0x95bccad38362e26f%3A0x6418876876db3edc!2sLegislatura+de+la+Ciudad+Aut%C3%B3noma+de+Buenos+Aires!5e0!3m2!1ses!2sar!4v1521127067184\" width=\"300\" height=\"250\" frameborder=\"0\" allowfullscreen=\"allowfullscreen\"><\/iframe><\/p>\n<p><strong>Transportes Cercanos:<\/strong><\/p>\n<p>Colectivos:\u00a02, 7, 8, 22, 24, 28, 29, 33, 50, 56, 61, 62, 64, 74, 86, 91, 93, 103, 105, 111, 126, 130, 143, 146, 152, 159 y 195.<\/p>\n<p>Subtes:<\/p>\n<p>&#8211; Estaci\u00f3n Belgrano y Bolivar de la L\u00ednea E.<br \/>\n&#8211; Estaci\u00f3n catedral de la L\u00ednea D.<br \/>\n&#8211; Estaci\u00f3n Per\u00fa,\u00a0Piedras y Plaza de Mayo de la L\u00ednea .<\/p>\n","protected":false},"excerpt":{"rendered":"<div class=\"mh-excerpt\">El Ciclo de M\u00fasica Cl\u00e1sica de la Legislatura en su 13\u00b0 temporada presenta a la Orquesta Sinf\u00f3nica de la Prefectura Naval Argentina,\u00a0viernes a las 19, entrada libre y gratuita. El <a class=\"mh-excerpt-more\" href=\"https:\/\/www.comuna13online.com.ar\/?p=1520\" title=\"Ciclo de M\u00fasica Cl\u00e1sica en la Legislatura: Orquesta Sinf\u00f3nica de la Prefectura Naval Argentina\">[&#8230;]<\/a><\/div>\n","protected":false},"author":1,"featured_media":886,"comment_status":"closed","ping_status":"closed","sticky":false,"template":"","format":"standard","meta":{"_uag_custom_page_level_css":"","_jetpack_memberships_contains_paid_content":false,"footnotes":"","jetpack_publicize_message":"","jetpack_publicize_feature_enabled":true,"jetpack_social_post_already_shared":true,"jetpack_social_options":{"image_generator_settings":{"template":"highway","default_image_id":0,"font":"","enabled":false},"version":2}},"categories":[89],"tags":[139,7,98,71],"class_list":{"0":"post-1520","1":"post","2":"type-post","3":"status-publish","4":"format-standard","5":"has-post-thumbnail","7":"category-musica","8":"tag-ciclo-musica-clasica","9":"tag-legislatura","10":"tag-musica","11":"tag-tiempo-libre"},"jetpack_publicize_connections":[],"jetpack_featured_media_url":"https:\/\/www.comuna13online.com.ar\/wp-content\/uploads\/2018\/03\/ciclo-musica-clasica.jpg","uagb_featured_image_src":{"full":["https:\/\/www.comuna13online.com.ar\/wp-content\/uploads\/2018\/03\/ciclo-musica-clasica.jpg",1030,438,false],"thumbnail":["https:\/\/www.comuna13online.com.ar\/wp-content\/uploads\/2018\/03\/ciclo-musica-clasica-150x150.jpg",96,96,true],"medium":["https:\/\/www.comuna13online.com.ar\/wp-content\/uploads\/2018\/03\/ciclo-musica-clasica-678x288.jpg",678,288,true],"medium_large":["https:\/\/www.comuna13online.com.ar\/wp-content\/uploads\/2018\/03\/ciclo-musica-clasica-768x327.jpg",768,327,true],"large":["https:\/\/www.comuna13online.com.ar\/wp-content\/uploads\/2018\/03\/ciclo-musica-clasica.jpg",1030,438,false],"1536x1536":["https:\/\/www.comuna13online.com.ar\/wp-content\/uploads\/2018\/03\/ciclo-musica-clasica.jpg",1030,438,false],"2048x2048":["https:\/\/www.comuna13online.com.ar\/wp-content\/uploads\/2018\/03\/ciclo-musica-clasica.jpg",1030,438,false],"mh-magazine-slider":["https:\/\/www.comuna13online.com.ar\/wp-content\/uploads\/2018\/03\/ciclo-musica-clasica.jpg",1030,438,false],"mh-magazine-content":["https:\/\/www.comuna13online.com.ar\/wp-content\/uploads\/2018\/03\/ciclo-musica-clasica-678x381.jpg",678,381,true],"mh-magazine-large":["https:\/\/www.comuna13online.com.ar\/wp-content\/uploads\/2018\/03\/ciclo-musica-clasica-678x438.jpg",678,438,true],"mh-magazine-medium":["https:\/\/www.comuna13online.com.ar\/wp-content\/uploads\/2018\/03\/ciclo-musica-clasica-326x245.jpg",326,245,true],"mh-magazine-small":["https:\/\/www.comuna13online.com.ar\/wp-content\/uploads\/2018\/03\/ciclo-musica-clasica-80x60.jpg",80,60,true],"sow-carousel-default":["https:\/\/www.comuna13online.com.ar\/wp-content\/uploads\/2018\/03\/ciclo-musica-clasica-272x182.jpg",272,182,true]},"uagb_author_info":{"display_name":"Comuna13","author_link":"https:\/\/www.comuna13online.com.ar\/?author=1"},"uagb_comment_info":0,"uagb_excerpt":"El Ciclo de M\u00fasica Cl\u00e1sica de la Legislatura en su 13\u00b0 temporada presenta a la Orquesta Sinf\u00f3nica de la Prefectura Naval Argentina,\u00a0viernes a las 19, entrada libre y gratuita. El [...]","jetpack_sharing_enabled":true,"_links":{"self":[{"href":"https:\/\/www.comuna13online.com.ar\/index.php?rest_route=\/wp\/v2\/posts\/1520","targetHints":{"allow":["GET"]}}],"collection":[{"href":"https:\/\/www.comuna13online.com.ar\/index.php?rest_route=\/wp\/v2\/posts"}],"about":[{"href":"https:\/\/www.comuna13online.com.ar\/index.php?rest_route=\/wp\/v2\/types\/post"}],"author":[{"embeddable":true,"href":"https:\/\/www.comuna13online.com.ar\/index.php?rest_route=\/wp\/v2\/users\/1"}],"replies":[{"embeddable":true,"href":"https:\/\/www.comuna13online.com.ar\/index.php?rest_route=%2Fwp%2Fv2%2Fcomments&post=1520"}],"version-history":[{"count":0,"href":"https:\/\/www.comuna13online.com.ar\/index.php?rest_route=\/wp\/v2\/posts\/1520\/revisions"}],"wp:featuredmedia":[{"embeddable":true,"href":"https:\/\/www.comuna13online.com.ar\/index.php?rest_route=\/wp\/v2\/media\/886"}],"wp:attachment":[{"href":"https:\/\/www.comuna13online.com.ar\/index.php?rest_route=%2Fwp%2Fv2%2Fmedia&parent=1520"}],"wp:term":[{"taxonomy":"category","embeddable":true,"href":"https:\/\/www.comuna13online.com.ar\/index.php?rest_route=%2Fwp%2Fv2%2Fcategories&post=1520"},{"taxonomy":"post_tag","embeddable":true,"href":"https:\/\/www.comuna13online.com.ar\/index.php?rest_route=%2Fwp%2Fv2%2Ftags&post=1520"}],"curies":[{"name":"wp","href":"https:\/\/api.w.org\/{rel}","templated":true}]}}