{"id":15198,"date":"2022-04-14T10:34:00","date_gmt":"2022-04-14T13:34:00","guid":{"rendered":"http:\/\/www.comuna13online.com.ar\/?p=15198"},"modified":"2022-04-18T11:06:31","modified_gmt":"2022-04-18T14:06:31","slug":"feria-de-pascuas-en-el-mercado-de-pulgas","status":"publish","type":"post","link":"https:\/\/www.comuna13online.com.ar\/?p=15198","title":{"rendered":"Feria de Pascuas en el Mercado de Pulgas"},"content":{"rendered":"\n<p><strong>Este s\u00e1bado de las 12 Sabe la Tierra propone una feria de puras delicias, roscas, huevos de pascuas y productos ricos y sanos. Adem\u00e1s, habr\u00e1 talleres y m\u00fasica en vivo. La entrada es libre y gratuita.<\/strong><\/p>\n\n\n\n<figure class=\"wp-block-image size-full\"><img loading=\"lazy\" decoding=\"async\" width=\"678\" height=\"452\" data-attachment-id=\"15201\" data-permalink=\"https:\/\/www.comuna13online.com.ar\/?attachment_id=15201\" data-orig-file=\"https:\/\/www.comuna13online.com.ar\/wp-content\/uploads\/2022\/04\/20220414a_01.jpg\" data-orig-size=\"678,452\" data-comments-opened=\"0\" data-image-meta=\"{&quot;aperture&quot;:&quot;0&quot;,&quot;credit&quot;:&quot;&quot;,&quot;camera&quot;:&quot;&quot;,&quot;caption&quot;:&quot;&quot;,&quot;created_timestamp&quot;:&quot;0&quot;,&quot;copyright&quot;:&quot;&quot;,&quot;focal_length&quot;:&quot;0&quot;,&quot;iso&quot;:&quot;0&quot;,&quot;shutter_speed&quot;:&quot;0&quot;,&quot;title&quot;:&quot;&quot;,&quot;orientation&quot;:&quot;0&quot;}\" data-image-title=\"20220414a_01\" data-image-description=\"\" data-image-caption=\"\" data-large-file=\"https:\/\/www.comuna13online.com.ar\/wp-content\/uploads\/2022\/04\/20220414a_01.jpg\" src=\"http:\/\/www.comuna13online.com.ar\/wp-content\/uploads\/2022\/04\/20220414a_01.jpg\" alt=\"\" class=\"wp-image-15201\" srcset=\"https:\/\/www.comuna13online.com.ar\/wp-content\/uploads\/2022\/04\/20220414a_01.jpg 678w, https:\/\/www.comuna13online.com.ar\/wp-content\/uploads\/2022\/04\/20220414a_01-272x182.jpg 272w\" sizes=\"auto, (max-width: 678px) 100vw, 678px\" \/><\/figure>\n\n\n\n<p>Este s\u00e1bado 16 de abril de 12 a 20 horas se realizar\u00e1 la <strong>Feria de Pascuas<\/strong>, una propuesta gastron\u00f3mica y de disfrute en Colegiales.  Concepci\u00f3n Arenal y Enrique Mart\u00ednez en la Comuna 13,<\/p>\n\n\n\n<p>Habr\u00e1 30 puestos de la feria Sabe la Tierra con roscas y huevos de Pascua; y muchos otros productos sanos, ricos y saludables. Entre las actividades programadas se dictar\u00e1n talleres de huevos de Pascua \u201ccon tu nombre\u201d y bandas de m\u00fasica en vivo. <\/p>\n\n\n\n<p>Adem\u00e1s, habr\u00e1 un espacio de concientizaci\u00f3n sobre la separaci\u00f3n de residuos y el reciclaje; que contar\u00e1 con juegos sustentables e interactivos como el Simulador Misi\u00f3n Ciudad Limpia y BA Recicla M\u00f3vil, para aprender a reciclar y generar conciencia ambiental jugando y disfrutando en familia. <strong>La entrada es libre y gratuita y se suspende por lluvia.<\/strong><\/p>\n\n\n\n<figure class=\"wp-block-image size-full\"><img loading=\"lazy\" decoding=\"async\" width=\"678\" height=\"678\" data-attachment-id=\"15200\" data-permalink=\"https:\/\/www.comuna13online.com.ar\/?attachment_id=15200\" data-orig-file=\"https:\/\/www.comuna13online.com.ar\/wp-content\/uploads\/2022\/04\/20220414a_02.jpg\" data-orig-size=\"678,678\" data-comments-opened=\"0\" data-image-meta=\"{&quot;aperture&quot;:&quot;0&quot;,&quot;credit&quot;:&quot;&quot;,&quot;camera&quot;:&quot;&quot;,&quot;caption&quot;:&quot;&quot;,&quot;created_timestamp&quot;:&quot;0&quot;,&quot;copyright&quot;:&quot;&quot;,&quot;focal_length&quot;:&quot;0&quot;,&quot;iso&quot;:&quot;0&quot;,&quot;shutter_speed&quot;:&quot;0&quot;,&quot;title&quot;:&quot;&quot;,&quot;orientation&quot;:&quot;0&quot;}\" data-image-title=\"20220414a_02\" data-image-description=\"\" data-image-caption=\"\" data-large-file=\"https:\/\/www.comuna13online.com.ar\/wp-content\/uploads\/2022\/04\/20220414a_02.jpg\" src=\"http:\/\/www.comuna13online.com.ar\/wp-content\/uploads\/2022\/04\/20220414a_02.jpg\" alt=\"\" class=\"wp-image-15200\"\/><\/figure>\n\n\n\n<h3 class=\"wp-block-heading\">Qu\u00e9 se puede encontrar en la Feria de Pascuas?<\/h3>\n\n\n\n<ul class=\"wp-block-list\"><li>Roscas y huevos de Pascua.<\/li><li>Frutas y verduras agroecol\u00f3gicas, panificados y reposter\u00eda integral, frutos secos agroecol\u00f3gicos, quesos artesanales, huevos de campo, miel agroecol\u00f3gica, aceite de oliva, jugos y bebidas naturales, productos de almac\u00e9n saludable, comida macrobi\u00f3tica, vegana, sin tacc y saludable.<\/li><li>Cosm\u00e9tica natural.<\/li><li>Objetos de dise\u00f1o realizados con material reciclado como juguetes hechos con material de descarte, lapiceras ecol\u00f3gicas, l\u00e1pices plantables, portacelulares y vajilla de barro artesanal.<\/li><\/ul>\n\n\n\n<h3 class=\"wp-block-heading\">Agenda de actividades<\/h3>\n\n\n\n<p>13hs Talleres de huevos de Pascua \u201ccon tu nombre\u201d.<br>14hs Mar de Rumbas (banda).<br>15hs Clase de yoga y stretching.<br>16hs Cuentos y un poco de filosof\u00eda (cuentos para ni\u00f1os y ni\u00f1as).<br>17hs Sofia Viola (solista).<br>18hs M4R73 (d\u00fao).<br>19hs Arbolada (banda).<\/p>\n\n\n\n<figure class=\"wp-block-image size-large is-resized\"><img loading=\"lazy\" decoding=\"async\" data-attachment-id=\"99\" data-permalink=\"https:\/\/www.comuna13online.com.ar\/?attachment_id=99\" data-orig-file=\"https:\/\/www.comuna13online.com.ar\/wp-content\/uploads\/2017\/12\/line.jpg\" data-orig-size=\"678,1\" data-comments-opened=\"0\" data-image-meta=\"{&quot;aperture&quot;:&quot;0&quot;,&quot;credit&quot;:&quot;&quot;,&quot;camera&quot;:&quot;&quot;,&quot;caption&quot;:&quot;&quot;,&quot;created_timestamp&quot;:&quot;0&quot;,&quot;copyright&quot;:&quot;&quot;,&quot;focal_length&quot;:&quot;0&quot;,&quot;iso&quot;:&quot;0&quot;,&quot;shutter_speed&quot;:&quot;0&quot;,&quot;title&quot;:&quot;&quot;,&quot;orientation&quot;:&quot;0&quot;}\" data-image-title=\"line\" data-image-description=\"\" data-image-caption=\"\" data-large-file=\"https:\/\/www.comuna13online.com.ar\/wp-content\/uploads\/2017\/12\/line.jpg\" src=\"http:\/\/www.comuna13online.com.ar\/wp-content\/uploads\/2017\/12\/line.jpg\" alt=\"\" class=\"wp-image-99\" width=\"678\" height=\"1\" srcset=\"https:\/\/www.comuna13online.com.ar\/wp-content\/uploads\/2017\/12\/line.jpg 678w, https:\/\/www.comuna13online.com.ar\/wp-content\/uploads\/2017\/12\/line-150x1.jpg 150w, https:\/\/www.comuna13online.com.ar\/wp-content\/uploads\/2017\/12\/line-326x1.jpg 326w, https:\/\/www.comuna13online.com.ar\/wp-content\/uploads\/2017\/12\/line-80x1.jpg 80w, https:\/\/www.comuna13online.com.ar\/wp-content\/uploads\/2017\/12\/line-272x1.jpg 272w\" sizes=\"auto, (max-width: 678px) 100vw, 678px\" \/><\/figure>\n\n\n\n<figure class=\"wp-block-image size-full\"><img loading=\"lazy\" decoding=\"async\" width=\"678\" height=\"180\" data-attachment-id=\"8918\" data-permalink=\"https:\/\/www.comuna13online.com.ar\/?attachment_id=8918\" data-orig-file=\"https:\/\/www.comuna13online.com.ar\/wp-content\/uploads\/2020\/04\/corona2.jpg\" data-orig-size=\"678,180\" data-comments-opened=\"0\" data-image-meta=\"{&quot;aperture&quot;:&quot;0&quot;,&quot;credit&quot;:&quot;&quot;,&quot;camera&quot;:&quot;&quot;,&quot;caption&quot;:&quot;&quot;,&quot;created_timestamp&quot;:&quot;0&quot;,&quot;copyright&quot;:&quot;&quot;,&quot;focal_length&quot;:&quot;0&quot;,&quot;iso&quot;:&quot;0&quot;,&quot;shutter_speed&quot;:&quot;0&quot;,&quot;title&quot;:&quot;&quot;,&quot;orientation&quot;:&quot;0&quot;}\" data-image-title=\"corona2\" data-image-description=\"\" data-image-caption=\"\" data-large-file=\"https:\/\/www.comuna13online.com.ar\/wp-content\/uploads\/2020\/04\/corona2.jpg\" src=\"http:\/\/www.comuna13online.com.ar\/wp-content\/uploads\/2020\/04\/corona2.jpg\" alt=\"\" class=\"wp-image-8918\"\/><\/figure>\n","protected":false},"excerpt":{"rendered":"<div class=\"mh-excerpt\">Este s\u00e1bado de las 12 Sabe la Tierra propone una feria de puras delicias, roscas, huevos de pascuas y productos ricos y sanos. Adem\u00e1s, habr\u00e1 talleres y m\u00fasica en vivo. <a class=\"mh-excerpt-more\" href=\"https:\/\/www.comuna13online.com.ar\/?p=15198\" title=\"Feria de Pascuas en el Mercado de Pulgas\">[&#8230;]<\/a><\/div>\n","protected":false},"author":1,"featured_media":15199,"comment_status":"closed","ping_status":"closed","sticky":false,"template":"","format":"standard","meta":{"_uag_custom_page_level_css":"","_jetpack_memberships_contains_paid_content":false,"footnotes":"","jetpack_publicize_message":"","jetpack_publicize_feature_enabled":true,"jetpack_social_post_already_shared":true,"jetpack_social_options":{"image_generator_settings":{"template":"highway","default_image_id":0,"font":"","enabled":false},"version":2}},"categories":[220],"tags":[19,221,82,250,296],"class_list":{"0":"post-15198","1":"post","2":"type-post","3":"status-publish","4":"format-standard","5":"has-post-thumbnail","7":"category-ferias","8":"tag-comuna-13","9":"tag-ferias","10":"tag-gastronomia","11":"tag-h2","12":"tag-h3"},"jetpack_publicize_connections":[],"jetpack_featured_media_url":"https:\/\/www.comuna13online.com.ar\/wp-content\/uploads\/2022\/04\/20220414a_id.jpg","uagb_featured_image_src":{"full":["https:\/\/www.comuna13online.com.ar\/wp-content\/uploads\/2022\/04\/20220414a_id.jpg",678,452,false],"thumbnail":["https:\/\/www.comuna13online.com.ar\/wp-content\/uploads\/2022\/04\/20220414a_id.jpg",128,85,false],"medium":["https:\/\/www.comuna13online.com.ar\/wp-content\/uploads\/2022\/04\/20220414a_id.jpg",678,452,false],"medium_large":["https:\/\/www.comuna13online.com.ar\/wp-content\/uploads\/2022\/04\/20220414a_id.jpg",678,452,false],"large":["https:\/\/www.comuna13online.com.ar\/wp-content\/uploads\/2022\/04\/20220414a_id.jpg",678,452,false],"1536x1536":["https:\/\/www.comuna13online.com.ar\/wp-content\/uploads\/2022\/04\/20220414a_id.jpg",678,452,false],"2048x2048":["https:\/\/www.comuna13online.com.ar\/wp-content\/uploads\/2022\/04\/20220414a_id.jpg",678,452,false],"mh-magazine-slider":["https:\/\/www.comuna13online.com.ar\/wp-content\/uploads\/2022\/04\/20220414a_id-678x438.jpg",678,438,true],"mh-magazine-content":["https:\/\/www.comuna13online.com.ar\/wp-content\/uploads\/2022\/04\/20220414a_id-678x381.jpg",678,381,true],"mh-magazine-large":["https:\/\/www.comuna13online.com.ar\/wp-content\/uploads\/2022\/04\/20220414a_id.jpg",678,452,false],"mh-magazine-medium":["https:\/\/www.comuna13online.com.ar\/wp-content\/uploads\/2022\/04\/20220414a_id-326x245.jpg",326,245,true],"mh-magazine-small":["https:\/\/www.comuna13online.com.ar\/wp-content\/uploads\/2022\/04\/20220414a_id-80x60.jpg",80,60,true],"sow-carousel-default":["https:\/\/www.comuna13online.com.ar\/wp-content\/uploads\/2022\/04\/20220414a_id-272x182.jpg",272,182,true]},"uagb_author_info":{"display_name":"Comuna13","author_link":"https:\/\/www.comuna13online.com.ar\/?author=1"},"uagb_comment_info":0,"uagb_excerpt":"Este s\u00e1bado de las 12 Sabe la Tierra propone una feria de puras delicias, roscas, huevos de pascuas y productos ricos y sanos. Adem\u00e1s, habr\u00e1 talleres y m\u00fasica en vivo. [...]","jetpack_sharing_enabled":true,"_links":{"self":[{"href":"https:\/\/www.comuna13online.com.ar\/index.php?rest_route=\/wp\/v2\/posts\/15198","targetHints":{"allow":["GET"]}}],"collection":[{"href":"https:\/\/www.comuna13online.com.ar\/index.php?rest_route=\/wp\/v2\/posts"}],"about":[{"href":"https:\/\/www.comuna13online.com.ar\/index.php?rest_route=\/wp\/v2\/types\/post"}],"author":[{"embeddable":true,"href":"https:\/\/www.comuna13online.com.ar\/index.php?rest_route=\/wp\/v2\/users\/1"}],"replies":[{"embeddable":true,"href":"https:\/\/www.comuna13online.com.ar\/index.php?rest_route=%2Fwp%2Fv2%2Fcomments&post=15198"}],"version-history":[{"count":0,"href":"https:\/\/www.comuna13online.com.ar\/index.php?rest_route=\/wp\/v2\/posts\/15198\/revisions"}],"wp:featuredmedia":[{"embeddable":true,"href":"https:\/\/www.comuna13online.com.ar\/index.php?rest_route=\/wp\/v2\/media\/15199"}],"wp:attachment":[{"href":"https:\/\/www.comuna13online.com.ar\/index.php?rest_route=%2Fwp%2Fv2%2Fmedia&parent=15198"}],"wp:term":[{"taxonomy":"category","embeddable":true,"href":"https:\/\/www.comuna13online.com.ar\/index.php?rest_route=%2Fwp%2Fv2%2Fcategories&post=15198"},{"taxonomy":"post_tag","embeddable":true,"href":"https:\/\/www.comuna13online.com.ar\/index.php?rest_route=%2Fwp%2Fv2%2Ftags&post=15198"}],"curies":[{"name":"wp","href":"https:\/\/api.w.org\/{rel}","templated":true}]}}