{"id":15194,"date":"2022-04-13T19:58:20","date_gmt":"2022-04-13T22:58:20","guid":{"rendered":"http:\/\/www.comuna13online.com.ar\/?p=15194"},"modified":"2022-04-13T19:58:28","modified_gmt":"2022-04-13T22:58:28","slug":"cronograma-de-servicios-publicos-para-semana-santa-2","status":"publish","type":"post","link":"https:\/\/www.comuna13online.com.ar\/?p=15194","title":{"rendered":"Cronograma de Servicios P\u00fablicos para Semana Santa"},"content":{"rendered":"\n<figure class=\"wp-block-image\"><img loading=\"lazy\" decoding=\"async\" width=\"678\" height=\"288\" data-attachment-id=\"1018\" data-permalink=\"https:\/\/www.comuna13online.com.ar\/?attachment_id=1018\" data-orig-file=\"https:\/\/www.comuna13online.com.ar\/wp-content\/uploads\/2018\/03\/20180329b.jpg\" data-orig-size=\"1030,438\" data-comments-opened=\"0\" data-image-meta=\"{&quot;aperture&quot;:&quot;0&quot;,&quot;credit&quot;:&quot;&quot;,&quot;camera&quot;:&quot;&quot;,&quot;caption&quot;:&quot;&quot;,&quot;created_timestamp&quot;:&quot;0&quot;,&quot;copyright&quot;:&quot;&quot;,&quot;focal_length&quot;:&quot;0&quot;,&quot;iso&quot;:&quot;0&quot;,&quot;shutter_speed&quot;:&quot;0&quot;,&quot;title&quot;:&quot;&quot;,&quot;orientation&quot;:&quot;0&quot;}\" data-image-title=\"20180329b\" data-image-description=\"\" data-image-caption=\"\" data-large-file=\"https:\/\/www.comuna13online.com.ar\/wp-content\/uploads\/2018\/03\/20180329b.jpg\" src=\"http:\/\/www.comuna13online.com.ar\/wp-content\/uploads\/2018\/03\/20180329b-678x288.jpg\" alt=\"\" class=\"wp-image-1018\" srcset=\"https:\/\/www.comuna13online.com.ar\/wp-content\/uploads\/2018\/03\/20180329b-678x288.jpg 678w, https:\/\/www.comuna13online.com.ar\/wp-content\/uploads\/2018\/03\/20180329b-768x327.jpg 768w, https:\/\/www.comuna13online.com.ar\/wp-content\/uploads\/2018\/03\/20180329b.jpg 1030w\" sizes=\"auto, (max-width: 678px) 100vw, 678px\" \/><figcaption><mark style=\"background-color:rgba(0, 0, 0, 0);color:#ffffff\" class=\"has-inline-color\">.<\/mark><\/figcaption><\/figure>\n\n\n\n<p><strong>El Gobierno de la Ciudad Aut\u00f3noma de Buenos Aires informa el cronograma de servicios p\u00fablicos para este jueves 14 y viernes 15 de abril.<\/strong><\/p>\n\n\n\n<p>El Gobierno de la Ciudad Aut\u00f3noma de Buenos Aires informa el cronograma de servicios p\u00fablicos para el jueves 14 y viernes 15 de abril, feriados por Semana Santa.<\/p>\n\n\n\n<ul class=\"wp-block-list\"><li><strong>Hospitales<\/strong>: funcionar\u00e1n las guardias y el SAME. Tambi\u00e9n las Unidades Febriles de Urgencia con horarios de fin de semana.<\/li><\/ul>\n\n\n\n<p><\/p>\n\n\n\n<ul class=\"wp-block-list\"><li><strong>Escuelas<\/strong>: cerradas.<\/li><\/ul>\n\n\n\n<p><\/p>\n\n\n\n<ul class=\"wp-block-list\"><li><strong>Cementerios<\/strong>: las inhumaciones en los Cementerios de Chacarita, Flores, Recoleta y el ingreso de los fallecidos al Crematorio de la Ciudad Aut\u00f3noma de Buenos Aires se realizar\u00e1n en el horario de 7.30 a 14.00 horas a destino, recepcion\u00e1ndose el \u00faltimo tr\u00e1mite a las 13 e inici\u00e1ndose la \u00faltima inhumaci\u00f3n a las 13.30.<\/li><\/ul>\n\n\n\n<p><\/p>\n\n\n\n<ul class=\"wp-block-list\"><li><strong>Administraci\u00f3n Gubernamental de Ingresos P\u00fablicos y Direcci\u00f3n General de Rentas<\/strong>: cerradas.<\/li><\/ul>\n\n\n\n<p><\/p>\n\n\n\n<ul class=\"wp-block-list\"><li><strong>Sedes comunales<\/strong>: cerradas.<\/li><\/ul>\n\n\n\n<p><\/p>\n\n\n\n<ul class=\"wp-block-list\"><li><strong>Registro Civil<\/strong>: Permanecer\u00e1 cerrado. Funcionar\u00e1 s\u00f3lo la guardia de defunciones de 8 a 12.30.<\/li><\/ul>\n\n\n\n<p><\/p>\n\n\n\n<ul class=\"wp-block-list\"><li><strong>Recolecci\u00f3n de residuos<\/strong>: el servicio funcionar\u00e1 de manera habitual.<\/li><\/ul>\n\n\n\n<p><\/p>\n\n\n\n<ul class=\"wp-block-list\"><li><strong>Estacionamiento<\/strong>: estar\u00e1 permitido estacionar sobre las avenidas y calles donde est\u00e1 prohibido estacionar los d\u00edas h\u00e1biles de 7 a 21 horas. No estar\u00e1 permitido estacionar sobre avenidas o calles donde est\u00e1 prohibido estacionar las 24 horas.El estacionamiento medido no tendr\u00e1 vigencia el viernes, pero s\u00ed el jueves.En las rampas, veredas, ochavas, cocheras, paradas de colectivo, calles de convivencia, espacios reservados para personas con discapacidad, espacios reservados para cl\u00ednicas y hospitales y cajones de carga y descarga, sigue rigiendo la prohibici\u00f3n durante las 24 horas. Adem\u00e1s no habr\u00e1 restricci\u00f3n de ingreso a Centro y Tribunales peatonal. M\u00e1s informaci\u00f3n:\u00a0<a href=\"http:\/\/estacionamiento.gob.ar\/\" target=\"_blank\" rel=\"noreferrer noopener\"><em>http:\/\/estacionamiento.gob.ar\/<\/em><\/a><\/li><\/ul>\n\n\n\n<p><\/p>\n\n\n\n<ul class=\"wp-block-list\"><li><strong>Subtes y premetro<\/strong>: el jueves, el servicio funcionar\u00e1 con cronograma de s\u00e1bado, es decir de 6 a 24 horas, seg\u00fan corresponda el horario del \u00faltimo tren de cada l\u00ednea. El viernes, en cambio, funcionar\u00e1 con cronograma especial de domingo\/feriado, es decir de 6 a 22 horas<\/li><\/ul>\n\n\n\n<p><\/p>\n\n\n\n<ul class=\"wp-block-list\"><li><strong>Ecobici<\/strong>: los usuarios tendr\u00e1n las siguientes opciones:<\/li><\/ul>\n\n\n\n<ul class=\"wp-block-list\"><li><strong>Jueves 14 de abril:<\/strong>\u00a0los usuarios de Ecobici tendr\u00e1n las siguientes opciones:<\/li><\/ul>\n\n\n\n<ol class=\"wp-block-list\"><li>B\u00e1sico: 4 viajes gratis por d\u00eda de hasta 30 minutos.<\/li><li>Intensivo: Mensual: $980 &#8211; hasta 6 viajes de 60 minutos al d\u00eda durante un mes. Anual: $8.400 &#8211; hasta 6 viajes de 60 minutos al d\u00eda durante un a\u00f1o.<\/li><li>Tur\u00edstico: (s\u00f3lo para turistas extranjeros). Diario: $530 &#8211; hasta 6 viajes de 60 minutos durante 24 h, cualquier d\u00eda de la semana. Mensual: $950 &#8211; hasta 6 viajes de 60 minutos por d\u00eda durante un mes.<\/li><\/ol>\n\n\n\n<ul class=\"wp-block-list\"><li><strong>Viernes 15 de abril:<\/strong>\u00a0los usuarios de Ecobici tendr\u00e1n las siguientes opciones:<\/li><\/ul>\n\n\n\n<ol class=\"wp-block-list\"><li>Recreativo: Feriado: $210 &#8211; hasta 4 viajes de 60 minutos durante el d\u00eda feriado. Viaje \u00fanico: $98 &#8211; 1 viaje de hasta 30 min. los s\u00e1bados, domingos y feriados.<\/li><li>Intensivo: Mensual: $980 &#8211; hasta 6 viajes de 60 minutos al d\u00eda durante un mes. Anual: $8.400 &#8211; hasta 6 viajes de 60 minutos al d\u00eda durante un a\u00f1o.<\/li><li>Tur\u00edstico: (s\u00f3lo para turistas extranjeros). Diario: $530 &#8211; hasta 6 viajes de 60 minutos durante 24 h, cualquier d\u00eda de la semana. Mensual: $950 &#8211; hasta 6 viajes de 60 minutos por d\u00eda durante un mes.<\/li><\/ol>\n\n\n\n<p><\/p>\n\n\n\n<ul class=\"wp-block-list\"><li><strong>Peajes<\/strong>: los peajes funcionar\u00e1n con normalidad, tomando como hora pico el horario de fin de semana, es decir, de 11 a 15 horas sentido Provincia, y de 17 a 21 horas sentido Centro.<\/li><\/ul>\n\n\n\n<p><\/p>\n\n\n\n<ul class=\"wp-block-list\"><li><strong>Registro de licencias para conducir, sede Roca<\/strong>: cerrada.<\/li><\/ul>\n\n\n\n<p><\/p>\n\n\n\n<ul class=\"wp-block-list\"><li><strong>Pista de aprendizaje<\/strong>: estar\u00e1 abierta y funcionar\u00e1 normalmente. Para poder utilizar el espacio de forma segura y responsable los vecinos y vecinas deber\u00e1n sacar turno con anticipaci\u00f3n en\u00a0<strong><em><a href=\"https:\/\/www.buenosaires.gob.ar\/licenciasdeconducir\/practicas-de-manejo\" target=\"_blank\" rel=\"noreferrer noopener\">https:\/\/www.buenosaires.gob.ar\/licenciasdeconducir\/practicas-de-manejo<\/a>.<\/em><\/strong><\/li><\/ul>\n\n\n\n<p><\/p>\n\n\n\n<ul class=\"wp-block-list\"><li><strong>Verificaci\u00f3n T\u00e9cnica Vehicular<\/strong>: las siete plantas permanecer\u00e1n abiertas el jueves y cerradas el viernes.<\/li><\/ul>\n\n\n\n<p><\/p>\n\n\n\n<ul class=\"wp-block-list\"><li><strong>Direcci\u00f3n General de Infracciones<\/strong>: cerrada.<\/li><\/ul>\n\n\n\n<p><\/p>\n\n\n\n<ul class=\"wp-block-list\"><li><strong>Polic\u00eda y Bomberos de la Ciudad + Emergencias L\u00ednea 911; Log\u00edstica, Defensa Civil, Guardia de Auxilio y Emergencias + L\u00ednea 103:<\/strong>\u00a0guardias activas las 24 horas.<\/li><\/ul>\n\n\n\n<p><\/p>\n\n\n\n<ul class=\"wp-block-list\"><li><strong>Parques<\/strong>:<br>Reserva Ecol\u00f3gica Lago Lugano: abierta de 9 a 18 horas.<br>Jard\u00edn Bot\u00e1nico: abierto de 9.30 a 18.30.<br>Ecoparque: abierto de 11 a 18 horas.<br>Reserva Ecol\u00f3gica Costanera Sur: abierta de 8 a 18 horas.<\/li><\/ul>\n\n\n\n<p><\/p>\n\n\n\n<ul class=\"wp-block-list\"><li><strong>Museos<\/strong>: abiertos el jueves de 11 a 20 horas. El viernes, cerrados. Para m\u00e1s <\/li><li>informaci\u00f3n:\u00a0<strong><em><a href=\"http:\/\/www.buenosaires.gob.ar\/museos\" target=\"_blank\" rel=\"noreferrer noopener\">http:\/\/www.buenosaires.gob.ar\/museos<\/a><\/em><\/strong>.<\/li><\/ul>\n\n\n\n<p><\/p>\n\n\n\n<ul class=\"wp-block-list\"><li><strong>Bibliotecas p\u00fablicas<\/strong>: cerradas.<\/li><\/ul>\n\n\n\n<p><\/p>\n\n\n\n<ul class=\"wp-block-list\"><li><strong>Teatros dependientes del GCBA<\/strong>:<br>Complejo Teatral de Buenos Aires: cerrado.<br>Centro Cultural San Mart\u00edn: cerrado el jueves y abierto el viernes.<br>Centro Cultural 25 de Mayo: abierto.<br>Centro Cultural Recoleta: abierto el jueves de 11.15 a 22. El viernes, cerrado.<br>Teatro Col\u00f3n: Col\u00f3n F\u00e1brica, abierto de 12 a 18 horas.<br>Usina del Arte: abierta de 12 a 20 horas.<\/li><\/ul>\n\n\n\n<figure class=\"wp-block-image size-large is-resized\"><img loading=\"lazy\" decoding=\"async\" data-attachment-id=\"99\" data-permalink=\"https:\/\/www.comuna13online.com.ar\/?attachment_id=99\" data-orig-file=\"https:\/\/www.comuna13online.com.ar\/wp-content\/uploads\/2017\/12\/line.jpg\" data-orig-size=\"678,1\" data-comments-opened=\"0\" data-image-meta=\"{&quot;aperture&quot;:&quot;0&quot;,&quot;credit&quot;:&quot;&quot;,&quot;camera&quot;:&quot;&quot;,&quot;caption&quot;:&quot;&quot;,&quot;created_timestamp&quot;:&quot;0&quot;,&quot;copyright&quot;:&quot;&quot;,&quot;focal_length&quot;:&quot;0&quot;,&quot;iso&quot;:&quot;0&quot;,&quot;shutter_speed&quot;:&quot;0&quot;,&quot;title&quot;:&quot;&quot;,&quot;orientation&quot;:&quot;0&quot;}\" data-image-title=\"line\" data-image-description=\"\" data-image-caption=\"\" data-large-file=\"https:\/\/www.comuna13online.com.ar\/wp-content\/uploads\/2017\/12\/line.jpg\" src=\"http:\/\/www.comuna13online.com.ar\/wp-content\/uploads\/2017\/12\/line.jpg\" alt=\"\" class=\"wp-image-99\" width=\"678\" height=\"1\" srcset=\"https:\/\/www.comuna13online.com.ar\/wp-content\/uploads\/2017\/12\/line.jpg 678w, https:\/\/www.comuna13online.com.ar\/wp-content\/uploads\/2017\/12\/line-150x1.jpg 150w, https:\/\/www.comuna13online.com.ar\/wp-content\/uploads\/2017\/12\/line-326x1.jpg 326w, https:\/\/www.comuna13online.com.ar\/wp-content\/uploads\/2017\/12\/line-80x1.jpg 80w, https:\/\/www.comuna13online.com.ar\/wp-content\/uploads\/2017\/12\/line-272x1.jpg 272w\" sizes=\"auto, (max-width: 678px) 100vw, 678px\" \/><\/figure>\n\n\n\n<figure class=\"wp-block-image size-full\"><img loading=\"lazy\" decoding=\"async\" width=\"678\" height=\"180\" data-attachment-id=\"8918\" data-permalink=\"https:\/\/www.comuna13online.com.ar\/?attachment_id=8918\" data-orig-file=\"https:\/\/www.comuna13online.com.ar\/wp-content\/uploads\/2020\/04\/corona2.jpg\" data-orig-size=\"678,180\" data-comments-opened=\"0\" data-image-meta=\"{&quot;aperture&quot;:&quot;0&quot;,&quot;credit&quot;:&quot;&quot;,&quot;camera&quot;:&quot;&quot;,&quot;caption&quot;:&quot;&quot;,&quot;created_timestamp&quot;:&quot;0&quot;,&quot;copyright&quot;:&quot;&quot;,&quot;focal_length&quot;:&quot;0&quot;,&quot;iso&quot;:&quot;0&quot;,&quot;shutter_speed&quot;:&quot;0&quot;,&quot;title&quot;:&quot;&quot;,&quot;orientation&quot;:&quot;0&quot;}\" data-image-title=\"corona2\" data-image-description=\"\" data-image-caption=\"\" data-large-file=\"https:\/\/www.comuna13online.com.ar\/wp-content\/uploads\/2020\/04\/corona2.jpg\" src=\"http:\/\/www.comuna13online.com.ar\/wp-content\/uploads\/2020\/04\/corona2.jpg\" alt=\"\" class=\"wp-image-8918\"\/><\/figure>\n","protected":false},"excerpt":{"rendered":"<div class=\"mh-excerpt\">El Gobierno de la Ciudad Aut\u00f3noma de Buenos Aires informa el cronograma de servicios p\u00fablicos para este jueves 14 y viernes 15 de abril. El Gobierno de la Ciudad Aut\u00f3noma <a class=\"mh-excerpt-more\" href=\"https:\/\/www.comuna13online.com.ar\/?p=15194\" title=\"Cronograma de Servicios P\u00fablicos para Semana Santa\">[&#8230;]<\/a><\/div>\n","protected":false},"author":1,"featured_media":11656,"comment_status":"closed","ping_status":"closed","sticky":false,"template":"","format":"standard","meta":{"_uag_custom_page_level_css":"","_jetpack_memberships_contains_paid_content":false,"footnotes":"","jetpack_publicize_message":"","jetpack_publicize_feature_enabled":true,"jetpack_social_post_already_shared":true,"jetpack_social_options":{"image_generator_settings":{"template":"highway","default_image_id":0,"font":"","enabled":false},"version":2}},"categories":[138],"tags":[250,296,150,15],"class_list":{"0":"post-15194","1":"post","2":"type-post","3":"status-publish","4":"format-standard","5":"has-post-thumbnail","7":"category-servicios","8":"tag-h2","9":"tag-h3","10":"tag-servicios-publicos","11":"tag-transporte"},"jetpack_publicize_connections":[],"jetpack_featured_media_url":"https:\/\/www.comuna13online.com.ar\/wp-content\/uploads\/2020\/10\/20201012a.jpg","uagb_featured_image_src":{"full":["https:\/\/www.comuna13online.com.ar\/wp-content\/uploads\/2020\/10\/20201012a.jpg",678,452,false],"thumbnail":["https:\/\/www.comuna13online.com.ar\/wp-content\/uploads\/2020\/10\/20201012a-150x150.jpg",96,96,true],"medium":["https:\/\/www.comuna13online.com.ar\/wp-content\/uploads\/2020\/10\/20201012a-678x452.jpg",678,452,true],"medium_large":["https:\/\/www.comuna13online.com.ar\/wp-content\/uploads\/2020\/10\/20201012a.jpg",678,452,false],"large":["https:\/\/www.comuna13online.com.ar\/wp-content\/uploads\/2020\/10\/20201012a.jpg",678,452,false],"1536x1536":["https:\/\/www.comuna13online.com.ar\/wp-content\/uploads\/2020\/10\/20201012a.jpg",678,452,false],"2048x2048":["https:\/\/www.comuna13online.com.ar\/wp-content\/uploads\/2020\/10\/20201012a.jpg",678,452,false],"mh-magazine-slider":["https:\/\/www.comuna13online.com.ar\/wp-content\/uploads\/2020\/10\/20201012a-678x438.jpg",678,438,true],"mh-magazine-content":["https:\/\/www.comuna13online.com.ar\/wp-content\/uploads\/2020\/10\/20201012a-678x381.jpg",678,381,true],"mh-magazine-large":["https:\/\/www.comuna13online.com.ar\/wp-content\/uploads\/2020\/10\/20201012a.jpg",678,452,false],"mh-magazine-medium":["https:\/\/www.comuna13online.com.ar\/wp-content\/uploads\/2020\/10\/20201012a-326x245.jpg",326,245,true],"mh-magazine-small":["https:\/\/www.comuna13online.com.ar\/wp-content\/uploads\/2020\/10\/20201012a-80x60.jpg",80,60,true],"sow-carousel-default":["https:\/\/www.comuna13online.com.ar\/wp-content\/uploads\/2020\/10\/20201012a-272x182.jpg",272,182,true]},"uagb_author_info":{"display_name":"Comuna13","author_link":"https:\/\/www.comuna13online.com.ar\/?author=1"},"uagb_comment_info":0,"uagb_excerpt":"El Gobierno de la Ciudad Aut\u00f3noma de Buenos Aires informa el cronograma de servicios p\u00fablicos para este jueves 14 y viernes 15 de abril. El Gobierno de la Ciudad Aut\u00f3noma [...]","jetpack_sharing_enabled":true,"_links":{"self":[{"href":"https:\/\/www.comuna13online.com.ar\/index.php?rest_route=\/wp\/v2\/posts\/15194","targetHints":{"allow":["GET"]}}],"collection":[{"href":"https:\/\/www.comuna13online.com.ar\/index.php?rest_route=\/wp\/v2\/posts"}],"about":[{"href":"https:\/\/www.comuna13online.com.ar\/index.php?rest_route=\/wp\/v2\/types\/post"}],"author":[{"embeddable":true,"href":"https:\/\/www.comuna13online.com.ar\/index.php?rest_route=\/wp\/v2\/users\/1"}],"replies":[{"embeddable":true,"href":"https:\/\/www.comuna13online.com.ar\/index.php?rest_route=%2Fwp%2Fv2%2Fcomments&post=15194"}],"version-history":[{"count":0,"href":"https:\/\/www.comuna13online.com.ar\/index.php?rest_route=\/wp\/v2\/posts\/15194\/revisions"}],"wp:featuredmedia":[{"embeddable":true,"href":"https:\/\/www.comuna13online.com.ar\/index.php?rest_route=\/wp\/v2\/media\/11656"}],"wp:attachment":[{"href":"https:\/\/www.comuna13online.com.ar\/index.php?rest_route=%2Fwp%2Fv2%2Fmedia&parent=15194"}],"wp:term":[{"taxonomy":"category","embeddable":true,"href":"https:\/\/www.comuna13online.com.ar\/index.php?rest_route=%2Fwp%2Fv2%2Fcategories&post=15194"},{"taxonomy":"post_tag","embeddable":true,"href":"https:\/\/www.comuna13online.com.ar\/index.php?rest_route=%2Fwp%2Fv2%2Ftags&post=15194"}],"curies":[{"name":"wp","href":"https:\/\/api.w.org\/{rel}","templated":true}]}}