{"id":15181,"date":"2022-04-12T09:15:00","date_gmt":"2022-04-12T12:15:00","guid":{"rendered":"http:\/\/www.comuna13online.com.ar\/?p=15181"},"modified":"2022-04-11T18:51:35","modified_gmt":"2022-04-11T21:51:35","slug":"legisladores-portenos-distinguieron-a-la-plataforma-educativa-nobuk","status":"publish","type":"post","link":"https:\/\/www.comuna13online.com.ar\/?p=15181","title":{"rendered":"Legisladores porte\u00f1os distinguieron a la plataforma educativa Nobuk"},"content":{"rendered":"\n<p><strong>La plataforma donde se ofrece contenido acad\u00e9mico realizado con animaciones para estudiantes de nivel secundario y universitario, as\u00ed como a personas interesadas en estas tem\u00e1ticas, fue declarada de Inter\u00e9s Educativo de la Ciudad.<\/strong><\/p>\n\n\n\n<figure class=\"wp-block-image size-full\"><img loading=\"lazy\" decoding=\"async\" width=\"678\" height=\"452\" data-attachment-id=\"15183\" data-permalink=\"https:\/\/www.comuna13online.com.ar\/?attachment_id=15183\" data-orig-file=\"https:\/\/www.comuna13online.com.ar\/wp-content\/uploads\/2022\/04\/20220412a_id.jpg\" data-orig-size=\"678,452\" data-comments-opened=\"0\" data-image-meta=\"{&quot;aperture&quot;:&quot;0&quot;,&quot;credit&quot;:&quot;&quot;,&quot;camera&quot;:&quot;&quot;,&quot;caption&quot;:&quot;&quot;,&quot;created_timestamp&quot;:&quot;0&quot;,&quot;copyright&quot;:&quot;&quot;,&quot;focal_length&quot;:&quot;0&quot;,&quot;iso&quot;:&quot;0&quot;,&quot;shutter_speed&quot;:&quot;0&quot;,&quot;title&quot;:&quot;&quot;,&quot;orientation&quot;:&quot;0&quot;}\" data-image-title=\"20220412a_id\" data-image-description=\"\" data-image-caption=\"\" data-large-file=\"https:\/\/www.comuna13online.com.ar\/wp-content\/uploads\/2022\/04\/20220412a_id.jpg\" src=\"http:\/\/www.comuna13online.com.ar\/wp-content\/uploads\/2022\/04\/20220412a_id.jpg\" alt=\"\" class=\"wp-image-15183\" srcset=\"https:\/\/www.comuna13online.com.ar\/wp-content\/uploads\/2022\/04\/20220412a_id.jpg 678w, https:\/\/www.comuna13online.com.ar\/wp-content\/uploads\/2022\/04\/20220412a_id-272x182.jpg 272w\" sizes=\"auto, (max-width: 678px) 100vw, 678px\" \/><figcaption><strong><sup>La diputada Cecilia Ferrero, autora de la iniciativa, hizo entrega del diploma a los fundadores de Nobuk.<\/sup><\/strong><\/figcaption><\/figure>\n\n\n\n<p>La plataforma e-learning \u00abNobuk\u00bb, desarrollada por Mauricio Denaro y Samuel G\u00f3mez, fue declarada de Inter\u00e9s Educativo de la Ciudad Aut\u00f3noma de Buenos Aires. La diputada&nbsp;<strong>Cecilia Ferrero<\/strong>&nbsp;(VJ) entreg\u00f3 el diploma de distinci\u00f3n.<\/p>\n\n\n\n<p><em>\u201cFelicito a estos j\u00f3venes emprendedores por acercarnos las nuevas tecnolog\u00edas y celebro que hoy en d\u00eda se pueda unir con la educaci\u00f3n. En la actualidad ya resulta dif\u00edcil imaginar estos dos pilares por caminos separados\u201d<\/em>, expres\u00f3 <strong>Ferrero <\/strong>en su mensaje de bienvenida.<\/p>\n\n\n\n<p><strong>Samuel G\u00f3mez<\/strong> se mostr\u00f3 muy agradecido y cont\u00f3: <em>\u201cNobuk naci\u00f3 durante la pandemia cuando vimos una gran necesidad en las escuelas y universidades. Inici\u00f3 como una ayuda sencilla y pr\u00e1ctica para los estudiantes y luego el proyecto creci\u00f3 y se convirti\u00f3 en algo interesante e innovador. Es muy emotivo haber podido lograrlo\u201d<\/em>.<\/p>\n\n\n\n<p>Por su parte, Mauricio Denaro hizo un repaso por el trabajo que est\u00e1n realizando con Ticmas, un nuevo desarrollo enfocado en enriquecer la calidad educativa. \u00abAgradezco a todas las personas que nos acompa\u00f1aron y nos ayudaron a crecer\u00bb, concluy\u00f3 el emprendedor.<\/p>\n\n\n\n<p>El evento se realiz\u00f3 este viernes en el sal\u00f3n Dorado del Palacio Legislativo con la asistencia de amigos y familiares de los impulsores de la plataforma educativa.<\/p>\n\n\n\n<div style=\"height:20px\" aria-hidden=\"true\" class=\"wp-block-spacer\"><\/div>\n\n\n\n<div align=\"center\">\n<blockquote class=\"twitter-tweet\"><p lang=\"es\" dir=\"ltr\"><a href=\"https:\/\/twitter.com\/hashtag\/Reconocimiento?src=hash&amp;ref_src=twsrc%5Etfw\">#Reconocimiento<\/a> <br>Se declar\u00f3 de inter\u00e9s Educativo a la plataforma Nobuk, que ofrece contenido acad\u00e9mico realizado con animaciones para estudiantes de nivel secundario y universitario<br><br>\u27a1\ufe0f<a href=\"https:\/\/t.co\/YtZfKWLMxm\">https:\/\/t.co\/YtZfKWLMxm<\/a> <a href=\"https:\/\/t.co\/aqcrVE9ZbH\">pic.twitter.com\/aqcrVE9ZbH<\/a><\/p>&mdash; Legislatura CABA (@LegisCABA) <a href=\"https:\/\/twitter.com\/LegisCABA\/status\/1512563875677364225?ref_src=twsrc%5Etfw\">April 8, 2022<\/a><\/blockquote> <script async src=\"https:\/\/platform.twitter.com\/widgets.js\" charset=\"utf-8\"><\/script>\n<\/div>\n\n\n\n<div style=\"height:20px\" aria-hidden=\"true\" class=\"wp-block-spacer\"><\/div>\n\n\n\n<h3 class=\"wp-block-heading\"><strong>Tecnolog\u00eda y educaci\u00f3n<\/strong><\/h3>\n\n\n\n<p>Lanzada en marzo de 2021, Nobuk se presenta como un aporte \u00fanico en su tipo para el desarrollo de la educaci\u00f3n en Argentina: brinda herramientas audiovisuales de diversos temas y materias, un paso adicional a los textos escritos. El resultado se logra a trav\u00e9s de una plataforma web que ofrece contenidos completos, tanto en su extensi\u00f3n como en su nivel acad\u00e9mico. A su vez, se encuentra subdividido en videos que cuentan con todos los conceptos relevantes para el correcto abordaje de los temas y con t\u00edtulos f\u00e1cilmente identificables. De esta forma, los usuarios lo adec\u00faan a sus propios planes de estudio de una manera r\u00e1pida y sencilla.<\/p>\n\n\n\n<p>Para fomentar la inclusi\u00f3n de todos los estudiantes del pa\u00eds la plataforma es gratuita, facilitando as\u00ed el acceso a aquellos que quieran mejorar sus conocimientos mediante su uso y a la vez, beneficiar a los estudiantes que cuenten con un bajo nivel de alfabetizaci\u00f3n, problemas auditivos o visuales, o cierto grado de d\u00e9ficit de atenci\u00f3n.<\/p>\n\n\n\n<p class=\"has-text-align-right\"><sub><sup>Fuente: <strong>D.G. Prensa Legislatura de la Ciudad Aut\u00f3noma de Buenos Aires<\/strong><\/sup><\/sub><\/p>\n\n\n\n<figure class=\"wp-block-image size-full\"><img loading=\"lazy\" decoding=\"async\" width=\"678\" height=\"381\" data-attachment-id=\"15182\" data-permalink=\"https:\/\/www.comuna13online.com.ar\/?attachment_id=15182\" data-orig-file=\"https:\/\/www.comuna13online.com.ar\/wp-content\/uploads\/2022\/04\/20220412a_01.jpg\" data-orig-size=\"678,381\" data-comments-opened=\"0\" data-image-meta=\"{&quot;aperture&quot;:&quot;0&quot;,&quot;credit&quot;:&quot;&quot;,&quot;camera&quot;:&quot;&quot;,&quot;caption&quot;:&quot;&quot;,&quot;created_timestamp&quot;:&quot;0&quot;,&quot;copyright&quot;:&quot;&quot;,&quot;focal_length&quot;:&quot;0&quot;,&quot;iso&quot;:&quot;0&quot;,&quot;shutter_speed&quot;:&quot;0&quot;,&quot;title&quot;:&quot;&quot;,&quot;orientation&quot;:&quot;0&quot;}\" data-image-title=\"20220412a_01\" data-image-description=\"\" data-image-caption=\"\" data-large-file=\"https:\/\/www.comuna13online.com.ar\/wp-content\/uploads\/2022\/04\/20220412a_01.jpg\" src=\"http:\/\/www.comuna13online.com.ar\/wp-content\/uploads\/2022\/04\/20220412a_01.jpg\" alt=\"\" class=\"wp-image-15182\"\/><\/figure>\n\n\n\n<p><strong>Para acceder a los contenidos, el usuario debe dirigirse a la plataforma&nbsp;<a href=\"https:\/\/nobuk.com.ar\/login\/\" target=\"_blank\" rel=\"noreferrer noopener\">www.nobuk.com.ar<\/a>&nbsp;y realizar el correspondiente registro, ya sea de forma manual o mediante una cuenta de Gmail o Facebook.&nbsp;<\/strong>Luego podr\u00e1 visualizar las diferentes materias, pudiendo seleccionar aquellas que mejor se adecuen a sus intereses y necesidades acad\u00e9micas.<\/p>\n\n\n\n<p><strong>Puede acceder cualquier persona interesada, aunque el foco de la plataforma estuvo puesto en las materias contempladas en los planes de estudio de los niveles secundario y universitario<\/strong>.<\/p>\n\n\n\n<figure class=\"wp-block-image size-large is-resized\"><img loading=\"lazy\" decoding=\"async\" data-attachment-id=\"99\" data-permalink=\"https:\/\/www.comuna13online.com.ar\/?attachment_id=99\" data-orig-file=\"https:\/\/www.comuna13online.com.ar\/wp-content\/uploads\/2017\/12\/line.jpg\" data-orig-size=\"678,1\" data-comments-opened=\"0\" data-image-meta=\"{&quot;aperture&quot;:&quot;0&quot;,&quot;credit&quot;:&quot;&quot;,&quot;camera&quot;:&quot;&quot;,&quot;caption&quot;:&quot;&quot;,&quot;created_timestamp&quot;:&quot;0&quot;,&quot;copyright&quot;:&quot;&quot;,&quot;focal_length&quot;:&quot;0&quot;,&quot;iso&quot;:&quot;0&quot;,&quot;shutter_speed&quot;:&quot;0&quot;,&quot;title&quot;:&quot;&quot;,&quot;orientation&quot;:&quot;0&quot;}\" data-image-title=\"line\" data-image-description=\"\" data-image-caption=\"\" data-large-file=\"https:\/\/www.comuna13online.com.ar\/wp-content\/uploads\/2017\/12\/line.jpg\" src=\"http:\/\/www.comuna13online.com.ar\/wp-content\/uploads\/2017\/12\/line.jpg\" alt=\"\" class=\"wp-image-99\" width=\"678\" height=\"1\" srcset=\"https:\/\/www.comuna13online.com.ar\/wp-content\/uploads\/2017\/12\/line.jpg 678w, https:\/\/www.comuna13online.com.ar\/wp-content\/uploads\/2017\/12\/line-150x1.jpg 150w, https:\/\/www.comuna13online.com.ar\/wp-content\/uploads\/2017\/12\/line-326x1.jpg 326w, https:\/\/www.comuna13online.com.ar\/wp-content\/uploads\/2017\/12\/line-80x1.jpg 80w, https:\/\/www.comuna13online.com.ar\/wp-content\/uploads\/2017\/12\/line-272x1.jpg 272w\" sizes=\"auto, (max-width: 678px) 100vw, 678px\" \/><\/figure>\n\n\n\n<figure class=\"wp-block-image size-full\"><img loading=\"lazy\" decoding=\"async\" width=\"678\" height=\"180\" data-attachment-id=\"8918\" data-permalink=\"https:\/\/www.comuna13online.com.ar\/?attachment_id=8918\" data-orig-file=\"https:\/\/www.comuna13online.com.ar\/wp-content\/uploads\/2020\/04\/corona2.jpg\" data-orig-size=\"678,180\" data-comments-opened=\"0\" data-image-meta=\"{&quot;aperture&quot;:&quot;0&quot;,&quot;credit&quot;:&quot;&quot;,&quot;camera&quot;:&quot;&quot;,&quot;caption&quot;:&quot;&quot;,&quot;created_timestamp&quot;:&quot;0&quot;,&quot;copyright&quot;:&quot;&quot;,&quot;focal_length&quot;:&quot;0&quot;,&quot;iso&quot;:&quot;0&quot;,&quot;shutter_speed&quot;:&quot;0&quot;,&quot;title&quot;:&quot;&quot;,&quot;orientation&quot;:&quot;0&quot;}\" data-image-title=\"corona2\" data-image-description=\"\" data-image-caption=\"\" data-large-file=\"https:\/\/www.comuna13online.com.ar\/wp-content\/uploads\/2020\/04\/corona2.jpg\" src=\"http:\/\/www.comuna13online.com.ar\/wp-content\/uploads\/2020\/04\/corona2.jpg\" alt=\"\" class=\"wp-image-8918\"\/><\/figure>\n","protected":false},"excerpt":{"rendered":"<div class=\"mh-excerpt\">La plataforma donde se ofrece contenido acad\u00e9mico realizado con animaciones para estudiantes de nivel secundario y universitario, as\u00ed como a personas interesadas en estas tem\u00e1ticas, fue declarada de Inter\u00e9s Educativo <a class=\"mh-excerpt-more\" href=\"https:\/\/www.comuna13online.com.ar\/?p=15181\" title=\"Legisladores porte\u00f1os distinguieron a la plataforma educativa Nobuk\">[&#8230;]<\/a><\/div>\n","protected":false},"author":1,"featured_media":15183,"comment_status":"closed","ping_status":"closed","sticky":false,"template":"","format":"standard","meta":{"_uag_custom_page_level_css":"","_jetpack_memberships_contains_paid_content":false,"footnotes":"","jetpack_publicize_message":"","jetpack_publicize_feature_enabled":true,"jetpack_social_post_already_shared":true,"jetpack_social_options":{"image_generator_settings":{"template":"highway","default_image_id":0,"font":"","enabled":false},"version":2}},"categories":[195],"tags":[250,296,7,146],"class_list":{"0":"post-15181","1":"post","2":"type-post","3":"status-publish","4":"format-standard","5":"has-post-thumbnail","7":"category-distincion","8":"tag-h2","9":"tag-h3","10":"tag-legislatura","11":"tag-reconocimiento"},"jetpack_publicize_connections":[],"jetpack_featured_media_url":"https:\/\/www.comuna13online.com.ar\/wp-content\/uploads\/2022\/04\/20220412a_id.jpg","uagb_featured_image_src":{"full":["https:\/\/www.comuna13online.com.ar\/wp-content\/uploads\/2022\/04\/20220412a_id.jpg",678,452,false],"thumbnail":["https:\/\/www.comuna13online.com.ar\/wp-content\/uploads\/2022\/04\/20220412a_id.jpg",128,85,false],"medium":["https:\/\/www.comuna13online.com.ar\/wp-content\/uploads\/2022\/04\/20220412a_id.jpg",678,452,false],"medium_large":["https:\/\/www.comuna13online.com.ar\/wp-content\/uploads\/2022\/04\/20220412a_id.jpg",678,452,false],"large":["https:\/\/www.comuna13online.com.ar\/wp-content\/uploads\/2022\/04\/20220412a_id.jpg",678,452,false],"1536x1536":["https:\/\/www.comuna13online.com.ar\/wp-content\/uploads\/2022\/04\/20220412a_id.jpg",678,452,false],"2048x2048":["https:\/\/www.comuna13online.com.ar\/wp-content\/uploads\/2022\/04\/20220412a_id.jpg",678,452,false],"mh-magazine-slider":["https:\/\/www.comuna13online.com.ar\/wp-content\/uploads\/2022\/04\/20220412a_id-678x438.jpg",678,438,true],"mh-magazine-content":["https:\/\/www.comuna13online.com.ar\/wp-content\/uploads\/2022\/04\/20220412a_id-678x381.jpg",678,381,true],"mh-magazine-large":["https:\/\/www.comuna13online.com.ar\/wp-content\/uploads\/2022\/04\/20220412a_id.jpg",678,452,false],"mh-magazine-medium":["https:\/\/www.comuna13online.com.ar\/wp-content\/uploads\/2022\/04\/20220412a_id-326x245.jpg",326,245,true],"mh-magazine-small":["https:\/\/www.comuna13online.com.ar\/wp-content\/uploads\/2022\/04\/20220412a_id-80x60.jpg",80,60,true],"sow-carousel-default":["https:\/\/www.comuna13online.com.ar\/wp-content\/uploads\/2022\/04\/20220412a_id-272x182.jpg",272,182,true]},"uagb_author_info":{"display_name":"Comuna13","author_link":"https:\/\/www.comuna13online.com.ar\/?author=1"},"uagb_comment_info":0,"uagb_excerpt":"La plataforma donde se ofrece contenido acad\u00e9mico realizado con animaciones para estudiantes de nivel secundario y universitario, as\u00ed como a personas interesadas en estas tem\u00e1ticas, fue declarada de Inter\u00e9s Educativo [...]","jetpack_sharing_enabled":true,"_links":{"self":[{"href":"https:\/\/www.comuna13online.com.ar\/index.php?rest_route=\/wp\/v2\/posts\/15181","targetHints":{"allow":["GET"]}}],"collection":[{"href":"https:\/\/www.comuna13online.com.ar\/index.php?rest_route=\/wp\/v2\/posts"}],"about":[{"href":"https:\/\/www.comuna13online.com.ar\/index.php?rest_route=\/wp\/v2\/types\/post"}],"author":[{"embeddable":true,"href":"https:\/\/www.comuna13online.com.ar\/index.php?rest_route=\/wp\/v2\/users\/1"}],"replies":[{"embeddable":true,"href":"https:\/\/www.comuna13online.com.ar\/index.php?rest_route=%2Fwp%2Fv2%2Fcomments&post=15181"}],"version-history":[{"count":0,"href":"https:\/\/www.comuna13online.com.ar\/index.php?rest_route=\/wp\/v2\/posts\/15181\/revisions"}],"wp:featuredmedia":[{"embeddable":true,"href":"https:\/\/www.comuna13online.com.ar\/index.php?rest_route=\/wp\/v2\/media\/15183"}],"wp:attachment":[{"href":"https:\/\/www.comuna13online.com.ar\/index.php?rest_route=%2Fwp%2Fv2%2Fmedia&parent=15181"}],"wp:term":[{"taxonomy":"category","embeddable":true,"href":"https:\/\/www.comuna13online.com.ar\/index.php?rest_route=%2Fwp%2Fv2%2Fcategories&post=15181"},{"taxonomy":"post_tag","embeddable":true,"href":"https:\/\/www.comuna13online.com.ar\/index.php?rest_route=%2Fwp%2Fv2%2Ftags&post=15181"}],"curies":[{"name":"wp","href":"https:\/\/api.w.org\/{rel}","templated":true}]}}