{"id":15150,"date":"2022-04-01T16:44:52","date_gmt":"2022-04-01T19:44:52","guid":{"rendered":"http:\/\/www.comuna13online.com.ar\/?p=15150"},"modified":"2022-04-01T16:50:53","modified_gmt":"2022-04-01T19:50:53","slug":"jornada-de-donacion-de-sangre-en-la-comuna-13-2","status":"publish","type":"post","link":"https:\/\/www.comuna13online.com.ar\/?p=15150","title":{"rendered":"Jornada de donaci\u00f3n de sangre en Belgrano"},"content":{"rendered":"\n<p><strong>El Gobierno porte\u00f1o junto al Proyecto Damos organizan una nueva jornada de donaci\u00f3n de sangre el pr\u00f3ximo domingo 3 de abril en la sede de la Fundaci\u00f3n Hillel, O&#8217;Higgins 1560.<\/strong><\/p>\n\n\n\n<figure class=\"wp-block-image size-full\"><img loading=\"lazy\" decoding=\"async\" width=\"678\" height=\"452\" data-attachment-id=\"15151\" data-permalink=\"https:\/\/www.comuna13online.com.ar\/?attachment_id=15151\" data-orig-file=\"https:\/\/www.comuna13online.com.ar\/wp-content\/uploads\/2022\/04\/20220401b_01.jpg\" data-orig-size=\"678,452\" data-comments-opened=\"0\" data-image-meta=\"{&quot;aperture&quot;:&quot;0&quot;,&quot;credit&quot;:&quot;&quot;,&quot;camera&quot;:&quot;&quot;,&quot;caption&quot;:&quot;&quot;,&quot;created_timestamp&quot;:&quot;0&quot;,&quot;copyright&quot;:&quot;&quot;,&quot;focal_length&quot;:&quot;0&quot;,&quot;iso&quot;:&quot;0&quot;,&quot;shutter_speed&quot;:&quot;0&quot;,&quot;title&quot;:&quot;&quot;,&quot;orientation&quot;:&quot;0&quot;}\" data-image-title=\"20220401b_01\" data-image-description=\"\" data-image-caption=\"\" data-large-file=\"https:\/\/www.comuna13online.com.ar\/wp-content\/uploads\/2022\/04\/20220401b_01.jpg\" src=\"http:\/\/www.comuna13online.com.ar\/wp-content\/uploads\/2022\/04\/20220401b_01.jpg\" alt=\"\" class=\"wp-image-15151\" srcset=\"https:\/\/www.comuna13online.com.ar\/wp-content\/uploads\/2022\/04\/20220401b_01.jpg 678w, https:\/\/www.comuna13online.com.ar\/wp-content\/uploads\/2022\/04\/20220401b_01-272x182.jpg 272w\" sizes=\"auto, (max-width: 678px) 100vw, 678px\" \/><\/figure>\n\n\n\n<p>la Red de Medicina Transfusional del Gobierno de la Ciudad junto al Proyecto Damos realizar\u00e1n una colecta de sangre en la Sede de la Fundaci\u00f3n Hillel en la Comuna 13, la misma se llevar\u00e1 a cabo de 10 a 15.30 horas en O&#8217;Higgins 1560, entre Virrey del Pino y Virrey Loreto, Belgrano. <\/p>\n\n\n\n<p>Para evitar la aglomeraci\u00f3n de personas se requiere de turno previo que se obtiene en la web completando el <a rel=\"noreferrer noopener\" href=\"https:\/\/docs.google.com\/forms\/d\/e\/1FAIpQLSez32wMvVk10qDgBwRcaY4HEghMnBpH_1_tlDldpQUmN56NhA\/viewform\" target=\"_blank\"><strong>formulario online<\/strong><\/a> con los datos. Por cualquier consulta adicional comunicares al 11 6751-0354 o enviar un email a damosjuventud@gmail.com<\/p>\n\n\n\n<p>Donar sangre es un procedimiento sencillo con m\u00ednimos requisitos para todos los voluntarios. Es condici\u00f3n para donar sangre tener entre 18 y 65 a\u00f1os, que hayan pasado m\u00e1s de 2 meses de la \u00faltima donaci\u00f3n y no asistir en ayunas entre los principales requerimientos. <\/p>\n\n\n\n<div style=\"height:25px\" aria-hidden=\"true\" class=\"wp-block-spacer\"><\/div>\n\n\n\n<h3 class=\"wp-block-heading\">Fundaci\u00f3n Hillel<\/h3>\n\n\n\n<p>O&#8217;Higgins 1560. Belgrano, Comuna 13<\/p>\n\n\n\n<p><strong>Transportes cercanos:<\/strong><\/p>\n\n\n\n<p>Colectivos: 15, 29, 41, 44, 55, 57, 59, 60, 63, 65, 67, 68, 80, 118, 152, 161, 168, 184, 194<br>Subte: Estaci\u00f3n Jos\u00e9 Hern\u00e1ndez (L\u00ednea D)<\/p>\n\n\n\n<p><\/p>\n<iframe src=\"https:\/\/www.google.com\/maps\/embed?pb=!1m18!1m12!1m3!1d13142.185575178666!2d-58.457419630224614!3d-34.565038699999995!2m3!1f0!2f0!3f0!3m2!1i1024!2i768!4f13.1!3m3!1m2!1s0x95bcb5cf07dd4621%3A0xebbec0e46ab5ffb6!2sO'Higgins%201560%2C%20C1426%20BHF%2C%20Buenos%20Aires!5e0!3m2!1ses-419!2sar!4v1648842090507!5m2!1ses-419!2sar\" width=\"350\" height=\"275\" style=\"border:0;\" allowfullscreen=\"\" loading=\"lazy\" referrerpolicy=\"no-referrer-when-downgrade\"><\/iframe>\n\n\n\n<div style=\"height:40px\" aria-hidden=\"true\" class=\"wp-block-spacer\"><\/div>\n\n\n\n<h4 class=\"wp-block-heading\"><strong>\u00bfQUI\u00c9NES PUEDEN DONAR SANGRE?<\/strong><\/h4>\n\n\n\n<p>Cualquier persona, hombre o mujer, que cumpla con las siguientes condiciones puede ser donante:<\/p>\n\n\n\n<ul class=\"wp-block-list\"><li>Tener entre 18 y 65 a\u00f1os.<\/li><li>Pesar m\u00e1s de 50 kilos.<\/li><li>Haber pasado 6 meses de haberse realizado tatuajes.<\/li><li>Haber pasado 2 meses de la \u00faltima donaci\u00f3n.<\/li><li>Dormir al menos 6 horas la noche anterior a la donaci\u00f3n.<\/li><li>Haber desayunado\/almorzado.<\/li><li>Sentirse bien el d\u00eda de la donaci\u00f3n.<\/li><\/ul>\n\n\n\n<div style=\"height:20px\" aria-hidden=\"true\" class=\"wp-block-spacer\"><\/div>\n\n\n\n<iframe loading=\"lazy\" width=\"678\" height=\"452\" src=\"https:\/\/www.youtube.com\/embed\/7D5iRD_5Now\" title=\"YouTube video player\" frameborder=\"0\" allow=\"accelerometer; autoplay; clipboard-write; encrypted-media; gyroscope; picture-in-picture\" allowfullscreen=\"\"><\/iframe>\n\n\n\n<div style=\"height:20px\" aria-hidden=\"true\" class=\"wp-block-spacer\"><\/div>\n\n\n\n<h4 class=\"wp-block-heading\">Informaci\u00f3n para recuperados de Covid-19 y donaci\u00f3n de sangre<\/h4>\n\n\n\n<ul class=\"wp-block-list\"><li><strong>Si tuviste s\u00edntomas<\/strong>&nbsp;de Covid-19 pero&nbsp;<strong>no te realizaron<\/strong>&nbsp;una prueba PCR SARS \u2013CoV-2 (Hisopado nasofar\u00edngeo) podes donar pasado&nbsp;<strong>28 d\u00edas<\/strong>&nbsp;despu\u00e9s de la resoluci\u00f3n de los s\u00edntomas.<\/li><li><strong>Si tuviste s\u00edntomas<\/strong>&nbsp;de Covid-19 y&nbsp;<strong>tienes una prueba<\/strong>&nbsp;PCR SARS \u2013CoV-2&nbsp;<strong>negativa<\/strong>&nbsp;podes donar a los&nbsp;<strong>14 d\u00edas<\/strong>&nbsp;de la resoluci\u00f3n de los s\u00edntomas.<\/li><li><strong>Si nunca tuviste s\u00edntomas y tienes una prueba de diagn\u00f3stico positivo<\/strong>&nbsp;PCR SARS \u2013CoV-2 (Hisopado nasofar\u00edngeo) podes donar luego de 28 d\u00edas despu\u00e9s de la fecha del resultado positivo de la prueba.<\/li><li>Si estuviste en&nbsp;<strong>contacto estrecho<\/strong>&nbsp;de un caso confirmado, podes donar pasado&nbsp;<strong>14 d\u00edas del \u00faltimo contacto<\/strong>.<\/li><li><strong>Si conviv\u00eds<\/strong>&nbsp;con un caso confirmado, podes donar reci\u00e9n cuando la persona tenga el alta m\u00e9dica.<\/li><li>Si tienes una determinaci\u00f3n positiva para Anticuerpos IgG anti SARS-CoV-2 y no tuviste una prueba de diagn\u00f3stico previo y nunca desarrollaste s\u00edntomas, podes donar sin un per\u00edodo de espera.<\/li><\/ul>\n\n\n\n<p>Por consultas comunicarse con:&nbsp;<strong>redmedtransfusional@buenosaires.gob.ar<\/strong>.<\/p>\n\n\n\n<figure class=\"wp-block-image size-large is-resized\"><img loading=\"lazy\" decoding=\"async\" data-attachment-id=\"99\" data-permalink=\"https:\/\/www.comuna13online.com.ar\/?attachment_id=99\" data-orig-file=\"https:\/\/www.comuna13online.com.ar\/wp-content\/uploads\/2017\/12\/line.jpg\" data-orig-size=\"678,1\" data-comments-opened=\"0\" data-image-meta=\"{&quot;aperture&quot;:&quot;0&quot;,&quot;credit&quot;:&quot;&quot;,&quot;camera&quot;:&quot;&quot;,&quot;caption&quot;:&quot;&quot;,&quot;created_timestamp&quot;:&quot;0&quot;,&quot;copyright&quot;:&quot;&quot;,&quot;focal_length&quot;:&quot;0&quot;,&quot;iso&quot;:&quot;0&quot;,&quot;shutter_speed&quot;:&quot;0&quot;,&quot;title&quot;:&quot;&quot;,&quot;orientation&quot;:&quot;0&quot;}\" data-image-title=\"line\" data-image-description=\"\" data-image-caption=\"\" data-large-file=\"https:\/\/www.comuna13online.com.ar\/wp-content\/uploads\/2017\/12\/line.jpg\" src=\"http:\/\/www.comuna13online.com.ar\/wp-content\/uploads\/2017\/12\/line.jpg\" alt=\"\" class=\"wp-image-99\" width=\"678\" height=\"1\" srcset=\"https:\/\/www.comuna13online.com.ar\/wp-content\/uploads\/2017\/12\/line.jpg 678w, https:\/\/www.comuna13online.com.ar\/wp-content\/uploads\/2017\/12\/line-150x1.jpg 150w, https:\/\/www.comuna13online.com.ar\/wp-content\/uploads\/2017\/12\/line-326x1.jpg 326w, https:\/\/www.comuna13online.com.ar\/wp-content\/uploads\/2017\/12\/line-80x1.jpg 80w, https:\/\/www.comuna13online.com.ar\/wp-content\/uploads\/2017\/12\/line-272x1.jpg 272w\" sizes=\"auto, (max-width: 678px) 100vw, 678px\" \/><\/figure>\n\n\n\n<figure class=\"wp-block-image size-full\"><img loading=\"lazy\" decoding=\"async\" width=\"678\" height=\"180\" data-attachment-id=\"8918\" data-permalink=\"https:\/\/www.comuna13online.com.ar\/?attachment_id=8918\" data-orig-file=\"https:\/\/www.comuna13online.com.ar\/wp-content\/uploads\/2020\/04\/corona2.jpg\" data-orig-size=\"678,180\" data-comments-opened=\"0\" data-image-meta=\"{&quot;aperture&quot;:&quot;0&quot;,&quot;credit&quot;:&quot;&quot;,&quot;camera&quot;:&quot;&quot;,&quot;caption&quot;:&quot;&quot;,&quot;created_timestamp&quot;:&quot;0&quot;,&quot;copyright&quot;:&quot;&quot;,&quot;focal_length&quot;:&quot;0&quot;,&quot;iso&quot;:&quot;0&quot;,&quot;shutter_speed&quot;:&quot;0&quot;,&quot;title&quot;:&quot;&quot;,&quot;orientation&quot;:&quot;0&quot;}\" data-image-title=\"corona2\" data-image-description=\"\" data-image-caption=\"\" data-large-file=\"https:\/\/www.comuna13online.com.ar\/wp-content\/uploads\/2020\/04\/corona2.jpg\" src=\"http:\/\/www.comuna13online.com.ar\/wp-content\/uploads\/2020\/04\/corona2.jpg\" alt=\"\" class=\"wp-image-8918\"\/><\/figure>\n","protected":false},"excerpt":{"rendered":"<div class=\"mh-excerpt\">El Gobierno porte\u00f1o junto al Proyecto Damos organizan una nueva jornada de donaci\u00f3n de sangre el pr\u00f3ximo domingo 3 de abril en la sede de la Fundaci\u00f3n Hillel, O&#8217;Higgins 1560. <a class=\"mh-excerpt-more\" href=\"https:\/\/www.comuna13online.com.ar\/?p=15150\" title=\"Jornada de donaci\u00f3n de sangre en Belgrano\">[&#8230;]<\/a><\/div>\n","protected":false},"author":1,"featured_media":9148,"comment_status":"closed","ping_status":"closed","sticky":false,"template":"","format":"standard","meta":{"_uag_custom_page_level_css":"","_jetpack_memberships_contains_paid_content":false,"footnotes":"","jetpack_publicize_message":"","jetpack_publicize_feature_enabled":true,"jetpack_social_post_already_shared":true,"jetpack_social_options":{"image_generator_settings":{"template":"highway","default_image_id":0,"font":"","enabled":false},"version":2}},"categories":[197],"tags":[116,250,296,90],"class_list":{"0":"post-15150","1":"post","2":"type-post","3":"status-publish","4":"format-standard","5":"has-post-thumbnail","7":"category-solidaridad","8":"tag-donacion-de-sangre","9":"tag-h2","10":"tag-h3","11":"tag-solidaridad"},"jetpack_publicize_connections":[],"jetpack_featured_media_url":"https:\/\/www.comuna13online.com.ar\/wp-content\/uploads\/2020\/04\/20200415b.jpg","uagb_featured_image_src":{"full":["https:\/\/www.comuna13online.com.ar\/wp-content\/uploads\/2020\/04\/20200415b.jpg",678,452,false],"thumbnail":["https:\/\/www.comuna13online.com.ar\/wp-content\/uploads\/2020\/04\/20200415b-150x150.jpg",96,96,true],"medium":["https:\/\/www.comuna13online.com.ar\/wp-content\/uploads\/2020\/04\/20200415b.jpg",678,452,false],"medium_large":["https:\/\/www.comuna13online.com.ar\/wp-content\/uploads\/2020\/04\/20200415b.jpg",678,452,false],"large":["https:\/\/www.comuna13online.com.ar\/wp-content\/uploads\/2020\/04\/20200415b-657x438.jpg",657,438,true],"1536x1536":["https:\/\/www.comuna13online.com.ar\/wp-content\/uploads\/2020\/04\/20200415b.jpg",678,452,false],"2048x2048":["https:\/\/www.comuna13online.com.ar\/wp-content\/uploads\/2020\/04\/20200415b.jpg",678,452,false],"mh-magazine-slider":["https:\/\/www.comuna13online.com.ar\/wp-content\/uploads\/2020\/04\/20200415b-678x438.jpg",678,438,true],"mh-magazine-content":["https:\/\/www.comuna13online.com.ar\/wp-content\/uploads\/2020\/04\/20200415b-678x381.jpg",678,381,true],"mh-magazine-large":["https:\/\/www.comuna13online.com.ar\/wp-content\/uploads\/2020\/04\/20200415b.jpg",678,452,false],"mh-magazine-medium":["https:\/\/www.comuna13online.com.ar\/wp-content\/uploads\/2020\/04\/20200415b-326x245.jpg",326,245,true],"mh-magazine-small":["https:\/\/www.comuna13online.com.ar\/wp-content\/uploads\/2020\/04\/20200415b-80x60.jpg",80,60,true],"sow-carousel-default":["https:\/\/www.comuna13online.com.ar\/wp-content\/uploads\/2020\/04\/20200415b-272x182.jpg",272,182,true]},"uagb_author_info":{"display_name":"Comuna13","author_link":"https:\/\/www.comuna13online.com.ar\/?author=1"},"uagb_comment_info":0,"uagb_excerpt":"El Gobierno porte\u00f1o junto al Proyecto Damos organizan una nueva jornada de donaci\u00f3n de sangre el pr\u00f3ximo domingo 3 de abril en la sede de la Fundaci\u00f3n Hillel, O&#8217;Higgins 1560. [...]","jetpack_sharing_enabled":true,"_links":{"self":[{"href":"https:\/\/www.comuna13online.com.ar\/index.php?rest_route=\/wp\/v2\/posts\/15150","targetHints":{"allow":["GET"]}}],"collection":[{"href":"https:\/\/www.comuna13online.com.ar\/index.php?rest_route=\/wp\/v2\/posts"}],"about":[{"href":"https:\/\/www.comuna13online.com.ar\/index.php?rest_route=\/wp\/v2\/types\/post"}],"author":[{"embeddable":true,"href":"https:\/\/www.comuna13online.com.ar\/index.php?rest_route=\/wp\/v2\/users\/1"}],"replies":[{"embeddable":true,"href":"https:\/\/www.comuna13online.com.ar\/index.php?rest_route=%2Fwp%2Fv2%2Fcomments&post=15150"}],"version-history":[{"count":0,"href":"https:\/\/www.comuna13online.com.ar\/index.php?rest_route=\/wp\/v2\/posts\/15150\/revisions"}],"wp:featuredmedia":[{"embeddable":true,"href":"https:\/\/www.comuna13online.com.ar\/index.php?rest_route=\/wp\/v2\/media\/9148"}],"wp:attachment":[{"href":"https:\/\/www.comuna13online.com.ar\/index.php?rest_route=%2Fwp%2Fv2%2Fmedia&parent=15150"}],"wp:term":[{"taxonomy":"category","embeddable":true,"href":"https:\/\/www.comuna13online.com.ar\/index.php?rest_route=%2Fwp%2Fv2%2Fcategories&post=15150"},{"taxonomy":"post_tag","embeddable":true,"href":"https:\/\/www.comuna13online.com.ar\/index.php?rest_route=%2Fwp%2Fv2%2Ftags&post=15150"}],"curies":[{"name":"wp","href":"https:\/\/api.w.org\/{rel}","templated":true}]}}