{"id":15142,"date":"2022-03-31T11:18:33","date_gmt":"2022-03-31T14:18:33","guid":{"rendered":"http:\/\/www.comuna13online.com.ar\/?p=15142"},"modified":"2022-03-31T11:18:37","modified_gmt":"2022-03-31T14:18:37","slug":"vacunacion-antigripal-la-ciudad-habilito-los-turnos-para-ninos-y-grupos-priorizados","status":"publish","type":"post","link":"https:\/\/www.comuna13online.com.ar\/?p=15142","title":{"rendered":"Vacunaci\u00f3n antigripal: la Ciudad habilit\u00f3 los turnos para ni\u00f1os y grupos priorizados"},"content":{"rendered":"\n<p><strong>El Gobierno porte\u00f1o inici\u00f3 la segunda etapa de vacunaci\u00f3n antigripal para ni\u00f1os hasta 2 a\u00f1os y personas con enfermedades de riesgo, es importante vacunarse para tener protecci\u00f3n durante el invierno.<\/strong><\/p>\n\n\n\n<figure class=\"wp-block-image size-full\"><img loading=\"lazy\" decoding=\"async\" width=\"1030\" height=\"438\" data-attachment-id=\"2233\" data-permalink=\"https:\/\/www.comuna13online.com.ar\/?attachment_id=2233\" data-orig-file=\"https:\/\/www.comuna13online.com.ar\/wp-content\/uploads\/2018\/08\/2018_08_13b.jpg\" data-orig-size=\"1030,438\" data-comments-opened=\"0\" data-image-meta=\"{&quot;aperture&quot;:&quot;0&quot;,&quot;credit&quot;:&quot;&quot;,&quot;camera&quot;:&quot;&quot;,&quot;caption&quot;:&quot;&quot;,&quot;created_timestamp&quot;:&quot;0&quot;,&quot;copyright&quot;:&quot;&quot;,&quot;focal_length&quot;:&quot;0&quot;,&quot;iso&quot;:&quot;0&quot;,&quot;shutter_speed&quot;:&quot;0&quot;,&quot;title&quot;:&quot;&quot;,&quot;orientation&quot;:&quot;0&quot;}\" data-image-title=\"2018_08_13b\" data-image-description=\"\" data-image-caption=\"\" data-large-file=\"https:\/\/www.comuna13online.com.ar\/wp-content\/uploads\/2018\/08\/2018_08_13b.jpg\" src=\"http:\/\/www.comuna13online.com.ar\/wp-content\/uploads\/2018\/08\/2018_08_13b.jpg\" alt=\"\" class=\"wp-image-2233\" srcset=\"https:\/\/www.comuna13online.com.ar\/wp-content\/uploads\/2018\/08\/2018_08_13b.jpg 1030w, https:\/\/www.comuna13online.com.ar\/wp-content\/uploads\/2018\/08\/2018_08_13b-678x288.jpg 678w, https:\/\/www.comuna13online.com.ar\/wp-content\/uploads\/2018\/08\/2018_08_13b-768x327.jpg 768w\" sizes=\"auto, (max-width: 1030px) 100vw, 1030px\" \/><figcaption><sup>La vacunaci\u00f3n a ni\u00f1os menores de 3 a\u00f1os se realiza en Centros de Salud y Hospitales<\/sup>.<\/figcaption><\/figure>\n\n\n\n<p>Ante la llegada temprana de la Gripe A a nuestro pa\u00eds, el Gobierno Nacional adquiri\u00f3 y distribuy\u00f3 9.600.000 dosis para ser aplicadas a personal de salud, embarazadas, chicos entre 6 a 24 meses, personas de entre 2 y 64 a\u00f1os que pertenecen a grupos de riesgo, adultos mayores de 65 a\u00f1os. <\/p>\n\n\n\n<p><strong><em>\u201cHay un aumento de casos de gripe fundamentalmente en ni\u00f1os, ya que en los dos a\u00f1os anteriores el Covid desplaz\u00f3 totalmente a todos los dem\u00e1s virus respiratorios, y ahora est\u00e1n m\u00e1s susceptibles al virus de la influenza\u201d<\/em><\/strong>, indic\u00f3 la Ministra de Salud de la Naci\u00f3n, Carla Vizzoti.<\/p>\n\n\n\n<p>El Gobierno de la Ciudad comenz\u00f3 el viernes 24 de marzo con la primera etapa que comprende al personal de salud, y desde este viernes habilit\u00f3 los turnos a trav\u00e9s de la <a href=\"https:\/\/www.buenosaires.gob.ar\/salud\/vacunas\/gripe\" target=\"_blank\" rel=\"noreferrer noopener\">web<\/a> para los grupos priorizados.<\/p>\n\n\n\n<h4 class=\"has-text-color wp-block-heading\" style=\"color:#d65ac3\"><strong>La\u00a0<em>vacuna antigripal<\/em>\u00a0puede aplicarse en forma simult\u00e1nea con las de\u00a0<em>COVID<\/em>-19.<\/strong><\/h4>\n\n\n\n<h3 class=\"wp-block-heading\">\u00bfQui\u00e9nes pueden recibir la vacuna antigripal?<\/h3>\n\n\n\n<ol class=\"wp-block-list\"><li><strong>Menores de 3 a\u00f1os<\/strong><br>S\u00f3lo pueden vacunarse en Centros de Salud y Hospitales<\/li><\/ol>\n\n\n\n<ul class=\"wp-block-list\"><li>Ni\u00f1as y ni\u00f1os de 6 a 24 meses.<\/li><li>Ni\u00f1os y ni\u00f1as de 2 a\u00f1os a 3 a\u00f1os con factores de riesgo.<\/li><\/ul>\n\n\n\n<p><a rel=\"noreferrer noopener\" href=\"https:\/\/covid.buenosaires.gob.ar\/InicioTramiteComun?idPrestacion=3809\" target=\"_blank\"><strong>Sacar turno<\/strong><\/a><\/p>\n\n\n\n<ol class=\"wp-block-list\" start=\"2\"><li><strong>Poblaci\u00f3n con condiciones priorizadas<\/strong><\/li><\/ol>\n\n\n\n<ul class=\"wp-block-list\"><li>Embarazadas y pu\u00e9rperas hasta 10 d\u00edas posparto.<\/li><li>Personas adultas mayores de 65 a\u00f1os.<\/li><li>Personas de 3 a 64 a\u00f1os con factores de riesgo (deben acreditar la condici\u00f3n de riesgo, ya sea con receta, indicaci\u00f3n m\u00e9dica o evidencia f\u00edsica).<\/li><\/ul>\n\n\n\n<p><a rel=\"noreferrer noopener\" href=\"https:\/\/covid.buenosaires.gob.ar\/InicioTramiteComun?idPrestacion=3789\" target=\"_blank\"><strong>Sacar turno<\/strong><\/a><\/p>\n\n\n\n<div style=\"height:15px\" aria-hidden=\"true\" class=\"wp-block-spacer\"><\/div>\n\n\n\n<h3 class=\"wp-block-heading\">\u00bfCu\u00e1les son los factores de riesgo?<\/h3>\n\n\n\n<p><strong>Para poder vacunarte, se debe presentar un certificado que acredite la existencia de la condici\u00f3n de riesgo ya sea con receta, indicaci\u00f3n m\u00e9dica o evidencia f\u00edsica.<\/strong><\/p>\n\n\n\n<ul class=\"wp-block-list\"><li><strong>Enfermedades respiratorias cr\u00f3nicas<\/strong><\/li><li><strong>Enfermedades card\u00edacas:<\/strong>&nbsp;insuficiencia card\u00edaca, enfermedad coronaria, reemplazo valvular, valvulopat\u00edas, cardiopat\u00edas cong\u00e9nitas<\/li><li><strong>Enfermedades renales:<\/strong>&nbsp;personas en di\u00e1lisis o con expectativas de ingresar a di\u00e1lisis en los siguientes seis meses<\/li><li><strong>Obesidad<\/strong>&nbsp;(\u00edndice de masa corporal mayor a 40 kg\/m2)<\/li><li><strong>Diabetes<\/strong><\/li><li><strong>Infecci\u00f3n por VIH\/SIDA<\/strong><\/li><li><strong>Inmunodeficiencias cong\u00e9nitas o adquiridas<\/strong>&nbsp;(no oncohematol\u00f3gica)<\/li><li><strong>Utilizaci\u00f3n de medicaci\u00f3n inmunosupresora o corticoides<\/strong>&nbsp;en altas dosis (mayor a 2 mg\/kg\/d\u00eda de metilprednisona o m\u00e1s de 20 mg\/d\u00eda o su equivalente por m\u00e1s de 14 d\u00edas)<\/li><li><strong>Pacientes oncol\u00f3gicos, trasplantados y sus convivientes<\/strong><\/li><li><strong>Retraso madurativo grave<\/strong>&nbsp;en menores de 18 a\u00f1os<\/li><li><strong>Personas con s\u00edndromes gen\u00e9ticos, enfermedades neuromusculares con compromiso respiratorio y malformaciones cong\u00e9nitas graves<\/strong><\/li><li><strong>Asplenia<\/strong>&nbsp;(personas sin bazo)<\/li><li><strong>Tratamiento cr\u00f3nico con aspirina<\/strong>&nbsp;en menores de 18 a\u00f1os<\/li><li>Convivientes de ni\u00f1os\/as prematuros\/as con un peso menor a 1.500 gramos.<\/li><li><strong>Registro de vacunaci\u00f3n domiciliaria para personas con limitaciones severas de movilidad<\/strong>. Si vos o alguien de tu familia tienen limitaciones de movilidad severas para dirigirse a los centros de vacunaci\u00f3n, pueden recibir la vacuna en su domicilio llamando al 147. Se realizar\u00e1 una<br>evaluaci\u00f3n de la solicitud a cargo de un equipo especializado.<\/li><\/ul>\n\n\n\n<h3 class=\"wp-block-heading\">\u00bfQu\u00e9 hay que llevar para la vacunaci\u00f3n?<\/h3>\n\n\n\n<ul class=\"wp-block-list\"><li>Presentar documentaci\u00f3n que certifique la existencia de enfermedades pre-existentes en el caso de personas que presenten factores de riesgo.<\/li><li>Presentar la libreta sanitaria o de vacunaci\u00f3n en caso de contar con la misma.<\/li><\/ul>\n\n\n\n<h3 class=\"wp-block-heading\">\u00bfC\u00f3mo solicitar turno?<\/h3>\n\n\n\n<ul class=\"wp-block-list\"><li>Ingresar a <a rel=\"noreferrer noopener\" href=\"https:\/\/www.buenosaires.gob.ar\/salud\/vacunas\/gripe\" target=\"_blank\">www.buenosaires.gob.ar\/salud\/vacunas\/gripe<\/a> y selecciona solicitar turno seg\u00fan el grupo que corresponda y luego optar por fecha o lugar.<\/li><li>Elegir lugar, fecha y hora seg\u00fan preferencia.<\/li><li>Completar el formulario de datos personales<\/li><li>Recibir\u00e1 la confirmaci\u00f3n por mail, whatsapp o sms.<\/li><\/ul>\n\n\n\n<figure class=\"wp-block-image size-large is-resized\"><img loading=\"lazy\" decoding=\"async\" data-attachment-id=\"99\" data-permalink=\"https:\/\/www.comuna13online.com.ar\/?attachment_id=99\" data-orig-file=\"https:\/\/www.comuna13online.com.ar\/wp-content\/uploads\/2017\/12\/line.jpg\" data-orig-size=\"678,1\" data-comments-opened=\"0\" data-image-meta=\"{&quot;aperture&quot;:&quot;0&quot;,&quot;credit&quot;:&quot;&quot;,&quot;camera&quot;:&quot;&quot;,&quot;caption&quot;:&quot;&quot;,&quot;created_timestamp&quot;:&quot;0&quot;,&quot;copyright&quot;:&quot;&quot;,&quot;focal_length&quot;:&quot;0&quot;,&quot;iso&quot;:&quot;0&quot;,&quot;shutter_speed&quot;:&quot;0&quot;,&quot;title&quot;:&quot;&quot;,&quot;orientation&quot;:&quot;0&quot;}\" data-image-title=\"line\" data-image-description=\"\" data-image-caption=\"\" data-large-file=\"https:\/\/www.comuna13online.com.ar\/wp-content\/uploads\/2017\/12\/line.jpg\" src=\"http:\/\/www.comuna13online.com.ar\/wp-content\/uploads\/2017\/12\/line.jpg\" alt=\"\" class=\"wp-image-99\" width=\"678\" height=\"1\" srcset=\"https:\/\/www.comuna13online.com.ar\/wp-content\/uploads\/2017\/12\/line.jpg 678w, https:\/\/www.comuna13online.com.ar\/wp-content\/uploads\/2017\/12\/line-150x1.jpg 150w, https:\/\/www.comuna13online.com.ar\/wp-content\/uploads\/2017\/12\/line-326x1.jpg 326w, https:\/\/www.comuna13online.com.ar\/wp-content\/uploads\/2017\/12\/line-80x1.jpg 80w, https:\/\/www.comuna13online.com.ar\/wp-content\/uploads\/2017\/12\/line-272x1.jpg 272w\" sizes=\"auto, (max-width: 678px) 100vw, 678px\" \/><\/figure>\n\n\n\n<figure class=\"wp-block-image size-full\"><img loading=\"lazy\" decoding=\"async\" width=\"678\" height=\"180\" data-attachment-id=\"8918\" data-permalink=\"https:\/\/www.comuna13online.com.ar\/?attachment_id=8918\" data-orig-file=\"https:\/\/www.comuna13online.com.ar\/wp-content\/uploads\/2020\/04\/corona2.jpg\" data-orig-size=\"678,180\" data-comments-opened=\"0\" data-image-meta=\"{&quot;aperture&quot;:&quot;0&quot;,&quot;credit&quot;:&quot;&quot;,&quot;camera&quot;:&quot;&quot;,&quot;caption&quot;:&quot;&quot;,&quot;created_timestamp&quot;:&quot;0&quot;,&quot;copyright&quot;:&quot;&quot;,&quot;focal_length&quot;:&quot;0&quot;,&quot;iso&quot;:&quot;0&quot;,&quot;shutter_speed&quot;:&quot;0&quot;,&quot;title&quot;:&quot;&quot;,&quot;orientation&quot;:&quot;0&quot;}\" data-image-title=\"corona2\" data-image-description=\"\" data-image-caption=\"\" data-large-file=\"https:\/\/www.comuna13online.com.ar\/wp-content\/uploads\/2020\/04\/corona2.jpg\" src=\"http:\/\/www.comuna13online.com.ar\/wp-content\/uploads\/2020\/04\/corona2.jpg\" alt=\"\" class=\"wp-image-8918\"\/><\/figure>\n","protected":false},"excerpt":{"rendered":"<div class=\"mh-excerpt\">El Gobierno porte\u00f1o inici\u00f3 la segunda etapa de vacunaci\u00f3n antigripal para ni\u00f1os hasta 2 a\u00f1os y personas con enfermedades de riesgo, es importante vacunarse para tener protecci\u00f3n durante el invierno. <a class=\"mh-excerpt-more\" href=\"https:\/\/www.comuna13online.com.ar\/?p=15142\" title=\"Vacunaci\u00f3n antigripal: la Ciudad habilit\u00f3 los turnos para ni\u00f1os y grupos priorizados\">[&#8230;]<\/a><\/div>\n","protected":false},"author":1,"featured_media":15143,"comment_status":"closed","ping_status":"closed","sticky":false,"template":"","format":"standard","meta":{"_uag_custom_page_level_css":"","_jetpack_memberships_contains_paid_content":false,"footnotes":"","jetpack_publicize_message":"","jetpack_publicize_feature_enabled":true,"jetpack_social_post_already_shared":true,"jetpack_social_options":{"image_generator_settings":{"template":"highway","default_image_id":0,"font":"","enabled":false},"version":2}},"categories":[44],"tags":[246,250,296,45,118],"class_list":{"0":"post-15142","1":"post","2":"type-post","3":"status-publish","4":"format-standard","5":"has-post-thumbnail","7":"category-salud","8":"tag-h1","9":"tag-h2","10":"tag-h3","11":"tag-salud","12":"tag-vacunacion"},"jetpack_publicize_connections":[],"jetpack_featured_media_url":"https:\/\/www.comuna13online.com.ar\/wp-content\/uploads\/2022\/03\/20220331b_id.jpg","uagb_featured_image_src":{"full":["https:\/\/www.comuna13online.com.ar\/wp-content\/uploads\/2022\/03\/20220331b_id.jpg",1030,438,false],"thumbnail":["https:\/\/www.comuna13online.com.ar\/wp-content\/uploads\/2022\/03\/20220331b_id.jpg",128,54,false],"medium":["https:\/\/www.comuna13online.com.ar\/wp-content\/uploads\/2022\/03\/20220331b_id.jpg",1030,438,false],"medium_large":["https:\/\/www.comuna13online.com.ar\/wp-content\/uploads\/2022\/03\/20220331b_id-768x327.jpg",768,327,true],"large":["https:\/\/www.comuna13online.com.ar\/wp-content\/uploads\/2022\/03\/20220331b_id.jpg",1030,438,false],"1536x1536":["https:\/\/www.comuna13online.com.ar\/wp-content\/uploads\/2022\/03\/20220331b_id.jpg",1030,438,false],"2048x2048":["https:\/\/www.comuna13online.com.ar\/wp-content\/uploads\/2022\/03\/20220331b_id.jpg",1030,438,false],"mh-magazine-slider":["https:\/\/www.comuna13online.com.ar\/wp-content\/uploads\/2022\/03\/20220331b_id-1030x438.jpg",1030,438,true],"mh-magazine-content":["https:\/\/www.comuna13online.com.ar\/wp-content\/uploads\/2022\/03\/20220331b_id-678x381.jpg",678,381,true],"mh-magazine-large":["https:\/\/www.comuna13online.com.ar\/wp-content\/uploads\/2022\/03\/20220331b_id-678x438.jpg",678,438,true],"mh-magazine-medium":["https:\/\/www.comuna13online.com.ar\/wp-content\/uploads\/2022\/03\/20220331b_id-326x245.jpg",326,245,true],"mh-magazine-small":["https:\/\/www.comuna13online.com.ar\/wp-content\/uploads\/2022\/03\/20220331b_id-80x60.jpg",80,60,true],"sow-carousel-default":["https:\/\/www.comuna13online.com.ar\/wp-content\/uploads\/2022\/03\/20220331b_id-272x182.jpg",272,182,true]},"uagb_author_info":{"display_name":"Comuna13","author_link":"https:\/\/www.comuna13online.com.ar\/?author=1"},"uagb_comment_info":0,"uagb_excerpt":"El Gobierno porte\u00f1o inici\u00f3 la segunda etapa de vacunaci\u00f3n antigripal para ni\u00f1os hasta 2 a\u00f1os y personas con enfermedades de riesgo, es importante vacunarse para tener protecci\u00f3n durante el invierno. [...]","jetpack_sharing_enabled":true,"_links":{"self":[{"href":"https:\/\/www.comuna13online.com.ar\/index.php?rest_route=\/wp\/v2\/posts\/15142","targetHints":{"allow":["GET"]}}],"collection":[{"href":"https:\/\/www.comuna13online.com.ar\/index.php?rest_route=\/wp\/v2\/posts"}],"about":[{"href":"https:\/\/www.comuna13online.com.ar\/index.php?rest_route=\/wp\/v2\/types\/post"}],"author":[{"embeddable":true,"href":"https:\/\/www.comuna13online.com.ar\/index.php?rest_route=\/wp\/v2\/users\/1"}],"replies":[{"embeddable":true,"href":"https:\/\/www.comuna13online.com.ar\/index.php?rest_route=%2Fwp%2Fv2%2Fcomments&post=15142"}],"version-history":[{"count":0,"href":"https:\/\/www.comuna13online.com.ar\/index.php?rest_route=\/wp\/v2\/posts\/15142\/revisions"}],"wp:featuredmedia":[{"embeddable":true,"href":"https:\/\/www.comuna13online.com.ar\/index.php?rest_route=\/wp\/v2\/media\/15143"}],"wp:attachment":[{"href":"https:\/\/www.comuna13online.com.ar\/index.php?rest_route=%2Fwp%2Fv2%2Fmedia&parent=15142"}],"wp:term":[{"taxonomy":"category","embeddable":true,"href":"https:\/\/www.comuna13online.com.ar\/index.php?rest_route=%2Fwp%2Fv2%2Fcategories&post=15142"},{"taxonomy":"post_tag","embeddable":true,"href":"https:\/\/www.comuna13online.com.ar\/index.php?rest_route=%2Fwp%2Fv2%2Ftags&post=15142"}],"curies":[{"name":"wp","href":"https:\/\/api.w.org\/{rel}","templated":true}]}}