{"id":15121,"date":"2022-03-29T14:11:00","date_gmt":"2022-03-29T17:11:00","guid":{"rendered":"http:\/\/www.comuna13online.com.ar\/?p=15121"},"modified":"2022-03-30T19:41:21","modified_gmt":"2022-03-30T22:41:21","slug":"el-museo-del-cine-cumple-50-anos","status":"publish","type":"post","link":"https:\/\/www.comuna13online.com.ar\/?p=15121","title":{"rendered":"El Museo del Cine cumple 50 a\u00f1os"},"content":{"rendered":"\n<p><strong>Inaugura \u201c50 a\u00f1os del Museo del Cine Colecci\u00f3n Ducr\u00f3s Hicken\u201d, una exhibici\u00f3n de 33 aparatos de la colecci\u00f3n del artista, producto de su investigaci\u00f3n sobre los primeros tiempos del cine en nuestro pa\u00eds.<\/strong><\/p>\n\n\n\n<figure class=\"wp-block-image size-full\"><img loading=\"lazy\" decoding=\"async\" width=\"678\" height=\"381\" data-attachment-id=\"15122\" data-permalink=\"https:\/\/www.comuna13online.com.ar\/?attachment_id=15122\" data-orig-file=\"https:\/\/www.comuna13online.com.ar\/wp-content\/uploads\/2022\/03\/20220329b_01.jpg\" data-orig-size=\"678,381\" data-comments-opened=\"0\" data-image-meta=\"{&quot;aperture&quot;:&quot;0&quot;,&quot;credit&quot;:&quot;&quot;,&quot;camera&quot;:&quot;&quot;,&quot;caption&quot;:&quot;&quot;,&quot;created_timestamp&quot;:&quot;0&quot;,&quot;copyright&quot;:&quot;&quot;,&quot;focal_length&quot;:&quot;0&quot;,&quot;iso&quot;:&quot;0&quot;,&quot;shutter_speed&quot;:&quot;0&quot;,&quot;title&quot;:&quot;&quot;,&quot;orientation&quot;:&quot;0&quot;}\" data-image-title=\"20220329b_01\" data-image-description=\"\" data-image-caption=\"\" data-large-file=\"https:\/\/www.comuna13online.com.ar\/wp-content\/uploads\/2022\/03\/20220329b_01.jpg\" src=\"http:\/\/www.comuna13online.com.ar\/wp-content\/uploads\/2022\/03\/20220329b_01.jpg\" alt=\"\" class=\"wp-image-15122\"\/><\/figure>\n\n\n\n<p>El Ministerio de Cultura de la Ciudad de Buenos Aires, presenta \u201c50 a\u00f1os del Museo del Cine Colecci\u00f3n Ducr\u00f3s Hicken\u201d, el jueves 31 de marzo a las 18.30 en el Museo del Cine \u201cPablo C. Ducr\u00f3s Hicken\u201d, ubicada en Caffarena 51. La muestra est\u00e1 dedicada al pintor, periodista, coleccionista, historiador, investigador y realizador Pablo C. Ducros Hicken (1903\u20131969), donde se exhibir\u00e1 su colecci\u00f3n personal c\u00e1maras y proyectores.<\/p>\n\n\n\n<p>La muestra comprende la puesta en valor y exhibici\u00f3n de los 33 aparatos de la colecci\u00f3n Ducr\u00f3s Hicken, producto de su investigaci\u00f3n sobre los primeros tiempos del cine en nuestro pa\u00eds. Se podr\u00e1 ver las primeras c\u00e1maras y proyectores que se comercializaron en Argentina. Algunas de ellas usadas por pioneros del cine nacional como Eugenio Py, Mario Gallo, Jos\u00e9 A. Ferreyra o Eugenio Cardini. Y una de las primeras c\u00e1maras fabricadas por los hermanos Lumi\u00e8re, manufacturada por Jules Carpentier en 1896 que pod\u00eda filmar, copiar o reproducir pel\u00edculas. Adem\u00e1s un proyector Lumi\u00e9re y una enrolladora que perteneci\u00f3 a Eugenio Cardini, el Cronofotographe Gaumont-Demen\u00ff de 1896 que fue propiedad de Florencio Parravicini. Tambi\u00e9n se podr\u00e1 ver la c\u00e1mara Path\u00e9-Fr\u00e8res (1907) con la que Mario Gallo film\u00f3 sus primeras pel\u00edculas y otra con la que Eugenio Py capt\u00f3 las im\u00e1genes de Amalia (1914), primer largometraje argumental argentino dirigido por Enrique Garc\u00eda Velloso. Asimismo se exhibir\u00e1n fotograf\u00edas, cuadros y documentos, sobre la vida y obra de Pablo Ducr\u00f3s Hicken, primer investigador y coleccionista de la historia del cine nacional.<\/p>\n\n\n\n<p>El museo fue creado el 1\u00b0 de octubre de 1971. Desde el 23 de mayo de 1975 lleva el nombre de Museo del Cine \u201cPablo C. Ducr\u00f3s Hicken\u201d, a partir de que Jacinta Raquel S\u00e1nchez Vicente de Ducr\u00f3s Hicken dona al museo la colecci\u00f3n cinematogr\u00e1fica de su esposo. Exhibe y conserva los objetos que forman parte de su patrimonio. Preserva pel\u00edculas y tambi\u00e9n objetos utilizados en films, como c\u00e1maras, escenograf\u00edas, moviolas, proyectores y diversos elementos de la t\u00e9cnica cinematogr\u00e1fica y piezas de vestuario, maquetas, utiler\u00eda, apliques y toda documentaci\u00f3n relacionada con las producciones nacionales. Su cineteca resguarda la colecci\u00f3n cinematogr\u00e1fica de car\u00e1cter p\u00fablico m\u00e1s importante del pa\u00eds, a\u00f1ade su videoteca, hemeroteca y biblioteca de materiales relacionados con el desarrollo del cine cuyas colecciones se exhiben en Caffarena 51, edificio anexo al complejo edilicio de la Usina del Arte.<\/p>\n\n\n\n<div style=\"height:15px\" aria-hidden=\"true\" class=\"wp-block-spacer\"><\/div>\n\n\n\n<div align=\"center\">\n<blockquote class=\"twitter-tweet\"><p lang=\"es\" dir=\"ltr\">En 1971, las c\u00e1maras y proyectores que hab\u00edan sido parte de los inicios del cine argentino daban origen al acervo del Museo: desde este viernes, conoc\u00e9 la colecci\u00f3n Ducr\u00f3s Hicken en la exposici\u00f3n dedicada a nuestros 50 a\u00f1os: <a href=\"https:\/\/t.co\/b7gJG8IaxQ\">https:\/\/t.co\/b7gJG8IaxQ<\/a> <a href=\"https:\/\/t.co\/RLGb7W6N1x\">pic.twitter.com\/RLGb7W6N1x<\/a><\/p>&mdash; Museo del Cine (@MuseoDelCineBA) <a href=\"https:\/\/twitter.com\/MuseoDelCineBA\/status\/1508831544198107142?ref_src=twsrc%5Etfw\">March 29, 2022<\/a><\/blockquote> <script async src=\"https:\/\/platform.twitter.com\/widgets.js\" charset=\"utf-8\"><\/script>\n<\/div>\n\n\n\n<div style=\"height:15px\" aria-hidden=\"true\" class=\"wp-block-spacer\"><\/div>\n\n\n\n<p>Dentro de la exhibici\u00f3n se realizar\u00e1n diferentes actividades especiales. Habr\u00e1 recorridos guiados y proyecciones en sala relacionados al aniversario de los 50 a\u00f1os del Museo. Los s\u00e1bados 2, 9, 16, 23 y 30 de abril a las 17, y los domingos 3, 10, 17, 24 de abril a las 17, se realizar\u00e1 Cincuenta a\u00f1os del Museo del Cine, un recorrido guiado por la muestra ampliada en homenaje a los 50 a\u00f1os del Museo del Cine y la colecci\u00f3n que ha dado origen al mismo, las c\u00e1maras, aparatos y otros objetos de cine de Pablo Ducr\u00f3s Hicken. La muestra a su vez narra aspectos significativos de la historia del cine en Argentina desde su punto de vista tecnol\u00f3gico y cultural. Adem\u00e1s, el s\u00e1bado 30 y domingo 31 de abril a las 16, se llevar\u00e1 a cabo La Hora del Museo: colecci\u00f3n Pablo Ducr\u00f3s Hicken donde se proyectar\u00e1n varias pel\u00edculas cortas recientemente digitalizadas por el museo. Pablo Ducr\u00f3s Hicken realiz\u00f3 filmaciones propias y coleccion\u00f3 otras pel\u00edculas en el antiguo soporte de nitrato, caracter\u00edstico por el brillo, nitidez y belleza de su imagen.<\/p>\n\n\n\n<h3 class=\"wp-block-heading\">Sobre Pablo Christian Ducr\u00e9s Hicken<\/h3>\n\n\n\n<p>Naci\u00f3 en Buenos Aires el 5 de junio de 1903 y falleci\u00f3 en Mar del Plata el 3 de julio de 1969. Aficionado a la historia y a la cultura se convirti\u00f3 en periodista, investigador, espor\u00e1dicamente en realizador y en coleccionista de c\u00e1maras, proyectores y diversos objetos que dan cuenta de la historia de los primeros a\u00f1os del cine en la Argentina. Se relacion\u00f3 con pioneros del cine franc\u00e9s como los hermanos Lumi\u00e8re y Charles Path\u00e9 y con norteamericanos como Cecil B. De MIlle. De quienes divulg\u00f3 sus conocimientos sobre el tema cinematogr\u00e1fico, a trav\u00e9s de art\u00edculos period\u00edsticos en diarios y revistas. Como pintor se inici\u00f3 con su t\u00edo Crist\u00f3bal M. Hicken y luego sus maestros fueron Ceferino Carnacini, Carlos Ripamonte y Alberto Mar\u00eda Rossi, entre otros. En Espa\u00f1a, tom\u00f3 clases con Fernando \u00c1lvarez de Sotomayor y Julio Romero de Torres. En su obra abundan las naturalezas muertas y las marinas, pero sobresale la iconograf\u00eda de h\u00e9roes de nuestra independencia, sobre todo del Gral. Jos\u00e9 de San Martin. Vinculando el cine y la pintura realiz\u00f3 dos obras: Un d\u00eda de trabajo en los talleres de Path\u00e9 que le regal\u00f3 a Charles Path\u00e9 en 1910, y El fusilamiento de Dorrego que acab\u00f3 de pintar en 1962 y se encuentra en exhibici\u00f3n. El pintor recrea un momento de descanso durante el rodaje de la pel\u00edcula El fusilamiento de Dorrego, dirigida por Mario Gallo, que se estren\u00f3 el 11 de marzo de 1910.<\/p>\n\n\n\n<figure class=\"wp-block-image size-full\"><img loading=\"lazy\" decoding=\"async\" width=\"678\" height=\"452\" data-attachment-id=\"15123\" data-permalink=\"https:\/\/www.comuna13online.com.ar\/?attachment_id=15123\" data-orig-file=\"https:\/\/www.comuna13online.com.ar\/wp-content\/uploads\/2022\/03\/20220329b_02.jpg\" data-orig-size=\"678,452\" data-comments-opened=\"0\" data-image-meta=\"{&quot;aperture&quot;:&quot;0&quot;,&quot;credit&quot;:&quot;&quot;,&quot;camera&quot;:&quot;&quot;,&quot;caption&quot;:&quot;&quot;,&quot;created_timestamp&quot;:&quot;0&quot;,&quot;copyright&quot;:&quot;&quot;,&quot;focal_length&quot;:&quot;0&quot;,&quot;iso&quot;:&quot;0&quot;,&quot;shutter_speed&quot;:&quot;0&quot;,&quot;title&quot;:&quot;&quot;,&quot;orientation&quot;:&quot;0&quot;}\" data-image-title=\"20220329b_02\" data-image-description=\"\" data-image-caption=\"\" data-large-file=\"https:\/\/www.comuna13online.com.ar\/wp-content\/uploads\/2022\/03\/20220329b_02.jpg\" src=\"http:\/\/www.comuna13online.com.ar\/wp-content\/uploads\/2022\/03\/20220329b_02.jpg\" alt=\"\" class=\"wp-image-15123\" srcset=\"https:\/\/www.comuna13online.com.ar\/wp-content\/uploads\/2022\/03\/20220329b_02.jpg 678w, https:\/\/www.comuna13online.com.ar\/wp-content\/uploads\/2022\/03\/20220329b_02-272x182.jpg 272w\" sizes=\"auto, (max-width: 678px) 100vw, 678px\" \/><\/figure>\n\n\n\n<p>La muestra cuenta con el apoyo de la Fundaci\u00f3n Santander Argentina a trav\u00e9s del programa Mecenazgo de la plataforma Impulso Cultural del Ministerio de Cultura de la Ciudad.<\/p>\n\n\n\n<h3 class=\"wp-block-heading\">Informaci\u00f3n:<\/h3>\n\n\n\n<p><strong>Horarios para visitarla:<\/strong><\/p>\n\n\n\n<ul class=\"wp-block-list\"><li>D\u00edas de semana de 11 a 19 horas (martes cerrado)<\/li><li>Fines de semana y feriados de 10 a 20 horas<\/li><\/ul>\n\n\n\n<p><strong>Visitas guiadas<\/strong><\/p>\n\n\n\n<ul class=\"wp-block-list\"><li> Un recorrido por la muestra ampliada en homenaje a los 50 a\u00f1os del Museo del Cine S\u00e1bados 2,9,16 23 y 30 de abril a las 17 horas. <\/li><li>Domingos 3, 10, 17, 24 de abril a las 17 horas.<\/li><\/ul>\n\n\n\n<p><strong>Entrada general<\/strong>\u00a0$50<br>Jubilados y universitarios con acreditaci\u00f3n y menores de 12 a\u00f1os entrada libre y gratuita<br>Mi\u00e9rcoles gratis<\/p>\n\n\n\n<h3 class=\"wp-block-heading\">Museo del Cine Pablo Ducr\u00f3s Hicken<\/h3>\n\n\n\n<p>Agustin Caffarena 51, La Boca.<\/p>\n\n\n\n<p><strong>Transportes Cercanos<\/strong><br>Colectivos: 4, 8, 20, 25, 29, 33, 53, 64, 86, 129, 130, 152, 159, 168, 195.<\/p>\n\n\n\n<div style=\"height:10px\" aria-hidden=\"true\" class=\"wp-block-spacer\"><\/div>\n\n\n\n<iframe src=\"https:\/\/www.google.com\/maps\/embed?pb=!1m14!1m8!1m3!1d13132.009178986604!2d-58.3568176!3d-34.6293823!3m2!1i1024!2i768!4f13.1!3m3!1m2!1s0x0%3A0x7c45af94e0d6d446!2sMuseo%20del%20Cine%20%22Pablo%20Ducr%C3%B3s%20Hicken%22!5e0!3m2!1ses!2sar!4v1648679418017!5m2!1ses!2sar\" width=\"678\" height=\"452\" style=\"border:0;\" allowfullscreen=\"\" loading=\"lazy\" referrerpolicy=\"no-referrer-when-downgrade\"><\/iframe>\n\n\n\n<div style=\"height:25px\" aria-hidden=\"true\" class=\"wp-block-spacer\"><\/div>\n\n\n\n<figure class=\"wp-block-image size-large is-resized\"><img loading=\"lazy\" decoding=\"async\" data-attachment-id=\"99\" data-permalink=\"https:\/\/www.comuna13online.com.ar\/?attachment_id=99\" data-orig-file=\"https:\/\/www.comuna13online.com.ar\/wp-content\/uploads\/2017\/12\/line.jpg\" data-orig-size=\"678,1\" data-comments-opened=\"0\" data-image-meta=\"{&quot;aperture&quot;:&quot;0&quot;,&quot;credit&quot;:&quot;&quot;,&quot;camera&quot;:&quot;&quot;,&quot;caption&quot;:&quot;&quot;,&quot;created_timestamp&quot;:&quot;0&quot;,&quot;copyright&quot;:&quot;&quot;,&quot;focal_length&quot;:&quot;0&quot;,&quot;iso&quot;:&quot;0&quot;,&quot;shutter_speed&quot;:&quot;0&quot;,&quot;title&quot;:&quot;&quot;,&quot;orientation&quot;:&quot;0&quot;}\" data-image-title=\"line\" data-image-description=\"\" data-image-caption=\"\" data-large-file=\"https:\/\/www.comuna13online.com.ar\/wp-content\/uploads\/2017\/12\/line.jpg\" src=\"http:\/\/www.comuna13online.com.ar\/wp-content\/uploads\/2017\/12\/line.jpg\" alt=\"\" class=\"wp-image-99\" width=\"678\" height=\"1\" srcset=\"https:\/\/www.comuna13online.com.ar\/wp-content\/uploads\/2017\/12\/line.jpg 678w, https:\/\/www.comuna13online.com.ar\/wp-content\/uploads\/2017\/12\/line-150x1.jpg 150w, https:\/\/www.comuna13online.com.ar\/wp-content\/uploads\/2017\/12\/line-326x1.jpg 326w, https:\/\/www.comuna13online.com.ar\/wp-content\/uploads\/2017\/12\/line-80x1.jpg 80w, https:\/\/www.comuna13online.com.ar\/wp-content\/uploads\/2017\/12\/line-272x1.jpg 272w\" sizes=\"auto, (max-width: 678px) 100vw, 678px\" \/><\/figure>\n\n\n\n<figure class=\"wp-block-image size-full\"><img loading=\"lazy\" decoding=\"async\" width=\"678\" height=\"180\" data-attachment-id=\"8918\" data-permalink=\"https:\/\/www.comuna13online.com.ar\/?attachment_id=8918\" data-orig-file=\"https:\/\/www.comuna13online.com.ar\/wp-content\/uploads\/2020\/04\/corona2.jpg\" data-orig-size=\"678,180\" data-comments-opened=\"0\" data-image-meta=\"{&quot;aperture&quot;:&quot;0&quot;,&quot;credit&quot;:&quot;&quot;,&quot;camera&quot;:&quot;&quot;,&quot;caption&quot;:&quot;&quot;,&quot;created_timestamp&quot;:&quot;0&quot;,&quot;copyright&quot;:&quot;&quot;,&quot;focal_length&quot;:&quot;0&quot;,&quot;iso&quot;:&quot;0&quot;,&quot;shutter_speed&quot;:&quot;0&quot;,&quot;title&quot;:&quot;&quot;,&quot;orientation&quot;:&quot;0&quot;}\" data-image-title=\"corona2\" data-image-description=\"\" data-image-caption=\"\" data-large-file=\"https:\/\/www.comuna13online.com.ar\/wp-content\/uploads\/2020\/04\/corona2.jpg\" src=\"http:\/\/www.comuna13online.com.ar\/wp-content\/uploads\/2020\/04\/corona2.jpg\" alt=\"\" class=\"wp-image-8918\"\/><\/figure>\n","protected":false},"excerpt":{"rendered":"<div class=\"mh-excerpt\">Inaugura \u201c50 a\u00f1os del Museo del Cine Colecci\u00f3n Ducr\u00f3s Hicken\u201d, una exhibici\u00f3n de 33 aparatos de la colecci\u00f3n del artista, producto de su investigaci\u00f3n sobre los primeros tiempos del cine <a class=\"mh-excerpt-more\" href=\"https:\/\/www.comuna13online.com.ar\/?p=15121\" title=\"El Museo del Cine cumple 50 a\u00f1os\">[&#8230;]<\/a><\/div>\n","protected":false},"author":1,"featured_media":15124,"comment_status":"closed","ping_status":"closed","sticky":false,"template":"","format":"standard","meta":{"_uag_custom_page_level_css":"","_jetpack_memberships_contains_paid_content":false,"footnotes":"","jetpack_publicize_message":"","jetpack_publicize_feature_enabled":true,"jetpack_social_post_already_shared":true,"jetpack_social_options":{"image_generator_settings":{"template":"highway","default_image_id":0,"font":"","enabled":false},"version":2}},"categories":[76],"tags":[60,111,250,296,127],"class_list":{"0":"post-15121","1":"post","2":"type-post","3":"status-publish","4":"format-standard","5":"has-post-thumbnail","7":"category-museos","8":"tag-cultura","9":"tag-exhibicion","10":"tag-h2","11":"tag-h3","12":"tag-museos"},"jetpack_publicize_connections":[],"jetpack_featured_media_url":"https:\/\/www.comuna13online.com.ar\/wp-content\/uploads\/2022\/03\/20220329b_id.jpg","uagb_featured_image_src":{"full":["https:\/\/www.comuna13online.com.ar\/wp-content\/uploads\/2022\/03\/20220329b_id.jpg",678,452,false],"thumbnail":["https:\/\/www.comuna13online.com.ar\/wp-content\/uploads\/2022\/03\/20220329b_id.jpg",128,85,false],"medium":["https:\/\/www.comuna13online.com.ar\/wp-content\/uploads\/2022\/03\/20220329b_id.jpg",678,452,false],"medium_large":["https:\/\/www.comuna13online.com.ar\/wp-content\/uploads\/2022\/03\/20220329b_id.jpg",678,452,false],"large":["https:\/\/www.comuna13online.com.ar\/wp-content\/uploads\/2022\/03\/20220329b_id.jpg",678,452,false],"1536x1536":["https:\/\/www.comuna13online.com.ar\/wp-content\/uploads\/2022\/03\/20220329b_id.jpg",678,452,false],"2048x2048":["https:\/\/www.comuna13online.com.ar\/wp-content\/uploads\/2022\/03\/20220329b_id.jpg",678,452,false],"mh-magazine-slider":["https:\/\/www.comuna13online.com.ar\/wp-content\/uploads\/2022\/03\/20220329b_id-678x438.jpg",678,438,true],"mh-magazine-content":["https:\/\/www.comuna13online.com.ar\/wp-content\/uploads\/2022\/03\/20220329b_id-678x381.jpg",678,381,true],"mh-magazine-large":["https:\/\/www.comuna13online.com.ar\/wp-content\/uploads\/2022\/03\/20220329b_id.jpg",678,452,false],"mh-magazine-medium":["https:\/\/www.comuna13online.com.ar\/wp-content\/uploads\/2022\/03\/20220329b_id-326x245.jpg",326,245,true],"mh-magazine-small":["https:\/\/www.comuna13online.com.ar\/wp-content\/uploads\/2022\/03\/20220329b_id-80x60.jpg",80,60,true],"sow-carousel-default":["https:\/\/www.comuna13online.com.ar\/wp-content\/uploads\/2022\/03\/20220329b_id-272x182.jpg",272,182,true]},"uagb_author_info":{"display_name":"Comuna13","author_link":"https:\/\/www.comuna13online.com.ar\/?author=1"},"uagb_comment_info":0,"uagb_excerpt":"Inaugura \u201c50 a\u00f1os del Museo del Cine Colecci\u00f3n Ducr\u00f3s Hicken\u201d, una exhibici\u00f3n de 33 aparatos de la colecci\u00f3n del artista, producto de su investigaci\u00f3n sobre los primeros tiempos del cine [...]","jetpack_sharing_enabled":true,"_links":{"self":[{"href":"https:\/\/www.comuna13online.com.ar\/index.php?rest_route=\/wp\/v2\/posts\/15121","targetHints":{"allow":["GET"]}}],"collection":[{"href":"https:\/\/www.comuna13online.com.ar\/index.php?rest_route=\/wp\/v2\/posts"}],"about":[{"href":"https:\/\/www.comuna13online.com.ar\/index.php?rest_route=\/wp\/v2\/types\/post"}],"author":[{"embeddable":true,"href":"https:\/\/www.comuna13online.com.ar\/index.php?rest_route=\/wp\/v2\/users\/1"}],"replies":[{"embeddable":true,"href":"https:\/\/www.comuna13online.com.ar\/index.php?rest_route=%2Fwp%2Fv2%2Fcomments&post=15121"}],"version-history":[{"count":0,"href":"https:\/\/www.comuna13online.com.ar\/index.php?rest_route=\/wp\/v2\/posts\/15121\/revisions"}],"wp:featuredmedia":[{"embeddable":true,"href":"https:\/\/www.comuna13online.com.ar\/index.php?rest_route=\/wp\/v2\/media\/15124"}],"wp:attachment":[{"href":"https:\/\/www.comuna13online.com.ar\/index.php?rest_route=%2Fwp%2Fv2%2Fmedia&parent=15121"}],"wp:term":[{"taxonomy":"category","embeddable":true,"href":"https:\/\/www.comuna13online.com.ar\/index.php?rest_route=%2Fwp%2Fv2%2Fcategories&post=15121"},{"taxonomy":"post_tag","embeddable":true,"href":"https:\/\/www.comuna13online.com.ar\/index.php?rest_route=%2Fwp%2Fv2%2Ftags&post=15121"}],"curies":[{"name":"wp","href":"https:\/\/api.w.org\/{rel}","templated":true}]}}