{"id":15107,"date":"2022-03-30T21:00:00","date_gmt":"2022-03-31T00:00:00","guid":{"rendered":"http:\/\/www.comuna13online.com.ar\/?p=15107"},"modified":"2022-03-30T14:11:25","modified_gmt":"2022-03-30T17:11:25","slug":"iluminan-monumentos-por-la-lucha-contra-el-cancer-de-colon","status":"publish","type":"post","link":"https:\/\/www.comuna13online.com.ar\/?p=15107","title":{"rendered":"Iluminan monumentos por la lucha contra el c\u00e1ncer de colon"},"content":{"rendered":"\n<p><strong>La iniciativa se realizar\u00e1 el 31 de marzo de 0 a 8 y de 19 a 23.59 horas, para concientizar sobre el c\u00e1ncer colorrectal. Los monumentos se iluminar\u00e1n de azul.<\/strong><\/p>\n\n\n\n<figure class=\"wp-block-image size-full\"><img loading=\"lazy\" decoding=\"async\" width=\"678\" height=\"452\" data-attachment-id=\"15108\" data-permalink=\"https:\/\/www.comuna13online.com.ar\/?attachment_id=15108\" data-orig-file=\"https:\/\/www.comuna13online.com.ar\/wp-content\/uploads\/2022\/03\/20220330b_01.jpg\" data-orig-size=\"678,452\" data-comments-opened=\"0\" data-image-meta=\"{&quot;aperture&quot;:&quot;0&quot;,&quot;credit&quot;:&quot;&quot;,&quot;camera&quot;:&quot;&quot;,&quot;caption&quot;:&quot;&quot;,&quot;created_timestamp&quot;:&quot;0&quot;,&quot;copyright&quot;:&quot;&quot;,&quot;focal_length&quot;:&quot;0&quot;,&quot;iso&quot;:&quot;0&quot;,&quot;shutter_speed&quot;:&quot;0&quot;,&quot;title&quot;:&quot;&quot;,&quot;orientation&quot;:&quot;0&quot;}\" data-image-title=\"20220330b_01\" data-image-description=\"\" data-image-caption=\"\" data-large-file=\"https:\/\/www.comuna13online.com.ar\/wp-content\/uploads\/2022\/03\/20220330b_01.jpg\" src=\"http:\/\/www.comuna13online.com.ar\/wp-content\/uploads\/2022\/03\/20220330b_01.jpg\" alt=\"\" class=\"wp-image-15108\" srcset=\"https:\/\/www.comuna13online.com.ar\/wp-content\/uploads\/2022\/03\/20220330b_01.jpg 678w, https:\/\/www.comuna13online.com.ar\/wp-content\/uploads\/2022\/03\/20220330b_01-272x182.jpg 272w\" sizes=\"auto, (max-width: 678px) 100vw, 678px\" \/><\/figure>\n\n\n\n<p>En el marco del D\u00eda Mundial de Lucha contra el C\u00e1ncer de colon colorrectal que se celebra cada 31 de marzo, el Ministerio de Espacio P\u00fablico e Higiene Urbana porte\u00f1o iluminar\u00e1 de azul entre las 0 y 8 y 19 a 23.59 horas varios monumentos y fachadas de edificios emblem\u00e1ticos de nuestra Ciudad. <\/p>\n\n\n\n<p>La iniciativa tiene como objetivo sensibilizar a toda la poblaci\u00f3n sobre las necesidades que tienen los pacientes que son diagnosticados con esta enfermedad. As\u00ed mismo, buscar salidas para una detecci\u00f3n temprana que permita salvar vidas y prevenir el diagn\u00f3stico a trav\u00e9s de h\u00e1bitos de vida mucho m\u00e1s saludables.<\/p>\n\n\n\n<div class=\"wp-block-uagb-testimonial uagb-testomonial__outer-wrap uagb-slick-carousel uagb-tm__arrow-outside uagb-block-cb185387\"><div class=\"is-carousel uagb-tm__columns-1 uagb-tm__items\"><div class=\"uagb-testimonial__wrap  uagb-tm__imgicon-style-circle uagb-tm__image-position-bottom uagb-tm__bg-type-undefined \"><div class=\"uagb-tm__content\"><div class=\"uagb-tm__overlay\"><\/div><div class=\"uagb-tm__text-wrap\"><div class=\"uagb-testinomial-text-wrap\"><div class=\"uagb-tm__desc\"><strong>\u201cDesde la Ciudad nos sumamos y acompa\u00f1amos la lucha contra el c\u00e1ncer de colon en su d\u00eda, iluminando monumentos para visibilizar y generar conciencia sobre el cuidado de la salud de las personas con c\u00e1ncer colorrectal\u201d<\/strong><\/div><\/div><div class=\"uagb-tm__meta\"><div class=\"uagb-tm__meta-inner\"><div class=\"uagb-testimonial-details\"><span class=\"uagb-tm__author-name\">Clara Muzzio<\/span><span class=\"uagb-tm__company\">Ministra de Espacio P\u00fablico e Higiene de la Ciudad<\/span><\/div><\/div><\/div><\/div><\/div><\/div><\/div><\/div>\n\n\n\n<div style=\"height:20px\" aria-hidden=\"true\" class=\"wp-block-spacer\"><\/div>\n\n\n\n<h3 class=\"wp-block-heading\">\u00bfQu\u00e9 es el C\u00e1ncer de Colon?<\/h3>\n\n\n\n<p><strong>El c\u00e1ncer de colon<\/strong>&nbsp;es una patolog\u00eda que se da por un crecimiento an\u00f3malo de las c\u00e9lulas del colon y la zona rectal.<\/p>\n\n\n\n<p>Todo comienza con un crecimiento de p\u00f3lipos, que pueden transformarse, con el paso de los a\u00f1os en c\u00e1ncer, sin embargo, hay casos de pacientes donde esto no ocurre.<\/p>\n\n\n\n<p>Este tipo de c\u00e1ncer, es bastante com\u00fan en todo el mundo, pero con una evaluaci\u00f3n a tiempo, puede ser f\u00e1cilmente detectado y tratado, con resultados muy favorables para los pacientes, ya que pueden salvar sus vidas.<\/p>\n\n\n\n<h3 class=\"wp-block-heading\">Factores de riesgo para la enfermedad<\/h3>\n\n\n\n<p>Entre los factores de riesgo m\u00e1s comunes para contraer el&nbsp;<strong>c\u00e1ncer de colon<\/strong>&nbsp;est\u00e1n los antecedentes familiares, la edad del paciente y haber sufrido de algunas patolog\u00edas como la colitis ulcerosa, la llamada enfermedad de Crohn o enfermedades inflamatorias del sistema digestivo.<\/p>\n\n\n\n<p>Tambi\u00e9n est\u00e1n los factores de riesgo externos relacionados con la alimentaci\u00f3n y el consumo de sustancias t\u00f3xicas como el cigarrillo, el alcohol o las drogas. Cuando la dieta es baja en fibra y nutrientes y adem\u00e1s de ello, se usan sustancias nocivas, es bastante probable que las personas puedan presentar este tipo de enfermedad.<\/p>\n\n\n\n<p>De ah\u00ed la importancia de cuidar los h\u00e1bitos alimenticios para vivir una vida sana y m\u00e1s longeva.<\/p>\n\n\n\n<h3 class=\"wp-block-heading\">Pruebas de cribado para la detecci\u00f3n temprana del c\u00e1ncer de colon<\/h3>\n\n\n\n<p>Son unas pruebas especiales, que se realizan para detectar sangre oculta en las heces de las personas que puedan ser propensas a contraer la enfermedad y, de esta forma, realizar un diagn\u00f3stico temprano para evitar la aparici\u00f3n del c\u00e1ncer de colon y asegurar la supervivencia de los pacientes.<\/p>\n\n\n\n<p>Se busca que menos personas se vean afectadas por este mal, que, detectado a tiempo, puede tener una cura altamente efectiva, pero que lamentablemente no se recurre a ellas porque el c\u00e1ncer de colon suele ser asintom\u00e1tico en los primeros estadios de la enfermedad.<\/p>\n\n\n\n<h3 class=\"wp-block-heading\">Un cambio en el estilo de vida para evitar la aparici\u00f3n de c\u00e1ncer de colon<\/h3>\n\n\n\n<p>Hoy m\u00e1s que nunca, urge un cambio en el estilo de vida que llevan las personas para poder vivir de manera m\u00e1s sana y el mayor n\u00famero de a\u00f1os posible.<\/p>\n\n\n\n<p>Lo primero que se necesita cambiar es la dieta alimentaria, donde los individuos ingieran&nbsp;<strong>m\u00e1s frutas, vegetales, y alimentos ricos en fibra como los cereales integrales<\/strong>, en lugar de alimentos procesados, grasas saturadas y comida chatarra.<\/p>\n\n\n\n<p>Con todos estos cambios, el cuerpo podr\u00e1 expulsar de manera f\u00e1cil las toxinas que quedan atrapadas en el organismo. Asimismo, es vital tomar abundantes l\u00edquidos y agua durante el d\u00eda para una mayor y mejor purificaci\u00f3n de los todos los \u00f3rganos, en especial de los intestinos.<\/p>\n\n\n\n<figure class=\"wp-block-image size-large is-resized\"><img loading=\"lazy\" decoding=\"async\" data-attachment-id=\"99\" data-permalink=\"https:\/\/www.comuna13online.com.ar\/?attachment_id=99\" data-orig-file=\"https:\/\/www.comuna13online.com.ar\/wp-content\/uploads\/2017\/12\/line.jpg\" data-orig-size=\"678,1\" data-comments-opened=\"0\" data-image-meta=\"{&quot;aperture&quot;:&quot;0&quot;,&quot;credit&quot;:&quot;&quot;,&quot;camera&quot;:&quot;&quot;,&quot;caption&quot;:&quot;&quot;,&quot;created_timestamp&quot;:&quot;0&quot;,&quot;copyright&quot;:&quot;&quot;,&quot;focal_length&quot;:&quot;0&quot;,&quot;iso&quot;:&quot;0&quot;,&quot;shutter_speed&quot;:&quot;0&quot;,&quot;title&quot;:&quot;&quot;,&quot;orientation&quot;:&quot;0&quot;}\" data-image-title=\"line\" data-image-description=\"\" data-image-caption=\"\" data-large-file=\"https:\/\/www.comuna13online.com.ar\/wp-content\/uploads\/2017\/12\/line.jpg\" src=\"http:\/\/www.comuna13online.com.ar\/wp-content\/uploads\/2017\/12\/line.jpg\" alt=\"\" class=\"wp-image-99\" width=\"678\" height=\"1\" srcset=\"https:\/\/www.comuna13online.com.ar\/wp-content\/uploads\/2017\/12\/line.jpg 678w, https:\/\/www.comuna13online.com.ar\/wp-content\/uploads\/2017\/12\/line-150x1.jpg 150w, https:\/\/www.comuna13online.com.ar\/wp-content\/uploads\/2017\/12\/line-326x1.jpg 326w, https:\/\/www.comuna13online.com.ar\/wp-content\/uploads\/2017\/12\/line-80x1.jpg 80w, https:\/\/www.comuna13online.com.ar\/wp-content\/uploads\/2017\/12\/line-272x1.jpg 272w\" sizes=\"auto, (max-width: 678px) 100vw, 678px\" \/><\/figure>\n\n\n\n<figure class=\"wp-block-image size-full\"><img loading=\"lazy\" decoding=\"async\" width=\"678\" height=\"180\" data-attachment-id=\"8918\" data-permalink=\"https:\/\/www.comuna13online.com.ar\/?attachment_id=8918\" data-orig-file=\"https:\/\/www.comuna13online.com.ar\/wp-content\/uploads\/2020\/04\/corona2.jpg\" data-orig-size=\"678,180\" data-comments-opened=\"0\" data-image-meta=\"{&quot;aperture&quot;:&quot;0&quot;,&quot;credit&quot;:&quot;&quot;,&quot;camera&quot;:&quot;&quot;,&quot;caption&quot;:&quot;&quot;,&quot;created_timestamp&quot;:&quot;0&quot;,&quot;copyright&quot;:&quot;&quot;,&quot;focal_length&quot;:&quot;0&quot;,&quot;iso&quot;:&quot;0&quot;,&quot;shutter_speed&quot;:&quot;0&quot;,&quot;title&quot;:&quot;&quot;,&quot;orientation&quot;:&quot;0&quot;}\" data-image-title=\"corona2\" data-image-description=\"\" data-image-caption=\"\" data-large-file=\"https:\/\/www.comuna13online.com.ar\/wp-content\/uploads\/2020\/04\/corona2.jpg\" src=\"http:\/\/www.comuna13online.com.ar\/wp-content\/uploads\/2020\/04\/corona2.jpg\" alt=\"\" class=\"wp-image-8918\"\/><\/figure>\n","protected":false},"excerpt":{"rendered":"<div class=\"mh-excerpt\">La iniciativa se realizar\u00e1 el 31 de marzo de 0 a 8 y de 19 a 23.59 horas, para concientizar sobre el c\u00e1ncer colorrectal. Los monumentos se iluminar\u00e1n de azul. <a class=\"mh-excerpt-more\" href=\"https:\/\/www.comuna13online.com.ar\/?p=15107\" title=\"Iluminan monumentos por la lucha contra el c\u00e1ncer de colon\">[&#8230;]<\/a><\/div>\n","protected":false},"author":1,"featured_media":15109,"comment_status":"closed","ping_status":"closed","sticky":false,"template":"","format":"standard","meta":{"_uag_custom_page_level_css":"","_jetpack_memberships_contains_paid_content":false,"footnotes":"","jetpack_publicize_message":"","jetpack_publicize_feature_enabled":true,"jetpack_social_post_already_shared":true,"jetpack_social_options":{"image_generator_settings":{"template":"highway","default_image_id":0,"font":"","enabled":false},"version":2}},"categories":[68],"tags":[110,250,296,45],"class_list":{"0":"post-15107","1":"post","2":"type-post","3":"status-publish","4":"format-standard","5":"has-post-thumbnail","7":"category-espacio-publico","8":"tag-espacio-publico","9":"tag-h2","10":"tag-h3","11":"tag-salud"},"jetpack_publicize_connections":[],"jetpack_featured_media_url":"https:\/\/www.comuna13online.com.ar\/wp-content\/uploads\/2022\/03\/20220330b_id.jpg","uagb_featured_image_src":{"full":["https:\/\/www.comuna13online.com.ar\/wp-content\/uploads\/2022\/03\/20220330b_id.jpg",678,452,false],"thumbnail":["https:\/\/www.comuna13online.com.ar\/wp-content\/uploads\/2022\/03\/20220330b_id.jpg",128,85,false],"medium":["https:\/\/www.comuna13online.com.ar\/wp-content\/uploads\/2022\/03\/20220330b_id.jpg",678,452,false],"medium_large":["https:\/\/www.comuna13online.com.ar\/wp-content\/uploads\/2022\/03\/20220330b_id.jpg",678,452,false],"large":["https:\/\/www.comuna13online.com.ar\/wp-content\/uploads\/2022\/03\/20220330b_id.jpg",678,452,false],"1536x1536":["https:\/\/www.comuna13online.com.ar\/wp-content\/uploads\/2022\/03\/20220330b_id.jpg",678,452,false],"2048x2048":["https:\/\/www.comuna13online.com.ar\/wp-content\/uploads\/2022\/03\/20220330b_id.jpg",678,452,false],"mh-magazine-slider":["https:\/\/www.comuna13online.com.ar\/wp-content\/uploads\/2022\/03\/20220330b_id-678x438.jpg",678,438,true],"mh-magazine-content":["https:\/\/www.comuna13online.com.ar\/wp-content\/uploads\/2022\/03\/20220330b_id-678x381.jpg",678,381,true],"mh-magazine-large":["https:\/\/www.comuna13online.com.ar\/wp-content\/uploads\/2022\/03\/20220330b_id.jpg",678,452,false],"mh-magazine-medium":["https:\/\/www.comuna13online.com.ar\/wp-content\/uploads\/2022\/03\/20220330b_id-326x245.jpg",326,245,true],"mh-magazine-small":["https:\/\/www.comuna13online.com.ar\/wp-content\/uploads\/2022\/03\/20220330b_id-80x60.jpg",80,60,true],"sow-carousel-default":["https:\/\/www.comuna13online.com.ar\/wp-content\/uploads\/2022\/03\/20220330b_id-272x182.jpg",272,182,true]},"uagb_author_info":{"display_name":"Comuna13","author_link":"https:\/\/www.comuna13online.com.ar\/?author=1"},"uagb_comment_info":0,"uagb_excerpt":"La iniciativa se realizar\u00e1 el 31 de marzo de 0 a 8 y de 19 a 23.59 horas, para concientizar sobre el c\u00e1ncer colorrectal. Los monumentos se iluminar\u00e1n de azul. [...]","jetpack_sharing_enabled":true,"_links":{"self":[{"href":"https:\/\/www.comuna13online.com.ar\/index.php?rest_route=\/wp\/v2\/posts\/15107","targetHints":{"allow":["GET"]}}],"collection":[{"href":"https:\/\/www.comuna13online.com.ar\/index.php?rest_route=\/wp\/v2\/posts"}],"about":[{"href":"https:\/\/www.comuna13online.com.ar\/index.php?rest_route=\/wp\/v2\/types\/post"}],"author":[{"embeddable":true,"href":"https:\/\/www.comuna13online.com.ar\/index.php?rest_route=\/wp\/v2\/users\/1"}],"replies":[{"embeddable":true,"href":"https:\/\/www.comuna13online.com.ar\/index.php?rest_route=%2Fwp%2Fv2%2Fcomments&post=15107"}],"version-history":[{"count":0,"href":"https:\/\/www.comuna13online.com.ar\/index.php?rest_route=\/wp\/v2\/posts\/15107\/revisions"}],"wp:featuredmedia":[{"embeddable":true,"href":"https:\/\/www.comuna13online.com.ar\/index.php?rest_route=\/wp\/v2\/media\/15109"}],"wp:attachment":[{"href":"https:\/\/www.comuna13online.com.ar\/index.php?rest_route=%2Fwp%2Fv2%2Fmedia&parent=15107"}],"wp:term":[{"taxonomy":"category","embeddable":true,"href":"https:\/\/www.comuna13online.com.ar\/index.php?rest_route=%2Fwp%2Fv2%2Fcategories&post=15107"},{"taxonomy":"post_tag","embeddable":true,"href":"https:\/\/www.comuna13online.com.ar\/index.php?rest_route=%2Fwp%2Fv2%2Ftags&post=15107"}],"curies":[{"name":"wp","href":"https:\/\/api.w.org\/{rel}","templated":true}]}}