{"id":15088,"date":"2022-03-28T00:15:00","date_gmt":"2022-03-28T03:15:00","guid":{"rendered":"http:\/\/www.comuna13online.com.ar\/?p=15088"},"modified":"2022-03-28T10:05:40","modified_gmt":"2022-03-28T13:05:40","slug":"campana-para-recolectar-el-aceite-usado-de-cocina","status":"publish","type":"post","link":"https:\/\/www.comuna13online.com.ar\/?p=15088","title":{"rendered":"Campa\u00f1a para recolectar el aceite usado de cocina"},"content":{"rendered":"\n<p><strong>El Gobierno porte\u00f1o lanzo una campa\u00f1a de recolecci\u00f3n de aceite de uso domiciliario para generar conciencia sobre consecuencias y riesgos ambientales que produce cuando se lo descarta por los desag\u00fces.<\/strong><\/p>\n\n\n\n<figure class=\"wp-block-image size-full\"><img loading=\"lazy\" decoding=\"async\" width=\"678\" height=\"452\" data-attachment-id=\"15091\" data-permalink=\"https:\/\/www.comuna13online.com.ar\/?attachment_id=15091\" data-orig-file=\"https:\/\/www.comuna13online.com.ar\/wp-content\/uploads\/2022\/03\/20220328b_01.jpg\" data-orig-size=\"678,452\" data-comments-opened=\"0\" data-image-meta=\"{&quot;aperture&quot;:&quot;0&quot;,&quot;credit&quot;:&quot;&quot;,&quot;camera&quot;:&quot;&quot;,&quot;caption&quot;:&quot;&quot;,&quot;created_timestamp&quot;:&quot;0&quot;,&quot;copyright&quot;:&quot;&quot;,&quot;focal_length&quot;:&quot;0&quot;,&quot;iso&quot;:&quot;0&quot;,&quot;shutter_speed&quot;:&quot;0&quot;,&quot;title&quot;:&quot;&quot;,&quot;orientation&quot;:&quot;0&quot;}\" data-image-title=\"20220328b_01\" data-image-description=\"\" data-image-caption=\"\" data-large-file=\"https:\/\/www.comuna13online.com.ar\/wp-content\/uploads\/2022\/03\/20220328b_01.jpg\" src=\"http:\/\/www.comuna13online.com.ar\/wp-content\/uploads\/2022\/03\/20220328b_01.jpg\" alt=\"\" class=\"wp-image-15091\" srcset=\"https:\/\/www.comuna13online.com.ar\/wp-content\/uploads\/2022\/03\/20220328b_01.jpg 678w, https:\/\/www.comuna13online.com.ar\/wp-content\/uploads\/2022\/03\/20220328b_01-272x182.jpg 272w\" sizes=\"auto, (max-width: 678px) 100vw, 678px\" \/><\/figure>\n\n\n\n<p>La&nbsp;<strong>Secretar\u00eda de Ambiente<\/strong>&nbsp;lanz\u00f3 nueva una campa\u00f1a de r<strong>ecolecci\u00f3n de aceite de fritura usado de origen domiciliario<\/strong>&nbsp;en el marco del&nbsp;<strong>D\u00eda de Agua<\/strong>, una iniciativa apunta a&nbsp;<strong>generar conciencia sobre los riesgos ambientales<\/strong>&nbsp;que produce cuando se lo descarta por los desag\u00fces y sus consecuencias.<\/p>\n\n\n\n<p>Un litro de aceite usado puede contaminar&nbsp;<strong>hasta 1.000 litros de agua<\/strong>, por eso es necesaria una correcta disposici\u00f3n.<\/p>\n\n\n\n<p><strong><em>\u201cImpulsamos esta campa\u00f1a para generar conciencia sobre el da\u00f1o que genera el aceite vegetal usado cuando no le damos un tratamiento adecuado. Gestionarlo en forma correcta ayuda a proteger la biodiversidad en nuestros cursos de agua y a la vez cuidar la infraestructura de nuestras casas\u201d<\/em><\/strong>, explic\u00f3&nbsp;<strong>In\u00e9s Gorbea<\/strong>, secretaria de Ambiente de la Ciudad.<\/p>\n\n\n\n<p>El aceite vegetal usado recibido\u00a0<strong>se transformar\u00e1 en biodiesel<\/strong>, siguiendo el principio de la econom\u00eda circular que permite que los residuos sean utilizados como recursos y, de este modo,\u00a0<strong>vuelvan al sistema productivo<\/strong>.<\/p>\n\n\n\n<div style=\"height:15px\" aria-hidden=\"true\" class=\"wp-block-spacer\"><\/div>\n\n\n\n<figure class=\"wp-block-image size-full\"><img loading=\"lazy\" decoding=\"async\" width=\"678\" height=\"149\" data-attachment-id=\"15089\" data-permalink=\"https:\/\/www.comuna13online.com.ar\/?attachment_id=15089\" data-orig-file=\"https:\/\/www.comuna13online.com.ar\/wp-content\/uploads\/2022\/03\/20220328b_02.jpg\" data-orig-size=\"678,149\" data-comments-opened=\"0\" data-image-meta=\"{&quot;aperture&quot;:&quot;0&quot;,&quot;credit&quot;:&quot;&quot;,&quot;camera&quot;:&quot;&quot;,&quot;caption&quot;:&quot;&quot;,&quot;created_timestamp&quot;:&quot;0&quot;,&quot;copyright&quot;:&quot;&quot;,&quot;focal_length&quot;:&quot;0&quot;,&quot;iso&quot;:&quot;0&quot;,&quot;shutter_speed&quot;:&quot;0&quot;,&quot;title&quot;:&quot;&quot;,&quot;orientation&quot;:&quot;0&quot;}\" data-image-title=\"20220328b_02\" data-image-description=\"\" data-image-caption=\"\" data-large-file=\"https:\/\/www.comuna13online.com.ar\/wp-content\/uploads\/2022\/03\/20220328b_02.jpg\" src=\"http:\/\/www.comuna13online.com.ar\/wp-content\/uploads\/2022\/03\/20220328b_02.jpg\" alt=\"\" class=\"wp-image-15089\"\/><\/figure>\n\n\n\n<div style=\"height:15px\" aria-hidden=\"true\" class=\"wp-block-spacer\"><\/div>\n\n\n\n<p>El aceite se recibe en\u00a0<strong>botellas pl\u00e1sticas de 1,5 litros, cerradas y limpias<\/strong>. Adem\u00e1s, debe estar fr\u00edo para que la botella no se deforme. Los vecinos pueden acercar el aceite vegetal usado a los\u00a0<strong>puntos verdes m\u00f3viles<\/strong>\u00a0que recorren la Ciudad.<\/p>\n\n\n\n<p>Se pueden depositar en los diferentes <strong><a href=\"https:\/\/epok.buenosaires.gob.ar\/pub\/mapa\/apra\/punto_recepcion_aceite_vegetal_usado\/\" target=\"_blank\" rel=\"noreferrer noopener\">puntos de recolecci\u00f3n<\/a><\/strong>&nbsp;para llevar tu aceite usado. Podes llevarlo a los&nbsp;<strong><a href=\"https:\/\/www.buenosaires.gob.ar\/agenciaambiental\/puntos-verdes\/punto-verde-movil\/cronograma-de-puntos-verdes-moviles\" target=\"_blank\" rel=\"noreferrer noopener\">Puntos Verdes M\u00f3viles<\/a><\/strong>&nbsp;o a los&nbsp;<strong><a href=\"https:\/\/www.buenosaires.gob.ar\/ciudadverde\/noticias\/mas-puntos-verdes-con-atencion-para-dejar-los-reciclables\" target=\"_blank\" rel=\"noreferrer noopener\">Puntos Verdes con atenci\u00f3n personalizada<\/a><\/strong>.<\/p>\n\n\n\n<p><strong>En la Comuna 13, los Puntos Verdes funcionan de martes a viernes de 14 a 19 y s\u00e1bados de 10 a 18 horas y est\u00e1n ubicados en:<\/strong><\/p>\n\n\n\n<p>\u2022 <strong>Plaza Castelli<\/strong>: Juramento y Conde. Belgrano.<br>\u2022 <strong>Plaza Balcarce<\/strong>: Manzanares y Vuelta de Obligado. Belgrano.<br>\u2022 <strong>Plaza Manuel Belgrano<\/strong>: Cuba y Juramento. Belgrano.<br>\u2022 <strong>Paseo de las Am\u00e9ricas<\/strong>: Ramsay y Blanco Encalada. Belgrano.<br>\u2022 <strong>Plaza Mafalda<\/strong>: Santos Dumont y Gral. Enrique Mart\u00ednez. Colegiales.<br>\u2022 <strong>Plaza San Miguel de Garicoitis<\/strong>: Virrey Loreto y Delgado. Colegiales.<\/p>\n\n\n\n<p>Los Puntos Verdes reciben papeles, cartones, pl\u00e1sticos, metales, aceite vegetal usado, pilas, RAEES, botellas de amor y org\u00e1nicos en las composteras comunitarias y se realizan talleres de compost seg\u00fan el punto. Adem\u00e1s, los jueves de 14 a 19 reciben org\u00e1nicos en diecinueve puntos seleccionados.<\/p>\n\n\n\n<p>La mala disposici\u00f3n del aceite produce la&nbsp;<strong>obturaci\u00f3n de ca\u00f1er\u00edas y desag\u00fces<\/strong>&nbsp;que puede derivar en&nbsp;<strong>inundaciones<\/strong>&nbsp;(ocasionadas por las lluvias que ser\u00e1n cada vez m\u00e1s fuertes y frecuentes debido al cambio clim\u00e1tico y degradaci\u00f3n biol\u00f3gica de cursos de agua (ya que ocasionan una disminuci\u00f3n del ox\u00edgeno).<\/p>\n\n\n\n<div style=\"height:25px\" aria-hidden=\"true\" class=\"wp-block-spacer\"><\/div>\n\n\n\n<div align=\"center\">\n<blockquote class=\"twitter-tweet\"><p lang=\"es\" dir=\"ltr\">Para esta fecha empezamos en marzo una campa\u00f1a para recolectar Aceite Vegetal Usado. Hasta hoy juntamos 300 litros. Esto quiere decir que se logr\u00f3 evitar la contaminaci\u00f3n de \u00a1300.000 litros de agua! <a href=\"https:\/\/t.co\/6zTgxS7hPX\">pic.twitter.com\/6zTgxS7hPX<\/a><\/p>\u2014 In\u00e9s Gorbea? (@InesGorbea) <a href=\"https:\/\/twitter.com\/InesGorbea\/status\/1506403088134918147?ref_src=twsrc%5Etfw\">March 22, 2022<\/a><\/blockquote> <script async=\"\" src=\"https:\/\/platform.twitter.com\/widgets.js\" charset=\"utf-8\"><\/script>\n<\/div>\n\n\n\n<div style=\"height:25px\" aria-hidden=\"true\" class=\"wp-block-spacer\"><\/div>\n\n\n\n<p>Esta campa\u00f1a se lleva a cabo en torno al&nbsp;<strong>D\u00eda Mundial del Agua<\/strong>&nbsp;que se celebra el&nbsp;<strong>22 de marzo<\/strong>&nbsp;y fue instituido por las Naciones Unidas para recordar la importancia que tiene en la vida cotidiana y generar conciencia acerca de la crisis mundial del agua y la necesidad de buscar medidas para lograr el cumplimiento del Objetivo de Desarrollo Sostenible No 6: Agua y saneamiento para todos antes de 2030.<\/p>\n\n\n\n<p>La ciudad recupera todo el a\u00f1o residuos especiales en sus Puntos Verdes M\u00f3viles: peque\u00f1os electrodom\u00e9sticos, pilas, aceite vegetal usado, tela friselina, botellas de amor, cartuchos de tinta y t\u00f3ners.<\/p>\n\n\n\n<figure class=\"wp-block-image size-large is-resized\"><img loading=\"lazy\" decoding=\"async\" data-attachment-id=\"99\" data-permalink=\"https:\/\/www.comuna13online.com.ar\/?attachment_id=99\" data-orig-file=\"https:\/\/www.comuna13online.com.ar\/wp-content\/uploads\/2017\/12\/line.jpg\" data-orig-size=\"678,1\" data-comments-opened=\"0\" data-image-meta=\"{&quot;aperture&quot;:&quot;0&quot;,&quot;credit&quot;:&quot;&quot;,&quot;camera&quot;:&quot;&quot;,&quot;caption&quot;:&quot;&quot;,&quot;created_timestamp&quot;:&quot;0&quot;,&quot;copyright&quot;:&quot;&quot;,&quot;focal_length&quot;:&quot;0&quot;,&quot;iso&quot;:&quot;0&quot;,&quot;shutter_speed&quot;:&quot;0&quot;,&quot;title&quot;:&quot;&quot;,&quot;orientation&quot;:&quot;0&quot;}\" data-image-title=\"line\" data-image-description=\"\" data-image-caption=\"\" data-large-file=\"https:\/\/www.comuna13online.com.ar\/wp-content\/uploads\/2017\/12\/line.jpg\" src=\"http:\/\/www.comuna13online.com.ar\/wp-content\/uploads\/2017\/12\/line.jpg\" alt=\"\" class=\"wp-image-99\" width=\"678\" height=\"1\" srcset=\"https:\/\/www.comuna13online.com.ar\/wp-content\/uploads\/2017\/12\/line.jpg 678w, https:\/\/www.comuna13online.com.ar\/wp-content\/uploads\/2017\/12\/line-150x1.jpg 150w, https:\/\/www.comuna13online.com.ar\/wp-content\/uploads\/2017\/12\/line-326x1.jpg 326w, https:\/\/www.comuna13online.com.ar\/wp-content\/uploads\/2017\/12\/line-80x1.jpg 80w, https:\/\/www.comuna13online.com.ar\/wp-content\/uploads\/2017\/12\/line-272x1.jpg 272w\" sizes=\"auto, (max-width: 678px) 100vw, 678px\" \/><\/figure>\n\n\n\n<figure class=\"wp-block-image size-full\"><img loading=\"lazy\" decoding=\"async\" width=\"678\" height=\"180\" data-attachment-id=\"8918\" data-permalink=\"https:\/\/www.comuna13online.com.ar\/?attachment_id=8918\" data-orig-file=\"https:\/\/www.comuna13online.com.ar\/wp-content\/uploads\/2020\/04\/corona2.jpg\" data-orig-size=\"678,180\" data-comments-opened=\"0\" data-image-meta=\"{&quot;aperture&quot;:&quot;0&quot;,&quot;credit&quot;:&quot;&quot;,&quot;camera&quot;:&quot;&quot;,&quot;caption&quot;:&quot;&quot;,&quot;created_timestamp&quot;:&quot;0&quot;,&quot;copyright&quot;:&quot;&quot;,&quot;focal_length&quot;:&quot;0&quot;,&quot;iso&quot;:&quot;0&quot;,&quot;shutter_speed&quot;:&quot;0&quot;,&quot;title&quot;:&quot;&quot;,&quot;orientation&quot;:&quot;0&quot;}\" data-image-title=\"corona2\" data-image-description=\"\" data-image-caption=\"\" data-large-file=\"https:\/\/www.comuna13online.com.ar\/wp-content\/uploads\/2020\/04\/corona2.jpg\" src=\"http:\/\/www.comuna13online.com.ar\/wp-content\/uploads\/2020\/04\/corona2.jpg\" alt=\"\" class=\"wp-image-8918\"\/><\/figure>\n","protected":false},"excerpt":{"rendered":"<div class=\"mh-excerpt\">El Gobierno porte\u00f1o lanzo una campa\u00f1a de recolecci\u00f3n de aceite de uso domiciliario para generar conciencia sobre consecuencias y riesgos ambientales que produce cuando se lo descarta por los desag\u00fces. <a class=\"mh-excerpt-more\" href=\"https:\/\/www.comuna13online.com.ar\/?p=15088\" title=\"Campa\u00f1a para recolectar el aceite usado de cocina\">[&#8230;]<\/a><\/div>\n","protected":false},"author":1,"featured_media":15090,"comment_status":"closed","ping_status":"closed","sticky":false,"template":"","format":"standard","meta":{"_uag_custom_page_level_css":"","_jetpack_memberships_contains_paid_content":false,"footnotes":"","jetpack_publicize_message":"","jetpack_publicize_feature_enabled":true,"jetpack_social_post_already_shared":true,"jetpack_social_options":{"image_generator_settings":{"template":"highway","default_image_id":0,"font":"","enabled":false},"version":2}},"categories":[22],"tags":[250,296,37],"class_list":{"0":"post-15088","1":"post","2":"type-post","3":"status-publish","4":"format-standard","5":"has-post-thumbnail","7":"category-medio-ambiente","8":"tag-h2","9":"tag-h3","10":"tag-medio-ambiente"},"jetpack_publicize_connections":[],"jetpack_featured_media_url":"https:\/\/www.comuna13online.com.ar\/wp-content\/uploads\/2022\/03\/20220328b_id.jpg","uagb_featured_image_src":{"full":["https:\/\/www.comuna13online.com.ar\/wp-content\/uploads\/2022\/03\/20220328b_id.jpg",678,452,false],"thumbnail":["https:\/\/www.comuna13online.com.ar\/wp-content\/uploads\/2022\/03\/20220328b_id.jpg",128,85,false],"medium":["https:\/\/www.comuna13online.com.ar\/wp-content\/uploads\/2022\/03\/20220328b_id.jpg",678,452,false],"medium_large":["https:\/\/www.comuna13online.com.ar\/wp-content\/uploads\/2022\/03\/20220328b_id.jpg",678,452,false],"large":["https:\/\/www.comuna13online.com.ar\/wp-content\/uploads\/2022\/03\/20220328b_id.jpg",678,452,false],"1536x1536":["https:\/\/www.comuna13online.com.ar\/wp-content\/uploads\/2022\/03\/20220328b_id.jpg",678,452,false],"2048x2048":["https:\/\/www.comuna13online.com.ar\/wp-content\/uploads\/2022\/03\/20220328b_id.jpg",678,452,false],"mh-magazine-slider":["https:\/\/www.comuna13online.com.ar\/wp-content\/uploads\/2022\/03\/20220328b_id-678x438.jpg",678,438,true],"mh-magazine-content":["https:\/\/www.comuna13online.com.ar\/wp-content\/uploads\/2022\/03\/20220328b_id-678x381.jpg",678,381,true],"mh-magazine-large":["https:\/\/www.comuna13online.com.ar\/wp-content\/uploads\/2022\/03\/20220328b_id.jpg",678,452,false],"mh-magazine-medium":["https:\/\/www.comuna13online.com.ar\/wp-content\/uploads\/2022\/03\/20220328b_id-326x245.jpg",326,245,true],"mh-magazine-small":["https:\/\/www.comuna13online.com.ar\/wp-content\/uploads\/2022\/03\/20220328b_id-80x60.jpg",80,60,true],"sow-carousel-default":["https:\/\/www.comuna13online.com.ar\/wp-content\/uploads\/2022\/03\/20220328b_id-272x182.jpg",272,182,true]},"uagb_author_info":{"display_name":"Comuna13","author_link":"https:\/\/www.comuna13online.com.ar\/?author=1"},"uagb_comment_info":0,"uagb_excerpt":"El Gobierno porte\u00f1o lanzo una campa\u00f1a de recolecci\u00f3n de aceite de uso domiciliario para generar conciencia sobre consecuencias y riesgos ambientales que produce cuando se lo descarta por los desag\u00fces. [...]","jetpack_sharing_enabled":true,"_links":{"self":[{"href":"https:\/\/www.comuna13online.com.ar\/index.php?rest_route=\/wp\/v2\/posts\/15088","targetHints":{"allow":["GET"]}}],"collection":[{"href":"https:\/\/www.comuna13online.com.ar\/index.php?rest_route=\/wp\/v2\/posts"}],"about":[{"href":"https:\/\/www.comuna13online.com.ar\/index.php?rest_route=\/wp\/v2\/types\/post"}],"author":[{"embeddable":true,"href":"https:\/\/www.comuna13online.com.ar\/index.php?rest_route=\/wp\/v2\/users\/1"}],"replies":[{"embeddable":true,"href":"https:\/\/www.comuna13online.com.ar\/index.php?rest_route=%2Fwp%2Fv2%2Fcomments&post=15088"}],"version-history":[{"count":0,"href":"https:\/\/www.comuna13online.com.ar\/index.php?rest_route=\/wp\/v2\/posts\/15088\/revisions"}],"wp:featuredmedia":[{"embeddable":true,"href":"https:\/\/www.comuna13online.com.ar\/index.php?rest_route=\/wp\/v2\/media\/15090"}],"wp:attachment":[{"href":"https:\/\/www.comuna13online.com.ar\/index.php?rest_route=%2Fwp%2Fv2%2Fmedia&parent=15088"}],"wp:term":[{"taxonomy":"category","embeddable":true,"href":"https:\/\/www.comuna13online.com.ar\/index.php?rest_route=%2Fwp%2Fv2%2Fcategories&post=15088"},{"taxonomy":"post_tag","embeddable":true,"href":"https:\/\/www.comuna13online.com.ar\/index.php?rest_route=%2Fwp%2Fv2%2Ftags&post=15088"}],"curies":[{"name":"wp","href":"https:\/\/api.w.org\/{rel}","templated":true}]}}