{"id":15080,"date":"2022-03-25T10:51:48","date_gmt":"2022-03-25T13:51:48","guid":{"rendered":"http:\/\/www.comuna13online.com.ar\/?p=15080"},"modified":"2022-03-25T10:53:17","modified_gmt":"2022-03-25T13:53:17","slug":"la-legislatura-conmemoro-el-dia-de-la-memoria","status":"publish","type":"post","link":"https:\/\/www.comuna13online.com.ar\/?p=15080","title":{"rendered":"La Legislatura conmemor\u00f3 el D\u00eda de la Memoria"},"content":{"rendered":"\n<p><strong>En una sesi\u00f3n especial, los diputados de la Ciudad evocaron la fecha y emitieron una declaraci\u00f3n consensuada entre Vamos Juntos, Frente de Todos, UCR\/Evoluci\u00f3n y Socialistas.<\/strong><\/p>\n\n\n\n<figure class=\"wp-block-image size-full\"><img loading=\"lazy\" decoding=\"async\" width=\"678\" height=\"452\" data-attachment-id=\"15081\" data-permalink=\"https:\/\/www.comuna13online.com.ar\/?attachment_id=15081\" data-orig-file=\"https:\/\/www.comuna13online.com.ar\/wp-content\/uploads\/2022\/03\/20220325b_01.jpg\" data-orig-size=\"678,452\" data-comments-opened=\"0\" data-image-meta=\"{&quot;aperture&quot;:&quot;0&quot;,&quot;credit&quot;:&quot;&quot;,&quot;camera&quot;:&quot;&quot;,&quot;caption&quot;:&quot;&quot;,&quot;created_timestamp&quot;:&quot;0&quot;,&quot;copyright&quot;:&quot;&quot;,&quot;focal_length&quot;:&quot;0&quot;,&quot;iso&quot;:&quot;0&quot;,&quot;shutter_speed&quot;:&quot;0&quot;,&quot;title&quot;:&quot;&quot;,&quot;orientation&quot;:&quot;0&quot;}\" data-image-title=\"20220325b_01\" data-image-description=\"\" data-image-caption=\"\" data-large-file=\"https:\/\/www.comuna13online.com.ar\/wp-content\/uploads\/2022\/03\/20220325b_01.jpg\" src=\"http:\/\/www.comuna13online.com.ar\/wp-content\/uploads\/2022\/03\/20220325b_01.jpg\" alt=\"\" class=\"wp-image-15081\" srcset=\"https:\/\/www.comuna13online.com.ar\/wp-content\/uploads\/2022\/03\/20220325b_01.jpg 678w, https:\/\/www.comuna13online.com.ar\/wp-content\/uploads\/2022\/03\/20220325b_01-272x182.jpg 272w\" sizes=\"auto, (max-width: 678px) 100vw, 678px\" \/><\/figure>\n\n\n\n<p>Los legisladores de la Ciudad de Buenos Aires debatieron este jueves en una sesi\u00f3n especial convocada por el vicepresidente 1\u00b0,&nbsp;<strong>Emmanuel Ferrario&nbsp;<\/strong>(VJ), para conmemorar el D\u00eda Nacional de la Memoria, por la Verdad y la Justicia.<\/p>\n\n\n\n<p>Hubo discursos evocativos desde las diferentes bancadas y se aprob\u00f3 a mano alzada una declaraci\u00f3n que <strong>\u201crinde homenaje a las y los 30.000 detenidos desaparecidos\u201d<\/strong> durante la \u00faltima dictadura.<\/p>\n\n\n\n<p>La declaraci\u00f3n, consensuada por amplia mayor\u00eda, fue votada positivamente sobre tablas y a mano alzada por los diputados de Vamos Juntos, UCR\/Evoluci\u00f3n, Frente de Todos y Partido Socialista. Manifestaron su rechazo al texto los bloques La Libertad Avanza y Republicanos Unidos. Los tres legisladores del Frente de Izquierda estuvieron ausentes por \u201cincompatibilidad de horarios\u201d con la marcha callejera, seg\u00fan manifestaron por nota.<\/p>\n\n\n\n<p><strong>\u201cLa Legislatura de la Ciudad Aut\u00f3noma de Buenos Aires conmemora con pesar el D\u00eda Nacional de la Memoria por la Verdad y la Justicia, que se celebra el d\u00eda 24 de marzo con motivo de cumplirse el 46 aniversario del inicio de la \u00faltima dictadura c\u00edvico militar, y rinde homenaje a las y los 30.000 detenidos desaparecidos, reafirmando el compromiso por la defensa irrestricta de los derechos humanos y en la localizaci\u00f3n de las v\u00edctimas del plan sistem\u00e1tico de apropiaci\u00f3n de menores\u201d<\/strong>, expresa el texto completo de la declaraci\u00f3n.<\/p>\n\n\n\n<p>Tambi\u00e9n se vot\u00f3 afirmativamente la adhesi\u00f3n a la Marcha de las Antorchas de San Telmo \u00abLa Memoria es un Presente que Lucha\u00bb, en homenaje a detenidos desaparecidos que eran vecinos del barrio (proyecto del FdT).<\/p>\n\n\n\n<h4 class=\"wp-block-heading\">Los Libertarios y la teor\u00eda de los 2 demonios<\/h4>\n\n\n\n<p>El Legislador Ramiro Marra, de Libertad Avanza, el partido de MIllei, expres\u00f3 su <em>\u201cm\u00e1s profunda condena al golpe de 76, primer antecedente hist\u00f3rico 6 de septiembre de 1930, que marc\u00f3 un lamentable derrotero de derrocamientos\u201d<\/em>, y lament\u00f3 <em>\u201clos excesos de miembros de las Fuerzas Armadas que actuaron al margen del estado de derecho, con el mismo rigor condenamos a integrantes de grupos subversivos responsables de un ba\u00f1o de sangre sin antecedentes en nuestro pa\u00eds\u201d<\/em>.<\/p>\n\n\n\n<p>Por \u00faltimo agreg\u00f3 <em>\u201cLa historia debe ser contada de una manera completa y avanzar no significa olvidar\u201d<\/em>. En ese sentido se expres\u00f3 su compa\u00f1era de bloque Rebeca Fleitas, <em>\u201clos argentinos estamos en deuda con la historia cuando se habla de la d\u00e9cada del 70\u201d<\/em>, se\u00f1al\u00f3 y afirm\u00f3 que <em>\u201cse habla de una parte de la historia, intencionalmente selectiva\u201d<\/em>.<\/p>\n\n\n\n<p><strong>Victoria Montenegro<\/strong>, hija de desaparecidos y legisladora del Frente de Todos, contest\u00f3: <em><strong>\u201cEn Argentina no hubo dos demonios, hubo un Estado terrorista que defini\u00f3 desaparecer a 30.000 personas\u00bb<\/strong><\/em>. <em><strong>\u00abNunca m\u00e1s alguien tiene que pasar por el horror al que nos sometieron\u201d<\/strong><\/em>, concluy\u00f3.<\/p>\n\n\n\n<p><\/p>\n<div align=\"center\">\n<blockquote class=\"twitter-tweet\"><p lang=\"es\" dir=\"ltr\">PRESENTES, AHORA Y SIEMPRE! <a href=\"https:\/\/t.co\/7wR3XNgOOA\">pic.twitter.com\/7wR3XNgOOA<\/a><\/p>\u2014 Victoria Montenegro (@MontenegroViki) <a href=\"https:\/\/twitter.com\/MontenegroViki\/status\/1506829599287640069?ref_src=twsrc%5Etfw\">March 24, 2022<\/a><\/blockquote> <script async=\"\" src=\"https:\/\/platform.twitter.com\/widgets.js\" charset=\"utf-8\"><\/script>\n<\/div>\n<p><\/p>\n\n\n\n<figure class=\"wp-block-image size-large is-resized\"><img loading=\"lazy\" decoding=\"async\" data-attachment-id=\"99\" data-permalink=\"https:\/\/www.comuna13online.com.ar\/?attachment_id=99\" data-orig-file=\"https:\/\/www.comuna13online.com.ar\/wp-content\/uploads\/2017\/12\/line.jpg\" data-orig-size=\"678,1\" data-comments-opened=\"0\" data-image-meta=\"{&quot;aperture&quot;:&quot;0&quot;,&quot;credit&quot;:&quot;&quot;,&quot;camera&quot;:&quot;&quot;,&quot;caption&quot;:&quot;&quot;,&quot;created_timestamp&quot;:&quot;0&quot;,&quot;copyright&quot;:&quot;&quot;,&quot;focal_length&quot;:&quot;0&quot;,&quot;iso&quot;:&quot;0&quot;,&quot;shutter_speed&quot;:&quot;0&quot;,&quot;title&quot;:&quot;&quot;,&quot;orientation&quot;:&quot;0&quot;}\" data-image-title=\"line\" data-image-description=\"\" data-image-caption=\"\" data-large-file=\"https:\/\/www.comuna13online.com.ar\/wp-content\/uploads\/2017\/12\/line.jpg\" src=\"http:\/\/www.comuna13online.com.ar\/wp-content\/uploads\/2017\/12\/line.jpg\" alt=\"\" class=\"wp-image-99\" width=\"678\" height=\"1\" srcset=\"https:\/\/www.comuna13online.com.ar\/wp-content\/uploads\/2017\/12\/line.jpg 678w, https:\/\/www.comuna13online.com.ar\/wp-content\/uploads\/2017\/12\/line-150x1.jpg 150w, https:\/\/www.comuna13online.com.ar\/wp-content\/uploads\/2017\/12\/line-326x1.jpg 326w, https:\/\/www.comuna13online.com.ar\/wp-content\/uploads\/2017\/12\/line-80x1.jpg 80w, https:\/\/www.comuna13online.com.ar\/wp-content\/uploads\/2017\/12\/line-272x1.jpg 272w\" sizes=\"auto, (max-width: 678px) 100vw, 678px\" \/><\/figure>\n\n\n\n<figure class=\"wp-block-image size-full\"><img loading=\"lazy\" decoding=\"async\" width=\"678\" height=\"180\" data-attachment-id=\"8918\" data-permalink=\"https:\/\/www.comuna13online.com.ar\/?attachment_id=8918\" data-orig-file=\"https:\/\/www.comuna13online.com.ar\/wp-content\/uploads\/2020\/04\/corona2.jpg\" data-orig-size=\"678,180\" data-comments-opened=\"0\" data-image-meta=\"{&quot;aperture&quot;:&quot;0&quot;,&quot;credit&quot;:&quot;&quot;,&quot;camera&quot;:&quot;&quot;,&quot;caption&quot;:&quot;&quot;,&quot;created_timestamp&quot;:&quot;0&quot;,&quot;copyright&quot;:&quot;&quot;,&quot;focal_length&quot;:&quot;0&quot;,&quot;iso&quot;:&quot;0&quot;,&quot;shutter_speed&quot;:&quot;0&quot;,&quot;title&quot;:&quot;&quot;,&quot;orientation&quot;:&quot;0&quot;}\" data-image-title=\"corona2\" data-image-description=\"\" data-image-caption=\"\" data-large-file=\"https:\/\/www.comuna13online.com.ar\/wp-content\/uploads\/2020\/04\/corona2.jpg\" src=\"http:\/\/www.comuna13online.com.ar\/wp-content\/uploads\/2020\/04\/corona2.jpg\" alt=\"\" class=\"wp-image-8918\"\/><\/figure>\n","protected":false},"excerpt":{"rendered":"<div class=\"mh-excerpt\">En una sesi\u00f3n especial, los diputados de la Ciudad evocaron la fecha y emitieron una declaraci\u00f3n consensuada entre Vamos Juntos, Frente de Todos, UCR\/Evoluci\u00f3n y Socialistas. Los legisladores de la <a class=\"mh-excerpt-more\" href=\"https:\/\/www.comuna13online.com.ar\/?p=15080\" title=\"La Legislatura conmemor\u00f3 el D\u00eda de la Memoria\">[&#8230;]<\/a><\/div>\n","protected":false},"author":1,"featured_media":15082,"comment_status":"closed","ping_status":"closed","sticky":false,"template":"","format":"standard","meta":{"_uag_custom_page_level_css":"","_jetpack_memberships_contains_paid_content":false,"footnotes":"","jetpack_publicize_message":"","jetpack_publicize_feature_enabled":true,"jetpack_social_post_already_shared":true,"jetpack_social_options":{"image_generator_settings":{"template":"highway","default_image_id":0,"font":"","enabled":false},"version":2}},"categories":[207],"tags":[131,250,296,7],"class_list":{"0":"post-15080","1":"post","2":"type-post","3":"status-publish","4":"format-standard","5":"has-post-thumbnail","7":"category-derechos-humanos","8":"tag-derechos","9":"tag-h2","10":"tag-h3","11":"tag-legislatura"},"jetpack_publicize_connections":[],"jetpack_featured_media_url":"https:\/\/www.comuna13online.com.ar\/wp-content\/uploads\/2022\/03\/20220325b_id.jpg","uagb_featured_image_src":{"full":["https:\/\/www.comuna13online.com.ar\/wp-content\/uploads\/2022\/03\/20220325b_id.jpg",678,452,false],"thumbnail":["https:\/\/www.comuna13online.com.ar\/wp-content\/uploads\/2022\/03\/20220325b_id.jpg",128,85,false],"medium":["https:\/\/www.comuna13online.com.ar\/wp-content\/uploads\/2022\/03\/20220325b_id.jpg",678,452,false],"medium_large":["https:\/\/www.comuna13online.com.ar\/wp-content\/uploads\/2022\/03\/20220325b_id.jpg",678,452,false],"large":["https:\/\/www.comuna13online.com.ar\/wp-content\/uploads\/2022\/03\/20220325b_id.jpg",678,452,false],"1536x1536":["https:\/\/www.comuna13online.com.ar\/wp-content\/uploads\/2022\/03\/20220325b_id.jpg",678,452,false],"2048x2048":["https:\/\/www.comuna13online.com.ar\/wp-content\/uploads\/2022\/03\/20220325b_id.jpg",678,452,false],"mh-magazine-slider":["https:\/\/www.comuna13online.com.ar\/wp-content\/uploads\/2022\/03\/20220325b_id-678x438.jpg",678,438,true],"mh-magazine-content":["https:\/\/www.comuna13online.com.ar\/wp-content\/uploads\/2022\/03\/20220325b_id-678x381.jpg",678,381,true],"mh-magazine-large":["https:\/\/www.comuna13online.com.ar\/wp-content\/uploads\/2022\/03\/20220325b_id.jpg",678,452,false],"mh-magazine-medium":["https:\/\/www.comuna13online.com.ar\/wp-content\/uploads\/2022\/03\/20220325b_id-326x245.jpg",326,245,true],"mh-magazine-small":["https:\/\/www.comuna13online.com.ar\/wp-content\/uploads\/2022\/03\/20220325b_id-80x60.jpg",80,60,true],"sow-carousel-default":["https:\/\/www.comuna13online.com.ar\/wp-content\/uploads\/2022\/03\/20220325b_id-272x182.jpg",272,182,true]},"uagb_author_info":{"display_name":"Comuna13","author_link":"https:\/\/www.comuna13online.com.ar\/?author=1"},"uagb_comment_info":0,"uagb_excerpt":"En una sesi\u00f3n especial, los diputados de la Ciudad evocaron la fecha y emitieron una declaraci\u00f3n consensuada entre Vamos Juntos, Frente de Todos, UCR\/Evoluci\u00f3n y Socialistas. Los legisladores de la [...]","jetpack_sharing_enabled":true,"_links":{"self":[{"href":"https:\/\/www.comuna13online.com.ar\/index.php?rest_route=\/wp\/v2\/posts\/15080","targetHints":{"allow":["GET"]}}],"collection":[{"href":"https:\/\/www.comuna13online.com.ar\/index.php?rest_route=\/wp\/v2\/posts"}],"about":[{"href":"https:\/\/www.comuna13online.com.ar\/index.php?rest_route=\/wp\/v2\/types\/post"}],"author":[{"embeddable":true,"href":"https:\/\/www.comuna13online.com.ar\/index.php?rest_route=\/wp\/v2\/users\/1"}],"replies":[{"embeddable":true,"href":"https:\/\/www.comuna13online.com.ar\/index.php?rest_route=%2Fwp%2Fv2%2Fcomments&post=15080"}],"version-history":[{"count":0,"href":"https:\/\/www.comuna13online.com.ar\/index.php?rest_route=\/wp\/v2\/posts\/15080\/revisions"}],"wp:featuredmedia":[{"embeddable":true,"href":"https:\/\/www.comuna13online.com.ar\/index.php?rest_route=\/wp\/v2\/media\/15082"}],"wp:attachment":[{"href":"https:\/\/www.comuna13online.com.ar\/index.php?rest_route=%2Fwp%2Fv2%2Fmedia&parent=15080"}],"wp:term":[{"taxonomy":"category","embeddable":true,"href":"https:\/\/www.comuna13online.com.ar\/index.php?rest_route=%2Fwp%2Fv2%2Fcategories&post=15080"},{"taxonomy":"post_tag","embeddable":true,"href":"https:\/\/www.comuna13online.com.ar\/index.php?rest_route=%2Fwp%2Fv2%2Ftags&post=15080"}],"curies":[{"name":"wp","href":"https:\/\/api.w.org\/{rel}","templated":true}]}}