{"id":15077,"date":"2022-03-25T10:26:35","date_gmt":"2022-03-25T13:26:35","guid":{"rendered":"http:\/\/www.comuna13online.com.ar\/?p=15077"},"modified":"2022-03-25T10:26:40","modified_gmt":"2022-03-25T13:26:40","slug":"comenzo-la-vacunacion-contra-la-gripe-a-en-la-ciudad-quienes-tienen-prioridad","status":"publish","type":"post","link":"https:\/\/www.comuna13online.com.ar\/?p=15077","title":{"rendered":"Comenz\u00f3 la vacunaci\u00f3n contra la Gripe A en la Ciudad, qui\u00e9nes tienen prioridad"},"content":{"rendered":"\n<p><strong>Este viernes se inicio la campa\u00f1a de Vacunaci\u00f3n contra la Gripe A, en esta primera etapa se vacunar\u00e1 al personal de salud, y luego se sumar\u00e1n los grupos de riesgo.<\/strong><\/p>\n\n\n\n<figure class=\"wp-block-image size-full\"><img loading=\"lazy\" decoding=\"async\" width=\"1030\" height=\"438\" data-attachment-id=\"2233\" data-permalink=\"https:\/\/www.comuna13online.com.ar\/?attachment_id=2233\" data-orig-file=\"https:\/\/www.comuna13online.com.ar\/wp-content\/uploads\/2018\/08\/2018_08_13b.jpg\" data-orig-size=\"1030,438\" data-comments-opened=\"0\" data-image-meta=\"{&quot;aperture&quot;:&quot;0&quot;,&quot;credit&quot;:&quot;&quot;,&quot;camera&quot;:&quot;&quot;,&quot;caption&quot;:&quot;&quot;,&quot;created_timestamp&quot;:&quot;0&quot;,&quot;copyright&quot;:&quot;&quot;,&quot;focal_length&quot;:&quot;0&quot;,&quot;iso&quot;:&quot;0&quot;,&quot;shutter_speed&quot;:&quot;0&quot;,&quot;title&quot;:&quot;&quot;,&quot;orientation&quot;:&quot;0&quot;}\" data-image-title=\"2018_08_13b\" data-image-description=\"\" data-image-caption=\"\" data-large-file=\"https:\/\/www.comuna13online.com.ar\/wp-content\/uploads\/2018\/08\/2018_08_13b.jpg\" src=\"http:\/\/www.comuna13online.com.ar\/wp-content\/uploads\/2018\/08\/2018_08_13b.jpg\" alt=\"\" class=\"wp-image-2233\" srcset=\"https:\/\/www.comuna13online.com.ar\/wp-content\/uploads\/2018\/08\/2018_08_13b.jpg 1030w, https:\/\/www.comuna13online.com.ar\/wp-content\/uploads\/2018\/08\/2018_08_13b-678x288.jpg 678w, https:\/\/www.comuna13online.com.ar\/wp-content\/uploads\/2018\/08\/2018_08_13b-768x327.jpg 768w\" sizes=\"auto, (max-width: 1030px) 100vw, 1030px\" \/><\/figure>\n\n\n\n<p>El Gobierno Nacional distribuy\u00f3 esta semana en el pa\u00eds 9.600.000 vacunas contra la Gripe A (variante H3N2) debido al inusual aumento de casos que comenz\u00f3 en diciembre, una enfermedad que suele aparecer reci\u00e9n a comienzos de abril.<\/p>\n\n\n\n<p><strong><em>\u201cHay un aumento de casos de gripe fundamentalmente en ni\u00f1os, ya que en los dos a\u00f1os anteriores el Covid desplaz\u00f3 totalmente a todos los dem\u00e1s virus respiratorios, y ahora est\u00e1n m\u00e1s susceptibles al virus de la influenza\u201d<\/em><\/strong>, indic\u00f3 la Ministra de Salud de la Naci\u00f3n, Carla Vizzoti.<\/p>\n\n\n\n<p>La Ciudad de Buenos Aires comenz\u00f3 este mismo viernes la aplicaci\u00f3n de las vacunas, entre los grupos que puedan recibirla figuran <strong>embarazadas, chicos entre 6 a 24 meses, personas de entre 2 y 64 a\u00f1os que pertenecen a grupos de riesgo, adultos mayores de 65 a\u00f1os, personal de salud<\/strong>. La vacuna se puede aplicar junto con la de Covid-19 y el resto de las que integran el Calendario Nacional de Vacunaci\u00f3n.<\/p>\n\n\n\n<p>En esta primera etapa, se comenz\u00f3 a vacunar al personal de salud, luego se sumar\u00e1 el resto de la poblaci\u00f3n destinataria. Deber\u00e1n solicitar turno para vacunarse en un Centro de Salud, Hospital, o posta de vacunaci\u00f3n. La vacuna antigripal, es obligatoria y gratuita.<\/p>\n\n\n\n<p><\/p>\n\n\n\n<h3 class=\"wp-block-heading\">\u00bfCu\u00e1les son los factores de riesgo?<\/h3>\n\n\n\n<p>Para vacunarse hay que presentar un certificado que acredite la existencia de la condici\u00f3n de riesgo.<\/p>\n\n\n\n<ul class=\"wp-block-list\"><li><strong>Enfermedades respiratorias cr\u00f3nicas<\/strong><\/li><li><strong>Enfermedades card\u00edacas:<\/strong>&nbsp;insuficiencia card\u00edaca, enfermedad coronaria, reemplazo valvular, valvulopat\u00edas, cardiopat\u00edas cong\u00e9nitas<\/li><li><strong>Enfermedades renales:<\/strong>&nbsp;personas en di\u00e1lisis o con expectativas de ingresar a di\u00e1lisis en los siguientes seis meses<\/li><li><strong>Obesidad<\/strong>&nbsp;(\u00edndice de masa corporal mayor a 40 kg\/m2)<\/li><li><strong>Diabetes<\/strong><\/li><li><strong>Infecci\u00f3n por VIH\/SIDA<\/strong><\/li><li><strong>Inmunodeficiencias cong\u00e9nitas o adquiridas<\/strong>&nbsp;(no oncohematol\u00f3gica)<\/li><li><strong>Utilizaci\u00f3n de medicaci\u00f3n inmunosupresora o corticoides<\/strong>&nbsp;en altas dosis (mayor a 2 mg\/kg\/d\u00eda de metilprednisona o m\u00e1s de 20 mg\/d\u00eda o su equivalente por m\u00e1s de 14 d\u00edas)<\/li><li><strong>Pacientes oncol\u00f3gicos, trasplantados y sus convivientes<\/strong><\/li><li><strong>Retraso madurativo grave<\/strong>&nbsp;en menores de 18 a\u00f1os<\/li><li><strong>Personas con s\u00edndromes gen\u00e9ticos, enfermedades neuromusculares con compromiso respiratorio y malformaciones cong\u00e9nitas graves<\/strong><\/li><li><strong>Asplenia<\/strong>&nbsp;(personas sin bazo)<\/li><li><strong>Tratamiento cr\u00f3nico con aspirina<\/strong>&nbsp;en menores de 18 a\u00f1os<\/li><li>Convivientes de ni\u00f1os\/as prematuros\/as con un peso menor a 1.500 gramos.<\/li><li><strong>Registro de vacunaci\u00f3n domiciliaria para personas con limitaciones severas de movilidad<\/strong>. Si vos o alguien de tu familia tienen limitaciones de movilidad severas para dirigirse a los centros de vacunaci\u00f3n, pueden recibir la vacuna en su domicilio llamando al 147. Se realizar\u00e1 una<br>evaluaci\u00f3n de la solicitud a cargo de un equipo especializado.<\/li><\/ul>\n\n\n\n<h3 class=\"wp-block-heading\">\u00bfQu\u00e9 hay que llevar para la vacunaci\u00f3n?<\/h3>\n\n\n\n<ul class=\"wp-block-list\"><li>Presentar documentaci\u00f3n que certifique la existencia de enfermedades pre-existentes en el caso de personas que presenten factores de riesgo.<\/li><li>Presentar la libreta sanitaria o de vacunaci\u00f3n en caso de contar con la misma.<\/li><\/ul>\n\n\n\n<p id=\"textoAlerta-2\">En caso de presentar alguno de los siguientes s\u00edntomas: fiebre, tos, dolor de garganta, dificultad para respirar, falta de gusto u olfato, dolor de cabeza o v\u00f3mitos y diarrea, no asistir al Centro de Vacunaci\u00f3n y dirigirse a una\u00a0<a href=\"https:\/\/www.buenosaires.gob.ar\/coronavirus\/hacete-el-test\" target=\"_blank\" rel=\"noreferrer noopener\">Unidad Febril<\/a>.<\/p>\n\n\n\n<p><\/p>\n\n\n\n<p><\/p>\n","protected":false},"excerpt":{"rendered":"<div class=\"mh-excerpt\">Este viernes se inicio la campa\u00f1a de Vacunaci\u00f3n contra la Gripe A, en esta primera etapa se vacunar\u00e1 al personal de salud, y luego se sumar\u00e1n los grupos de riesgo. <a class=\"mh-excerpt-more\" href=\"https:\/\/www.comuna13online.com.ar\/?p=15077\" title=\"Comenz\u00f3 la vacunaci\u00f3n contra la Gripe A en la Ciudad, qui\u00e9nes tienen prioridad\">[&#8230;]<\/a><\/div>\n","protected":false},"author":1,"featured_media":15078,"comment_status":"closed","ping_status":"closed","sticky":false,"template":"","format":"standard","meta":{"_uag_custom_page_level_css":"","_jetpack_memberships_contains_paid_content":false,"footnotes":"","jetpack_publicize_message":"","jetpack_publicize_feature_enabled":true,"jetpack_social_post_already_shared":true,"jetpack_social_options":{"image_generator_settings":{"template":"highway","default_image_id":0,"font":"","enabled":false},"version":2}},"categories":[44],"tags":[250,296,45,118,78],"class_list":{"0":"post-15077","1":"post","2":"type-post","3":"status-publish","4":"format-standard","5":"has-post-thumbnail","7":"category-salud","8":"tag-h2","9":"tag-h3","10":"tag-salud","11":"tag-vacunacion","12":"tag-vacunas"},"jetpack_publicize_connections":[],"jetpack_featured_media_url":"https:\/\/www.comuna13online.com.ar\/wp-content\/uploads\/2022\/03\/20220325a_id.jpg","uagb_featured_image_src":{"full":["https:\/\/www.comuna13online.com.ar\/wp-content\/uploads\/2022\/03\/20220325a_id.jpg",678,452,false],"thumbnail":["https:\/\/www.comuna13online.com.ar\/wp-content\/uploads\/2022\/03\/20220325a_id.jpg",128,85,false],"medium":["https:\/\/www.comuna13online.com.ar\/wp-content\/uploads\/2022\/03\/20220325a_id.jpg",678,452,false],"medium_large":["https:\/\/www.comuna13online.com.ar\/wp-content\/uploads\/2022\/03\/20220325a_id.jpg",678,452,false],"large":["https:\/\/www.comuna13online.com.ar\/wp-content\/uploads\/2022\/03\/20220325a_id.jpg",678,452,false],"1536x1536":["https:\/\/www.comuna13online.com.ar\/wp-content\/uploads\/2022\/03\/20220325a_id.jpg",678,452,false],"2048x2048":["https:\/\/www.comuna13online.com.ar\/wp-content\/uploads\/2022\/03\/20220325a_id.jpg",678,452,false],"mh-magazine-slider":["https:\/\/www.comuna13online.com.ar\/wp-content\/uploads\/2022\/03\/20220325a_id-678x438.jpg",678,438,true],"mh-magazine-content":["https:\/\/www.comuna13online.com.ar\/wp-content\/uploads\/2022\/03\/20220325a_id-678x381.jpg",678,381,true],"mh-magazine-large":["https:\/\/www.comuna13online.com.ar\/wp-content\/uploads\/2022\/03\/20220325a_id.jpg",678,452,false],"mh-magazine-medium":["https:\/\/www.comuna13online.com.ar\/wp-content\/uploads\/2022\/03\/20220325a_id-326x245.jpg",326,245,true],"mh-magazine-small":["https:\/\/www.comuna13online.com.ar\/wp-content\/uploads\/2022\/03\/20220325a_id-80x60.jpg",80,60,true],"sow-carousel-default":["https:\/\/www.comuna13online.com.ar\/wp-content\/uploads\/2022\/03\/20220325a_id-272x182.jpg",272,182,true]},"uagb_author_info":{"display_name":"Comuna13","author_link":"https:\/\/www.comuna13online.com.ar\/?author=1"},"uagb_comment_info":0,"uagb_excerpt":"Este viernes se inicio la campa\u00f1a de Vacunaci\u00f3n contra la Gripe A, en esta primera etapa se vacunar\u00e1 al personal de salud, y luego se sumar\u00e1n los grupos de riesgo. [...]","jetpack_sharing_enabled":true,"_links":{"self":[{"href":"https:\/\/www.comuna13online.com.ar\/index.php?rest_route=\/wp\/v2\/posts\/15077","targetHints":{"allow":["GET"]}}],"collection":[{"href":"https:\/\/www.comuna13online.com.ar\/index.php?rest_route=\/wp\/v2\/posts"}],"about":[{"href":"https:\/\/www.comuna13online.com.ar\/index.php?rest_route=\/wp\/v2\/types\/post"}],"author":[{"embeddable":true,"href":"https:\/\/www.comuna13online.com.ar\/index.php?rest_route=\/wp\/v2\/users\/1"}],"replies":[{"embeddable":true,"href":"https:\/\/www.comuna13online.com.ar\/index.php?rest_route=%2Fwp%2Fv2%2Fcomments&post=15077"}],"version-history":[{"count":0,"href":"https:\/\/www.comuna13online.com.ar\/index.php?rest_route=\/wp\/v2\/posts\/15077\/revisions"}],"wp:featuredmedia":[{"embeddable":true,"href":"https:\/\/www.comuna13online.com.ar\/index.php?rest_route=\/wp\/v2\/media\/15078"}],"wp:attachment":[{"href":"https:\/\/www.comuna13online.com.ar\/index.php?rest_route=%2Fwp%2Fv2%2Fmedia&parent=15077"}],"wp:term":[{"taxonomy":"category","embeddable":true,"href":"https:\/\/www.comuna13online.com.ar\/index.php?rest_route=%2Fwp%2Fv2%2Fcategories&post=15077"},{"taxonomy":"post_tag","embeddable":true,"href":"https:\/\/www.comuna13online.com.ar\/index.php?rest_route=%2Fwp%2Fv2%2Ftags&post=15077"}],"curies":[{"name":"wp","href":"https:\/\/api.w.org\/{rel}","templated":true}]}}