{"id":15069,"date":"2022-03-23T10:04:19","date_gmt":"2022-03-23T13:04:19","guid":{"rendered":"http:\/\/www.comuna13online.com.ar\/?p=15069"},"modified":"2022-03-23T10:04:22","modified_gmt":"2022-03-23T13:04:22","slug":"actividades-durante-el-dia-nacional-de-la-memoria-por-la-verdad-y-la-justicia","status":"publish","type":"post","link":"https:\/\/www.comuna13online.com.ar\/?p=15069","title":{"rendered":"Actividades durante el D\u00eda Nacional de la Memoria por la Verdad y la Justicia"},"content":{"rendered":"\n<p><strong>El Gobierno porte\u00f1o organiza diversas actividades destinadas a la reflexi\u00f3n, a valorar la democracia y a reafirmar el compromiso por el respeto y la promoci\u00f3n de los derechos humanos.<\/strong><\/p>\n\n\n\n<p>El golpe de Estado c\u00edvico-militar del 24 de marzo de 1976 tuvo un profundo impacto en la vida pol\u00edtica de nuestro pa\u00eds y tambi\u00e9n en el \u00e1mbito econ\u00f3mico, social y cultural. Un hecho hist\u00f3rico que rompi\u00f3 con el orden constitucional y democr\u00e1tico, pero tambi\u00e9n con familias, amistades, parejas, proyectos de vida y sue\u00f1os. La violaci\u00f3n de los derechos humanos y de nuestras libertades convertir\u00eda a esta \u00e9poca en la m\u00e1s terrible de nuestra historia.<\/p>\n\n\n\n<p>Durante los ocho a\u00f1os que dur\u00f3 la dictadura se instal\u00f3 un aparato represivo para perseguir y eliminar a todo adversario pol\u00edtico, que trajo como resultado la desaparici\u00f3n forzada y sistem\u00e1tica de miles de personas. Asimismo, se intervinieron los discursos, expresiones y espacios en donde se forjaba el pensamiento. La cultura, la educaci\u00f3n y la vida p\u00fablica fueron controladas y censuradas con el objetivo de impedir la libre circulaci\u00f3n de ideas y el desarrollo del pensamiento cr\u00edtico.<\/p>\n\n\n\n<p>Con el objetivo de convocar a la memoria, valorar la democracia y reafirmar nuestro compromiso con el respeto y promoci\u00f3n de los derechos humanos, entre ellos el derecho a la vida y a la libertad de expresi\u00f3n, en el 46 aniversario del Golpe de Estado del 24 de marzo de 1976, desde la Subsecretar\u00eda de Derechos Humanos y Pluralismo Cultural del Gobierno de la Ciudad, al igual que el Ministerio de Cultura porte\u00f1o llevan adelante un conjunto de propuestas en torno a esta fecha:<\/p>\n\n\n\n<p><\/p>\n\n\n\n<h3 class=\"wp-block-heading\">24 de marzo: proyecci\u00f3n del documental El (im)posible olvido<\/h3>\n\n\n\n<p>El film, dirigido por Andr\u00e9s Habegger, hijo de padre desaparecido en la d\u00e9cada del \u201870, parte de ese hecho, en el que el director se vuelve protagonista de su propia reconstrucci\u00f3n biogr\u00e1fica, la cual transcurre en Argentina y en Brasil.<\/p>\n\n\n\n<p>A trav\u00e9s de esta pieza audiovisual, con diarios infantiles recuperados, algunos recuerdos y testimonios de familiares y compa\u00f1eros, Andr\u00e9s Habegger grafica la brutal violencia de la d\u00e9cada de 1970 y comparte su viaje a los lugares de la consciencia y de la memoria en el que habitan cosas olvidadas.<\/p>\n\n\n\n<p><strong>Lugar y horario<\/strong>: en la sala principal del Centro Cultural 25 de Mayo (Av. Triunvirato 4444) a las 21 horas.<\/p>\n\n\n\n<p><strong>Actividad gratuita, con capacidad limitada. Reserva de entradas por&nbsp;<a href=\"http:\/\/www.alternativateatral.com.ar\/\">Alternativa Teatral<\/a><\/strong>.<\/p>\n\n\n\n<p>Por otra parte, durante esta fecha el Parque de la Memoria estar\u00e1 abierto para la realizaci\u00f3n de recorridos, con la excepci\u00f3n de que la&nbsp;<strong>sala PAyS estar\u00e1 cerrada<\/strong>.<\/p>\n\n\n\n<h3 class=\"wp-block-heading\">25 de marzo: Mujeres, Escritura y Memoria<\/h3>\n\n\n\n<p>En una jornada en la Casa de la Lectura de la\u00a0<a href=\"https:\/\/www.buenosaires.gob.ar\/www.buenosaires.gob.ar\/bibliotecas\" target=\"_blank\" rel=\"noreferrer noopener\">Red de Bibliotecas P\u00fablicas de la Ciudad<\/a>, los escritos de autoras silenciadas durante la dictadura c\u00edvico militar argentina ser\u00e1n tomados como punto de inicio para reflexionar sobre historia contempor\u00e1nea, y para debatir, divulgar y destacar sus relatos, como un ejercicio por la memoria y por la importancia de la libertad de expresi\u00f3n.<\/p>\n\n\n\n<p>Conversar\u00e1n sobre este tema la subsecretaria de Derechos Humanos y Pluralismo Cultural, Pamela Malewicz; junto al historiador Hern\u00e1n P\u00e1ez Morit\u00e1n y la escritora Luisa Valenzuela, quien compartir\u00e1 su experiencia como escritora en tiempos de represi\u00f3n.<\/p>\n\n\n\n<p><strong>Horario y lugar:<\/strong>\u00a0a las 18 horas en la\u00a0<strong>Biblioteca Casa de la Lectura<\/strong>\u00a0(Lavalleja 924).<\/p>\n\n\n\n<h3 class=\"wp-block-heading\">27 de marzo : Teatro por la Identidad<\/h3>\n\n\n\n<p>Se trata de un espect\u00e1culo para toda la familia de Teatro por la Identidad: uno de los ciclos m\u00e1s importantes y prestigiosos del pa\u00eds que ha generado instancias de reflexi\u00f3n sobre la identidad y su valor hist\u00f3rico nacional. En esta oportunidad se presentar\u00e1&nbsp;<strong>\u201cPreguntas\u00bb<\/strong>&nbsp;de Anabel Ares, obra ganadora del&nbsp;<strong>\u00abConcurso de Dramaturgia para P\u00fablico Infantil\u00bb<\/strong>&nbsp;Teatroxlaidentidad 2020.<\/p>\n\n\n\n<p>En esta puesta en escena, un grupo de ni\u00f1as y ni\u00f1os, a la salida de la escuela, juegan y repasan ideas acerca del derecho a la identidad. Divierten y se divierten. Pero el tema va a hacerse sentir mucho m\u00e1s cerca de lo que pensaban. La b\u00fasqueda de la identidad atraviesa tambi\u00e9n las infancias.<\/p>\n\n\n\n<p><strong>Horario y lugar:<\/strong>&nbsp;a las 17 horas en el Centro Cultural 25 de Mayo (Av. Triunvirato 4444). La obra tiene 45 minutos de duraci\u00f3n.<\/p>\n\n\n\n<p><strong>Entrada libre y gratuita con reserva previa a trav\u00e9s de\u00a0<a href=\"https:\/\/publico.alternativateatral.com\/entradas78035-preguntaso=14\" target=\"_blank\" rel=\"noreferrer noopener\">Alternativa Teatral<\/a><\/strong>.<\/p>\n\n\n\n<h3 class=\"wp-block-heading\">31 de marzo: proyecci\u00f3n del documental R.J.W.<\/h3>\n\n\n\n<p>El film, dirigido por Ferm\u00edn Rivera, tiene escenas de reconstrucci\u00f3n y material de archivo in\u00e9dito sobre la vida y obra del periodista desaparecido, Rodolfo Walsh.<\/p>\n\n\n\n<p><strong>Lugar y horario:<\/strong>&nbsp;en la sala principal del Centro Cultural 25 de Mayo (Av. Triunvirato 4444) a las 20 horas.<\/p>\n\n\n\n<p><strong>Reserva de entradas por\u00a0<a href=\"http:\/\/www.alternativateatral.com.ar\/\">Alternativa Teatral<\/a><\/strong>.<\/p>\n\n\n\n<figure class=\"wp-block-image size-large is-resized\"><img loading=\"lazy\" decoding=\"async\" data-attachment-id=\"99\" data-permalink=\"https:\/\/www.comuna13online.com.ar\/?attachment_id=99\" data-orig-file=\"https:\/\/www.comuna13online.com.ar\/wp-content\/uploads\/2017\/12\/line.jpg\" data-orig-size=\"678,1\" data-comments-opened=\"0\" data-image-meta=\"{&quot;aperture&quot;:&quot;0&quot;,&quot;credit&quot;:&quot;&quot;,&quot;camera&quot;:&quot;&quot;,&quot;caption&quot;:&quot;&quot;,&quot;created_timestamp&quot;:&quot;0&quot;,&quot;copyright&quot;:&quot;&quot;,&quot;focal_length&quot;:&quot;0&quot;,&quot;iso&quot;:&quot;0&quot;,&quot;shutter_speed&quot;:&quot;0&quot;,&quot;title&quot;:&quot;&quot;,&quot;orientation&quot;:&quot;0&quot;}\" data-image-title=\"line\" data-image-description=\"\" data-image-caption=\"\" data-large-file=\"https:\/\/www.comuna13online.com.ar\/wp-content\/uploads\/2017\/12\/line.jpg\" src=\"http:\/\/www.comuna13online.com.ar\/wp-content\/uploads\/2017\/12\/line.jpg\" alt=\"\" class=\"wp-image-99\" width=\"678\" height=\"1\" srcset=\"https:\/\/www.comuna13online.com.ar\/wp-content\/uploads\/2017\/12\/line.jpg 678w, https:\/\/www.comuna13online.com.ar\/wp-content\/uploads\/2017\/12\/line-150x1.jpg 150w, https:\/\/www.comuna13online.com.ar\/wp-content\/uploads\/2017\/12\/line-326x1.jpg 326w, https:\/\/www.comuna13online.com.ar\/wp-content\/uploads\/2017\/12\/line-80x1.jpg 80w, https:\/\/www.comuna13online.com.ar\/wp-content\/uploads\/2017\/12\/line-272x1.jpg 272w\" sizes=\"auto, (max-width: 678px) 100vw, 678px\" \/><\/figure>\n\n\n\n<figure class=\"wp-block-image size-full\"><img loading=\"lazy\" decoding=\"async\" width=\"678\" height=\"180\" data-attachment-id=\"8918\" data-permalink=\"https:\/\/www.comuna13online.com.ar\/?attachment_id=8918\" data-orig-file=\"https:\/\/www.comuna13online.com.ar\/wp-content\/uploads\/2020\/04\/corona2.jpg\" data-orig-size=\"678,180\" data-comments-opened=\"0\" data-image-meta=\"{&quot;aperture&quot;:&quot;0&quot;,&quot;credit&quot;:&quot;&quot;,&quot;camera&quot;:&quot;&quot;,&quot;caption&quot;:&quot;&quot;,&quot;created_timestamp&quot;:&quot;0&quot;,&quot;copyright&quot;:&quot;&quot;,&quot;focal_length&quot;:&quot;0&quot;,&quot;iso&quot;:&quot;0&quot;,&quot;shutter_speed&quot;:&quot;0&quot;,&quot;title&quot;:&quot;&quot;,&quot;orientation&quot;:&quot;0&quot;}\" data-image-title=\"corona2\" data-image-description=\"\" data-image-caption=\"\" data-large-file=\"https:\/\/www.comuna13online.com.ar\/wp-content\/uploads\/2020\/04\/corona2.jpg\" src=\"http:\/\/www.comuna13online.com.ar\/wp-content\/uploads\/2020\/04\/corona2.jpg\" alt=\"\" class=\"wp-image-8918\"\/><\/figure>\n","protected":false},"excerpt":{"rendered":"<div class=\"mh-excerpt\">El Gobierno porte\u00f1o organiza diversas actividades destinadas a la reflexi\u00f3n, a valorar la democracia y a reafirmar el compromiso por el respeto y la promoci\u00f3n de los derechos humanos. El <a class=\"mh-excerpt-more\" href=\"https:\/\/www.comuna13online.com.ar\/?p=15069\" title=\"Actividades durante el D\u00eda Nacional de la Memoria por la Verdad y la Justicia\">[&#8230;]<\/a><\/div>\n","protected":false},"author":1,"featured_media":15070,"comment_status":"closed","ping_status":"closed","sticky":false,"template":"","format":"standard","meta":{"_uag_custom_page_level_css":"","_jetpack_memberships_contains_paid_content":false,"footnotes":"","jetpack_publicize_message":"","jetpack_publicize_feature_enabled":true,"jetpack_social_post_already_shared":true,"jetpack_social_options":{"image_generator_settings":{"template":"highway","default_image_id":0,"font":"","enabled":false},"version":2}},"categories":[207],"tags":[131,250,296],"class_list":{"0":"post-15069","1":"post","2":"type-post","3":"status-publish","4":"format-standard","5":"has-post-thumbnail","7":"category-derechos-humanos","8":"tag-derechos","9":"tag-h2","10":"tag-h3"},"jetpack_publicize_connections":[],"jetpack_featured_media_url":"https:\/\/www.comuna13online.com.ar\/wp-content\/uploads\/2022\/03\/20220323b_id.jpg","uagb_featured_image_src":{"full":["https:\/\/www.comuna13online.com.ar\/wp-content\/uploads\/2022\/03\/20220323b_id.jpg",678,452,false],"thumbnail":["https:\/\/www.comuna13online.com.ar\/wp-content\/uploads\/2022\/03\/20220323b_id.jpg",128,85,false],"medium":["https:\/\/www.comuna13online.com.ar\/wp-content\/uploads\/2022\/03\/20220323b_id.jpg",678,452,false],"medium_large":["https:\/\/www.comuna13online.com.ar\/wp-content\/uploads\/2022\/03\/20220323b_id.jpg",678,452,false],"large":["https:\/\/www.comuna13online.com.ar\/wp-content\/uploads\/2022\/03\/20220323b_id.jpg",678,452,false],"1536x1536":["https:\/\/www.comuna13online.com.ar\/wp-content\/uploads\/2022\/03\/20220323b_id.jpg",678,452,false],"2048x2048":["https:\/\/www.comuna13online.com.ar\/wp-content\/uploads\/2022\/03\/20220323b_id.jpg",678,452,false],"mh-magazine-slider":["https:\/\/www.comuna13online.com.ar\/wp-content\/uploads\/2022\/03\/20220323b_id-678x438.jpg",678,438,true],"mh-magazine-content":["https:\/\/www.comuna13online.com.ar\/wp-content\/uploads\/2022\/03\/20220323b_id-678x381.jpg",678,381,true],"mh-magazine-large":["https:\/\/www.comuna13online.com.ar\/wp-content\/uploads\/2022\/03\/20220323b_id.jpg",678,452,false],"mh-magazine-medium":["https:\/\/www.comuna13online.com.ar\/wp-content\/uploads\/2022\/03\/20220323b_id-326x245.jpg",326,245,true],"mh-magazine-small":["https:\/\/www.comuna13online.com.ar\/wp-content\/uploads\/2022\/03\/20220323b_id-80x60.jpg",80,60,true],"sow-carousel-default":["https:\/\/www.comuna13online.com.ar\/wp-content\/uploads\/2022\/03\/20220323b_id-272x182.jpg",272,182,true]},"uagb_author_info":{"display_name":"Comuna13","author_link":"https:\/\/www.comuna13online.com.ar\/?author=1"},"uagb_comment_info":0,"uagb_excerpt":"El Gobierno porte\u00f1o organiza diversas actividades destinadas a la reflexi\u00f3n, a valorar la democracia y a reafirmar el compromiso por el respeto y la promoci\u00f3n de los derechos humanos. El [...]","jetpack_sharing_enabled":true,"_links":{"self":[{"href":"https:\/\/www.comuna13online.com.ar\/index.php?rest_route=\/wp\/v2\/posts\/15069","targetHints":{"allow":["GET"]}}],"collection":[{"href":"https:\/\/www.comuna13online.com.ar\/index.php?rest_route=\/wp\/v2\/posts"}],"about":[{"href":"https:\/\/www.comuna13online.com.ar\/index.php?rest_route=\/wp\/v2\/types\/post"}],"author":[{"embeddable":true,"href":"https:\/\/www.comuna13online.com.ar\/index.php?rest_route=\/wp\/v2\/users\/1"}],"replies":[{"embeddable":true,"href":"https:\/\/www.comuna13online.com.ar\/index.php?rest_route=%2Fwp%2Fv2%2Fcomments&post=15069"}],"version-history":[{"count":0,"href":"https:\/\/www.comuna13online.com.ar\/index.php?rest_route=\/wp\/v2\/posts\/15069\/revisions"}],"wp:featuredmedia":[{"embeddable":true,"href":"https:\/\/www.comuna13online.com.ar\/index.php?rest_route=\/wp\/v2\/media\/15070"}],"wp:attachment":[{"href":"https:\/\/www.comuna13online.com.ar\/index.php?rest_route=%2Fwp%2Fv2%2Fmedia&parent=15069"}],"wp:term":[{"taxonomy":"category","embeddable":true,"href":"https:\/\/www.comuna13online.com.ar\/index.php?rest_route=%2Fwp%2Fv2%2Fcategories&post=15069"},{"taxonomy":"post_tag","embeddable":true,"href":"https:\/\/www.comuna13online.com.ar\/index.php?rest_route=%2Fwp%2Fv2%2Ftags&post=15069"}],"curies":[{"name":"wp","href":"https:\/\/api.w.org\/{rel}","templated":true}]}}