{"id":15049,"date":"2022-03-21T11:03:54","date_gmt":"2022-03-21T14:03:54","guid":{"rendered":"http:\/\/www.comuna13online.com.ar\/?p=15049"},"modified":"2022-03-21T11:04:08","modified_gmt":"2022-03-21T14:04:08","slug":"el-tapabocas-deja-de-ser-obligatorio-en-las-escuelas-de-la-ciudad","status":"publish","type":"post","link":"https:\/\/www.comuna13online.com.ar\/?p=15049","title":{"rendered":"El tapabocas deja de ser obligatorio en las escuelas de la Ciudad"},"content":{"rendered":"\n<p><strong>Desde este lunes, se implementa para los alumnos y alumnas de la Ciudad de todos los niveles. El objetivo es mejorar el bienestar socioemocional de los chicos.<\/strong><\/p>\n\n\n\n<figure class=\"wp-block-image size-full is-resized\"><img loading=\"lazy\" decoding=\"async\" data-attachment-id=\"15051\" data-permalink=\"https:\/\/www.comuna13online.com.ar\/?attachment_id=15051\" data-orig-file=\"https:\/\/www.comuna13online.com.ar\/wp-content\/uploads\/2022\/03\/20220321b_01.jpg\" data-orig-size=\"678,452\" data-comments-opened=\"0\" data-image-meta=\"{&quot;aperture&quot;:&quot;0&quot;,&quot;credit&quot;:&quot;&quot;,&quot;camera&quot;:&quot;&quot;,&quot;caption&quot;:&quot;&quot;,&quot;created_timestamp&quot;:&quot;0&quot;,&quot;copyright&quot;:&quot;&quot;,&quot;focal_length&quot;:&quot;0&quot;,&quot;iso&quot;:&quot;0&quot;,&quot;shutter_speed&quot;:&quot;0&quot;,&quot;title&quot;:&quot;&quot;,&quot;orientation&quot;:&quot;0&quot;}\" data-image-title=\"20220321b_01\" data-image-description=\"\" data-image-caption=\"\" data-large-file=\"https:\/\/www.comuna13online.com.ar\/wp-content\/uploads\/2022\/03\/20220321b_01.jpg\" src=\"http:\/\/www.comuna13online.com.ar\/wp-content\/uploads\/2022\/03\/20220321b_01.jpg\" alt=\"\" class=\"wp-image-15051\" width=\"678\" height=\"452\" srcset=\"https:\/\/www.comuna13online.com.ar\/wp-content\/uploads\/2022\/03\/20220321b_01.jpg 678w, https:\/\/www.comuna13online.com.ar\/wp-content\/uploads\/2022\/03\/20220321b_01-272x182.jpg 272w\" sizes=\"auto, (max-width: 678px) 100vw, 678px\" \/><figcaption><sup><strong><em>El anuncio lo hizo el Jefe de Gobierno, Horacio Rodr\u00edguez Larreta, acompa\u00f1ado por el ministro de Salud, Fern\u00e1n Quir\u00f3s; la ministra de Educaci\u00f3n, Soledad Acu\u00f1a; el jefe de Gabinete, Felipe Miguel; y el ministro de Gobierno y Asuntos Interjurisdiccionales, Jorge Macri.<\/em><\/strong><\/sup><\/figcaption><\/figure>\n\n\n\n<p>Desde este lunes, el tapaboca dejar\u00e1 de ser obligatorio y comenzar\u00e1 a ser optativo para los alumnos de todos los niveles de las escuelas de la Ciudad. El objetivo es\u00a0<strong>mejorar el bienestar socioemocional de los chicos<\/strong>\u00a0al recuperar las din\u00e1micas en las aulas y los v\u00ednculos con sus docentes y sus compa\u00f1eros.<\/p>\n\n\n\n<p><strong><em>\u201cEstamos tratando de recuperar la normalidad en las escuelas. Como decimos siempre, para nosotros la educaci\u00f3n es prioridad\u201d<\/em><\/strong>, afirm\u00f3 el primer mandatario porte\u00f1o, Horacio Rodr\u00edguez Larreta. Continu\u00f3 <strong><em>\u201cla escuela es un espacio de encuentro, de socializaci\u00f3n, de amistad y de contenci\u00f3n\u201d<\/em><\/strong>.<\/p>\n\n\n\n<p>El Ciclo Lectivo 2022 comenz\u00f3 el 21 de febrero en el marco de una situaci\u00f3n epidemiol\u00f3gica que brind\u00f3 la posibilidad de hacerlo con una flexibilizaci\u00f3n en los protocolos. Ahora, gracias al contexto sanitario actual que refleja\u00a0<strong>un descenso del 65% en los nuevos casos diarios<\/strong>\u00a0respecto a ese momento, se dar\u00e1 un nuevo paso para que los chicos puedan asistir a clases con normalidad.<\/p>\n\n\n\n<p><em><strong>\u201cVolvieron las aulas sin burbujas, sacamos protocolos r\u00edgidos de aislamiento, eliminamos el ingreso escalonado a las instituciones y modificamos los turnos del comedor. El que damos hoy es un paso m\u00e1s que tiene como objetivo seguir mejorando las din\u00e1micas en las aulas y los v\u00ednculos con los docentes y compa\u00f1eros\u201d<\/strong><\/em> precis\u00f3 Rodr\u00edguez Larreta.<\/p>\n\n\n\n<p>La decisi\u00f3n fue tomada por especialistas de los ministerios de Salud y Educaci\u00f3n porte\u00f1os en base a dos ejes centrales. <\/p>\n\n\n\n<p>En primer lugar, luego de transitar la tercera ola, los datos demuestran&nbsp;<strong>una baja sostenida<\/strong>&nbsp;de casos que comenz\u00f3 a finales de enero.<\/p>\n\n\n\n<p>En segundo lugar,&nbsp;<strong>el avance del Plan de Vacunaci\u00f3n<\/strong>, que es un factor clave para disminuir los contagios y el riesgo de que una persona desarrolle un cuadro grave o mortal. Actualmente, el 95% de los porte\u00f1os cuenta con al menos una dosis, el 92% se aplic\u00f3 la segunda y el 65% ya se administr\u00f3 la dosis de refuerzo.<\/p>\n\n\n\n<p>La evidencia cient\u00edfica demuestra que las clases presenciales no representan un mayor riesgo de contagio que el resto de las actividades. Todas aquellos alumnos que por elecci\u00f3n propia elijan mantener el uso de tapaboca en la escuela podr\u00e1n hacerlo.<\/p>\n\n\n\n<p>Hasta el momento, el uso de tapaboca no era obligatorio para los chicos de Nivel Inicial y de Primer Ciclo del Nivel Primario (1\u00b0, 2\u00b0 y 3\u00b0 grado inclusive), con el fin de favorecer el aprendizaje en\u00a0<strong>una etapa clave de la comprensi\u00f3n lectora<\/strong>. En cambio, deb\u00edan usarlo dentro del aula todos los estudiantes de 4\u00b0 grado en adelante. En el caso de las actividades al aire libre, ya era optativo para todos los niveles.<\/p>\n\n\n\n<figure class=\"wp-block-image size-large is-resized\"><img loading=\"lazy\" decoding=\"async\" data-attachment-id=\"99\" data-permalink=\"https:\/\/www.comuna13online.com.ar\/?attachment_id=99\" data-orig-file=\"https:\/\/www.comuna13online.com.ar\/wp-content\/uploads\/2017\/12\/line.jpg\" data-orig-size=\"678,1\" data-comments-opened=\"0\" data-image-meta=\"{&quot;aperture&quot;:&quot;0&quot;,&quot;credit&quot;:&quot;&quot;,&quot;camera&quot;:&quot;&quot;,&quot;caption&quot;:&quot;&quot;,&quot;created_timestamp&quot;:&quot;0&quot;,&quot;copyright&quot;:&quot;&quot;,&quot;focal_length&quot;:&quot;0&quot;,&quot;iso&quot;:&quot;0&quot;,&quot;shutter_speed&quot;:&quot;0&quot;,&quot;title&quot;:&quot;&quot;,&quot;orientation&quot;:&quot;0&quot;}\" data-image-title=\"line\" data-image-description=\"\" data-image-caption=\"\" data-large-file=\"https:\/\/www.comuna13online.com.ar\/wp-content\/uploads\/2017\/12\/line.jpg\" src=\"http:\/\/www.comuna13online.com.ar\/wp-content\/uploads\/2017\/12\/line.jpg\" alt=\"\" class=\"wp-image-99\" width=\"678\" height=\"1\" srcset=\"https:\/\/www.comuna13online.com.ar\/wp-content\/uploads\/2017\/12\/line.jpg 678w, https:\/\/www.comuna13online.com.ar\/wp-content\/uploads\/2017\/12\/line-150x1.jpg 150w, https:\/\/www.comuna13online.com.ar\/wp-content\/uploads\/2017\/12\/line-326x1.jpg 326w, https:\/\/www.comuna13online.com.ar\/wp-content\/uploads\/2017\/12\/line-80x1.jpg 80w, https:\/\/www.comuna13online.com.ar\/wp-content\/uploads\/2017\/12\/line-272x1.jpg 272w\" sizes=\"auto, (max-width: 678px) 100vw, 678px\" \/><\/figure>\n\n\n\n<figure class=\"wp-block-image size-full\"><img loading=\"lazy\" decoding=\"async\" width=\"678\" height=\"180\" data-attachment-id=\"8918\" data-permalink=\"https:\/\/www.comuna13online.com.ar\/?attachment_id=8918\" data-orig-file=\"https:\/\/www.comuna13online.com.ar\/wp-content\/uploads\/2020\/04\/corona2.jpg\" data-orig-size=\"678,180\" data-comments-opened=\"0\" data-image-meta=\"{&quot;aperture&quot;:&quot;0&quot;,&quot;credit&quot;:&quot;&quot;,&quot;camera&quot;:&quot;&quot;,&quot;caption&quot;:&quot;&quot;,&quot;created_timestamp&quot;:&quot;0&quot;,&quot;copyright&quot;:&quot;&quot;,&quot;focal_length&quot;:&quot;0&quot;,&quot;iso&quot;:&quot;0&quot;,&quot;shutter_speed&quot;:&quot;0&quot;,&quot;title&quot;:&quot;&quot;,&quot;orientation&quot;:&quot;0&quot;}\" data-image-title=\"corona2\" data-image-description=\"\" data-image-caption=\"\" data-large-file=\"https:\/\/www.comuna13online.com.ar\/wp-content\/uploads\/2020\/04\/corona2.jpg\" src=\"http:\/\/www.comuna13online.com.ar\/wp-content\/uploads\/2020\/04\/corona2.jpg\" alt=\"\" class=\"wp-image-8918\"\/><\/figure>\n\n\n\n<p><a rel=\"noreferrer noopener\" href=\"http:\/\/www.facebook.com\/sharer.php?u=http:\/\/www.buenosaires.gob.ar\/laciudad\/noticias\/fin-del-uso-obligatorio-del-tapaboca-en-las-escuelas-portenas\" target=\"_blank\"><\/a><\/p>\n","protected":false},"excerpt":{"rendered":"<div class=\"mh-excerpt\">Desde este lunes, se implementa para los alumnos y alumnas de la Ciudad de todos los niveles. El objetivo es mejorar el bienestar socioemocional de los chicos. Desde este lunes, <a class=\"mh-excerpt-more\" href=\"https:\/\/www.comuna13online.com.ar\/?p=15049\" title=\"El tapabocas deja de ser obligatorio en las escuelas de la Ciudad\">[&#8230;]<\/a><\/div>\n","protected":false},"author":1,"featured_media":14794,"comment_status":"closed","ping_status":"closed","sticky":false,"template":"","format":"standard","meta":{"_uag_custom_page_level_css":"","_jetpack_memberships_contains_paid_content":false,"footnotes":"","jetpack_publicize_message":"","jetpack_publicize_feature_enabled":true,"jetpack_social_post_already_shared":true,"jetpack_social_options":{"image_generator_settings":{"template":"highway","default_image_id":0,"font":"","enabled":false},"version":2}},"categories":[44],"tags":[271,114,250,296,45],"class_list":{"0":"post-15049","1":"post","2":"type-post","3":"status-publish","4":"format-standard","5":"has-post-thumbnail","7":"category-salud","8":"tag-coronavirus","9":"tag-educacion","10":"tag-h2","11":"tag-h3","12":"tag-salud"},"jetpack_publicize_connections":[],"jetpack_featured_media_url":"https:\/\/www.comuna13online.com.ar\/wp-content\/uploads\/2022\/02\/20220207a_id.jpg","uagb_featured_image_src":{"full":["https:\/\/www.comuna13online.com.ar\/wp-content\/uploads\/2022\/02\/20220207a_id.jpg",1030,438,false],"thumbnail":["https:\/\/www.comuna13online.com.ar\/wp-content\/uploads\/2022\/02\/20220207a_id.jpg",128,54,false],"medium":["https:\/\/www.comuna13online.com.ar\/wp-content\/uploads\/2022\/02\/20220207a_id.jpg",1030,438,false],"medium_large":["https:\/\/www.comuna13online.com.ar\/wp-content\/uploads\/2022\/02\/20220207a_id-768x327.jpg",768,327,true],"large":["https:\/\/www.comuna13online.com.ar\/wp-content\/uploads\/2022\/02\/20220207a_id.jpg",1030,438,false],"1536x1536":["https:\/\/www.comuna13online.com.ar\/wp-content\/uploads\/2022\/02\/20220207a_id.jpg",1030,438,false],"2048x2048":["https:\/\/www.comuna13online.com.ar\/wp-content\/uploads\/2022\/02\/20220207a_id.jpg",1030,438,false],"mh-magazine-slider":["https:\/\/www.comuna13online.com.ar\/wp-content\/uploads\/2022\/02\/20220207a_id-1030x438.jpg",1030,438,true],"mh-magazine-content":["https:\/\/www.comuna13online.com.ar\/wp-content\/uploads\/2022\/02\/20220207a_id-678x381.jpg",678,381,true],"mh-magazine-large":["https:\/\/www.comuna13online.com.ar\/wp-content\/uploads\/2022\/02\/20220207a_id-678x438.jpg",678,438,true],"mh-magazine-medium":["https:\/\/www.comuna13online.com.ar\/wp-content\/uploads\/2022\/02\/20220207a_id-326x245.jpg",326,245,true],"mh-magazine-small":["https:\/\/www.comuna13online.com.ar\/wp-content\/uploads\/2022\/02\/20220207a_id-80x60.jpg",80,60,true],"sow-carousel-default":["https:\/\/www.comuna13online.com.ar\/wp-content\/uploads\/2022\/02\/20220207a_id-272x182.jpg",272,182,true]},"uagb_author_info":{"display_name":"Comuna13","author_link":"https:\/\/www.comuna13online.com.ar\/?author=1"},"uagb_comment_info":0,"uagb_excerpt":"Desde este lunes, se implementa para los alumnos y alumnas de la Ciudad de todos los niveles. El objetivo es mejorar el bienestar socioemocional de los chicos. Desde este lunes, [...]","jetpack_sharing_enabled":true,"_links":{"self":[{"href":"https:\/\/www.comuna13online.com.ar\/index.php?rest_route=\/wp\/v2\/posts\/15049","targetHints":{"allow":["GET"]}}],"collection":[{"href":"https:\/\/www.comuna13online.com.ar\/index.php?rest_route=\/wp\/v2\/posts"}],"about":[{"href":"https:\/\/www.comuna13online.com.ar\/index.php?rest_route=\/wp\/v2\/types\/post"}],"author":[{"embeddable":true,"href":"https:\/\/www.comuna13online.com.ar\/index.php?rest_route=\/wp\/v2\/users\/1"}],"replies":[{"embeddable":true,"href":"https:\/\/www.comuna13online.com.ar\/index.php?rest_route=%2Fwp%2Fv2%2Fcomments&post=15049"}],"version-history":[{"count":0,"href":"https:\/\/www.comuna13online.com.ar\/index.php?rest_route=\/wp\/v2\/posts\/15049\/revisions"}],"wp:featuredmedia":[{"embeddable":true,"href":"https:\/\/www.comuna13online.com.ar\/index.php?rest_route=\/wp\/v2\/media\/14794"}],"wp:attachment":[{"href":"https:\/\/www.comuna13online.com.ar\/index.php?rest_route=%2Fwp%2Fv2%2Fmedia&parent=15049"}],"wp:term":[{"taxonomy":"category","embeddable":true,"href":"https:\/\/www.comuna13online.com.ar\/index.php?rest_route=%2Fwp%2Fv2%2Fcategories&post=15049"},{"taxonomy":"post_tag","embeddable":true,"href":"https:\/\/www.comuna13online.com.ar\/index.php?rest_route=%2Fwp%2Fv2%2Ftags&post=15049"}],"curies":[{"name":"wp","href":"https:\/\/api.w.org\/{rel}","templated":true}]}}