{"id":15044,"date":"2022-03-21T10:49:26","date_gmt":"2022-03-21T13:49:26","guid":{"rendered":"http:\/\/www.comuna13online.com.ar\/?p=15044"},"modified":"2022-03-21T10:51:11","modified_gmt":"2022-03-21T13:51:11","slug":"vacunacion-gratuita-a-ninos-y-ninas-en-edad-escolar%ef%bf%bc%ef%bf%bc","status":"publish","type":"post","link":"https:\/\/www.comuna13online.com.ar\/?p=15044","title":{"rendered":"Vacunaci\u00f3n gratuita a ni\u00f1os y ni\u00f1as en edad escolar"},"content":{"rendered":"\n<p><strong>Se aplicar\u00e1n a ni\u00f1os y ni\u00f1as de 5, 6 y 11 a\u00f1os en postas ubicadas en distintos puntos de la Ciudad. Sin turno previo y con el carnet de vacunaci\u00f3n.<\/strong><\/p>\n\n\n\n<figure class=\"wp-block-image size-full\"><img loading=\"lazy\" decoding=\"async\" width=\"678\" height=\"452\" data-attachment-id=\"15045\" data-permalink=\"https:\/\/www.comuna13online.com.ar\/?attachment_id=15045\" data-orig-file=\"https:\/\/www.comuna13online.com.ar\/wp-content\/uploads\/2022\/03\/20220321a_id.jpg\" data-orig-size=\"678,452\" data-comments-opened=\"0\" data-image-meta=\"{&quot;aperture&quot;:&quot;0&quot;,&quot;credit&quot;:&quot;&quot;,&quot;camera&quot;:&quot;&quot;,&quot;caption&quot;:&quot;&quot;,&quot;created_timestamp&quot;:&quot;0&quot;,&quot;copyright&quot;:&quot;&quot;,&quot;focal_length&quot;:&quot;0&quot;,&quot;iso&quot;:&quot;0&quot;,&quot;shutter_speed&quot;:&quot;0&quot;,&quot;title&quot;:&quot;&quot;,&quot;orientation&quot;:&quot;0&quot;}\" data-image-title=\"20220321a_id\" data-image-description=\"\" data-image-caption=\"\" data-large-file=\"https:\/\/www.comuna13online.com.ar\/wp-content\/uploads\/2022\/03\/20220321a_id.jpg\" src=\"http:\/\/www.comuna13online.com.ar\/wp-content\/uploads\/2022\/03\/20220321a_id.jpg\" alt=\"\" class=\"wp-image-15045\" srcset=\"https:\/\/www.comuna13online.com.ar\/wp-content\/uploads\/2022\/03\/20220321a_id.jpg 678w, https:\/\/www.comuna13online.com.ar\/wp-content\/uploads\/2022\/03\/20220321a_id-272x182.jpg 272w\" sizes=\"auto, (max-width: 678px) 100vw, 678px\" \/><\/figure>\n\n\n\n<p>Para estar al d\u00eda con las vacunas del calendario, se llevar\u00e1 a cabo durante todo el mes de marzo una&nbsp;<strong>Campa\u00f1a de Vacunaci\u00f3n<\/strong>&nbsp;en postas ubicadas en distintos puntos de la Ciudad Aut\u00f3noma de Buenos Aires. Estar\u00e1n destinadas para las&nbsp;<strong>vacunas del ingreso escolar (5 -6 a\u00f1os) y las de los 11 a\u00f1os.<\/strong><\/p>\n\n\n\n<h4 class=\"has-light-green-cyan-background-color has-background wp-block-heading\" id=\"textoAlerta-1\"><strong>Ac\u00e9rcate sin turno previo y con el carnet de vacunas. No se requiere orden m\u00e9dica.<\/strong><\/h4>\n\n\n\n<h3 class=\"wp-block-heading\">Lunes a viernes de 8:00 a 16:30 horas:<\/h3>\n\n\n\n<ul class=\"wp-block-list\"><li>Parque de la Estaci\u00f3n&nbsp;<a href=\"https:\/\/mapa.buenosaires.gob.ar\/comollego\/?lat=-34.607497&amp;lng=-58.413255&amp;zl=15&amp;modo=transporte&amp;dir=Peron%2C+Juan+Domingo%2C+Tte.+General+3326\" target=\"_blank\" rel=\"noreferrer noopener\">(Per\u00f3n 3326)<\/a>.<\/li><li>Palacio Lezama&nbsp;<a href=\"https:\/\/mapa.buenosaires.gob.ar\/comollego\/?lat=-34.628900&amp;lng=-58.369954&amp;zl=15&amp;modo=transporte&amp;dir=Garcia%2C+Martin+Av.+346\" target=\"_blank\" rel=\"noreferrer noopener\">(Av. Martin Garc\u00eda 346)<\/a>.<\/li><li>Club San Lorenzo&nbsp;<a href=\"https:\/\/mapa.buenosaires.gob.ar\/comollego\/?lat=-34.635381&amp;lng=-58.424585&amp;zl=15&amp;modo=transporte&amp;dir=La+Plata+Av.+1770\" target=\"_blank\" rel=\"noreferrer noopener\">(Av. La Plata 1770)<\/a>.<\/li><li>La Rural&nbsp;<a href=\"https:\/\/mapa.buenosaires.gob.ar\/comollego\/?lat=-34.581268&amp;lng=-58.420814&amp;zl=15&amp;modo=transporte&amp;dir=Santa+Fe+Av.+4201\" target=\"_blank\" rel=\"noreferrer noopener\">(Av. Santa Fe 4201)<\/a>.<\/li><li>Centro Isl\u00e1mico&nbsp;<a href=\"https:\/\/mapa.buenosaires.gob.ar\/comollego\/?lat=-34.626969&amp;lng=-58.488448&amp;zl=15&amp;modo=transporte&amp;dir=Bullrich%2C+Int.+Av.+55\" target=\"_blank\" rel=\"noreferrer noopener\">(Av. Intendente Bullrich 55)<\/a>.<\/li><li>Parque Roca&nbsp;<a href=\"https:\/\/mapa.buenosaires.gob.ar\/comollego\/?lat=-34.573122&amp;lng=-58.424409&amp;zl=15&amp;modo=transporte&amp;dir=Roca%2C+Cnel.+Av.+4200\" target=\"_blank\" rel=\"noreferrer noopener\">(Av. Cnel. Roca 4200)<\/a>.<\/li><li>Corral\u00f3n Floresta&nbsp;<a href=\"https:\/\/mapa.buenosaires.gob.ar\/comollego\/?lat=-34.626969&amp;lng=-58.488448&amp;zl=15&amp;modo=transporte&amp;dir=Gaona+Av.+4660\" target=\"_blank\" rel=\"noreferrer noopener\">(Av. Gaona 4660)<\/a>.<\/li><\/ul>\n\n\n\n<h3 class=\"wp-block-heading\">S\u00e1bados, domingos y feriados de 8:00 a 16:30 horas:<\/h3>\n\n\n\n<ul class=\"wp-block-list\"><li>Parque de la Estaci\u00f3n&nbsp;<a rel=\"noreferrer noopener\" href=\"https:\/\/mapa.buenosaires.gob.ar\/comollego\/?lat=-34.607497&amp;lng=-58.413255&amp;zl=15&amp;modo=transporte&amp;dir=Peron%2C+Juan+Domingo%2C+Tte.+General+3326\" target=\"_blank\">(Av. Martin Garc\u00eda 346)<\/a>.<\/li><li>Palacio Lezama&nbsp;<a rel=\"noreferrer noopener\" href=\"https:\/\/mapa.buenosaires.gob.ar\/comollego\/?lat=-34.628908&amp;lng=-58.369939&amp;zl=15&amp;modo=transporte&amp;dir=Garcia%2C+Martin+Av.+346\" target=\"_blank\">(Av. Martin Garc\u00eda 346)<\/a><\/li><\/ul>\n\n\n\n<p><\/p>\n<div align=\"center\">\n<blockquote class=\"twitter-tweet\"><p lang=\"es\" dir=\"ltr\">?Vamos a poner a disposici\u00f3n 3 estrategias de vacunaci\u00f3n para chicos de 5, 6 y 11 a\u00f1os:<br>1\u20e310 equipos m\u00f3viles en escuelas,<br>2\u20e32 postas de vacunaci\u00f3n espont\u00e1nea S\u00e1bados, Domingos y Feriados en Parque de la Estaci\u00f3n y Palacio Lezama;<br>3\u20e311 postas de vacunaci\u00f3n espont\u00e1nea. <a href=\"https:\/\/t.co\/yY5U8cwXO7\">pic.twitter.com\/yY5U8cwXO7<\/a><\/p>\u2014 BA Salud \u270b??\u270b? (@BASalud) <a href=\"https:\/\/twitter.com\/BASalud\/status\/1499449584455766020?ref_src=twsrc%5Etfw\">March 3, 2022<\/a><\/blockquote> <script async=\"\" src=\"https:\/\/platform.twitter.com\/widgets.js\" charset=\"utf-8\"><\/script>\n<\/div>\n<p><\/p>\n\n\n\n<h3 class=\"wp-block-heading\">Calendario de Vacunaci\u00f3n<\/h3>\n\n\n\n<p>Descarg\u00e1 en esta p\u00e1gina el Calendario Nacional de Vacunaci\u00f3n 2022.<a rel=\"noreferrer noopener\" href=\"http:\/\/www.facebook.com\/sharer.php?u=http:\/\/www.buenosaires.gob.ar\/salud\/vacunas\/calendario-de-vacunacion\" target=\"_blank\"><\/a><\/p>\n\n\n\n<figure class=\"wp-block-image size-full\"><a href=\"https:\/\/www.buenosaires.gob.ar\/sites\/gcaba\/files\/carnet-vacunacion-web-2022.png\" target=\"_blank\" rel=\"noopener\"><img loading=\"lazy\" decoding=\"async\" width=\"678\" height=\"879\" data-attachment-id=\"15046\" data-permalink=\"https:\/\/www.comuna13online.com.ar\/?attachment_id=15046\" data-orig-file=\"https:\/\/www.comuna13online.com.ar\/wp-content\/uploads\/2022\/03\/20220321a_01.jpg\" data-orig-size=\"678,879\" data-comments-opened=\"0\" data-image-meta=\"{&quot;aperture&quot;:&quot;0&quot;,&quot;credit&quot;:&quot;&quot;,&quot;camera&quot;:&quot;&quot;,&quot;caption&quot;:&quot;&quot;,&quot;created_timestamp&quot;:&quot;0&quot;,&quot;copyright&quot;:&quot;&quot;,&quot;focal_length&quot;:&quot;0&quot;,&quot;iso&quot;:&quot;0&quot;,&quot;shutter_speed&quot;:&quot;0&quot;,&quot;title&quot;:&quot;&quot;,&quot;orientation&quot;:&quot;0&quot;}\" data-image-title=\"20220321a_01\" data-image-description=\"\" data-image-caption=\"\" data-large-file=\"https:\/\/www.comuna13online.com.ar\/wp-content\/uploads\/2022\/03\/20220321a_01.jpg\" src=\"http:\/\/www.comuna13online.com.ar\/wp-content\/uploads\/2022\/03\/20220321a_01.jpg\" alt=\"\" class=\"wp-image-15046\"\/><\/a><\/figure>\n\n\n\n<p><a href=\"http:\/\/www.comuna13online.com.ar\/wp-content\/uploads\/2022\/03\/calendario2022.pdf\" target=\"_blank\" rel=\"noreferrer noopener\"><strong>Descargar<\/strong><\/a><\/p>\n\n\n\n<figure class=\"wp-block-image size-large is-resized\"><img loading=\"lazy\" decoding=\"async\" data-attachment-id=\"99\" data-permalink=\"https:\/\/www.comuna13online.com.ar\/?attachment_id=99\" data-orig-file=\"https:\/\/www.comuna13online.com.ar\/wp-content\/uploads\/2017\/12\/line.jpg\" data-orig-size=\"678,1\" data-comments-opened=\"0\" data-image-meta=\"{&quot;aperture&quot;:&quot;0&quot;,&quot;credit&quot;:&quot;&quot;,&quot;camera&quot;:&quot;&quot;,&quot;caption&quot;:&quot;&quot;,&quot;created_timestamp&quot;:&quot;0&quot;,&quot;copyright&quot;:&quot;&quot;,&quot;focal_length&quot;:&quot;0&quot;,&quot;iso&quot;:&quot;0&quot;,&quot;shutter_speed&quot;:&quot;0&quot;,&quot;title&quot;:&quot;&quot;,&quot;orientation&quot;:&quot;0&quot;}\" data-image-title=\"line\" data-image-description=\"\" data-image-caption=\"\" data-large-file=\"https:\/\/www.comuna13online.com.ar\/wp-content\/uploads\/2017\/12\/line.jpg\" src=\"http:\/\/www.comuna13online.com.ar\/wp-content\/uploads\/2017\/12\/line.jpg\" alt=\"\" class=\"wp-image-99\" width=\"678\" height=\"1\" srcset=\"https:\/\/www.comuna13online.com.ar\/wp-content\/uploads\/2017\/12\/line.jpg 678w, https:\/\/www.comuna13online.com.ar\/wp-content\/uploads\/2017\/12\/line-150x1.jpg 150w, https:\/\/www.comuna13online.com.ar\/wp-content\/uploads\/2017\/12\/line-326x1.jpg 326w, https:\/\/www.comuna13online.com.ar\/wp-content\/uploads\/2017\/12\/line-80x1.jpg 80w, https:\/\/www.comuna13online.com.ar\/wp-content\/uploads\/2017\/12\/line-272x1.jpg 272w\" sizes=\"auto, (max-width: 678px) 100vw, 678px\" \/><\/figure>\n\n\n\n<figure class=\"wp-block-image size-full\"><img loading=\"lazy\" decoding=\"async\" width=\"678\" height=\"180\" data-attachment-id=\"8918\" data-permalink=\"https:\/\/www.comuna13online.com.ar\/?attachment_id=8918\" data-orig-file=\"https:\/\/www.comuna13online.com.ar\/wp-content\/uploads\/2020\/04\/corona2.jpg\" data-orig-size=\"678,180\" data-comments-opened=\"0\" data-image-meta=\"{&quot;aperture&quot;:&quot;0&quot;,&quot;credit&quot;:&quot;&quot;,&quot;camera&quot;:&quot;&quot;,&quot;caption&quot;:&quot;&quot;,&quot;created_timestamp&quot;:&quot;0&quot;,&quot;copyright&quot;:&quot;&quot;,&quot;focal_length&quot;:&quot;0&quot;,&quot;iso&quot;:&quot;0&quot;,&quot;shutter_speed&quot;:&quot;0&quot;,&quot;title&quot;:&quot;&quot;,&quot;orientation&quot;:&quot;0&quot;}\" data-image-title=\"corona2\" data-image-description=\"\" data-image-caption=\"\" data-large-file=\"https:\/\/www.comuna13online.com.ar\/wp-content\/uploads\/2020\/04\/corona2.jpg\" src=\"http:\/\/www.comuna13online.com.ar\/wp-content\/uploads\/2020\/04\/corona2.jpg\" alt=\"\" class=\"wp-image-8918\"\/><\/figure>\n","protected":false},"excerpt":{"rendered":"<div class=\"mh-excerpt\">Se aplicar\u00e1n a ni\u00f1os y ni\u00f1as de 5, 6 y 11 a\u00f1os en postas ubicadas en distintos puntos de la Ciudad. Sin turno previo y con el carnet de vacunaci\u00f3n. <a class=\"mh-excerpt-more\" href=\"https:\/\/www.comuna13online.com.ar\/?p=15044\" title=\"Vacunaci\u00f3n gratuita a ni\u00f1os y ni\u00f1as en edad escolar\">[&#8230;]<\/a><\/div>\n","protected":false},"author":1,"featured_media":15045,"comment_status":"closed","ping_status":"closed","sticky":false,"template":"","format":"standard","meta":{"_uag_custom_page_level_css":"","_jetpack_memberships_contains_paid_content":false,"footnotes":"","jetpack_publicize_message":"","jetpack_publicize_feature_enabled":true,"jetpack_social_post_already_shared":true,"jetpack_social_options":{"image_generator_settings":{"template":"highway","default_image_id":0,"font":"","enabled":false},"version":2}},"categories":[44],"tags":[250,296,45,118],"class_list":{"0":"post-15044","1":"post","2":"type-post","3":"status-publish","4":"format-standard","5":"has-post-thumbnail","7":"category-salud","8":"tag-h2","9":"tag-h3","10":"tag-salud","11":"tag-vacunacion"},"jetpack_publicize_connections":[],"jetpack_featured_media_url":"https:\/\/www.comuna13online.com.ar\/wp-content\/uploads\/2022\/03\/20220321a_id.jpg","uagb_featured_image_src":{"full":["https:\/\/www.comuna13online.com.ar\/wp-content\/uploads\/2022\/03\/20220321a_id.jpg",678,452,false],"thumbnail":["https:\/\/www.comuna13online.com.ar\/wp-content\/uploads\/2022\/03\/20220321a_id.jpg",128,85,false],"medium":["https:\/\/www.comuna13online.com.ar\/wp-content\/uploads\/2022\/03\/20220321a_id.jpg",678,452,false],"medium_large":["https:\/\/www.comuna13online.com.ar\/wp-content\/uploads\/2022\/03\/20220321a_id.jpg",678,452,false],"large":["https:\/\/www.comuna13online.com.ar\/wp-content\/uploads\/2022\/03\/20220321a_id.jpg",678,452,false],"1536x1536":["https:\/\/www.comuna13online.com.ar\/wp-content\/uploads\/2022\/03\/20220321a_id.jpg",678,452,false],"2048x2048":["https:\/\/www.comuna13online.com.ar\/wp-content\/uploads\/2022\/03\/20220321a_id.jpg",678,452,false],"mh-magazine-slider":["https:\/\/www.comuna13online.com.ar\/wp-content\/uploads\/2022\/03\/20220321a_id-678x438.jpg",678,438,true],"mh-magazine-content":["https:\/\/www.comuna13online.com.ar\/wp-content\/uploads\/2022\/03\/20220321a_id-678x381.jpg",678,381,true],"mh-magazine-large":["https:\/\/www.comuna13online.com.ar\/wp-content\/uploads\/2022\/03\/20220321a_id.jpg",678,452,false],"mh-magazine-medium":["https:\/\/www.comuna13online.com.ar\/wp-content\/uploads\/2022\/03\/20220321a_id-326x245.jpg",326,245,true],"mh-magazine-small":["https:\/\/www.comuna13online.com.ar\/wp-content\/uploads\/2022\/03\/20220321a_id-80x60.jpg",80,60,true],"sow-carousel-default":["https:\/\/www.comuna13online.com.ar\/wp-content\/uploads\/2022\/03\/20220321a_id-272x182.jpg",272,182,true]},"uagb_author_info":{"display_name":"Comuna13","author_link":"https:\/\/www.comuna13online.com.ar\/?author=1"},"uagb_comment_info":0,"uagb_excerpt":"Se aplicar\u00e1n a ni\u00f1os y ni\u00f1as de 5, 6 y 11 a\u00f1os en postas ubicadas en distintos puntos de la Ciudad. Sin turno previo y con el carnet de vacunaci\u00f3n. [...]","jetpack_sharing_enabled":true,"_links":{"self":[{"href":"https:\/\/www.comuna13online.com.ar\/index.php?rest_route=\/wp\/v2\/posts\/15044","targetHints":{"allow":["GET"]}}],"collection":[{"href":"https:\/\/www.comuna13online.com.ar\/index.php?rest_route=\/wp\/v2\/posts"}],"about":[{"href":"https:\/\/www.comuna13online.com.ar\/index.php?rest_route=\/wp\/v2\/types\/post"}],"author":[{"embeddable":true,"href":"https:\/\/www.comuna13online.com.ar\/index.php?rest_route=\/wp\/v2\/users\/1"}],"replies":[{"embeddable":true,"href":"https:\/\/www.comuna13online.com.ar\/index.php?rest_route=%2Fwp%2Fv2%2Fcomments&post=15044"}],"version-history":[{"count":0,"href":"https:\/\/www.comuna13online.com.ar\/index.php?rest_route=\/wp\/v2\/posts\/15044\/revisions"}],"wp:featuredmedia":[{"embeddable":true,"href":"https:\/\/www.comuna13online.com.ar\/index.php?rest_route=\/wp\/v2\/media\/15045"}],"wp:attachment":[{"href":"https:\/\/www.comuna13online.com.ar\/index.php?rest_route=%2Fwp%2Fv2%2Fmedia&parent=15044"}],"wp:term":[{"taxonomy":"category","embeddable":true,"href":"https:\/\/www.comuna13online.com.ar\/index.php?rest_route=%2Fwp%2Fv2%2Fcategories&post=15044"},{"taxonomy":"post_tag","embeddable":true,"href":"https:\/\/www.comuna13online.com.ar\/index.php?rest_route=%2Fwp%2Fv2%2Ftags&post=15044"}],"curies":[{"name":"wp","href":"https:\/\/api.w.org\/{rel}","templated":true}]}}