{"id":15005,"date":"2022-03-11T10:18:29","date_gmt":"2022-03-11T13:18:29","guid":{"rendered":"http:\/\/www.comuna13online.com.ar\/?p=15005"},"modified":"2022-03-11T10:45:55","modified_gmt":"2022-03-11T13:45:55","slug":"rodriguez-larreta-brindo-una-conferencia-de-prensa-luego-de-la-audiencia-en-la-corte-suprema","status":"publish","type":"post","link":"https:\/\/www.comuna13online.com.ar\/?p=15005","title":{"rendered":"Rodr\u00edguez Larreta brind\u00f3 una conferencia de Prensa luego de la audiencia en la Corte Suprema"},"content":{"rendered":"\n<p><strong>El Jefe de Gobierno de la Ciudad  se manifest\u00f3 sobre el recorte en la coparticipaci\u00f3n de la Ciudad y dijo que se expusieron todos los argumentos que respaldan el reclamo.<\/strong><\/p>\n\n\n\n<figure class=\"wp-block-image size-full\"><img loading=\"lazy\" decoding=\"async\" width=\"678\" height=\"452\" data-attachment-id=\"15008\" data-permalink=\"https:\/\/www.comuna13online.com.ar\/?attachment_id=15008\" data-orig-file=\"https:\/\/www.comuna13online.com.ar\/wp-content\/uploads\/2022\/03\/20220311a_01.jpg\" data-orig-size=\"678,452\" data-comments-opened=\"0\" data-image-meta=\"{&quot;aperture&quot;:&quot;0&quot;,&quot;credit&quot;:&quot;&quot;,&quot;camera&quot;:&quot;&quot;,&quot;caption&quot;:&quot;&quot;,&quot;created_timestamp&quot;:&quot;0&quot;,&quot;copyright&quot;:&quot;&quot;,&quot;focal_length&quot;:&quot;0&quot;,&quot;iso&quot;:&quot;0&quot;,&quot;shutter_speed&quot;:&quot;0&quot;,&quot;title&quot;:&quot;&quot;,&quot;orientation&quot;:&quot;0&quot;}\" data-image-title=\"20220311a_01\" data-image-description=\"\" data-image-caption=\"\" data-large-file=\"https:\/\/www.comuna13online.com.ar\/wp-content\/uploads\/2022\/03\/20220311a_01.jpg\" src=\"http:\/\/www.comuna13online.com.ar\/wp-content\/uploads\/2022\/03\/20220311a_01.jpg\" alt=\"\" class=\"wp-image-15008\" srcset=\"https:\/\/www.comuna13online.com.ar\/wp-content\/uploads\/2022\/03\/20220311a_01.jpg 678w, https:\/\/www.comuna13online.com.ar\/wp-content\/uploads\/2022\/03\/20220311a_01-272x182.jpg 272w\" sizes=\"auto, (max-width: 678px) 100vw, 678px\" \/><figcaption><sup>Rodr\u00edguez Larreta tras la audiencia en la Corte Suprema <em>\u201cEstamos discutiendo el respeto a nuestra Constituci\u00f3n y a la forma federal de gobierno\u201d<\/em>. FOTO: G.C.B.A.<\/sup><br><\/figcaption><\/figure>\n\n\n\n<p>El jefe de Gobierno porte\u00f1o,&nbsp;Horacio Rodr\u00edguez Larreta, brind\u00f3 este jueves una conferencia de prensa sobre la audiencia ante la Corte Suprema por el recorte en la coparticipaci\u00f3n de la Ciudad y dijo que se expusieron todos los argumentos que respaldan el reclamo.<\/p>\n\n\n\n<p>En esa l\u00ednea, sostuvo: <em>\u201c<strong>Lo que estamos discutiendo es algo mucho m\u00e1s amplio que la coparticipaci\u00f3n<\/strong>. Estamos discutiendo el respeto a nuestra Constituci\u00f3n y a la forma federal de gobierno. Estamos discutiendo si las provincias son aut\u00f3nomas o si est\u00e1n sujetas a la voluntad del Gobierno Nacional. En el fondo estamos discutiendo qu\u00e9 pa\u00eds queremos ser\u201d<\/em>.<\/p>\n\n\n\n<p><em>\u201c<strong>La quita es arbitraria, intempestiva, inconsulta e inconstitucional<\/strong>\u201d, ya que \u201cviola el requisito que dice que el traspaso de una competencia de la Naci\u00f3n a otro distrito debe ir siempre acompa\u00f1ada de los fondos necesarios para sostenerla\u201d<\/em> continu\u00f3 el mandatario.<\/p>\n\n\n\n<p>Tambi\u00e9n afirm\u00f3 que las formas fueron inconstitucionales: <em>\u201c<strong>El Gobierno Nacional avanz\u00f3 en esta quita sin dialogar<\/strong>, en plena pandemia, de un d\u00eda para el otro y para resolver una crisis en otra provincia\u201d<\/em>.<\/p>\n\n\n\n<p><\/p>\n<div align=\"center\">\n<blockquote class=\"twitter-tweet\"><p lang=\"es\" dir=\"ltr\">LO QUE ESTAMOS DISCUTIENDO ES M\u00c1S AMPLIO QUE LA COPARTICIPACI\u00d3N: ES EL RESPETO A NUESTRA CONSTITUCI\u00d3N. <a href=\"https:\/\/t.co\/cj5a6JV5k7\">pic.twitter.com\/cj5a6JV5k7<\/a><\/p>\u2014 Horacio Rodr\u00edguez Larreta (@horaciorlarreta) <a href=\"https:\/\/twitter.com\/horaciorlarreta\/status\/1502033487938953222?ref_src=twsrc%5Etfw\">March 10, 2022<\/a><\/blockquote> <script async=\"\" src=\"https:\/\/platform.twitter.com\/widgets.js\" charset=\"utf-8\"><\/script>\n<\/div>\n<p><\/p>\n\n\n\n<p>A su vez aclar\u00f3 que <em>\u201cotro punto de discusi\u00f3n fue la Ley 27.606, tambi\u00e9n inconstitucional, que impuls\u00f3 el Gobierno para sacarle todav\u00eda m\u00e1s recursos a la Ciudad\u201d, y asegur\u00f3: \u201cPara tomar dimensi\u00f3n de la situaci\u00f3n, la Ciudad dej\u00f3 de recibir 15.500 millones de pesos en 2020, 83.000 millones en 2021 y para 2022 est\u00e1n calculados 120.000 millones de reducci\u00f3n en nuestro presupuesto. Lo mismo que invertimos en todos los salarios docentes\u201d<\/em>.<\/p>\n\n\n\n<p>Ante esto, el jefe de Gobierno porte\u00f1o pidi\u00f3 a todos los gobernadores defender los distritos de <em>\u201cintentos discrecionales, porque los afectados son siempre quienes viven, trabajan y visitan las distintas provincias\u201d<\/em>.<\/p>\n\n\n\n<p>Para eso Rodr\u00edguez Larreta explic\u00f3 que <em>\u201c<strong>hay que defender el federalismo porque los argentinos merecemos provincias aut\u00f3nomas<\/strong>, cuyas econom\u00edas regionales puedan desarrollarse sin condicionamientos ni dependencia del gobierno central\u201d<\/em>, y agreg\u00f3 que <em>\u201cla Argentina son 24 distritos que crean una Naci\u00f3n y no una Naci\u00f3n que crea 24 distritos. As\u00ed se constituy\u00f3 nuestro pa\u00eds\u201d<\/em>.<\/p>\n\n\n\n<p>En este contexto, a\u00f1adi\u00f3: <em>\u201cNosotros <strong>confiamos plenamente en el trabajo de la Corte Suprema, que es quien asegura que la divisi\u00f3n de poderes en nuestra rep\u00fablica<\/strong> siga vigente y con efectos plenos. Tener la tranquilidad de que los mecanismos institucionales del pa\u00eds funcionan correctamente es esencial para la convivencia democr\u00e1tica\u201d<\/em>.<\/p>\n\n\n\n<p>La Corte Suprema dispuso 30 d\u00edas para que la Ciudad llegue a un acuerdo con el Gobierno Nacional. En base a esta resoluci\u00f3n, el jefe de Gobierno porte\u00f1o manifest\u00f3: <em>\u201c<strong>Siempre que haya una oportunidad de di\u00e1logo yo voy a estar ah\u00ed<\/strong>, dispuesto a sentarme en la mesa para llegar a un acuerdo\u201d<\/em>.<\/p>\n\n\n\n<p>Por \u00faltimo, Rodr\u00edguez Larreta se\u00f1al\u00f3 que <em><strong>\u201clos argentinos merecen un pa\u00eds verdaderamente republicano y federal, un pa\u00eds unido que apueste al progreso y al crecimiento\u201d, y finaliz\u00f3 \u201ccuenten conmigo para recorrer ese camino\u201d<\/strong><\/em>.<\/p>\n\n\n\n<p><\/p>\n\n\n\n<p class=\"has-text-align-right\"><sub>Fuente: <strong><em>G.C.B.A.<\/em><\/strong><\/sub><\/p>\n\n\n\n<figure class=\"wp-block-image size-large is-resized\"><img loading=\"lazy\" decoding=\"async\" data-attachment-id=\"99\" data-permalink=\"https:\/\/www.comuna13online.com.ar\/?attachment_id=99\" data-orig-file=\"https:\/\/www.comuna13online.com.ar\/wp-content\/uploads\/2017\/12\/line.jpg\" data-orig-size=\"678,1\" data-comments-opened=\"0\" data-image-meta=\"{&quot;aperture&quot;:&quot;0&quot;,&quot;credit&quot;:&quot;&quot;,&quot;camera&quot;:&quot;&quot;,&quot;caption&quot;:&quot;&quot;,&quot;created_timestamp&quot;:&quot;0&quot;,&quot;copyright&quot;:&quot;&quot;,&quot;focal_length&quot;:&quot;0&quot;,&quot;iso&quot;:&quot;0&quot;,&quot;shutter_speed&quot;:&quot;0&quot;,&quot;title&quot;:&quot;&quot;,&quot;orientation&quot;:&quot;0&quot;}\" data-image-title=\"line\" data-image-description=\"\" data-image-caption=\"\" data-large-file=\"https:\/\/www.comuna13online.com.ar\/wp-content\/uploads\/2017\/12\/line.jpg\" src=\"http:\/\/www.comuna13online.com.ar\/wp-content\/uploads\/2017\/12\/line.jpg\" alt=\"\" class=\"wp-image-99\" width=\"678\" height=\"1\" srcset=\"https:\/\/www.comuna13online.com.ar\/wp-content\/uploads\/2017\/12\/line.jpg 678w, https:\/\/www.comuna13online.com.ar\/wp-content\/uploads\/2017\/12\/line-150x1.jpg 150w, https:\/\/www.comuna13online.com.ar\/wp-content\/uploads\/2017\/12\/line-326x1.jpg 326w, https:\/\/www.comuna13online.com.ar\/wp-content\/uploads\/2017\/12\/line-80x1.jpg 80w, https:\/\/www.comuna13online.com.ar\/wp-content\/uploads\/2017\/12\/line-272x1.jpg 272w\" sizes=\"auto, (max-width: 678px) 100vw, 678px\" \/><\/figure>\n\n\n\n<figure class=\"wp-block-image size-full\"><img loading=\"lazy\" decoding=\"async\" width=\"678\" height=\"180\" data-attachment-id=\"8918\" data-permalink=\"https:\/\/www.comuna13online.com.ar\/?attachment_id=8918\" data-orig-file=\"https:\/\/www.comuna13online.com.ar\/wp-content\/uploads\/2020\/04\/corona2.jpg\" data-orig-size=\"678,180\" data-comments-opened=\"0\" data-image-meta=\"{&quot;aperture&quot;:&quot;0&quot;,&quot;credit&quot;:&quot;&quot;,&quot;camera&quot;:&quot;&quot;,&quot;caption&quot;:&quot;&quot;,&quot;created_timestamp&quot;:&quot;0&quot;,&quot;copyright&quot;:&quot;&quot;,&quot;focal_length&quot;:&quot;0&quot;,&quot;iso&quot;:&quot;0&quot;,&quot;shutter_speed&quot;:&quot;0&quot;,&quot;title&quot;:&quot;&quot;,&quot;orientation&quot;:&quot;0&quot;}\" data-image-title=\"corona2\" data-image-description=\"\" data-image-caption=\"\" data-large-file=\"https:\/\/www.comuna13online.com.ar\/wp-content\/uploads\/2020\/04\/corona2.jpg\" src=\"http:\/\/www.comuna13online.com.ar\/wp-content\/uploads\/2020\/04\/corona2.jpg\" alt=\"\" class=\"wp-image-8918\"\/><\/figure>\n\n\n\n<p><\/p>\n\n\n\n<p><a rel=\"noreferrer noopener\" href=\"http:\/\/www.facebook.com\/sharer.php?u=http:\/\/www.buenosaires.gob.ar\/noticias\/rodriguez-larreta-tras-la-audiencia-en-la-corte-suprema-estamos-discutiendo-el-respeto\" target=\"_blank\"><\/a><\/p>\n","protected":false},"excerpt":{"rendered":"<div class=\"mh-excerpt\">El Jefe de Gobierno de la Ciudad se manifest\u00f3 sobre el recorte en la coparticipaci\u00f3n de la Ciudad y dijo que se expusieron todos los argumentos que respaldan el reclamo. <a class=\"mh-excerpt-more\" href=\"https:\/\/www.comuna13online.com.ar\/?p=15005\" title=\"Rodr\u00edguez Larreta brind\u00f3 una conferencia de Prensa luego de la audiencia en la Corte Suprema\">[&#8230;]<\/a><\/div>\n","protected":false},"author":1,"featured_media":15009,"comment_status":"closed","ping_status":"closed","sticky":false,"template":"","format":"standard","meta":{"_uag_custom_page_level_css":"","_jetpack_memberships_contains_paid_content":false,"footnotes":"","jetpack_publicize_message":"","jetpack_publicize_feature_enabled":true,"jetpack_social_post_already_shared":true,"jetpack_social_options":{"image_generator_settings":{"template":"highway","default_image_id":0,"font":"","enabled":false},"version":2}},"categories":[256],"tags":[258,250,296,31],"class_list":{"0":"post-15005","1":"post","2":"type-post","3":"status-publish","4":"format-standard","5":"has-post-thumbnail","7":"category-gobierno","8":"tag-gobierno","9":"tag-h2","10":"tag-h3","11":"tag-larreta"},"jetpack_publicize_connections":[],"jetpack_featured_media_url":"https:\/\/www.comuna13online.com.ar\/wp-content\/uploads\/2022\/03\/20220311a_id.jpg","uagb_featured_image_src":{"full":["https:\/\/www.comuna13online.com.ar\/wp-content\/uploads\/2022\/03\/20220311a_id.jpg",678,452,false],"thumbnail":["https:\/\/www.comuna13online.com.ar\/wp-content\/uploads\/2022\/03\/20220311a_id.jpg",128,85,false],"medium":["https:\/\/www.comuna13online.com.ar\/wp-content\/uploads\/2022\/03\/20220311a_id.jpg",678,452,false],"medium_large":["https:\/\/www.comuna13online.com.ar\/wp-content\/uploads\/2022\/03\/20220311a_id.jpg",678,452,false],"large":["https:\/\/www.comuna13online.com.ar\/wp-content\/uploads\/2022\/03\/20220311a_id.jpg",678,452,false],"1536x1536":["https:\/\/www.comuna13online.com.ar\/wp-content\/uploads\/2022\/03\/20220311a_id.jpg",678,452,false],"2048x2048":["https:\/\/www.comuna13online.com.ar\/wp-content\/uploads\/2022\/03\/20220311a_id.jpg",678,452,false],"mh-magazine-slider":["https:\/\/www.comuna13online.com.ar\/wp-content\/uploads\/2022\/03\/20220311a_id-678x438.jpg",678,438,true],"mh-magazine-content":["https:\/\/www.comuna13online.com.ar\/wp-content\/uploads\/2022\/03\/20220311a_id-678x381.jpg",678,381,true],"mh-magazine-large":["https:\/\/www.comuna13online.com.ar\/wp-content\/uploads\/2022\/03\/20220311a_id.jpg",678,452,false],"mh-magazine-medium":["https:\/\/www.comuna13online.com.ar\/wp-content\/uploads\/2022\/03\/20220311a_id-326x245.jpg",326,245,true],"mh-magazine-small":["https:\/\/www.comuna13online.com.ar\/wp-content\/uploads\/2022\/03\/20220311a_id-80x60.jpg",80,60,true],"sow-carousel-default":["https:\/\/www.comuna13online.com.ar\/wp-content\/uploads\/2022\/03\/20220311a_id-272x182.jpg",272,182,true]},"uagb_author_info":{"display_name":"Comuna13","author_link":"https:\/\/www.comuna13online.com.ar\/?author=1"},"uagb_comment_info":0,"uagb_excerpt":"El Jefe de Gobierno de la Ciudad se manifest\u00f3 sobre el recorte en la coparticipaci\u00f3n de la Ciudad y dijo que se expusieron todos los argumentos que respaldan el reclamo. [...]","jetpack_sharing_enabled":true,"_links":{"self":[{"href":"https:\/\/www.comuna13online.com.ar\/index.php?rest_route=\/wp\/v2\/posts\/15005","targetHints":{"allow":["GET"]}}],"collection":[{"href":"https:\/\/www.comuna13online.com.ar\/index.php?rest_route=\/wp\/v2\/posts"}],"about":[{"href":"https:\/\/www.comuna13online.com.ar\/index.php?rest_route=\/wp\/v2\/types\/post"}],"author":[{"embeddable":true,"href":"https:\/\/www.comuna13online.com.ar\/index.php?rest_route=\/wp\/v2\/users\/1"}],"replies":[{"embeddable":true,"href":"https:\/\/www.comuna13online.com.ar\/index.php?rest_route=%2Fwp%2Fv2%2Fcomments&post=15005"}],"version-history":[{"count":0,"href":"https:\/\/www.comuna13online.com.ar\/index.php?rest_route=\/wp\/v2\/posts\/15005\/revisions"}],"wp:featuredmedia":[{"embeddable":true,"href":"https:\/\/www.comuna13online.com.ar\/index.php?rest_route=\/wp\/v2\/media\/15009"}],"wp:attachment":[{"href":"https:\/\/www.comuna13online.com.ar\/index.php?rest_route=%2Fwp%2Fv2%2Fmedia&parent=15005"}],"wp:term":[{"taxonomy":"category","embeddable":true,"href":"https:\/\/www.comuna13online.com.ar\/index.php?rest_route=%2Fwp%2Fv2%2Fcategories&post=15005"},{"taxonomy":"post_tag","embeddable":true,"href":"https:\/\/www.comuna13online.com.ar\/index.php?rest_route=%2Fwp%2Fv2%2Ftags&post=15005"}],"curies":[{"name":"wp","href":"https:\/\/api.w.org\/{rel}","templated":true}]}}