{"id":14975,"date":"2022-03-07T08:44:48","date_gmt":"2022-03-07T11:44:48","guid":{"rendered":"http:\/\/www.comuna13online.com.ar\/?p=14975"},"modified":"2022-03-07T08:44:50","modified_gmt":"2022-03-07T11:44:50","slug":"rodriguez-larreta-presento-los-compromisos-de-gestion-hasta-el-2023","status":"publish","type":"post","link":"https:\/\/www.comuna13online.com.ar\/?p=14975","title":{"rendered":"Rodr\u00edguez Larreta present\u00f3 los compromisos de gesti\u00f3n hasta el 2023"},"content":{"rendered":"\n<p><strong>El Plan de Gobierno incluye 26 compromisos entre los que se destacan un parque en Colegiales, el metrobus de la avenidas Alberdi y Directorio y la modernizaci\u00f3n del estacionamiento medido.<\/strong><\/p>\n\n\n\n<p><\/p>\n<iframe loading=\"lazy\" width=\"678\" height=\"381\" src=\"https:\/\/www.youtube.com\/embed\/Eda-mB9nxZ4\" title=\"YouTube video player\" frameborder=\"0\" allow=\"accelerometer; autoplay; clipboard-write; encrypted-media; gyroscope; picture-in-picture\" allowfullscreen><\/iframe>\n<p><\/p>\n\n\n\n<div class=\"wp-block-jetpack-send-a-message\"><\/div>\n\n\n\n<p>El jefe de Gobierno porte\u00f1o,\u00a0Horacio Rodr\u00edguez Larreta, present\u00f3 el Plan de Gobierno de la Ciudad que incluye 26 nuevos compromisos ordenados en cinco ejes prioritarios:\u00a0<strong>Educaci\u00f3n y trabajo, Transformaci\u00f3n urbana, Ciudad digital, Seguridad <\/strong>y<strong> Bienestar integral<\/strong>. Contempla un total de <strong>1.450 proyectos<\/strong> a cumplir hasta el fin de su mandato en 2023.<\/p>\n\n\n\n<p><em><strong>\u201cTomar compromisos est\u00e1 en el ADN de nuestra gesti\u00f3n, porque implica planificaci\u00f3n, m\u00e9todo, seguimiento y mucha transparencia en compartir los datos de la evoluci\u00f3n de los proyectos\u201d<\/strong><\/em> sostuvo el primer mandatario porte\u00f1o.<\/p>\n\n\n\n<h3 class=\"wp-block-heading\">Educaci\u00f3n y Trabajo<\/h3>\n\n\n\n<p>En materia de educaci\u00f3n, el gobierno porte\u00f1o se comprometi\u00f3 a que los estudiantes tengan\u00a0192 d\u00edas de clase y la inclusi\u00f3n de \u201ceducaci\u00f3n financiera\u201d\u00a0como materia obligatoria en el \u00faltimo a\u00f1o del secundario.  Este a\u00f1o se present\u00f3 las primeras 6 escuelas p\u00fablicas biling\u00fces de la Ciudad.<\/p>\n\n\n\n<p>En materia de trabajo, el gobierno porte\u00f1o buscar\u00e1 incorporar a\u00a010.000 j\u00f3venes al mercado de trabajo, y solventar\u00e1 de modo parcial y por 12 meses el pago de las remuneraciones.<\/p>\n\n\n\n<h3 class=\"wp-block-heading\">Transformaci\u00f3n urbana<\/h3>\n\n\n\n<p>Los compromisos anunciados en materia de transformaci\u00f3n urbana contemplan a creaci\u00f3n de un nuevo espacio verde en Colegiales, la construcci\u00f3n del Parque de la Innovaci\u00f3n en el predio de Tiro Federal en Nu\u00f1ez, la transformaci\u00f3n del Microcentro, con cr\u00e9ditos subsidiados del Banco Ciudad se buscar\u00e1 reconvertir las oficinas vac\u00edas por la pandemia en viviendas. Por \u00faltimo se anunci\u00f3 la construcci\u00f3n de un nuevo metrobus sobre las avenidas Alberdi y Directorio.<\/p>\n\n\n\n<figure class=\"wp-block-image size-full\"><img loading=\"lazy\" decoding=\"async\" width=\"678\" height=\"452\" data-attachment-id=\"14977\" data-permalink=\"https:\/\/www.comuna13online.com.ar\/?attachment_id=14977\" data-orig-file=\"https:\/\/www.comuna13online.com.ar\/wp-content\/uploads\/2022\/03\/20220306a_01.jpg\" data-orig-size=\"678,452\" data-comments-opened=\"0\" data-image-meta=\"{&quot;aperture&quot;:&quot;0&quot;,&quot;credit&quot;:&quot;&quot;,&quot;camera&quot;:&quot;&quot;,&quot;caption&quot;:&quot;&quot;,&quot;created_timestamp&quot;:&quot;0&quot;,&quot;copyright&quot;:&quot;&quot;,&quot;focal_length&quot;:&quot;0&quot;,&quot;iso&quot;:&quot;0&quot;,&quot;shutter_speed&quot;:&quot;0&quot;,&quot;title&quot;:&quot;&quot;,&quot;orientation&quot;:&quot;0&quot;}\" data-image-title=\"20220306a_01\" data-image-description=\"\" data-image-caption=\"\" data-large-file=\"https:\/\/www.comuna13online.com.ar\/wp-content\/uploads\/2022\/03\/20220306a_01.jpg\" src=\"http:\/\/www.comuna13online.com.ar\/wp-content\/uploads\/2022\/03\/20220306a_01.jpg\" alt=\"\" class=\"wp-image-14977\" srcset=\"https:\/\/www.comuna13online.com.ar\/wp-content\/uploads\/2022\/03\/20220306a_01.jpg 678w, https:\/\/www.comuna13online.com.ar\/wp-content\/uploads\/2022\/03\/20220306a_01-272x182.jpg 272w\" sizes=\"auto, (max-width: 678px) 100vw, 678px\" \/><figcaption><sup>Parque de la Innovaci\u00f3n.<\/sup><\/figcaption><\/figure>\n\n\n\n<h3 class=\"wp-block-heading\">Ciudad digital<\/h3>\n\n\n\n<p>Actualmente ya se pueden realizar m\u00e1s de 500 tr\u00e1mites de forma digital y el compromiso es lograr digitalizar el 90% de la totalidad de los tr\u00e1mites en la Ciudad. En materia de Salud, se incorporar\u00e1 los estudios de laboratorios y las recetas m\u00e9dicas al sistema electr\u00f3nico y se integrar\u00e1 al SAME la historia cl\u00ednica electr\u00f3nica.<\/p>\n\n\n\n<p>A partir de mayo se reemplazar\u00e1n los parqu\u00edmetros por\u00a0una aplicaci\u00f3n para pagar el estacionamiento en calle.<\/p>\n\n\n\n<h3 class=\"wp-block-heading\">Seguridad<\/h3>\n\n\n\n<p>Incorporar\u00e1n\u00a01.000 c\u00e1maras de domicilios privados\u00a0al sistema se seguridad de la Ciudad, y se adquirir\u00e1n\u00a0500 nuevos patrulleros\u00a0para la Polic\u00eda de la Ciudad y as\u00ed renovar el 80% de la flota.<\/p>\n\n\n\n<h3 class=\"wp-block-heading\">Bienestar integral<\/h3>\n\n\n\n<p>Se compromete a asegurar\u00a05 controles prenatales. Se crear\u00e1 una\u00a0Red de Bienestar Integral a 15 minutos del hogar\u00a0en 20 barrios de la Ciudad donde se agrupar\u00e1n y acercar\u00e1n polideportivos, centros de salud, estaciones saludables, centros de d\u00eda y de jubilados para unificar prestaciones.<\/p>\n\n\n\n<div style=\"height:15px\" aria-hidden=\"true\" class=\"wp-block-spacer\"><\/div>\n\n\n\n<figure class=\"wp-block-image size-full\"><img loading=\"lazy\" decoding=\"async\" width=\"678\" height=\"452\" data-attachment-id=\"14976\" data-permalink=\"https:\/\/www.comuna13online.com.ar\/?attachment_id=14976\" data-orig-file=\"https:\/\/www.comuna13online.com.ar\/wp-content\/uploads\/2022\/03\/20220306a_03.jpg\" data-orig-size=\"678,452\" data-comments-opened=\"0\" data-image-meta=\"{&quot;aperture&quot;:&quot;0&quot;,&quot;credit&quot;:&quot;&quot;,&quot;camera&quot;:&quot;&quot;,&quot;caption&quot;:&quot;&quot;,&quot;created_timestamp&quot;:&quot;0&quot;,&quot;copyright&quot;:&quot;&quot;,&quot;focal_length&quot;:&quot;0&quot;,&quot;iso&quot;:&quot;0&quot;,&quot;shutter_speed&quot;:&quot;0&quot;,&quot;title&quot;:&quot;&quot;,&quot;orientation&quot;:&quot;0&quot;}\" data-image-title=\"20220306a_03\" data-image-description=\"\" data-image-caption=\"\" data-large-file=\"https:\/\/www.comuna13online.com.ar\/wp-content\/uploads\/2022\/03\/20220306a_03.jpg\" src=\"http:\/\/www.comuna13online.com.ar\/wp-content\/uploads\/2022\/03\/20220306a_03.jpg\" alt=\"\" class=\"wp-image-14976\" srcset=\"https:\/\/www.comuna13online.com.ar\/wp-content\/uploads\/2022\/03\/20220306a_03.jpg 678w, https:\/\/www.comuna13online.com.ar\/wp-content\/uploads\/2022\/03\/20220306a_03-272x182.jpg 272w\" sizes=\"auto, (max-width: 678px) 100vw, 678px\" \/><figcaption><sup>Horacio Rodr\u00edguez Larreta durante la presentaci\u00f3n de los nuevos compromisos de gesti\u00f3n, lo acompa\u00f1a su Jefe de Gabinete, Felipe Miguel. Foto: GCBA<\/sup><\/figcaption><\/figure>\n\n\n\n<h3 class=\"wp-block-heading\">Los nuevos Compromisos<\/h3>\n\n\n\n<p><strong>Educaci\u00f3n y trabajo<\/strong><\/p>\n\n\n\n<ul class=\"wp-block-list\"><li>Primero la escuela: 192 d\u00edas de clase en ciclo lectivo 2022<\/li><li>Ingl\u00e9s en la escuela: 6 escuelas biling\u00fces<\/li><li>Educaci\u00f3n financiera obligatoria en el \u00faltimo a\u00f1o del secundario<\/li><li>Aprovechar cada hora libre con clases de matem\u00e1tica e ingl\u00e9s<\/li><li>2.000 becas de formaci\u00f3n intensiva en ingl\u00e9s para programadores y carreras IT<\/li><li>10.000 j\u00f3venes con empleo formal<\/li><li>30 nuevas empresas en el Distrito del Vino<\/li><li>BA Audiovisual: Cash Rebate. 10 producciones audiovisuales y 8.000 nuevos puestos de trabajo<\/li><li>40 nuevas empresas en B31<\/li><\/ul>\n\n\n\n<p><strong>Transformaci\u00f3n urbana<\/strong><\/p>\n\n\n\n<ul class=\"wp-block-list\"><li>Plan de transformaci\u00f3n del Microcentro<\/li><li>MTB Alberdi-Directorio<\/li><li>Parque Colegiales<\/li><li>10 Calles verdes<\/li><li>Renovaci\u00f3n bajo viaducto Mitre: m\u00e1s espacios p\u00fablicos y \u00e1reas comerciales<\/li><li>Renovaci\u00f3n bajo autopista Illia en B31: 18.000 m2 de nuevo espacio p\u00fablico<\/li><li>Primera calle compartida: Libertador<\/li><li>Parque de la Innovaci\u00f3n<\/li><\/ul>\n\n\n\n<p><strong>Ciudad digital<\/strong><\/p>\n\n\n\n<ul class=\"wp-block-list\"><li>App de estacionamiento<\/li><li>Mayores cuidados: app de voluntariado para acompa\u00f1ar 30.000 personas mayores<\/li><li>Salud digital: laboratorio y recetas electr\u00f3nicas e integrar el SAME a la HCE<\/li><\/ul>\n\n\n\n<p><strong>Bienestar integral<\/strong><\/p>\n\n\n\n<ul class=\"wp-block-list\"><li>Asegurar 5 controles prenatales<\/li><li>Red de bienestar integral a 15 minutos del hogar en 20 barrios de la Ciudad<\/li><li>1.000.000 de familias con ecotachos<\/li><li>11 nuevas plazas en barrios populares<\/li><\/ul>\n\n\n\n<p><strong>Seguridad<\/strong><\/p>\n\n\n\n<ul class=\"wp-block-list\"><li>Integraci\u00f3n de 1.000 c\u00e1maras de privados al sistema de videovigilancia<\/li><li>500 nuevos patrulleros<\/li><\/ul>\n","protected":false},"excerpt":{"rendered":"<div class=\"mh-excerpt\">El Plan de Gobierno incluye 26 compromisos entre los que se destacan un parque en Colegiales, el metrobus de la avenidas Alberdi y Directorio y la modernizaci\u00f3n del estacionamiento medido. <a class=\"mh-excerpt-more\" href=\"https:\/\/www.comuna13online.com.ar\/?p=14975\" title=\"Rodr\u00edguez Larreta present\u00f3 los compromisos de gesti\u00f3n hasta el 2023\">[&#8230;]<\/a><\/div>\n","protected":false},"author":1,"featured_media":14978,"comment_status":"closed","ping_status":"closed","sticky":false,"template":"","format":"standard","meta":{"_uag_custom_page_level_css":"","_jetpack_memberships_contains_paid_content":false,"footnotes":"","jetpack_publicize_message":"","jetpack_publicize_feature_enabled":true,"jetpack_social_post_already_shared":true,"jetpack_social_options":{"image_generator_settings":{"template":"highway","default_image_id":0,"font":"","enabled":false},"version":2}},"categories":[256],"tags":[258,246,250,296,31],"class_list":{"0":"post-14975","1":"post","2":"type-post","3":"status-publish","4":"format-standard","5":"has-post-thumbnail","7":"category-gobierno","8":"tag-gobierno","9":"tag-h1","10":"tag-h2","11":"tag-h3","12":"tag-larreta"},"jetpack_publicize_connections":[],"jetpack_featured_media_url":"https:\/\/www.comuna13online.com.ar\/wp-content\/uploads\/2022\/03\/20220306a_id.jpg","uagb_featured_image_src":{"full":["https:\/\/www.comuna13online.com.ar\/wp-content\/uploads\/2022\/03\/20220306a_id.jpg",1030,438,false],"thumbnail":["https:\/\/www.comuna13online.com.ar\/wp-content\/uploads\/2022\/03\/20220306a_id.jpg",128,54,false],"medium":["https:\/\/www.comuna13online.com.ar\/wp-content\/uploads\/2022\/03\/20220306a_id.jpg",1030,438,false],"medium_large":["https:\/\/www.comuna13online.com.ar\/wp-content\/uploads\/2022\/03\/20220306a_id-768x327.jpg",768,327,true],"large":["https:\/\/www.comuna13online.com.ar\/wp-content\/uploads\/2022\/03\/20220306a_id.jpg",1030,438,false],"1536x1536":["https:\/\/www.comuna13online.com.ar\/wp-content\/uploads\/2022\/03\/20220306a_id.jpg",1030,438,false],"2048x2048":["https:\/\/www.comuna13online.com.ar\/wp-content\/uploads\/2022\/03\/20220306a_id.jpg",1030,438,false],"mh-magazine-slider":["https:\/\/www.comuna13online.com.ar\/wp-content\/uploads\/2022\/03\/20220306a_id-1030x438.jpg",1030,438,true],"mh-magazine-content":["https:\/\/www.comuna13online.com.ar\/wp-content\/uploads\/2022\/03\/20220306a_id-678x381.jpg",678,381,true],"mh-magazine-large":["https:\/\/www.comuna13online.com.ar\/wp-content\/uploads\/2022\/03\/20220306a_id-678x438.jpg",678,438,true],"mh-magazine-medium":["https:\/\/www.comuna13online.com.ar\/wp-content\/uploads\/2022\/03\/20220306a_id-326x245.jpg",326,245,true],"mh-magazine-small":["https:\/\/www.comuna13online.com.ar\/wp-content\/uploads\/2022\/03\/20220306a_id-80x60.jpg",80,60,true],"sow-carousel-default":["https:\/\/www.comuna13online.com.ar\/wp-content\/uploads\/2022\/03\/20220306a_id-272x182.jpg",272,182,true]},"uagb_author_info":{"display_name":"Comuna13","author_link":"https:\/\/www.comuna13online.com.ar\/?author=1"},"uagb_comment_info":0,"uagb_excerpt":"El Plan de Gobierno incluye 26 compromisos entre los que se destacan un parque en Colegiales, el metrobus de la avenidas Alberdi y Directorio y la modernizaci\u00f3n del estacionamiento medido. [...]","jetpack_sharing_enabled":true,"_links":{"self":[{"href":"https:\/\/www.comuna13online.com.ar\/index.php?rest_route=\/wp\/v2\/posts\/14975","targetHints":{"allow":["GET"]}}],"collection":[{"href":"https:\/\/www.comuna13online.com.ar\/index.php?rest_route=\/wp\/v2\/posts"}],"about":[{"href":"https:\/\/www.comuna13online.com.ar\/index.php?rest_route=\/wp\/v2\/types\/post"}],"author":[{"embeddable":true,"href":"https:\/\/www.comuna13online.com.ar\/index.php?rest_route=\/wp\/v2\/users\/1"}],"replies":[{"embeddable":true,"href":"https:\/\/www.comuna13online.com.ar\/index.php?rest_route=%2Fwp%2Fv2%2Fcomments&post=14975"}],"version-history":[{"count":0,"href":"https:\/\/www.comuna13online.com.ar\/index.php?rest_route=\/wp\/v2\/posts\/14975\/revisions"}],"wp:featuredmedia":[{"embeddable":true,"href":"https:\/\/www.comuna13online.com.ar\/index.php?rest_route=\/wp\/v2\/media\/14978"}],"wp:attachment":[{"href":"https:\/\/www.comuna13online.com.ar\/index.php?rest_route=%2Fwp%2Fv2%2Fmedia&parent=14975"}],"wp:term":[{"taxonomy":"category","embeddable":true,"href":"https:\/\/www.comuna13online.com.ar\/index.php?rest_route=%2Fwp%2Fv2%2Fcategories&post=14975"},{"taxonomy":"post_tag","embeddable":true,"href":"https:\/\/www.comuna13online.com.ar\/index.php?rest_route=%2Fwp%2Fv2%2Ftags&post=14975"}],"curies":[{"name":"wp","href":"https:\/\/api.w.org\/{rel}","templated":true}]}}