{"id":14751,"date":"2022-01-19T08:30:00","date_gmt":"2022-01-19T11:30:00","guid":{"rendered":"http:\/\/www.comuna13online.com.ar\/?p=14751"},"modified":"2022-01-18T18:44:05","modified_gmt":"2022-01-18T21:44:05","slug":"abriran-2-nuevos-centros-de-vacunacion-en-la-ciudad","status":"publish","type":"post","link":"https:\/\/www.comuna13online.com.ar\/?p=14751","title":{"rendered":"Abrir\u00e1n 2 nuevos centros de vacunaci\u00f3n en la Ciudad"},"content":{"rendered":"\n<p><strong>En Costa Salguero y el Teatro Col\u00f3n. Adem\u00e1s, sumar\u00e1n m\u00e1s puestos de vacunaci\u00f3n en centros entre los que se destacan los de Parque Roca, San Lorenzo y el Centro Isl\u00e1mico.<\/strong><\/p>\n\n\n\n<figure class=\"wp-block-image size-full\"><img loading=\"lazy\" decoding=\"async\" width=\"678\" height=\"381\" data-attachment-id=\"14752\" data-permalink=\"https:\/\/www.comuna13online.com.ar\/?attachment_id=14752\" data-orig-file=\"https:\/\/www.comuna13online.com.ar\/wp-content\/uploads\/2022\/01\/20220119a_01.jpg\" data-orig-size=\"678,381\" data-comments-opened=\"0\" data-image-meta=\"{&quot;aperture&quot;:&quot;0&quot;,&quot;credit&quot;:&quot;&quot;,&quot;camera&quot;:&quot;&quot;,&quot;caption&quot;:&quot;&quot;,&quot;created_timestamp&quot;:&quot;0&quot;,&quot;copyright&quot;:&quot;&quot;,&quot;focal_length&quot;:&quot;0&quot;,&quot;iso&quot;:&quot;0&quot;,&quot;shutter_speed&quot;:&quot;0&quot;,&quot;title&quot;:&quot;&quot;,&quot;orientation&quot;:&quot;0&quot;}\" data-image-title=\"20220119a_01\" data-image-description=\"\" data-image-caption=\"\" data-large-file=\"https:\/\/www.comuna13online.com.ar\/wp-content\/uploads\/2022\/01\/20220119a_01.jpg\" src=\"http:\/\/www.comuna13online.com.ar\/wp-content\/uploads\/2022\/01\/20220119a_01.jpg\" alt=\"\" class=\"wp-image-14752\"\/><\/figure>\n\n\n\n<p>En el marco de la emergencia sanitaria por COVID-19 la Ciudad abrir\u00e1 nuevos centros de vacunaci\u00f3n para acelerar el plan de inmunizaci\u00f3n y minimizar los contagios: el jueves y viernes se reconvertir\u00e1n en vacunatorios los actuales centros de testeo de Costa Salguero y del Teatro Col\u00f3n. Adem\u00e1s, se sumar\u00e1n m\u00e1s puestos en otros dispositivos en funcionamiento entre los que se destacan los de Parque Roca, San Lorenzo y el Centro Isl\u00e1mico.<\/p>\n\n\n\n<p>As\u00ed, el Gobierno porte\u00f1o aumentar\u00e1 un 25% la capacidad y podr\u00e1 aplicar 40 mil vacunas por d\u00eda en m\u00e1s de 400 puestos de 28 puntos.<\/p>\n\n\n\n<p>La adaptaci\u00f3n del sistema es posible ya que en las \u00faltimas semanas se increment\u00f3 de manera gradual la capacidad de testeos con nuevos dispositivos y m\u00e1s puestos en centros en funcionamiento. El Ministerio de Salud porte\u00f1o realiza un seguimiento y an\u00e1lisis permanente de una serie de indicadores sanitarios con el objetivo de tomar decisiones en base a evidencia cient\u00edfica.<\/p>\n\n\n\n<p>Actualmente, el GCBA cuenta con un sistema fortalecido que puede realizar m\u00e1s de 50 mil testeos por d\u00eda.<\/p>\n\n\n\n<p>A m\u00e1s de un a\u00f1o del inicio del Plan de Vacunaci\u00f3n, ya se aplicaron m\u00e1s de 6,4 millones de vacunas y en los \u00faltimos 7 d\u00edas se brindaron un promedio de m\u00e1s de 25 mil dosis. Actualmente m\u00e1s del 92% de los porte\u00f1os tienen al menos una dosis; el 87% tiene la segunda dosis; y el 31% ya cuenta con la dosis de refuerzo.<\/p>\n\n\n\n<p>En coincidencia con lo definido por el Gobierno nacional, en la Ciudad se aplica la dosis de refuerzo tras un intervalo de 4 meses respecto del segundo componente. Durante este mes se est\u00e1 contactando a todas las personas que han cumplido ese plazo y se les dar\u00e1 el turno correspondiente.<\/p>\n\n\n\n<p>Con 5 nuevos vacunatorios en lo que va del a\u00f1o, sumar\u00e1n 28 los distribuidos en todo el territorio porte\u00f1o ubicados en centros educativos, culturales, religiosos, deportivos y edificios de gobierno. A lo largo de enero tambi\u00e9n se abrieron centros en 3 escuelas \u2014N\u00b017 de Villa Devoto, N\u00b04 de Caballito y N\u00b07 de N\u00fa\u00f1ez\u2014, y se ampli\u00f3 la capacidad existente en otros puntos. Los establecimientos educativos fueron seleccionados en base a su ubicaci\u00f3n y entre los que no forman parte del programa Escuelas de Verano, con el fin de reforzar las sedes disponibles en esos barrios.<\/p>\n\n\n\n<figure class=\"wp-block-image size-large is-resized\"><img loading=\"lazy\" decoding=\"async\" data-attachment-id=\"99\" data-permalink=\"https:\/\/www.comuna13online.com.ar\/?attachment_id=99\" data-orig-file=\"https:\/\/www.comuna13online.com.ar\/wp-content\/uploads\/2017\/12\/line.jpg\" data-orig-size=\"678,1\" data-comments-opened=\"0\" data-image-meta=\"{&quot;aperture&quot;:&quot;0&quot;,&quot;credit&quot;:&quot;&quot;,&quot;camera&quot;:&quot;&quot;,&quot;caption&quot;:&quot;&quot;,&quot;created_timestamp&quot;:&quot;0&quot;,&quot;copyright&quot;:&quot;&quot;,&quot;focal_length&quot;:&quot;0&quot;,&quot;iso&quot;:&quot;0&quot;,&quot;shutter_speed&quot;:&quot;0&quot;,&quot;title&quot;:&quot;&quot;,&quot;orientation&quot;:&quot;0&quot;}\" data-image-title=\"line\" data-image-description=\"\" data-image-caption=\"\" data-large-file=\"https:\/\/www.comuna13online.com.ar\/wp-content\/uploads\/2017\/12\/line.jpg\" src=\"http:\/\/www.comuna13online.com.ar\/wp-content\/uploads\/2017\/12\/line.jpg\" alt=\"\" class=\"wp-image-99\" width=\"678\" height=\"1\" srcset=\"https:\/\/www.comuna13online.com.ar\/wp-content\/uploads\/2017\/12\/line.jpg 678w, https:\/\/www.comuna13online.com.ar\/wp-content\/uploads\/2017\/12\/line-150x1.jpg 150w, https:\/\/www.comuna13online.com.ar\/wp-content\/uploads\/2017\/12\/line-326x1.jpg 326w, https:\/\/www.comuna13online.com.ar\/wp-content\/uploads\/2017\/12\/line-80x1.jpg 80w, https:\/\/www.comuna13online.com.ar\/wp-content\/uploads\/2017\/12\/line-272x1.jpg 272w\" sizes=\"auto, (max-width: 678px) 100vw, 678px\" \/><\/figure>\n\n\n\n<figure class=\"wp-block-image size-full\"><img loading=\"lazy\" decoding=\"async\" width=\"678\" height=\"180\" data-attachment-id=\"8918\" data-permalink=\"https:\/\/www.comuna13online.com.ar\/?attachment_id=8918\" data-orig-file=\"https:\/\/www.comuna13online.com.ar\/wp-content\/uploads\/2020\/04\/corona2.jpg\" data-orig-size=\"678,180\" data-comments-opened=\"0\" data-image-meta=\"{&quot;aperture&quot;:&quot;0&quot;,&quot;credit&quot;:&quot;&quot;,&quot;camera&quot;:&quot;&quot;,&quot;caption&quot;:&quot;&quot;,&quot;created_timestamp&quot;:&quot;0&quot;,&quot;copyright&quot;:&quot;&quot;,&quot;focal_length&quot;:&quot;0&quot;,&quot;iso&quot;:&quot;0&quot;,&quot;shutter_speed&quot;:&quot;0&quot;,&quot;title&quot;:&quot;&quot;,&quot;orientation&quot;:&quot;0&quot;}\" data-image-title=\"corona2\" data-image-description=\"\" data-image-caption=\"\" data-large-file=\"https:\/\/www.comuna13online.com.ar\/wp-content\/uploads\/2020\/04\/corona2.jpg\" src=\"http:\/\/www.comuna13online.com.ar\/wp-content\/uploads\/2020\/04\/corona2.jpg\" alt=\"\" class=\"wp-image-8918\"\/><\/figure>\n\n\n\n<p><a rel=\"noreferrer noopener\" target=\"_blank\" href=\"http:\/\/www.facebook.com\/sharer.php?u=http:\/\/www.buenosaires.gob.ar\/salud\/noticias\/la-ciudad-abrira-nuevos-centros-de-vacunacion-contra-el-covid-19-en-el-teatro-colon-y\"><\/a><\/p>\n","protected":false},"excerpt":{"rendered":"<div class=\"mh-excerpt\">En Costa Salguero y el Teatro Col\u00f3n. Adem\u00e1s, sumar\u00e1n m\u00e1s puestos de vacunaci\u00f3n en centros entre los que se destacan los de Parque Roca, San Lorenzo y el Centro Isl\u00e1mico. <a class=\"mh-excerpt-more\" href=\"https:\/\/www.comuna13online.com.ar\/?p=14751\" title=\"Abrir\u00e1n 2 nuevos centros de vacunaci\u00f3n en la Ciudad\">[&#8230;]<\/a><\/div>\n","protected":false},"author":1,"featured_media":14753,"comment_status":"closed","ping_status":"closed","sticky":false,"template":"","format":"standard","meta":{"_uag_custom_page_level_css":"","_jetpack_memberships_contains_paid_content":false,"footnotes":"","jetpack_publicize_message":"","jetpack_publicize_feature_enabled":true,"jetpack_social_post_already_shared":true,"jetpack_social_options":{"image_generator_settings":{"template":"highway","default_image_id":0,"font":"","enabled":false},"version":2}},"categories":[261,44],"tags":[271,250,296,45,118],"class_list":{"0":"post-14751","1":"post","2":"type-post","3":"status-publish","4":"format-standard","5":"has-post-thumbnail","7":"category-educacion-vial","8":"category-salud","9":"tag-coronavirus","10":"tag-h2","11":"tag-h3","12":"tag-salud","13":"tag-vacunacion"},"jetpack_publicize_connections":[],"jetpack_featured_media_url":"https:\/\/www.comuna13online.com.ar\/wp-content\/uploads\/2022\/01\/20220119a_id.jpg","uagb_featured_image_src":{"full":["https:\/\/www.comuna13online.com.ar\/wp-content\/uploads\/2022\/01\/20220119a_id.jpg",678,452,false],"thumbnail":["https:\/\/www.comuna13online.com.ar\/wp-content\/uploads\/2022\/01\/20220119a_id.jpg",128,85,false],"medium":["https:\/\/www.comuna13online.com.ar\/wp-content\/uploads\/2022\/01\/20220119a_id.jpg",678,452,false],"medium_large":["https:\/\/www.comuna13online.com.ar\/wp-content\/uploads\/2022\/01\/20220119a_id.jpg",678,452,false],"large":["https:\/\/www.comuna13online.com.ar\/wp-content\/uploads\/2022\/01\/20220119a_id.jpg",678,452,false],"1536x1536":["https:\/\/www.comuna13online.com.ar\/wp-content\/uploads\/2022\/01\/20220119a_id.jpg",678,452,false],"2048x2048":["https:\/\/www.comuna13online.com.ar\/wp-content\/uploads\/2022\/01\/20220119a_id.jpg",678,452,false],"mh-magazine-slider":["https:\/\/www.comuna13online.com.ar\/wp-content\/uploads\/2022\/01\/20220119a_id-678x438.jpg",678,438,true],"mh-magazine-content":["https:\/\/www.comuna13online.com.ar\/wp-content\/uploads\/2022\/01\/20220119a_id-678x381.jpg",678,381,true],"mh-magazine-large":["https:\/\/www.comuna13online.com.ar\/wp-content\/uploads\/2022\/01\/20220119a_id.jpg",678,452,false],"mh-magazine-medium":["https:\/\/www.comuna13online.com.ar\/wp-content\/uploads\/2022\/01\/20220119a_id-326x245.jpg",326,245,true],"mh-magazine-small":["https:\/\/www.comuna13online.com.ar\/wp-content\/uploads\/2022\/01\/20220119a_id-80x60.jpg",80,60,true],"sow-carousel-default":["https:\/\/www.comuna13online.com.ar\/wp-content\/uploads\/2022\/01\/20220119a_id-272x182.jpg",272,182,true]},"uagb_author_info":{"display_name":"Comuna13","author_link":"https:\/\/www.comuna13online.com.ar\/?author=1"},"uagb_comment_info":0,"uagb_excerpt":"En Costa Salguero y el Teatro Col\u00f3n. Adem\u00e1s, sumar\u00e1n m\u00e1s puestos de vacunaci\u00f3n en centros entre los que se destacan los de Parque Roca, San Lorenzo y el Centro Isl\u00e1mico. [...]","jetpack_sharing_enabled":true,"_links":{"self":[{"href":"https:\/\/www.comuna13online.com.ar\/index.php?rest_route=\/wp\/v2\/posts\/14751","targetHints":{"allow":["GET"]}}],"collection":[{"href":"https:\/\/www.comuna13online.com.ar\/index.php?rest_route=\/wp\/v2\/posts"}],"about":[{"href":"https:\/\/www.comuna13online.com.ar\/index.php?rest_route=\/wp\/v2\/types\/post"}],"author":[{"embeddable":true,"href":"https:\/\/www.comuna13online.com.ar\/index.php?rest_route=\/wp\/v2\/users\/1"}],"replies":[{"embeddable":true,"href":"https:\/\/www.comuna13online.com.ar\/index.php?rest_route=%2Fwp%2Fv2%2Fcomments&post=14751"}],"version-history":[{"count":0,"href":"https:\/\/www.comuna13online.com.ar\/index.php?rest_route=\/wp\/v2\/posts\/14751\/revisions"}],"wp:featuredmedia":[{"embeddable":true,"href":"https:\/\/www.comuna13online.com.ar\/index.php?rest_route=\/wp\/v2\/media\/14753"}],"wp:attachment":[{"href":"https:\/\/www.comuna13online.com.ar\/index.php?rest_route=%2Fwp%2Fv2%2Fmedia&parent=14751"}],"wp:term":[{"taxonomy":"category","embeddable":true,"href":"https:\/\/www.comuna13online.com.ar\/index.php?rest_route=%2Fwp%2Fv2%2Fcategories&post=14751"},{"taxonomy":"post_tag","embeddable":true,"href":"https:\/\/www.comuna13online.com.ar\/index.php?rest_route=%2Fwp%2Fv2%2Ftags&post=14751"}],"curies":[{"name":"wp","href":"https:\/\/api.w.org\/{rel}","templated":true}]}}